{"id":10009,"date":"2025-03-25T18:02:38","date_gmt":"2025-03-25T17:02:38","guid":{"rendered":"https:\/\/www.musical-today.de\/?p=10009"},"modified":"2025-04-15T14:28:19","modified_gmt":"2025-04-15T12:28:19","slug":"hof-titanic-das-musical","status":"publish","type":"post","link":"http:\/\/www.musical-today.de\/en\/hof-titanic-das-musical\/","title":{"rendered":"Titanic \u2013 Das Musical"},"content":{"rendered":"<div class=\"lets-info-up-wrap  lets-info-up--right lets-info-up--m-1 lets-info-up-skin-3 lets-info-up--side lets-info-up-65069\" style=\"background:#fafafa; color: #616161\">\t\t\t<div class=\"lets-info-up\">\r\n\t\t\t<div class=\"lets-info-up-fi\"><img decoding=\"async\" width=\"500\" height=\"333\" src=\"http:\/\/www.musical-today.de\/wp-content\/uploads\/2024\/01\/qi-addons-for-elementor-placeholder-500x333.png\" class=\"attachment-lets-info-up-d1 size-lets-info-up-d1\" alt=\"|\" srcset=\"http:\/\/www.musical-today.de\/wp-content\/uploads\/2024\/01\/qi-addons-for-elementor-placeholder-500x333.png 500w, http:\/\/www.musical-today.de\/wp-content\/uploads\/2024\/01\/qi-addons-for-elementor-placeholder-300x200.png 300w, http:\/\/www.musical-today.de\/wp-content\/uploads\/2024\/01\/qi-addons-for-elementor-placeholder-1024x683.png 1024w, http:\/\/www.musical-today.de\/wp-content\/uploads\/2024\/01\/qi-addons-for-elementor-placeholder-883x589.png 883w, http:\/\/www.musical-today.de\/wp-content\/uploads\/2024\/01\/qi-addons-for-elementor-placeholder-18x12.png 18w, http:\/\/www.musical-today.de\/wp-content\/uploads\/2024\/01\/qi-addons-for-elementor-placeholder-360x240.png 360w, http:\/\/www.musical-today.de\/wp-content\/uploads\/2024\/01\/qi-addons-for-elementor-placeholder-1155x770.png 1155w, http:\/\/www.musical-today.de\/wp-content\/uploads\/2024\/01\/qi-addons-for-elementor-placeholder-370x247.png 370w, http:\/\/www.musical-today.de\/wp-content\/uploads\/2024\/01\/qi-addons-for-elementor-placeholder-770x513.png 770w, http:\/\/www.musical-today.de\/wp-content\/uploads\/2024\/01\/qi-addons-for-elementor-placeholder-293x195.png 293w, http:\/\/www.musical-today.de\/wp-content\/uploads\/2024\/01\/qi-addons-for-elementor-placeholder-120x80.png 120w, http:\/\/www.musical-today.de\/wp-content\/uploads\/2024\/01\/qi-addons-for-elementor-placeholder-240x160.png 240w, http:\/\/www.musical-today.de\/wp-content\/uploads\/2024\/01\/qi-addons-for-elementor-placeholder-390x260.png 390w, http:\/\/www.musical-today.de\/wp-content\/uploads\/2024\/01\/qi-addons-for-elementor-placeholder.png 1200w\" sizes=\"(max-width: 500px) 100vw, 500px\" title=\"\"><\/div>\t\t\t<div class=\"lets-info-up-block-wrap\">\r\n\t\t\t\t<div class=\"lets-info-up-block lets-info-up-meta-block\"><div class=\"lets-info-up-meta-title lets-info-up-pretitle font-h\" style=\"color: #8c6d18;\">oRT<\/div><div class=\"lets-info-up-meta-content lets-info-up-title font-b\">Theater Hof<\/div><\/div><div class=\"lets-info-up-block lets-info-up-meta-block\"><div class=\"lets-info-up-meta-title lets-info-up-pretitle font-h\" style=\"color: #8c6d18;\">von<\/div><div class=\"lets-info-up-meta-content lets-info-up-title font-b\">Peter Stone (Buch)<br>Maury Yeston (Musik und Gesangstexte)<\/div><\/div><div class=\"lets-info-up-block lets-info-up-meta-block\"><div class=\"lets-info-up-meta-title lets-info-up-pretitle font-h\" style=\"color: #8c6d18;\">Regie<\/div><div class=\"lets-info-up-meta-content lets-info-up-title font-b\">Reinhardt Friese<\/div><\/div><div class=\"lets-info-up-block lets-info-up-meta-block\"><div class=\"lets-info-up-meta-title lets-info-up-pretitle font-h\" style=\"color: #8c6d18;\">Urauff\u00fchrung<\/div><div class=\"lets-info-up-meta-content lets-info-up-title font-b\">1997<\/div><\/div><div class=\"lets-info-up-block lets-info-up-meta-block\"><div class=\"lets-info-up-meta-title lets-info-up-pretitle font-h\" style=\"color: #8c6d18;\">INFOS<\/div><div class=\"lets-info-up-meta-content lets-info-up-title font-b\"><a href=\"https:\/\/www.theater-hof.de\/spielplan\/stuecke\/detail\/titanic-das-musical\" target=\"_blank\" rel=\"noreferrer noopener\">www.theater-hof.de<\/a><\/div><\/div>\t\t\t<\/div>\r\n\t\t\t<\/div>\r\n\t\t<\/div>\r\n\t\t\n\n\n<p><strong>Die \u201eTitanic\u201c sticht wieder imposant in See<\/strong><\/p>\n\n\n\n<p>\u00dcber 110 Jahre nach ihrem Untergang lebt die Legende der Titanic noch immer, die bekanntlich auf ihrer Jungfernfahrt von Europa nach Amerika mit einem Eisberg kollidierte und unterging. Anders als der Film von James Cameron legt das 1997 uraufgef\u00fchrte Musical von Maury Yeston und Peter Stone den Schwerpunkt weniger auf das Ereignis, sondern erz\u00e4hlt viel st\u00e4rker von den Einzelschicksalen der Menschen. So kann sich der Zuschauer mit den Figuren identifizieren und N\u00e4he aufbauen, was die Tragik des Ereignisses umso gr\u00f6\u00dfer erscheinen l\u00e4sst.<\/p>\n\n\n\n<p>So imposant wie der Ozeanriese kommt das Werk am Theater Hof daher, gerade die gro\u00dfen Ensemble-Nummern wirken durch das etwa 40-k\u00f6pfige Ensemble beeindruckend. Neben den hauseigenen Solisten und einigen G\u00e4sten \u00fcbernehmen zahlreiche Mitglieder des Chors gr\u00f6\u00dfere Rollen. Sie alle zu nennen ist kaum m\u00f6glich, aber jede und jeder Einzelne leistet einen wichtigen Beitrag zum Gelingen der Produktion.<\/p>\n\n\n<div  class=\"tpgb-wrap-956d14_10009  tpgb-wrap-fw \"  ><div id=\"956d14_10009\" class=\"tpgb-block-956d14_10009 tpgb-relative-block tpgb-gallery-list tpgb-metro gallery-style-2 hover-image-style-1   \" data-style=\"style-2\" data-id=\"956d14_10009\" data-layout=\"metro\" data-fancy-option='{\"loop\":false,\"thumb\":\"no\",\"infobar\":true,\"arrows\":true,\"transitionEffect\":\"slide\",\"button\":[\"close\"]}' data-splide='\"\"' data-metroAttr= '{\"metro_col\":3,\"tab_metro_col\":3,\"mobile_metro_col\":3,\"metro_style\":\"style-1\",\"tab_metro_style\":\"style-1\",\"mobile_metro_style\":\"style-1\"}' ><div class=\"tpgb-row post-loop-inner \"><div class=\"grid-item metro-item-0    tpgb-metro-1  tpgb-tab-metro-1  tpgb-mobile-metro-1 \"><a href=\"https:\/\/www.musical-today.de\/wp-content\/uploads\/2025\/03\/7418-e1742962998393.jpg\" class=\"tpgb-gallery-list-content tpgb-trans-easeinout\" data-fancybox=\"956d14_10009\" data-caption=\"Foto: H. Dietz Fotografie\" aria-label=\"Foto: H. Dietz Fotografie\" target=\"_blank\" rel=\"noopener noreferrer nofollow\"><div class=\"post-content-image\"><div class=\"tpgb-metro-gallery-image\" style=\"background: url(http:\/\/www.musical-today.de\/wp-content\/uploads\/2025\/03\/7418-e1742962998393.jpg);\"><\/div><\/div><div class=\"post-content-center\"><div class=\"post-zoom-icon\"><div class=\"meta-search-icon\"><span><img decoding=\"async\" class=\"fancy-img\" src=\"http:\/\/www.musical-today.de\/wp-content\/uploads\/2025\/03\/7418-e1742962998393.jpg\" alt=\"Media Image1\" title=\"\"><i class=\"fas fa-search-plus pop-icon\"><\/i><\/span><\/div><\/div><div class=\"post-content-bottom\"><p class=\"post-title tpgb-trans-easeinout\">Foto: H. Dietz Fotografie<\/p><\/div><\/div><\/a><\/div><div class=\"grid-item metro-item-1    tpgb-metro-2  tpgb-tab-metro-2  tpgb-mobile-metro-2 \"><a href=\"https:\/\/www.musical-today.de\/wp-content\/uploads\/2025\/03\/5446-e1742963045385.jpg\" class=\"tpgb-gallery-list-content tpgb-trans-easeinout\" data-fancybox=\"956d14_10009\" data-caption=\"Foto: H. Dietz Fotografie\" aria-label=\"Foto: H. Dietz Fotografie\" target=\"_blank\" rel=\"noopener noreferrer nofollow\"><div class=\"post-content-image\"><div class=\"tpgb-metro-gallery-image\" style=\"background: url(http:\/\/www.musical-today.de\/wp-content\/uploads\/2025\/03\/5446-e1742963045385.jpg);\"><\/div><\/div><div class=\"post-content-center\"><div class=\"post-zoom-icon\"><div class=\"meta-search-icon\"><span><img decoding=\"async\" class=\"fancy-img\" src=\"http:\/\/www.musical-today.de\/wp-content\/uploads\/2025\/03\/5446-e1742963045385.jpg\" alt=\"Media Image2\" title=\"\"><i class=\"fas fa-search-plus pop-icon\"><\/i><\/span><\/div><\/div><div class=\"post-content-bottom\"><p class=\"post-title tpgb-trans-easeinout\">Foto: H. Dietz Fotografie<\/p><\/div><\/div><\/a><\/div><div class=\"grid-item metro-item-2    tpgb-metro-3  tpgb-tab-metro-3  tpgb-mobile-metro-3 \"><a href=\"https:\/\/www.musical-today.de\/wp-content\/uploads\/2025\/03\/5363-e1742963088740.jpg\" class=\"tpgb-gallery-list-content tpgb-trans-easeinout\" data-fancybox=\"956d14_10009\" data-caption=\"Foto: H. Dietz Fotografie\" aria-label=\"Foto: H. Dietz Fotografie\" target=\"_blank\" rel=\"noopener noreferrer nofollow\"><div class=\"post-content-image\"><div class=\"tpgb-metro-gallery-image\" style=\"background: url(http:\/\/www.musical-today.de\/wp-content\/uploads\/2025\/03\/5363-e1742963088740.jpg);\"><\/div><\/div><div class=\"post-content-center\"><div class=\"post-zoom-icon\"><div class=\"meta-search-icon\"><span><img decoding=\"async\" class=\"fancy-img\" src=\"http:\/\/www.musical-today.de\/wp-content\/uploads\/2025\/03\/5363-e1742963088740.jpg\" alt=\"Media Image3\" title=\"\"><i class=\"fas fa-search-plus pop-icon\"><\/i><\/span><\/div><\/div><div class=\"post-content-bottom\"><p class=\"post-title tpgb-trans-easeinout\">Foto: H. Dietz Fotografie<\/p><\/div><\/div><\/a><\/div><\/div><\/div><\/div>\n\n\n<p>Fast wie ein Erz\u00e4hler beginnt und schlie\u00dft Andrea Matthias Pagani als Schiffskonstrukteur Thomas Andrews den Abend. Seine Verzweiflung am Ende ist glaubhaft, als er erkennt, dass lediglich ein kleiner Fehler von ihm letztlich zum Untergang des Schiffes gef\u00fchrt hat. Jonathan Agar verk\u00f6rpert als E. J. Smith den erfahrenen Schiffskapit\u00e4n und stellt diesen bis zum Ende w\u00fcrdevoll dar. Den Heizer Frederick Barrett spielt Jannik Harneit, die Rolle von Funker Harold Bride ist mit Dustin Smailes besetzt. \u00c4u\u00dferst emotional gestalten sie beide die Nummer \u201eDer Heiratsantrag\/Die Nacht hallte wider\u201c, als Barrett seiner Freundin zu Hause per Funk einen Heiratsantrag \u00fcbermitteln l\u00e4sst. Markus Gruber als Bruce Ismay l\u00e4sst seine Figur nicht nur negativ erscheinen; auch wenn er als Schiffseigent\u00fcmer immer wieder auf eine fr\u00fchere Ankunft in New York dr\u00e4ngt und damit seinen Teil zum Ungl\u00fcck beitr\u00e4gt, macht er dennoch seine Motivation deutlich.<\/p>\n\n\n\n<p>Als Passagiere der ersten Klasse sollen an dieser Stelle Stefanie Rhaue und Andreas Wobig als Ehepaar Strauss erw\u00e4hnt werden \u2013 ihr Duett im zweiten Akt ist sicherlich einer der ber\u00fchrendsten Momente des Abends. Edgar und Alice Beane, untergebracht in der zweiten Klasse, werden von Andrii Chakov und Cornelia L\u00f6hr dargestellt, Peter Pozelt und Annett Tsoungui verk\u00f6rpern Charles Clarke und Caroline Neville. Besonders dramatisch ergeht es den Passagieren der dritten Klasse (Annina Olivia Battaglia, Carolin Waltsgott, Julia Leinweber, Tam\u00e1s Mester). Zuerst sehen wir deren Hoffnungen auf das Leben in Amerika, anschlie\u00dfend sind sie diejenigen, die es am schwersten haben, einen Platz auf den Rettungsbooten zu ergattern.<\/p>\n\n\n\n<p>Regisseur Reinhardt Friese erz\u00e4hlt fl\u00fcssig, er konzentriert sich ganz auf die Geschichte und ihre Charaktere. Dabei hilft ihm das B\u00fchnenbild von Annette Mahlendorf: eine Wand, die aussieht wie ein St\u00fcck des Schiffs, mit einem gro\u00dfen Bullauge, das sich \u00f6ffnen und schlie\u00dfen kann. Im Hintergrund unterst\u00fctzen in einem weiteren Bullauge die Videos von Kristoffer Keudel mit Wellen und Meer die Szenerie. Die historischen Kost\u00fcme, ebenfalls von Annette Mahlendorf, sind eine Augenweide.<\/p>\n\n\n\n<p>Schade nur, dass einige Striche vorgenommen wurden, so fehlen zum Beispiel \u201eBeim Klang der Ragtime-Band\u201c oder \u201eHerbstwind\u201c komplett. Kennt man allerdings nicht das Original, so f\u00e4llt dies eher wenig ins Gewicht und tr\u00fcbt nicht den gelungenen Gesamteindruck. Unverst\u00e4ndlich bleibt, warum Schiffssteward Henry Etches (Thilo Andersson) ganz am Ende bei den \u00dcberlebenden steht, obwohl er nach dem Ablassen aller Rettungsboote noch die zur\u00fcckgebliebenen Passagiere an Bord mit Getr\u00e4nken versorgt hat.<\/p>\n\n\n\n<p>Michael Falk l\u00e4sst die Hofer Symphoniker satt aufspielen, der Klangk\u00f6rper wirkt wie geschaffen f\u00fcr die Partitur von Maury Yeston. Alles in allem ein sehr sehens- und h\u00f6renswerter Abend.<\/p>\n\n\n\n<hr class=\"wp-block-separator has-alpha-channel-opacity is-style-dots\"\/>\n\n\n\n<p class=\"has-small-font-size\">Musikalische Leitung: Michael Falk \u2022 Ausstattung: Annette Mahlendorf \u2022 Video: Kristoffer Keudel <a>\u2022<\/a> Licht: J\u00fcrgen Burger \u2022 Choreinstudierung: Ruben Hawer \u2022 Mit: Jonathan Agar (Captain E. J. Smith), Michal Rudzi\u0144ski (William Murdoch), Hans-Peter Pollmer (Charles Lightoller), Tam\u00e1s Mester (Herbert Pitman), Andrii Chakov (Joseph Boxhall), Jannik Harneit (Frederick Barrett), Dustin Smailes (Harold Bride), Andreas B\u00fchring (Frederick Fleet), Peter Potzelt (Robert Hichens), Andrea Matthias Pagani (Thomas Andrews), Peter Potzelt (Joseph Bell), Markus Gruber (Bruce Ismay), Thilo Andersson (Henry Etches), Andreas Wobig (Isidor Strauss), Stefanie Rhaue (Ida Strauss), Carolin Waltsgott (Madeleine Astor), Hans-Peter Pollmer (John Jacob Astor), Daniel Milos (Benjamin Guggenheim), Annett Tsoungui (Mme. L\u00e9ontine Aubert), Andrii Chakov (Edgar Beane), Cornelia L\u00f6hr (Alice Beane), Peter Potzelt (Charles Clarke), Annett Tsoungui (Caroline Neville), Annina Olivia Battaglia (Kate McGowan), Carolin Waltsgott (Kate Mullins), Julia Leinweber (Kate Murphy), Tam\u00e1s Mester (Jim Farrell), Jonas Neumann (Carlson) u.a. \u2022 Opernchor des Theaters Hof \u2022 Hofer Symphoniker<\/p>\n\n\n\n<p class=\"has-small-font-size\">Aufmacherfoto: H. Dietz Fotografie<\/p>\n","protected":false},"excerpt":{"rendered":"<p>Die \u201eTitanic\u201c sticht wieder imposant in See \u00dcber 110 Jahre nach ihrem Untergang lebt die Legende der Titanic noch immer, die bekanntlich auf ihrer Jungfernfahrt von Europa nach Amerika mit einem Eisberg kollidierte und unterging. Anders als der Film von James Cameron legt das 1997 uraufgef\u00fchrte Musical von Maury Yeston und Peter Stone den Schwerpunkt weniger auf das Ereignis, sondern erz\u00e4hlt viel st\u00e4rker von den Einzelschicksalen der Menschen. So kann sich der Zuschauer mit den Figuren identifizieren und N\u00e4he aufbauen, [&hellip;]<\/p>\n","protected":false},"author":22,"featured_media":10008,"comment_status":"closed","ping_status":"closed","sticky":false,"template":"","format":"standard","meta":{"tpgb_global_settings":"","footnotes":""},"categories":[74],"tags":[],"class_list":["post-10009","post","type-post","status-publish","format-standard","has-post-thumbnail","hentry","category-hof"],"tpgb_featured_images":{"full":["http:\/\/www.musical-today.de\/wp-content\/uploads\/2025\/03\/7438-e1742962957146.jpg",2244,1496,false],"tp-image-grid":["http:\/\/www.musical-today.de\/wp-content\/uploads\/2025\/03\/7438-e1742962957146-700x700.jpg",700,700,true],"thumbnail":["http:\/\/www.musical-today.de\/wp-content\/uploads\/2025\/03\/7438-e1742962957146-600x400.jpg",600,400,true],"medium":["http:\/\/www.musical-today.de\/wp-content\/uploads\/2025\/03\/7438-e1742962957146-1200x800.jpg",1200,800,true],"medium_large":["http:\/\/www.musical-today.de\/wp-content\/uploads\/2025\/03\/7438-e1742962957146-949x633.jpg",770,514,true],"large":["http:\/\/www.musical-today.de\/wp-content\/uploads\/2025\/03\/7438-e1742962957146-1920x1280.jpg",1139,759,true],"default":"http:\/\/www.musical-today.de\/wp-content\/plugins\/the-plus-addons-for-block-editor\/assets\/images\/tpgb-placeholder.jpg"},"tpgb_post_meta_info":{"get_date":"25.03.2025","get_modified_date":"15.04.2025","category_list":{"category":[{"term_id":74,"name":"Hof","slug":"hof","term_group":0,"term_taxonomy_id":74,"taxonomy":"category","description":"","parent":19,"count":6,"filter":"raw","term_order":"52"}],"post_tag":false,"post_format":false},"author_name":"Dr. Thomas Schramm","author_url":"http:\/\/www.musical-today.de\/en\/autor\/thomasschramm\/","author_email":"online92883@musical-today.de","author_website":"","author_description":"wurde in Oberfranken geboren, studierte Theaterwissenschaften an der Universit\u00e4t Bayreuth und verfasste dort seine Dissertation zum Thema \u201eTolkiens \u201aDer Herr der Ringe\u2018: Roman \u2013 Film \u2013 Musical\u201c. Nach mehreren Jahren als Regieassistent und Spielleiter in M\u00fcnchen ist er nun im administrativen Bereich eines Opernfestivals t\u00e4tig.","author_facebook":"","author_twitter":"","author_instagram":"","author_role":["author"],"author_firstname":"Dr. Thomas","author_lastname":"Schramm","user_login":"thomasschramm","author_avatar":"<img src=\"http:\/\/www.musical-today.de\/wp-content\/uploads\/2024\/03\/Dr.-Thomas-Schramm-293x293.jpeg\" width=\"200\" height=\"200\" alt=\"Dr. Thomas Schramm\" class=\"avatar avatar-200 wp-user-avatar wp-user-avatar-200 alignnone photo\" \/>","author_avatar_url":"http:\/\/www.musical-today.de\/wp-content\/uploads\/2024\/03\/Dr.-Thomas-Schramm.jpeg","comment_count":0,"post_likes":0,"post_views":0},"tpgb_post_category":{"category":"<a href=\"http:\/\/www.musical-today.de\/en\/deutschland\/hof\/\" alt=\"Hof\"  class=\"category-hof\">Hof<\/a> "},"_links":{"self":[{"href":"http:\/\/www.musical-today.de\/en\/wp-json\/wp\/v2\/posts\/10009","targetHints":{"allow":["GET"]}}],"collection":[{"href":"http:\/\/www.musical-today.de\/en\/wp-json\/wp\/v2\/posts"}],"about":[{"href":"http:\/\/www.musical-today.de\/en\/wp-json\/wp\/v2\/types\/post"}],"author":[{"embeddable":true,"href":"http:\/\/www.musical-today.de\/en\/wp-json\/wp\/v2\/users\/22"}],"replies":[{"embeddable":true,"href":"http:\/\/www.musical-today.de\/en\/wp-json\/wp\/v2\/comments?post=10009"}],"version-history":[{"count":0,"href":"http:\/\/www.musical-today.de\/en\/wp-json\/wp\/v2\/posts\/10009\/revisions"}],"wp:featuredmedia":[{"embeddable":true,"href":"http:\/\/www.musical-today.de\/en\/wp-json\/wp\/v2\/media\/10008"}],"wp:attachment":[{"href":"http:\/\/www.musical-today.de\/en\/wp-json\/wp\/v2\/media?parent=10009"}],"wp:term":[{"taxonomy":"category","embeddable":true,"href":"http:\/\/www.musical-today.de\/en\/wp-json\/wp\/v2\/categories?post=10009"},{"taxonomy":"post_tag","embeddable":true,"href":"http:\/\/www.musical-today.de\/en\/wp-json\/wp\/v2\/tags?post=10009"}],"curies":[{"name":"wp","href":"https:\/\/api.w.org\/{rel}","templated":true}]}}