{"id":10065,"date":"2025-03-31T14:31:04","date_gmt":"2025-03-31T12:31:04","guid":{"rendered":"https:\/\/www.musical-today.de\/?p=10065"},"modified":"2025-04-15T14:28:19","modified_gmt":"2025-04-15T12:28:19","slug":"pforzheim-singin-in-the-rain","status":"publish","type":"post","link":"http:\/\/www.musical-today.de\/en\/pforzheim-singin-in-the-rain\/","title":{"rendered":"Singin&#8216; in the Rain"},"content":{"rendered":"<div class=\"lets-info-up-wrap  lets-info-up--right lets-info-up--m-1 lets-info-up-skin-3 lets-info-up--side lets-info-up-13477\" style=\"background:#fafafa; color: #616161\">\t\t\t<div class=\"lets-info-up\">\r\n\t\t\t<div class=\"lets-info-up-fi\"><img decoding=\"async\" width=\"500\" height=\"333\" src=\"http:\/\/www.musical-today.de\/wp-content\/uploads\/2024\/01\/qi-addons-for-elementor-placeholder-500x333.png\" class=\"attachment-lets-info-up-d1 size-lets-info-up-d1\" alt=\"|\" srcset=\"http:\/\/www.musical-today.de\/wp-content\/uploads\/2024\/01\/qi-addons-for-elementor-placeholder-500x333.png 500w, http:\/\/www.musical-today.de\/wp-content\/uploads\/2024\/01\/qi-addons-for-elementor-placeholder-300x200.png 300w, http:\/\/www.musical-today.de\/wp-content\/uploads\/2024\/01\/qi-addons-for-elementor-placeholder-1024x683.png 1024w, http:\/\/www.musical-today.de\/wp-content\/uploads\/2024\/01\/qi-addons-for-elementor-placeholder-883x589.png 883w, http:\/\/www.musical-today.de\/wp-content\/uploads\/2024\/01\/qi-addons-for-elementor-placeholder-18x12.png 18w, http:\/\/www.musical-today.de\/wp-content\/uploads\/2024\/01\/qi-addons-for-elementor-placeholder-360x240.png 360w, http:\/\/www.musical-today.de\/wp-content\/uploads\/2024\/01\/qi-addons-for-elementor-placeholder-1155x770.png 1155w, http:\/\/www.musical-today.de\/wp-content\/uploads\/2024\/01\/qi-addons-for-elementor-placeholder-370x247.png 370w, http:\/\/www.musical-today.de\/wp-content\/uploads\/2024\/01\/qi-addons-for-elementor-placeholder-770x513.png 770w, http:\/\/www.musical-today.de\/wp-content\/uploads\/2024\/01\/qi-addons-for-elementor-placeholder-293x195.png 293w, http:\/\/www.musical-today.de\/wp-content\/uploads\/2024\/01\/qi-addons-for-elementor-placeholder-120x80.png 120w, http:\/\/www.musical-today.de\/wp-content\/uploads\/2024\/01\/qi-addons-for-elementor-placeholder-240x160.png 240w, http:\/\/www.musical-today.de\/wp-content\/uploads\/2024\/01\/qi-addons-for-elementor-placeholder-390x260.png 390w, http:\/\/www.musical-today.de\/wp-content\/uploads\/2024\/01\/qi-addons-for-elementor-placeholder.png 1200w\" sizes=\"(max-width: 500px) 100vw, 500px\" title=\"\"><\/div>\t\t\t<div class=\"lets-info-up-block-wrap\">\r\n\t\t\t\t<div class=\"lets-info-up-block lets-info-up-meta-block\"><div class=\"lets-info-up-meta-title lets-info-up-pretitle font-h\" style=\"color: #8c6d18;\">oRT<\/div><div class=\"lets-info-up-meta-content lets-info-up-title font-b\">Theater Pforzheim<\/div><\/div><div class=\"lets-info-up-block lets-info-up-meta-block\"><div class=\"lets-info-up-meta-title lets-info-up-pretitle font-h\" style=\"color: #8c6d18;\">von<\/div><div class=\"lets-info-up-meta-content lets-info-up-title font-b\">Nacio Herb Brown &amp; Arthur Freed (Musik und Gesangstexte)<br>Betty Comden &amp; Adolph Green (Buch und Adaption)<\/div><\/div><div class=\"lets-info-up-block lets-info-up-meta-block\"><div class=\"lets-info-up-meta-title lets-info-up-pretitle font-h\" style=\"color: #8c6d18;\">Regie<\/div><div class=\"lets-info-up-meta-content lets-info-up-title font-b\">Oliver Pauli <\/div><\/div><div class=\"lets-info-up-block lets-info-up-meta-block\"><div class=\"lets-info-up-meta-title lets-info-up-pretitle font-h\" style=\"color: #8c6d18;\">Urauff\u00fchrunG<\/div><div class=\"lets-info-up-meta-content lets-info-up-title font-b\">1983<\/div><\/div><div class=\"lets-info-up-block lets-info-up-meta-block\"><div class=\"lets-info-up-meta-title lets-info-up-pretitle font-h\" style=\"color: #8c6d18;\">INFOS<\/div><div class=\"lets-info-up-meta-content lets-info-up-title font-b\"><a href=\"https:\/\/www.theater-pforzheim.de\/veranstaltungen\/ansicht-veranstaltungen\/event\/eventDetail\/1970-01-01_0100\/singin-in-the-rain.html\" data-type=\"link\" target=\"_blank\" rel=\"noopener noreferrer nofollow\">www.theater-pforzheim.de<\/a><\/div><\/div>\t\t\t<\/div>\r\n\t\t\t<\/div>\r\n\t\t<\/div>\r\n\t\t\n\n\n<p><strong>Mit dem Musical in die Zeit des fr\u00fchen Tonfilms<\/strong><\/p>\n\n\n\n<p>Gene Kelly und sein ikonischer Tanz im Regen, ein unverg\u00e4nglicher Titelsong, weitere Songs wie \u201eYou Are My Lucky Star\u201c, \u201eGood Morning\u201c und nat\u00fcrlich \u201eMake \u2019Em Laugh\u201c: Ohne Zweifel geh\u00f6rt \u201eSingin\u2019 in the Rain\u201c zu den bekanntesten und beliebtesten Musicalfilmen der Geschichte. Das American Film Institut k\u00fcrte den 1952 entstandenen Streifen sogar zum besten Musicalfilm aller Zeiten. Darf man einen solchen Klassiker in ein B\u00fchnenmusical umwandeln? Zumal sich niemand eine Kopie oder gar einen Ersatz f\u00fcr den ebenso sportlichen wie ironischen Gene Kelly vorstellen k\u00f6nnte? Kelly war und ist \u2013 neben seinem eleganteren Kollegen, dem nahezu schwerelosen Fred Astaire \u2013 zweifellos der beste T\u00e4nzer und innovativste Choreograf in der Geschichte Hollywoods.<\/p>\n\n\n\n<p>Aber ja, nat\u00fcrlich konnte man den Film adaptieren und es wurde auch bereits 1983 gewagt, als das gleichnamige Musical in London uraufgef\u00fchrt wurde. M\u00f6glich machten dies neue Choreografien, die auf einiges von Gene Kellys Original verzichteten, das sich ohnehin nur mit den Mitteln des Kinos verwirklichen lie\u00df. Choreografen wie Peter Gennaro in London oder Twyla Tharp in New York schufen bemerkenswerte Neuinterpretationen, die sich gleichwohl an der Vorlage orientierten.<\/p>\n\n\n<div  class=\"tpgb-wrap-956d14_10065  tpgb-wrap-fw \"  ><div id=\"956d14_10065\" class=\"tpgb-block-956d14_10065 tpgb-relative-block tpgb-gallery-list tpgb-metro gallery-style-2 hover-image-style-1   \" data-style=\"style-2\" data-id=\"956d14_10065\" data-layout=\"metro\" data-fancy-option='{\"loop\":false,\"thumb\":\"no\",\"infobar\":true,\"arrows\":true,\"transitionEffect\":\"slide\",\"button\":[\"close\"]}' data-splide='\"\"' data-metroAttr= '{\"metro_col\":3,\"tab_metro_col\":3,\"mobile_metro_col\":3,\"metro_style\":\"style-1\",\"tab_metro_style\":\"style-1\",\"mobile_metro_style\":\"style-1\"}' ><div class=\"tpgb-row post-loop-inner \"><div class=\"grid-item metro-item-0    tpgb-metro-1  tpgb-tab-metro-1  tpgb-mobile-metro-1 \"><a href=\"https:\/\/www.musical-today.de\/wp-content\/uploads\/2025\/03\/THPF_Singin\u2569\u00a5_in_the_Rain_Bild5_Schu\u2560ermann_Li-assai_Foto_JochenKlenk-scaled.jpg\" class=\"tpgb-gallery-list-content tpgb-trans-easeinout\" data-fancybox=\"956d14_10065\" data-caption=\"Foto: Jochen Klenk\" aria-label=\"Foto: Jochen Klenk\" target=\"_blank\" rel=\"noopener noreferrer nofollow\"><div class=\"post-content-image\"><div class=\"tpgb-metro-gallery-image\" style=\"background: url(http:\/\/www.musical-today.de\/wp-content\/uploads\/2025\/03\/THPF_Singin\u2569\u00a5_in_the_Rain_Bild5_Schu\u2560ermann_Li-assai_Foto_JochenKlenk-scaled.jpg);\"><\/div><\/div><div class=\"post-content-center\"><div class=\"post-zoom-icon\"><div class=\"meta-search-icon\"><span><img decoding=\"async\" class=\"fancy-img\" src=\"http:\/\/www.musical-today.de\/wp-content\/uploads\/2025\/03\/THPF_Singin\u2569\u00a5_in_the_Rain_Bild5_Schu\u2560ermann_Li-assai_Foto_JochenKlenk-scaled.jpg\" alt=\"Media Image1\" title=\"\"><i class=\"fas fa-search-plus pop-icon\"><\/i><\/span><\/div><\/div><div class=\"post-content-bottom\"><p class=\"post-title tpgb-trans-easeinout\">Foto: Jochen Klenk<\/p><\/div><\/div><\/a><\/div><div class=\"grid-item metro-item-1    tpgb-metro-2  tpgb-tab-metro-2  tpgb-mobile-metro-2 \"><a href=\"https:\/\/www.musical-today.de\/wp-content\/uploads\/2025\/03\/THPF_Singin\u2569\u00a5_in_the_Rain_Bild7_Andre\u2560uee_Bo\u2560ehnisch_Fait_Meindl_Foto_JochenKlenk-scaled.jpg\" class=\"tpgb-gallery-list-content tpgb-trans-easeinout\" data-fancybox=\"956d14_10065\" data-caption=\"Foto: Jochen Klenk\" aria-label=\"Foto: Jochen Klenk\" target=\"_blank\" rel=\"noopener noreferrer nofollow\"><div class=\"post-content-image\"><div class=\"tpgb-metro-gallery-image\" style=\"background: url(http:\/\/www.musical-today.de\/wp-content\/uploads\/2025\/03\/THPF_Singin\u2569\u00a5_in_the_Rain_Bild7_Andre\u2560uee_Bo\u2560ehnisch_Fait_Meindl_Foto_JochenKlenk-scaled.jpg);\"><\/div><\/div><div class=\"post-content-center\"><div class=\"post-zoom-icon\"><div class=\"meta-search-icon\"><span><img decoding=\"async\" class=\"fancy-img\" src=\"http:\/\/www.musical-today.de\/wp-content\/uploads\/2025\/03\/THPF_Singin\u2569\u00a5_in_the_Rain_Bild7_Andre\u2560uee_Bo\u2560ehnisch_Fait_Meindl_Foto_JochenKlenk-scaled.jpg\" alt=\"Media Image2\" title=\"\"><i class=\"fas fa-search-plus pop-icon\"><\/i><\/span><\/div><\/div><div class=\"post-content-bottom\"><p class=\"post-title tpgb-trans-easeinout\">Foto: Jochen Klenk<\/p><\/div><\/div><\/a><\/div><div class=\"grid-item metro-item-2    tpgb-metro-3  tpgb-tab-metro-3  tpgb-mobile-metro-3 \"><a href=\"https:\/\/www.musical-today.de\/wp-content\/uploads\/2025\/03\/THPF_Singin\u2569\u00a5_in_the_Rain_Bild10_Schu\u2560ermann_F-oto_JochenKlenk-scaled.jpg\" class=\"tpgb-gallery-list-content tpgb-trans-easeinout\" data-fancybox=\"956d14_10065\" data-caption=\"Foto: Jochen Klenk\" aria-label=\"Foto: Jochen Klenk\" target=\"_blank\" rel=\"noopener noreferrer nofollow\"><div class=\"post-content-image\"><div class=\"tpgb-metro-gallery-image\" style=\"background: url(http:\/\/www.musical-today.de\/wp-content\/uploads\/2025\/03\/THPF_Singin\u2569\u00a5_in_the_Rain_Bild10_Schu\u2560ermann_F-oto_JochenKlenk-scaled.jpg);\"><\/div><\/div><div class=\"post-content-center\"><div class=\"post-zoom-icon\"><div class=\"meta-search-icon\"><span><img decoding=\"async\" class=\"fancy-img\" src=\"http:\/\/www.musical-today.de\/wp-content\/uploads\/2025\/03\/THPF_Singin\u2569\u00a5_in_the_Rain_Bild10_Schu\u2560ermann_F-oto_JochenKlenk-scaled.jpg\" alt=\"Media Image3\" title=\"\"><i class=\"fas fa-search-plus pop-icon\"><\/i><\/span><\/div><\/div><div class=\"post-content-bottom\"><p class=\"post-title tpgb-trans-easeinout\">Foto: Jochen Klenk<\/p><\/div><\/div><\/a><\/div><\/div><\/div><\/div>\n\n\n<p>Nun wird das Musical im Theater Pforzheim gezeigt und f\u00fcgt dessen Reigen gelungener Produktionen eine weitere Farbe hinzu. Die Handlung f\u00fchrt ins Hollywood der sp\u00e4ten 20er Jahre des letzten Jahrhunderts, mitten hinein in die Zeit des \u00dcbergangs vom Stumm- zum Tonfilm. F\u00fcr viele gro\u00dfe Stummfilmstars endete seinerzeit die Karriere, da ihre Stimmen nicht mikrofongeeignet waren. Im Dreieck zwischen dem piepsigen Stummfilmstar Lina Lamont, ihrem charmanten Kollegen Don Lockwood und der jungen Nachwuchsschauspielerin Kathy Selden (im Film die entz\u00fcckende Debbie Reynolds) sind die Verwicklungen vorprogrammiert.<\/p>\n\n\n\n<p>Mit Samuel Sch\u00fcrmann haben die Pforzheimer f\u00fcr die Gene-Kelly-Partie eine Idealbesetzung gefunden. Sein Don Lockwood ist charmant, er hat eine sehr angenehme Gesangsstimme und ist ein souver\u00e4ner T\u00e4nzer, was er besonders im gro\u00dfen \u201eBroadway Ballet\u201c eindrucksvoll demonstriert. Die beiden Choreografen Sophia Klemisch und Mar Rodr\u00edguez Valverde, welche die bekannten Tanznummern fantasievoll variieren, bereichern diese eingeschobene Traumsequenz (eine besondere Spezialit\u00e4t in vielen Gene-Kelly-Filmen) durch kurze Szenen aus Musicals unserer Zeit, wie etwa \u201eOn the Town\u201c, \u201eCats\u201c, \u201ePhantom der Oper\u201c oder \u201eChicago\u201c. Und auch die zweite gro\u00dfe Rolle, die junge, h\u00fcbsche Kathy Selden, ist in allerbesten H\u00e4nden: Joanna Lissai bildet mit Sch\u00fcrmann ein wahres Traumpaar. Mit ihr haben die Pforzheimer ein echtes Musical-Juwel in den eigenen Reihen.<\/p>\n\n\n\n<p>Auch ihre Gegenspielerin Lina Lamont kann begeistern. Wie Franziska Fait ihrer eigentlich sehr sch\u00f6nen Sopranstimme \u00fcber zwei Stunden einen piepsigen Kleinm\u00e4dchen-Ton verleiht, das verdient h\u00f6chste Anerkennung. Dass die Rolle von Cosmo Brown unauff\u00e4lliger ausf\u00e4llt als im Film, liegt an der hier weniger spektakul\u00e4ren Choreografie, nicht an Soufjan Ibrahim, der die Partie charmant spielt und angemessen singt. Auch das restliche Ensemble tr\u00e4gt zu dem \u00fcberzeugenden Gesamteindruck bei.<\/p>\n\n\n\n<p>Dazu kommt das schwungvolle Dirigat von Michael Pichler, der Nacio Herb Browns unverg\u00e4nglichen Hollywood-Melodien nichts schuldig bleibt. Regisseur Oliver Pauli pr\u00e4sentiert das St\u00fcck als leichte, beschwingte Kom\u00f6die: nicht mehr, aber auch nicht weniger. Insgesamt erlebt man einen sehr unterhaltsamen, stimmungsvollen Abend mit wunderbaren Melodien, hinrei\u00dfenden Tanzszenen und einer charmanten Story \u2013 sehr zu empfehlen.<\/p>\n\n\n\n<hr class=\"wp-block-separator has-alpha-channel-opacity is-style-dots\"\/>\n\n\n\n<p class=\"has-small-font-size\">Musikalische Leitung: Michael Pichler \u2022 Choreografie: Sophia Klemisch und Mar Rodr\u00edguez Valverde \u2022 Stepptanz: Sophia Klemisch \u2022 Ausstattung: Esther B\u00e4tschmann \u2022 Licht: Michael Borowski \u2022 Mit: Samuel Sch\u00fcrmann (Don Lockwood), Joanna Lissai (Kathy Selden), Soufjan Ibrahim (Cosmo Brown), Franziska Fait (Lina Lamont), Lukas Schmid-Wedekind (R.F. Simpson), Bernhard Meindl (Roscoe Dexter), Dorothee B\u00f6hnisch (Dora Bailey), Vivien Andr\u00e9e (Zelda Zanders, Hofdame im Film), Janne Geest (Mary Margret\/Miss Dinsmore), Dirk Konnerth (Rod), Santiago B\u00fcrgi (Spendryll\/B\u00f6sewicht im Film), Leopold Bier (Polizist), Philipp Werner (Experte im Film) \u2022 Tanz Theater Pforzheim \u2022 Badische Philharmonie Pforzheim<\/p>\n\n\n\n<p class=\"has-small-font-size\">Aufmacherfoto: Jochen Klenk<\/p>\n\n\n\n<p><\/p>\n","protected":false},"excerpt":{"rendered":"<p>Mit dem Musical in die Zeit des fr\u00fchen Tonfilms Gene Kelly und sein ikonischer Tanz im Regen, ein unverg\u00e4nglicher Titelsong, weitere Songs wie \u201eYou Are My Lucky Star\u201c, \u201eGood Morning\u201c und nat\u00fcrlich \u201eMake \u2019Em Laugh\u201c: Ohne Zweifel geh\u00f6rt \u201eSingin\u2019 in the Rain\u201c zu den bekanntesten und beliebtesten Musicalfilmen der Geschichte. Das American Film Institut k\u00fcrte den 1952 entstandenen Streifen sogar zum besten Musicalfilm aller Zeiten. Darf man einen solchen Klassiker in ein B\u00fchnenmusical umwandeln? Zumal sich niemand eine Kopie oder [&hellip;]<\/p>\n","protected":false},"author":43,"featured_media":10060,"comment_status":"closed","ping_status":"closed","sticky":false,"template":"","format":"standard","meta":{"tpgb_global_settings":"","footnotes":""},"categories":[109],"tags":[],"class_list":["post-10065","post","type-post","status-publish","format-standard","has-post-thumbnail","hentry","category-pforzheim"],"tpgb_featured_images":{"full":["http:\/\/www.musical-today.de\/wp-content\/uploads\/2025\/03\/THPF_Singin\u2569\u00a5_in_the_Rain_Bild3_Ibrahim_TanzT-heater_Foto_JochenKlenk-scaled.jpg",2560,1707,false],"tp-image-grid":["http:\/\/www.musical-today.de\/wp-content\/uploads\/2025\/03\/THPF_Singin\u2569\u00a5_in_the_Rain_Bild3_Ibrahim_TanzT-heater_Foto_JochenKlenk-700x700.jpg",700,700,true],"thumbnail":["http:\/\/www.musical-today.de\/wp-content\/uploads\/2025\/03\/THPF_Singin\u2569\u00a5_in_the_Rain_Bild3_Ibrahim_TanzT-heater_Foto_JochenKlenk-600x400.jpg",600,400,true],"medium":["http:\/\/www.musical-today.de\/wp-content\/uploads\/2025\/03\/THPF_Singin\u2569\u00a5_in_the_Rain_Bild3_Ibrahim_TanzT-heater_Foto_JochenKlenk-1200x800.jpg",1200,800,true],"medium_large":["http:\/\/www.musical-today.de\/wp-content\/uploads\/2025\/03\/THPF_Singin\u2569\u00a5_in_the_Rain_Bild3_Ibrahim_TanzT-heater_Foto_JochenKlenk-949x633.jpg",770,514,true],"large":["http:\/\/www.musical-today.de\/wp-content\/uploads\/2025\/03\/THPF_Singin\u2569\u00a5_in_the_Rain_Bild3_Ibrahim_TanzT-heater_Foto_JochenKlenk-1920x1280.jpg",1139,759,true],"default":"http:\/\/www.musical-today.de\/wp-content\/plugins\/the-plus-addons-for-block-editor\/assets\/images\/tpgb-placeholder.jpg"},"tpgb_post_meta_info":{"get_date":"31.03.2025","get_modified_date":"15.04.2025","category_list":{"category":[{"term_id":109,"name":"Pforzheim","slug":"pforzheim","term_group":0,"term_taxonomy_id":109,"taxonomy":"category","description":"","parent":19,"count":5,"filter":"raw","term_order":"79"}],"post_tag":false,"post_format":false},"author_name":"Manfred Kraft","author_url":"http:\/\/www.musical-today.de\/en\/autor\/manfredkraft\/","author_email":"temporary-removecv8FreX4dbM25y1@tmp.com","author_website":"","author_description":"berichtet seit 1982 u.a. f\u00fcr \u201eorpheus\u201c aus dem Badischen Staatstheater Karlsruhe. Auch anderen H\u00e4usern wie dem Festspielhaus Baden-Baden und der Op\u00e9ra national du Rhin war und ist er zwar freundschaftlich, aber auch kritisch verbunden. Im \u201ePrivatleben\u201c ist er Rentner, freier Mitarbeiter der \u201eBadischen Neuesten Nachrichten\u201c und interessierter Gasth\u00f6rer an der Karlsruher Musikhochschule.","author_facebook":"","author_twitter":"","author_instagram":"","author_role":["author"],"author_firstname":"Manfred","author_lastname":"Kraft","user_login":"manfredkraft","author_avatar":"<img src=\"http:\/\/www.musical-today.de\/wp-content\/uploads\/2024\/03\/Autor_Kraft-293x293.jpg\" width=\"200\" height=\"200\" alt=\"Manfred Kraft\" class=\"avatar avatar-200 wp-user-avatar wp-user-avatar-200 alignnone photo\" \/>","author_avatar_url":"http:\/\/www.musical-today.de\/wp-content\/uploads\/2024\/03\/Autor_Kraft.jpg","comment_count":0,"post_likes":0,"post_views":0},"tpgb_post_category":{"category":"<a href=\"http:\/\/www.musical-today.de\/en\/deutschland\/pforzheim\/\" alt=\"Pforzheim\"  class=\"category-pforzheim\">Pforzheim<\/a> "},"_links":{"self":[{"href":"http:\/\/www.musical-today.de\/en\/wp-json\/wp\/v2\/posts\/10065","targetHints":{"allow":["GET"]}}],"collection":[{"href":"http:\/\/www.musical-today.de\/en\/wp-json\/wp\/v2\/posts"}],"about":[{"href":"http:\/\/www.musical-today.de\/en\/wp-json\/wp\/v2\/types\/post"}],"author":[{"embeddable":true,"href":"http:\/\/www.musical-today.de\/en\/wp-json\/wp\/v2\/users\/43"}],"replies":[{"embeddable":true,"href":"http:\/\/www.musical-today.de\/en\/wp-json\/wp\/v2\/comments?post=10065"}],"version-history":[{"count":0,"href":"http:\/\/www.musical-today.de\/en\/wp-json\/wp\/v2\/posts\/10065\/revisions"}],"wp:featuredmedia":[{"embeddable":true,"href":"http:\/\/www.musical-today.de\/en\/wp-json\/wp\/v2\/media\/10060"}],"wp:attachment":[{"href":"http:\/\/www.musical-today.de\/en\/wp-json\/wp\/v2\/media?parent=10065"}],"wp:term":[{"taxonomy":"category","embeddable":true,"href":"http:\/\/www.musical-today.de\/en\/wp-json\/wp\/v2\/categories?post=10065"},{"taxonomy":"post_tag","embeddable":true,"href":"http:\/\/www.musical-today.de\/en\/wp-json\/wp\/v2\/tags?post=10065"}],"curies":[{"name":"wp","href":"https:\/\/api.w.org\/{rel}","templated":true}]}}