{"id":10225,"date":"2025-04-16T19:03:52","date_gmt":"2025-04-16T17:03:52","guid":{"rendered":"https:\/\/www.musical-today.de\/?p=10225"},"modified":"2025-04-18T11:46:54","modified_gmt":"2025-04-18T09:46:54","slug":"berlin-gegengift","status":"publish","type":"post","link":"http:\/\/www.musical-today.de\/en\/berlin-gegengift\/","title":{"rendered":"Gegengift"},"content":{"rendered":"<div class=\"lets-info-up-wrap  lets-info-up--right lets-info-up--m-1 lets-info-up-skin-3 lets-info-up--side lets-info-up-31180\" style=\"background:#fafafa; color: #616161\">\t\t\t<div class=\"lets-info-up\">\r\n\t\t\t<div class=\"lets-info-up-fi\"><img decoding=\"async\" width=\"500\" height=\"375\" src=\"http:\/\/www.musical-today.de\/wp-content\/uploads\/visual-portfolio\/placeholder-500x375.png\" class=\"attachment-lets-info-up-d1 size-lets-info-up-d1\" alt=\"|\" srcset=\"http:\/\/www.musical-today.de\/wp-content\/uploads\/visual-portfolio\/placeholder-500x375.png 500w, http:\/\/www.musical-today.de\/wp-content\/uploads\/visual-portfolio\/placeholder-300x225.png 300w, http:\/\/www.musical-today.de\/wp-content\/uploads\/visual-portfolio\/placeholder-1024x767.png 1024w, http:\/\/www.musical-today.de\/wp-content\/uploads\/visual-portfolio\/placeholder-883x662.png 883w, http:\/\/www.musical-today.de\/wp-content\/uploads\/visual-portfolio\/placeholder-16x12.png 16w, http:\/\/www.musical-today.de\/wp-content\/uploads\/visual-portfolio\/placeholder-800x600.png 800w, http:\/\/www.musical-today.de\/wp-content\/uploads\/visual-portfolio\/placeholder.png 1201w\" sizes=\"(max-width: 500px) 100vw, 500px\" title=\"\"><\/div>\t\t\t<div class=\"lets-info-up-block-wrap\">\r\n\t\t\t\t<div class=\"lets-info-up-block lets-info-up-meta-block\"><div class=\"lets-info-up-meta-title lets-info-up-pretitle font-h\" style=\"color: #8c6d18;\">Ort<\/div><div class=\"lets-info-up-meta-content lets-info-up-title font-b\">Neuk\u00f6llner Oper Berlin<\/div><\/div><div class=\"lets-info-up-block lets-info-up-meta-block\"><div class=\"lets-info-up-meta-title lets-info-up-pretitle font-h\" style=\"color: #8c6d18;\">VON<\/div><div class=\"lets-info-up-meta-content lets-info-up-title font-b\">Vera Schindler (Text)<br>Yuval Halpern (Musik)<\/div><\/div><div class=\"lets-info-up-block lets-info-up-meta-block\"><div class=\"lets-info-up-meta-title lets-info-up-pretitle font-h\" style=\"color: #8c6d18;\">Regie<\/div><div class=\"lets-info-up-meta-content lets-info-up-title font-b\">Bj\u00f8rn de Wildt\u00a0<\/div><\/div><div class=\"lets-info-up-block lets-info-up-meta-block\"><div class=\"lets-info-up-meta-title lets-info-up-pretitle font-h\" style=\"color: #8c6d18;\">Urauff\u00fchrung<\/div><div class=\"lets-info-up-meta-content lets-info-up-title font-b\">2025<\/div><\/div><div class=\"lets-info-up-block lets-info-up-meta-block\"><div class=\"lets-info-up-meta-title lets-info-up-pretitle font-h\" style=\"color: #8c6d18;\">INFOS<\/div><div class=\"lets-info-up-meta-content lets-info-up-title font-b\"><a href=\"https:\/\/www.neukoellneroper.de\/performance\/gegengift\" target=\"_blank\" data-type=\"link\" rel=\"noreferrer noopener\">www.neukoellneroper.de<\/a><\/div><\/div>\t\t\t<\/div>\r\n\t\t\t<\/div>\r\n\t\t<\/div>\r\n\t\t\n\n\n<p><strong>Ein vielschichtiges \u00dcberlebenskampf-Musical der Jungen Neuk\u00f6llner Oper<\/strong><\/p>\n\n\n\n<p>Multiple Krisen zeichnen die Erfahrung der globalen Gegenwart, flankiert durch eine zerm\u00fcrbende Melange aus Hoffnung(slosigkeit), Vereinzelung und Indifferenz. In der Produktion \u201eGegengift\u201c an der Neuk\u00f6llner Oper Berlin lebt der Mensch im \u201eNoch-Nicht-Bewussten\u201c (Ernst Bloch), dem blo\u00df Zukunftstr\u00e4ume einen Ausweg weisen. Sechs junge Menschen begeben sich als \u201eHoffnungsritter*innen\u201c auf die Reise in ein finsteres Moor, um das Gegengift f\u00fcr Krankheit und Unbill in ihrer Heimatstadt zu finden.<\/p>\n\n\n\n<p>Die Charaktere verk\u00f6rpern h\u00f6chst unterschiedliche Perspektiven der Zuversicht: eine esoterische Tarotkartenenthusiastin (Johanna Lanzky), eine von Selbstzweifeln zerfurchte Intelligenzbestie (Lena Wetzel), eine unverbesserliche Daueremp\u00f6rte (Nele Langner), ein unbedarft-kr\u00e4ftiger Pragmatiker (Viktor Voigt) \u2013 unterst\u00fctzt durch zwei weitere Akteure mit ausgepr\u00e4gtem Gesp\u00fcr f\u00fcr Gemeinschaft (Kamil Saad Ahmad) und Natur (Helena Marte). Im sumpfigen Zwischenreich begegnen sie einem Orakel mit Spielsucht (Markus Teichert), der impulsiven Natur (Vivian Yau) und einem widerspenstigen Bauchgef\u00fchl (Chantale Nurse) \u2013 allesamt Operns\u00e4nger:innen, die die Widerspr\u00fcchlichkeit der Inszenierung zwischen Altbekanntem und postmodernen Schlaglichtern treffend untermalen. Die gesamte Auff\u00fchrung ist durchzogen von diesem Spiel mit Ambivalenzen. \u201eDie Geschichte entsteht, indem man sie erz\u00e4hlt\u201c, verk\u00fcndet Nebula (Corinna Buchholz), halb Schlagerstern, halb Operndiva.<\/p>\n\n\n<div  class=\"tpgb-wrap-956d14_10225  tpgb-wrap-fw \"  ><div id=\"956d14_10225\" class=\"tpgb-block-956d14_10225 tpgb-relative-block tpgb-gallery-list tpgb-metro gallery-style-2 hover-image-style-1   \" data-style=\"style-2\" data-id=\"956d14_10225\" data-layout=\"metro\" data-fancy-option='{\"loop\":false,\"thumb\":\"no\",\"infobar\":true,\"arrows\":true,\"transitionEffect\":\"slide\",\"button\":[\"close\"]}' data-splide='\"\"' data-metroAttr= '{\"metro_col\":3,\"tab_metro_col\":3,\"mobile_metro_col\":3,\"metro_style\":\"style-1\",\"tab_metro_style\":\"style-1\",\"mobile_metro_style\":\"style-1\"}' ><div class=\"tpgb-row post-loop-inner \"><div class=\"grid-item metro-item-0    tpgb-metro-1  tpgb-tab-metro-1  tpgb-mobile-metro-1 \"><a href=\"https:\/\/www.musical-today.de\/wp-content\/uploads\/2025\/04\/VH91871-scaled.jpg\" class=\"tpgb-gallery-list-content tpgb-trans-easeinout\" data-fancybox=\"956d14_10225\" data-caption=\"Foto: Peter van Heesen\" aria-label=\"Foto: Peter van Heesen\" target=\"_blank\" rel=\"noopener noreferrer nofollow\"><div class=\"post-content-image\"><div class=\"tpgb-metro-gallery-image\" style=\"background: url(http:\/\/www.musical-today.de\/wp-content\/uploads\/2025\/04\/VH91871-scaled.jpg);\"><\/div><\/div><div class=\"post-content-center\"><div class=\"post-zoom-icon\"><div class=\"meta-search-icon\"><span><img decoding=\"async\" class=\"fancy-img\" src=\"http:\/\/www.musical-today.de\/wp-content\/uploads\/2025\/04\/VH91871-scaled.jpg\" alt=\"Media Image1\" title=\"\"><i class=\"fas fa-search-plus pop-icon\"><\/i><\/span><\/div><\/div><div class=\"post-content-bottom\"><p class=\"post-title tpgb-trans-easeinout\">Foto: Peter van Heesen<\/p><\/div><\/div><\/a><\/div><div class=\"grid-item metro-item-1    tpgb-metro-2  tpgb-tab-metro-2  tpgb-mobile-metro-2 \"><a href=\"https:\/\/www.musical-today.de\/wp-content\/uploads\/2025\/04\/VH92121-scaled.jpg\" class=\"tpgb-gallery-list-content tpgb-trans-easeinout\" data-fancybox=\"956d14_10225\" data-caption=\"Foto: Peter van Heesen\" aria-label=\"Foto: Peter van Heesen\" target=\"_blank\" rel=\"noopener noreferrer nofollow\"><div class=\"post-content-image\"><div class=\"tpgb-metro-gallery-image\" style=\"background: url(http:\/\/www.musical-today.de\/wp-content\/uploads\/2025\/04\/VH92121-scaled.jpg);\"><\/div><\/div><div class=\"post-content-center\"><div class=\"post-zoom-icon\"><div class=\"meta-search-icon\"><span><img decoding=\"async\" class=\"fancy-img\" src=\"http:\/\/www.musical-today.de\/wp-content\/uploads\/2025\/04\/VH92121-scaled.jpg\" alt=\"Media Image2\" title=\"\"><i class=\"fas fa-search-plus pop-icon\"><\/i><\/span><\/div><\/div><div class=\"post-content-bottom\"><p class=\"post-title tpgb-trans-easeinout\">Foto: Peter van Heesen<\/p><\/div><\/div><\/a><\/div><div class=\"grid-item metro-item-2    tpgb-metro-3  tpgb-tab-metro-3  tpgb-mobile-metro-3 \"><a href=\"https:\/\/www.musical-today.de\/wp-content\/uploads\/2025\/04\/VH59446-scaled.jpg\" class=\"tpgb-gallery-list-content tpgb-trans-easeinout\" data-fancybox=\"956d14_10225\" data-caption=\"Foto: Peter van Heesen\" aria-label=\"Foto: Peter van Heesen\" target=\"_blank\" rel=\"noopener noreferrer nofollow\"><div class=\"post-content-image\"><div class=\"tpgb-metro-gallery-image\" style=\"background: url(http:\/\/www.musical-today.de\/wp-content\/uploads\/2025\/04\/VH59446-scaled.jpg);\"><\/div><\/div><div class=\"post-content-center\"><div class=\"post-zoom-icon\"><div class=\"meta-search-icon\"><span><img decoding=\"async\" class=\"fancy-img\" src=\"http:\/\/www.musical-today.de\/wp-content\/uploads\/2025\/04\/VH59446-scaled.jpg\" alt=\"Media Image3\" title=\"\"><i class=\"fas fa-search-plus pop-icon\"><\/i><\/span><\/div><\/div><div class=\"post-content-bottom\"><p class=\"post-title tpgb-trans-easeinout\">Foto: Peter van Heesen<\/p><\/div><\/div><\/a><\/div><\/div><\/div><\/div>\n\n\n<p>Hinter der Fassade eines scheinbaren Heldenepos breitet sich ein vielschichtiges Bedeutungsgeflecht aus \u2013 verortet in einem symbolisch aufgeladenen Pilzmyzel. Als Produkt intensiver Zusammenarbeit mit der Berliner TU und UdK avanciert der Pilz zum Sinnbild eines \u201ediversen Wir\u201c und fungiert damit als Gegennarrativ zum linearen Fortschrittsdiktum des Kapitalismus: querwachsend, unkontrollierbar, ungerichtet. Der Abend l\u00e4sst erkennen: Das Gegengift ist nicht der R\u00fcckzug ins Private, sondern solidarisches Handeln mit multiperspektivischem Blick.<\/p>\n\n\n\n<p>Vera Schindler (Text) liefert damit eine h\u00f6chst anspruchsvolle Schablone f\u00fcr Regisseur Bj\u00f8rn de Wildt, dessen Inszenierung zwar reichlich Reflexionsfl\u00e4che offeriert, damit allerdings auch an Stringenz einb\u00fc\u00dft. Yuval Halpern (Musik) spiegelt diese Widerspr\u00fcchlichkeit mit einem spannenden, manchmal dissonanten Spagat aus Opernpathos und jazziger Leichtigkeit, wobei die Songtexte stellenweise holprig bleiben. Besonders wirkungsvoll sticht ein Rap-Intermezzo hervor, das die stilistische Br\u00fcchigkeit der Musik mit erfrischender Klarheit kontrastiert. Visuell verdichtet sich das Konzept im gelungenen B\u00fchnenbild (Charlotte Morache), in dessen Zentrum eine pilzbefallene Rampe als Projektionsfl\u00e4che wuchert, die zwischen Naturmetapher und surrealer Irritation oszilliert.<\/p>\n\n\n\n<p>\u201eGegengift\u201c ist ein untypisches Musical, das zum Nachdenken anregt und Aufmerksamkeit verlangt f\u00fcr ein \u00e4sthetisch vielschichtiges Spiel mit Narration, Klang und K\u00f6rpern \u2013 ein Spiel, das auf Mehrdeutigkeit setzt, g\u00e4ngige Interpretationsmuster irritiert und damit Fragezeichen aufwirft. Der Anspruch ist hoch, nicht alles tr\u00e4gt. Doch in der fragmentarischen Dekonstruktion der Illusion liegt auch ein Versprechen: \u201eDas Ende der T\u00e4uschung ist die radikale Hoffnung.\u201c<\/p>\n\n\n\n<hr class=\"wp-block-separator has-alpha-channel-opacity is-style-dots\"\/>\n\n\n\n<p class=\"has-small-font-size\">Musikalische Leitung \/ Komposition: Yuval Halpern \u2022 Text: Vera Schindler \u2022 &nbsp;B\u00fchne: Charlotte Morache \u2022 Kost\u00fcm: Gwendolyn Noltes \u2022 Dramaturgie: \u00c4nne-Marthe K\u00fchn \u2022 Produktionsleitung\/Regieassistenz: Sandra M. Heinzelmann \u2022 Wissenschaftliche Begleitung: Prof. Dr. Vera Meyer \u2022&nbsp;Mit: Corinna Buchholz (Nebula), Chantale Nurse (Bauchgef\u00fchl), Markus Teichert (Orakel), Vivian Yau (Natur) und den Mitgliedern der Jungen Neuk\u00f6llner Oper: Kamil Saad Ahmad (Rafa), Nele Langner (Jona), Johanna Lanzky (Eleni), Helena Marte (Laila), Viktor A. Voigt (Kian) und Lena Wetzel (Malia)<\/p>\n\n\n\n<p class=\"has-small-font-size\">Aufmacherfoto: Peter van Heesen<\/p>\n\n\n\n<p><\/p>\n","protected":false},"excerpt":{"rendered":"<p>Ein vielschichtiges \u00dcberlebenskampf-Musical der Jungen Neuk\u00f6llner Oper Multiple Krisen zeichnen die Erfahrung der globalen Gegenwart, flankiert durch eine zerm\u00fcrbende Melange aus Hoffnung(slosigkeit), Vereinzelung und Indifferenz. In der Produktion \u201eGegengift\u201c an der Neuk\u00f6llner Oper Berlin lebt der Mensch im \u201eNoch-Nicht-Bewussten\u201c (Ernst Bloch), dem blo\u00df Zukunftstr\u00e4ume einen Ausweg weisen. Sechs junge Menschen begeben sich als \u201eHoffnungsritter*innen\u201c auf die Reise in ein finsteres Moor, um das Gegengift f\u00fcr Krankheit und Unbill in ihrer Heimatstadt zu finden. Die Charaktere verk\u00f6rpern h\u00f6chst unterschiedliche Perspektiven der [&hellip;]<\/p>\n","protected":false},"author":7,"featured_media":10224,"comment_status":"closed","ping_status":"closed","sticky":false,"template":"","format":"standard","meta":{"tpgb_global_settings":"","footnotes":""},"categories":[130],"tags":[],"class_list":["post-10225","post","type-post","status-publish","format-standard","has-post-thumbnail","hentry","category-berlin"],"tpgb_featured_images":{"full":["http:\/\/www.musical-today.de\/wp-content\/uploads\/2025\/04\/VH59428-scaled.jpg",2560,1707,false],"tp-image-grid":["http:\/\/www.musical-today.de\/wp-content\/uploads\/2025\/04\/VH59428-700x700.jpg",700,700,true],"thumbnail":["http:\/\/www.musical-today.de\/wp-content\/uploads\/2025\/04\/VH59428-600x400.jpg",600,400,true],"medium":["http:\/\/www.musical-today.de\/wp-content\/uploads\/2025\/04\/VH59428-1200x800.jpg",1200,800,true],"medium_large":["http:\/\/www.musical-today.de\/wp-content\/uploads\/2025\/04\/VH59428-949x633.jpg",770,514,true],"large":["http:\/\/www.musical-today.de\/wp-content\/uploads\/2025\/04\/VH59428-1920x1280.jpg",1139,759,true],"default":"http:\/\/www.musical-today.de\/wp-content\/plugins\/the-plus-addons-for-block-editor\/assets\/images\/tpgb-placeholder.jpg"},"tpgb_post_meta_info":{"get_date":"16.04.2025","get_modified_date":"18.04.2025","category_list":{"category":[{"term_id":130,"name":"Berlin","slug":"berlin","term_group":0,"term_taxonomy_id":130,"taxonomy":"category","description":"","parent":19,"count":27,"filter":"raw","term_order":"9"}],"post_tag":false,"post_format":false},"author_name":"Valentin B\u00f6sing","author_url":"http:\/\/www.musical-today.de\/en\/autor\/vboesing\/","author_email":"email@valentinboesing.de","author_website":"","author_description":"<b>Online-Redaktion<\/b> <p>","author_facebook":"","author_twitter":"","author_instagram":"","author_role":["redakteur","author"],"author_firstname":"Valentin","author_lastname":"B\u00f6sing","user_login":"vboesing","author_avatar":"<img src=\"http:\/\/www.musical-today.de\/wp-content\/uploads\/2024\/03\/434034552_122093726612266069_5386620108228489486_n-293x293.jpg\" width=\"200\" height=\"200\" alt=\"Valentin B\u00f6sing\" class=\"avatar avatar-200 wp-user-avatar wp-user-avatar-200 alignnone photo\" \/>","author_avatar_url":"http:\/\/www.musical-today.de\/wp-content\/uploads\/2024\/03\/434034552_122093726612266069_5386620108228489486_n.jpg","comment_count":0,"post_likes":0,"post_views":0},"tpgb_post_category":{"category":"<a href=\"http:\/\/www.musical-today.de\/en\/deutschland\/berlin\/\" alt=\"Berlin\"  class=\"category-berlin\">Berlin<\/a> "},"_links":{"self":[{"href":"http:\/\/www.musical-today.de\/en\/wp-json\/wp\/v2\/posts\/10225","targetHints":{"allow":["GET"]}}],"collection":[{"href":"http:\/\/www.musical-today.de\/en\/wp-json\/wp\/v2\/posts"}],"about":[{"href":"http:\/\/www.musical-today.de\/en\/wp-json\/wp\/v2\/types\/post"}],"author":[{"embeddable":true,"href":"http:\/\/www.musical-today.de\/en\/wp-json\/wp\/v2\/users\/7"}],"replies":[{"embeddable":true,"href":"http:\/\/www.musical-today.de\/en\/wp-json\/wp\/v2\/comments?post=10225"}],"version-history":[{"count":0,"href":"http:\/\/www.musical-today.de\/en\/wp-json\/wp\/v2\/posts\/10225\/revisions"}],"wp:featuredmedia":[{"embeddable":true,"href":"http:\/\/www.musical-today.de\/en\/wp-json\/wp\/v2\/media\/10224"}],"wp:attachment":[{"href":"http:\/\/www.musical-today.de\/en\/wp-json\/wp\/v2\/media?parent=10225"}],"wp:term":[{"taxonomy":"category","embeddable":true,"href":"http:\/\/www.musical-today.de\/en\/wp-json\/wp\/v2\/categories?post=10225"},{"taxonomy":"post_tag","embeddable":true,"href":"http:\/\/www.musical-today.de\/en\/wp-json\/wp\/v2\/tags?post=10225"}],"curies":[{"name":"wp","href":"https:\/\/api.w.org\/{rel}","templated":true}]}}