{"id":11320,"date":"2025-04-23T17:43:15","date_gmt":"2025-04-23T15:43:15","guid":{"rendered":"https:\/\/www.musical-today.de\/?p=11320"},"modified":"2025-04-23T17:44:20","modified_gmt":"2025-04-23T15:44:20","slug":"dresden-cabaret","status":"publish","type":"post","link":"http:\/\/www.musical-today.de\/en\/dresden-cabaret\/","title":{"rendered":"Cabaret"},"content":{"rendered":"<div class=\"lets-info-up-wrap  lets-info-up--right lets-info-up--m-1 lets-info-up-skin-3 lets-info-up--side lets-info-up-48027\" style=\"background:#fafafa; color: #616161\">\t\t\t<div class=\"lets-info-up\">\r\n\t\t\t<div class=\"lets-info-up-fi\"><img decoding=\"async\" width=\"500\" height=\"333\" src=\"http:\/\/www.musical-today.de\/wp-content\/uploads\/2024\/01\/qi-addons-for-elementor-placeholder-500x333.png\" class=\"attachment-lets-info-up-d1 size-lets-info-up-d1\" alt=\"|\" srcset=\"http:\/\/www.musical-today.de\/wp-content\/uploads\/2024\/01\/qi-addons-for-elementor-placeholder-500x333.png 500w, http:\/\/www.musical-today.de\/wp-content\/uploads\/2024\/01\/qi-addons-for-elementor-placeholder-300x200.png 300w, http:\/\/www.musical-today.de\/wp-content\/uploads\/2024\/01\/qi-addons-for-elementor-placeholder-1024x683.png 1024w, http:\/\/www.musical-today.de\/wp-content\/uploads\/2024\/01\/qi-addons-for-elementor-placeholder-883x589.png 883w, http:\/\/www.musical-today.de\/wp-content\/uploads\/2024\/01\/qi-addons-for-elementor-placeholder-18x12.png 18w, http:\/\/www.musical-today.de\/wp-content\/uploads\/2024\/01\/qi-addons-for-elementor-placeholder-360x240.png 360w, http:\/\/www.musical-today.de\/wp-content\/uploads\/2024\/01\/qi-addons-for-elementor-placeholder-1155x770.png 1155w, http:\/\/www.musical-today.de\/wp-content\/uploads\/2024\/01\/qi-addons-for-elementor-placeholder-370x247.png 370w, http:\/\/www.musical-today.de\/wp-content\/uploads\/2024\/01\/qi-addons-for-elementor-placeholder-770x513.png 770w, http:\/\/www.musical-today.de\/wp-content\/uploads\/2024\/01\/qi-addons-for-elementor-placeholder-293x195.png 293w, http:\/\/www.musical-today.de\/wp-content\/uploads\/2024\/01\/qi-addons-for-elementor-placeholder-120x80.png 120w, http:\/\/www.musical-today.de\/wp-content\/uploads\/2024\/01\/qi-addons-for-elementor-placeholder-240x160.png 240w, http:\/\/www.musical-today.de\/wp-content\/uploads\/2024\/01\/qi-addons-for-elementor-placeholder-390x260.png 390w, http:\/\/www.musical-today.de\/wp-content\/uploads\/2024\/01\/qi-addons-for-elementor-placeholder.png 1200w\" sizes=\"(max-width: 500px) 100vw, 500px\" title=\"\"><\/div>\t\t\t<div class=\"lets-info-up-block-wrap\">\r\n\t\t\t\t<div class=\"lets-info-up-block lets-info-up-meta-block\"><div class=\"lets-info-up-meta-title lets-info-up-pretitle font-h\" style=\"color: #8c6d18;\">oRT<\/div><div class=\"lets-info-up-meta-content lets-info-up-title font-b\">Staatsoperette Dresden<\/div><\/div><div class=\"lets-info-up-block lets-info-up-meta-block\"><div class=\"lets-info-up-meta-title lets-info-up-pretitle font-h\" style=\"color: #8c6d18;\">von<\/div><div class=\"lets-info-up-meta-content lets-info-up-title font-b\">Joe Masteroff (Buch)<br>John Kander (Musik)<br>Fred Ebb (Gesangstexte)<\/div><\/div><div class=\"lets-info-up-block lets-info-up-meta-block\"><div class=\"lets-info-up-meta-title lets-info-up-pretitle font-h\" style=\"color: #8c6d18;\">Regie<\/div><div class=\"lets-info-up-meta-content lets-info-up-title font-b\">Matthias Reichwald<\/div><\/div><div class=\"lets-info-up-block lets-info-up-meta-block\"><div class=\"lets-info-up-meta-title lets-info-up-pretitle font-h\" style=\"color: #8c6d18;\">Urauff\u00fchrunG<\/div><div class=\"lets-info-up-meta-content lets-info-up-title font-b\">1966<\/div><\/div><div class=\"lets-info-up-block lets-info-up-meta-block\"><div class=\"lets-info-up-meta-title lets-info-up-pretitle font-h\" style=\"color: #8c6d18;\">INFOS<\/div><div class=\"lets-info-up-meta-content lets-info-up-title font-b\"><a href=\"https:\/\/www.staatsoperette.de\/spielplan\/a-z\/cabaret\/\" target=\"_blank\" rel=\"noopener noreferrer nofollow\">www.staatsoperette.de<\/a><\/div><\/div>\t\t\t<\/div>\r\n\t\t\t<\/div>\r\n\t\t<\/div>\r\n\t\t\n\n\n<p><strong><strong>\u201eCabaret\u201c als Mahnung f\u00fcr die Gegenwart<\/strong><\/strong><\/p>\n\n\n\n<p>Wenn ein Musical in diese Zeit passt, dann \u201eCabaret\u201c. Was John Kander (Musik) und Fred Ebb (Gesangstexte) da 1966 am Broadway herausgebracht haben und was auch durch die kongeniale Verfilmung mit Liza Minnelli zum Welterfolg wurde, ist als Show so hit-treffsicher wie eh und je. Und von beklemmend wachsender Aktualit\u00e4t. Allein der eine hier hinzugef\u00fcgte Satz \u201eWir holen uns unser Land zur\u00fcck\u201c passt verd\u00e4chtig gut. Genauso wie die verfremdeten Zitate der Donald-Trump-Basecap und der Elon-Musk-Geste mit dem rechten Arm, die der Nazi im St\u00fcck hier nach seiner Machtergreifung im Kit Kat Klub imitiert.<\/p>\n\n\n\n<p>\u201eCabaret\u201c ist erz\u00e4hlte Geschichte als Mahnung f\u00fcr die Gegenwart. Wenn in Matthias Reichwalds Inszenierung bei dem so irritierend wirkungssicher ins St\u00fcck integrierten Lied \u201eDer morgige Tag ist mein\u201c im Zuschauerraum einige Choristen aufstehen, dann ist der kurze Moment, bis man das Geplante daran mitbekommt, in Dresden eine Schrecksekunde mit quasi blauem Restrisiko. Wenn das musikalische Ausklingen der schlichten und sich einpr\u00e4genden Melodie in die missbrauchte \u201eLes Pr\u00e9ludes\u201c-Fanfare f\u00fcr die Sondermeldungen der Nazis \u00fcbergeht, dann wird das \u00dcbermorgen als Konsequenz gleich mitliefert. Das ist klug und wirkungsvoll gemacht. Ebenso, wenn bei einem ersten Anspielen des Verf\u00fchrungs-Mitsingers auf der B\u00fchne wie bei Charlie Chaplins \u201eGro\u00dfem Diktator\u201c mit der Weltkugel gespielt wird. Oder wenn Fr\u00e4ulein Schneider in ihrer Verzweiflung das Verlobungsgeschenk von Herrn Schultz, die Kristallschale, zerbricht. Auch, wenn der Conf\u00e9rencier (Marcus G\u00fcnzel) im zweiten Teil die (Toleranz-)Nummer mit dem Affen (\u201eIf You Could See Her\u201c) auf eine Artistin bezieht, die sich im Hintergrund akrobatisch in der H\u00f6he zu einer Swastika-Figur verrenkt, stockt einem der Atem. Jetzt sind fast alle gleichgeschaltet \u2013 nicht nur der blonde Max und das bezopfte M\u00e4del. Mit langen, blonden Per\u00fccken und silbernen Einheitskost\u00fcmen (Nini von Selzam). Das ist der Look der neuen Zeit. Wer da nicht reinpasst, fliegt. Oder flieht.<\/p>\n\n\n<div  class=\"tpgb-wrap-956d14_11320  tpgb-wrap-fw \"  ><div id=\"956d14_11320\" class=\"tpgb-block-956d14_11320 tpgb-relative-block tpgb-gallery-list tpgb-metro gallery-style-2 hover-image-style-1   \" data-style=\"style-2\" data-id=\"956d14_11320\" data-layout=\"metro\" data-fancy-option='{\"loop\":false,\"thumb\":\"no\",\"infobar\":true,\"arrows\":true,\"transitionEffect\":\"slide\",\"button\":[\"close\"]}' data-splide='\"\"' data-metroAttr= '{\"metro_col\":\"3\",\"tab_metro_col\":3,\"mobile_metro_col\":3,\"metro_style\":\"style-1\",\"tab_metro_style\":\"style-1\",\"mobile_metro_style\":\"style-1\"}' ><div class=\"tpgb-row post-loop-inner \"><div class=\"grid-item metro-item-0    tpgb-metro-1  tpgb-tab-metro-1  tpgb-mobile-metro-1 \"><a href=\"https:\/\/www.musical-today.de\/wp-content\/uploads\/2025\/04\/9260_lutzmichen_250415202456_1-scaled-e1745422948225.jpg\" class=\"tpgb-gallery-list-content tpgb-trans-easeinout\" data-fancybox=\"956d14_11320\" data-caption=\"Foto: Lutz Michen\" aria-label=\"Foto: Lutz Michen\" target=\"_blank\" rel=\"noopener noreferrer nofollow\"><div class=\"post-content-image\"><div class=\"tpgb-metro-gallery-image\" style=\"background: url(http:\/\/www.musical-today.de\/wp-content\/uploads\/2025\/04\/9260_lutzmichen_250415202456_1-scaled-e1745422948225.jpg);\"><\/div><\/div><div class=\"post-content-center\"><div class=\"post-zoom-icon\"><div class=\"meta-search-icon\"><span><img decoding=\"async\" class=\"fancy-img\" src=\"http:\/\/www.musical-today.de\/wp-content\/uploads\/2025\/04\/9260_lutzmichen_250415202456_1-scaled-e1745422948225.jpg\" alt=\"Media Image1\" title=\"\"><i class=\"fas fa-search-plus pop-icon\"><\/i><\/span><\/div><\/div><div class=\"post-content-bottom\"><p class=\"post-title tpgb-trans-easeinout\">Foto: Lutz Michen<\/p><\/div><\/div><\/a><\/div><div class=\"grid-item metro-item-1    tpgb-metro-2  tpgb-tab-metro-2  tpgb-mobile-metro-2 \"><a href=\"https:\/\/www.musical-today.de\/wp-content\/uploads\/2025\/04\/9254_lutzmichen_250415215733_1-scaled-e1745422895761.jpg\" class=\"tpgb-gallery-list-content tpgb-trans-easeinout\" data-fancybox=\"956d14_11320\" data-caption=\"Foto: Lutz Michen\" aria-label=\"Foto: Lutz Michen\" target=\"_blank\" rel=\"noopener noreferrer nofollow\"><div class=\"post-content-image\"><div class=\"tpgb-metro-gallery-image\" style=\"background: url(http:\/\/www.musical-today.de\/wp-content\/uploads\/2025\/04\/9254_lutzmichen_250415215733_1-scaled-e1745422895761.jpg);\"><\/div><\/div><div class=\"post-content-center\"><div class=\"post-zoom-icon\"><div class=\"meta-search-icon\"><span><img decoding=\"async\" class=\"fancy-img\" src=\"http:\/\/www.musical-today.de\/wp-content\/uploads\/2025\/04\/9254_lutzmichen_250415215733_1-scaled-e1745422895761.jpg\" alt=\"Media Image2\" title=\"\"><i class=\"fas fa-search-plus pop-icon\"><\/i><\/span><\/div><\/div><div class=\"post-content-bottom\"><p class=\"post-title tpgb-trans-easeinout\">Foto: Lutz Michen<\/p><\/div><\/div><\/a><\/div><div class=\"grid-item metro-item-2    tpgb-metro-3  tpgb-tab-metro-3  tpgb-mobile-metro-3 \"><a href=\"https:\/\/www.musical-today.de\/wp-content\/uploads\/2025\/04\/9251_lutzmichen_250415200515_1-scaled-e1745422839742.jpg\" class=\"tpgb-gallery-list-content tpgb-trans-easeinout\" data-fancybox=\"956d14_11320\" data-caption=\"Foto: Lutz Michen\" aria-label=\"Foto: Lutz Michen\" target=\"_blank\" rel=\"noopener noreferrer nofollow\"><div class=\"post-content-image\"><div class=\"tpgb-metro-gallery-image\" style=\"background: url(http:\/\/www.musical-today.de\/wp-content\/uploads\/2025\/04\/9251_lutzmichen_250415200515_1-scaled-e1745422839742.jpg);\"><\/div><\/div><div class=\"post-content-center\"><div class=\"post-zoom-icon\"><div class=\"meta-search-icon\"><span><img decoding=\"async\" class=\"fancy-img\" src=\"http:\/\/www.musical-today.de\/wp-content\/uploads\/2025\/04\/9251_lutzmichen_250415200515_1-scaled-e1745422839742.jpg\" alt=\"Media Image3\" title=\"\"><i class=\"fas fa-search-plus pop-icon\"><\/i><\/span><\/div><\/div><div class=\"post-content-bottom\"><p class=\"post-title tpgb-trans-easeinout\">Foto: Lutz Michen<\/p><\/div><\/div><\/a><\/div><\/div><\/div><\/div>\n\n\n<p>Bis zur Pause aber ist die B\u00fchne von Karoly Risz vor allem der Raum f\u00fcr eine Nummernrevue im Gewand einer Melange aus \u201eDogville\u201c-Minimalismus und Backstage-Anmutung. Das unter Peter Christian Feigel mit Schmiss fabelhaft aufspielende Orchester ist auf der Hinterb\u00fchne platziert. Davor steht eine gl\u00fchbirnengespickte Wand, in der das Dreieck fehlt, das davor auf der Drehb\u00fchne als Spielfl\u00e4che rotiert.<\/p>\n\n\n\n<p>Hier werden die Kit-Kat-Klub-Nummern und die beiden Liebesgeschichten zwischen dem amerikanischen (M\u00f6chtegern-)Schriftsteller Clifford Bradshaw (mit jungenhaftem Charme: Adrian Djoki\u0107) und S\u00e4ngersternchen Sally Bowles (energiegeladen, mit soul-dunkler Stimme: Aswintha Vermeulen) sowie die zwischen Fr\u00e4ulein Schneider (Silke Richter) und ihrem j\u00fcdischen Obsth\u00e4ndler-Verehrer Herr Schultz (Bryan Rothfuss) Richtung Publikum serviert. Gero Wendorff ist der als Verf\u00fchrer noch h\u00f6fliche, als F\u00fchrer dann rabiate Ernst Ludwig, der aus dem Kit Kat Club die \u201eges\u00e4uberte\u201c, propaganda-taugliche Show formt, deren Akteure auch noch vielsagend aus dem Untergrund auf die B\u00fchne marschieren, wo sich dann auch Sally einreiht. Wenn der Anfang der Inszenierung etwas unverbindlich harmlos daherkommt, wird das mit dem ersten Finale r\u00fcckwirkend als Vorbereitung einer Fallh\u00f6he erkennbar, die dann im zweiten Teil die beklemmende Wirkung entfaltet, die einer \u201eCabaret\u201c-Inszenierung heute zuw\u00e4chst. Daf\u00fcr braucht man tats\u00e4chlich keine Nazi-Uniformen.<\/p>\n\n\n\n<hr class=\"wp-block-separator has-alpha-channel-opacity is-style-dots\"\/>\n\n\n\n<p class=\"has-small-font-size\">Musikalische Leitung: Peter Christian Feigel \u2022 Choreografie: Volker Michl \u2022 B\u00fchne: Karoly Risz \u2022 Kost\u00fcme: Nini von Selzam \u2022 Licht: Bertram Kunz \u2022 Sounddesign: Martin Wingerath \u2022 Chorleitung: Thomas Runge \u2022 Mit: Marcus G\u00fcnzel (Conf\u00e9rencier), Aswintha Vermeulen (Sally Bowles), Adrian Djoki\u0107 (Clifford Bradshaw), Gero Wendorff (Ernst Ludwig), Silke Richter (Fr\u00e4ulein Schneider), Bryan Rothfuss (Herr Schultz), Kaya Loewe (Fr\u00e4ulein Kost), Nina Kemptner (Lulu), Jeannette Oswald (Telefon-Girl), Eliton Da Silva de Barros (Bobby), Vladislav Vlasov (Max) \u2022 Ballett, Chor und Orchester der Staatsoperette<br><br>Aufmacherfoto: Lutz Michen<\/p>\n","protected":false},"excerpt":{"rendered":"<p>\u201eCabaret\u201c als Mahnung f\u00fcr die Gegenwart Wenn ein Musical in diese Zeit passt, dann \u201eCabaret\u201c. Was John Kander (Musik) und Fred Ebb (Gesangstexte) da 1966 am Broadway herausgebracht haben und was auch durch die kongeniale Verfilmung mit Liza Minnelli zum Welterfolg wurde, ist als Show so hit-treffsicher wie eh und je. Und von beklemmend wachsender Aktualit\u00e4t. Allein der eine hier hinzugef\u00fcgte Satz \u201eWir holen uns unser Land zur\u00fcck\u201c passt verd\u00e4chtig gut. Genauso wie die verfremdeten Zitate der Donald-Trump-Basecap und der [&hellip;]<\/p>\n","protected":false},"author":44,"featured_media":11321,"comment_status":"closed","ping_status":"closed","sticky":false,"template":"","format":"standard","meta":{"tpgb_global_settings":"","footnotes":""},"categories":[185],"tags":[],"class_list":["post-11320","post","type-post","status-publish","format-standard","has-post-thumbnail","hentry","category-dresden"],"tpgb_featured_images":{"full":["http:\/\/www.musical-today.de\/wp-content\/uploads\/2025\/04\/9235_09-scaled-e1745422799685.jpg",1937,1293,false],"tp-image-grid":["http:\/\/www.musical-today.de\/wp-content\/uploads\/2025\/04\/9235_09-scaled-e1745422799685-700x700.jpg",700,700,true],"thumbnail":["http:\/\/www.musical-today.de\/wp-content\/uploads\/2025\/04\/9235_09-scaled-e1745422799685-600x401.jpg",600,401,true],"medium":["http:\/\/www.musical-today.de\/wp-content\/uploads\/2025\/04\/9235_09-scaled-e1745422799685-1200x801.jpg",1200,801,true],"medium_large":["http:\/\/www.musical-today.de\/wp-content\/uploads\/2025\/04\/9235_09-scaled-e1745422799685-770x514.jpg",770,514,true],"large":["http:\/\/www.musical-today.de\/wp-content\/uploads\/2025\/04\/9235_09-scaled-e1745422799685-1920x1282.jpg",1139,761,true],"default":"http:\/\/www.musical-today.de\/wp-content\/plugins\/the-plus-addons-for-block-editor\/assets\/images\/tpgb-placeholder.jpg"},"tpgb_post_meta_info":{"get_date":"23.04.2025","get_modified_date":"23.04.2025","category_list":{"category":[{"term_id":185,"name":"Dresden","slug":"dresden","term_group":0,"term_taxonomy_id":185,"taxonomy":"category","description":"","parent":19,"count":5,"filter":"raw","term_order":"23"}],"post_tag":false,"post_format":false},"author_name":"Dr. Joachim Lange","author_url":"http:\/\/www.musical-today.de\/en\/autor\/joachimlange\/","author_email":"temporary-removeq47W7zszT2mAxi8@tmp.com","author_website":"","author_description":"lebt in Halle an der Saale. Er studierte und promovierte an der Martin-Luther-Universit\u00e4t Halle-Wittenberg. Seine Leidenschaft f\u00fcr Musiktheater und Schauspiel wurde fr\u00fch geweckt, u.a. durch Regiearbeiten von Herz, Berghaus, Kupfer und Konwitschny. Seit Beginn der neunziger Jahre arbeitet er als freier Kulturjournalist.","author_facebook":"","author_twitter":"","author_instagram":"","author_role":["author"],"author_firstname":"Dr. Joachim","author_lastname":"Lange","user_login":"joachimlange","author_avatar":"<img src=\"http:\/\/www.musical-today.de\/wp-content\/uploads\/2024\/03\/Autor_Lange-293x293.jpg\" width=\"200\" height=\"200\" alt=\"Dr. Joachim Lange\" class=\"avatar avatar-200 wp-user-avatar wp-user-avatar-200 alignnone photo\" \/>","author_avatar_url":"http:\/\/www.musical-today.de\/wp-content\/uploads\/2024\/03\/Autor_Lange.jpg","comment_count":0,"post_likes":0,"post_views":0},"tpgb_post_category":{"category":"<a href=\"http:\/\/www.musical-today.de\/en\/deutschland\/dresden\/\" alt=\"Dresden\"  class=\"category-dresden\">Dresden<\/a> "},"_links":{"self":[{"href":"http:\/\/www.musical-today.de\/en\/wp-json\/wp\/v2\/posts\/11320","targetHints":{"allow":["GET"]}}],"collection":[{"href":"http:\/\/www.musical-today.de\/en\/wp-json\/wp\/v2\/posts"}],"about":[{"href":"http:\/\/www.musical-today.de\/en\/wp-json\/wp\/v2\/types\/post"}],"author":[{"embeddable":true,"href":"http:\/\/www.musical-today.de\/en\/wp-json\/wp\/v2\/users\/44"}],"replies":[{"embeddable":true,"href":"http:\/\/www.musical-today.de\/en\/wp-json\/wp\/v2\/comments?post=11320"}],"version-history":[{"count":0,"href":"http:\/\/www.musical-today.de\/en\/wp-json\/wp\/v2\/posts\/11320\/revisions"}],"wp:featuredmedia":[{"embeddable":true,"href":"http:\/\/www.musical-today.de\/en\/wp-json\/wp\/v2\/media\/11321"}],"wp:attachment":[{"href":"http:\/\/www.musical-today.de\/en\/wp-json\/wp\/v2\/media?parent=11320"}],"wp:term":[{"taxonomy":"category","embeddable":true,"href":"http:\/\/www.musical-today.de\/en\/wp-json\/wp\/v2\/categories?post=11320"},{"taxonomy":"post_tag","embeddable":true,"href":"http:\/\/www.musical-today.de\/en\/wp-json\/wp\/v2\/tags?post=11320"}],"curies":[{"name":"wp","href":"https:\/\/api.w.org\/{rel}","templated":true}]}}