{"id":11791,"date":"2025-05-27T18:15:43","date_gmt":"2025-05-27T16:15:43","guid":{"rendered":"https:\/\/www.musical-today.de\/?p=11791"},"modified":"2025-05-27T18:15:45","modified_gmt":"2025-05-27T16:15:45","slug":"bremen-britneys-fears","status":"publish","type":"post","link":"http:\/\/www.musical-today.de\/en\/bremen-britneys-fears\/","title":{"rendered":"Britney\u2019s Fears. The Making of: A Princess"},"content":{"rendered":"<div class=\"lets-info-up-wrap  lets-info-up--right lets-info-up--m-1 lets-info-up-skin-3 lets-info-up--side lets-info-up-60257\" style=\"background:#fafafa; color: #616161\">\t\t\t<div class=\"lets-info-up\">\r\n\t\t\t<div class=\"lets-info-up-fi\"><img decoding=\"async\" width=\"500\" height=\"333\" src=\"http:\/\/www.musical-today.de\/wp-content\/uploads\/2024\/01\/qi-addons-for-elementor-placeholder-500x333.png\" class=\"attachment-lets-info-up-d1 size-lets-info-up-d1\" alt=\"|\" srcset=\"http:\/\/www.musical-today.de\/wp-content\/uploads\/2024\/01\/qi-addons-for-elementor-placeholder-500x333.png 500w, http:\/\/www.musical-today.de\/wp-content\/uploads\/2024\/01\/qi-addons-for-elementor-placeholder-300x200.png 300w, http:\/\/www.musical-today.de\/wp-content\/uploads\/2024\/01\/qi-addons-for-elementor-placeholder-1024x683.png 1024w, http:\/\/www.musical-today.de\/wp-content\/uploads\/2024\/01\/qi-addons-for-elementor-placeholder-883x589.png 883w, http:\/\/www.musical-today.de\/wp-content\/uploads\/2024\/01\/qi-addons-for-elementor-placeholder-18x12.png 18w, http:\/\/www.musical-today.de\/wp-content\/uploads\/2024\/01\/qi-addons-for-elementor-placeholder-360x240.png 360w, http:\/\/www.musical-today.de\/wp-content\/uploads\/2024\/01\/qi-addons-for-elementor-placeholder-1155x770.png 1155w, http:\/\/www.musical-today.de\/wp-content\/uploads\/2024\/01\/qi-addons-for-elementor-placeholder-370x247.png 370w, http:\/\/www.musical-today.de\/wp-content\/uploads\/2024\/01\/qi-addons-for-elementor-placeholder-770x513.png 770w, http:\/\/www.musical-today.de\/wp-content\/uploads\/2024\/01\/qi-addons-for-elementor-placeholder-293x195.png 293w, http:\/\/www.musical-today.de\/wp-content\/uploads\/2024\/01\/qi-addons-for-elementor-placeholder-120x80.png 120w, http:\/\/www.musical-today.de\/wp-content\/uploads\/2024\/01\/qi-addons-for-elementor-placeholder-240x160.png 240w, http:\/\/www.musical-today.de\/wp-content\/uploads\/2024\/01\/qi-addons-for-elementor-placeholder-390x260.png 390w, http:\/\/www.musical-today.de\/wp-content\/uploads\/2024\/01\/qi-addons-for-elementor-placeholder.png 1200w\" sizes=\"(max-width: 500px) 100vw, 500px\" title=\"\"><\/div>\t\t\t<div class=\"lets-info-up-block-wrap\">\r\n\t\t\t\t<div class=\"lets-info-up-block lets-info-up-meta-block\"><div class=\"lets-info-up-meta-title lets-info-up-pretitle font-h\" style=\"color: #8c6d18;\">oRT<\/div><div class=\"lets-info-up-meta-content lets-info-up-title font-b\">Theater Bremen<\/div><\/div><div class=\"lets-info-up-block lets-info-up-meta-block\"><div class=\"lets-info-up-meta-title lets-info-up-pretitle font-h\" style=\"color: #8c6d18;\">von<\/div><div class=\"lets-info-up-meta-content lets-info-up-title font-b\">Anne Sophie Domenz und dem Blaumeier-Atelier (Buch)<\/div><\/div><div class=\"lets-info-up-block lets-info-up-meta-block\"><div class=\"lets-info-up-meta-title lets-info-up-pretitle font-h\" style=\"color: #8c6d18;\">Regie<\/div><div class=\"lets-info-up-meta-content lets-info-up-title font-b\">Anne Sophie Domenz<\/div><\/div><div class=\"lets-info-up-block lets-info-up-meta-block\"><div class=\"lets-info-up-meta-title lets-info-up-pretitle font-h\" style=\"color: #8c6d18;\">Urauff\u00fchrung<\/div><div class=\"lets-info-up-meta-content lets-info-up-title font-b\">2025<\/div><\/div><div class=\"lets-info-up-block lets-info-up-meta-block\"><div class=\"lets-info-up-meta-title lets-info-up-pretitle font-h\" style=\"color: #8c6d18;\">INFOS<\/div><div class=\"lets-info-up-meta-content lets-info-up-title font-b\"><a href=\"https:\/\/www.theaterbremen.de\/de_DE\/programm\/britney-s-fears-the-making-of-a-princess.1361866\" target=\"_blank\" rel=\"noopener noreferrer nofollow\">www.theaterbremen.de<\/a><\/div><\/div>\t\t\t<\/div>\r\n\t\t\t<\/div>\r\n\t\t<\/div>\r\n\t\t\n\n\n<p><strong>\u201eBritney\u2019s Fears\u201c k\u00e4mpft f\u00fcr einen emanzipatorischen Liederabend<\/strong><\/p>\n\n\n\n<p>Vielleicht h\u00e4tte diesen Text eine Frau schreiben sollen. Eine Frau, die wie Anne Sophie Domenz davon \u00fcberzeugt ist, dass das weibliche Geschlecht in der Popmusik bis heute unter \u201eFrauenfeindlichkeit und patriarchalen Abh\u00e4ngigkeitsstrukturen im Show Business und durch Paparazzi\u201c zu leiden hat. Und deshalb nun im Theater Bremen, vielmehr: vor dessen neoklassizistischen Portal auf dem Goetheplatz zu einem emanzipatorischen Pop-Liederabend einl\u00e4dt, um die Unterdr\u00fcckungsgeschichte einer herausragenden Frau vor einem Schein-Gericht zu verhandeln.<\/p>\n\n\n\n<p>\u201eBritney<a>\u2019<\/a>s Fears. The Making of: A Princess\u201c hat die Regisseurin und Ausstatterin diesen Kampf des vermeintlich schwachen Geschlechts gegen die dominanten M\u00e4nner und V\u00e4ter mehrdeutig \u00fcbertitelt, in dessen Zentrum die (Leidens-)Geschichte der Britney Spears (Shirin Eissa) steht, die vor Gericht in einem Pl\u00e4doyer ihr Recht auf ein selbstbestimmtes Leben einfordert. Daneben taucht auch Taylor Swift (Sofia Iordanskaya) auf, um zu erz\u00e4hlen, wie starke Frauen sich in der Musik ihre Rechte erk\u00e4mpft haben. Madonna (Stephanie Schadeweg) \u2013 darunter macht es Domenz nicht \u2013 appelliert an ihre Geschlechtsgenossinnen, stolz auf sich selbst zu sein, und erinnert an ihren Karrierekampf gegen Sexismus, Missbrauch und Frauenfeindlichkeit. Feministische Kampftruppen unter sich \u2013 aber das sollte ein Mann nat\u00fcrlich besser nicht sagen \u2026<\/p>\n\n\n<div  class=\"tpgb-wrap-956d14_11791  tpgb-wrap-fw \"  ><div id=\"956d14_11791\" class=\"tpgb-block-956d14_11791 tpgb-relative-block tpgb-gallery-list tpgb-metro gallery-style-2 hover-image-style-1   \" data-style=\"style-2\" data-id=\"956d14_11791\" data-layout=\"metro\" data-fancy-option='{\"loop\":false,\"thumb\":\"no\",\"infobar\":true,\"arrows\":true,\"transitionEffect\":\"slide\",\"button\":[\"close\"]}' data-splide='\"\"' data-metroAttr= '{\"metro_col\":3,\"tab_metro_col\":3,\"mobile_metro_col\":3,\"metro_style\":\"style-1\",\"tab_metro_style\":\"style-1\",\"mobile_metro_style\":\"style-1\"}' ><div class=\"tpgb-row post-loop-inner \"><div class=\"grid-item metro-item-0    tpgb-metro-1  tpgb-tab-metro-1  tpgb-mobile-metro-1 \"><a href=\"https:\/\/www.musical-today.de\/wp-content\/uploads\/2025\/05\/Britney_Shirin-Eissa-Aladdin-Detlefsen_Foto-Joerg-Landsberg-scaled.jpg\" class=\"tpgb-gallery-list-content tpgb-trans-easeinout\" data-fancybox=\"956d14_11791\" data-caption=\"Foto: J\u00f6rg Landsberg\" aria-label=\"Foto: J\u00f6rg Landsberg\" target=\"_blank\" rel=\"noopener noreferrer nofollow\"><div class=\"post-content-image\"><div class=\"tpgb-metro-gallery-image\" style=\"background: url(http:\/\/www.musical-today.de\/wp-content\/uploads\/2025\/05\/Britney_Shirin-Eissa-Aladdin-Detlefsen_Foto-Joerg-Landsberg-scaled.jpg);\"><\/div><\/div><div class=\"post-content-center\"><div class=\"post-zoom-icon\"><div class=\"meta-search-icon\"><span><img decoding=\"async\" class=\"fancy-img\" src=\"http:\/\/www.musical-today.de\/wp-content\/uploads\/2025\/05\/Britney_Shirin-Eissa-Aladdin-Detlefsen_Foto-Joerg-Landsberg-scaled.jpg\" alt=\"Media Image1\" title=\"\"><i class=\"fas fa-search-plus pop-icon\"><\/i><\/span><\/div><\/div><div class=\"post-content-bottom\"><p class=\"post-title tpgb-trans-easeinout\">Foto: J\u00f6rg Landsberg<\/p><\/div><\/div><\/a><\/div><div class=\"grid-item metro-item-1    tpgb-metro-2  tpgb-tab-metro-2  tpgb-mobile-metro-2 \"><a href=\"https:\/\/www.musical-today.de\/wp-content\/uploads\/2025\/05\/Britney_Eissa-Lange-Schadeweg-Burhop-Bartz-Kurth-Detlefsen-Iordanskya_Foto-Joerg-Landsberg-scaled.jpg\" class=\"tpgb-gallery-list-content tpgb-trans-easeinout\" data-fancybox=\"956d14_11791\" data-caption=\"Foto: J\u00f6rg Landsberg\" aria-label=\"Foto: J\u00f6rg Landsberg\" target=\"_blank\" rel=\"noopener noreferrer nofollow\"><div class=\"post-content-image\"><div class=\"tpgb-metro-gallery-image\" style=\"background: url(http:\/\/www.musical-today.de\/wp-content\/uploads\/2025\/05\/Britney_Eissa-Lange-Schadeweg-Burhop-Bartz-Kurth-Detlefsen-Iordanskya_Foto-Joerg-Landsberg-scaled.jpg);\"><\/div><\/div><div class=\"post-content-center\"><div class=\"post-zoom-icon\"><div class=\"meta-search-icon\"><span><img decoding=\"async\" class=\"fancy-img\" src=\"http:\/\/www.musical-today.de\/wp-content\/uploads\/2025\/05\/Britney_Eissa-Lange-Schadeweg-Burhop-Bartz-Kurth-Detlefsen-Iordanskya_Foto-Joerg-Landsberg-scaled.jpg\" alt=\"Media Image2\" title=\"\"><i class=\"fas fa-search-plus pop-icon\"><\/i><\/span><\/div><\/div><div class=\"post-content-bottom\"><p class=\"post-title tpgb-trans-easeinout\">Foto: J\u00f6rg Landsberg<\/p><\/div><\/div><\/a><\/div><div class=\"grid-item metro-item-2    tpgb-metro-3  tpgb-tab-metro-3  tpgb-mobile-metro-3 \"><a href=\"https:\/\/www.musical-today.de\/wp-content\/uploads\/2025\/05\/Britney_Bartz-Burhop-Lange-Eissa-Kurth-Detlefsen_Foto-Joerg-Landsberg-scaled.jpg\" class=\"tpgb-gallery-list-content tpgb-trans-easeinout\" data-fancybox=\"956d14_11791\" data-caption=\"Foto: J\u00f6rg Landsberg\" aria-label=\"Foto: J\u00f6rg Landsberg\" target=\"_blank\" rel=\"noopener noreferrer nofollow\"><div class=\"post-content-image\"><div class=\"tpgb-metro-gallery-image\" style=\"background: url(http:\/\/www.musical-today.de\/wp-content\/uploads\/2025\/05\/Britney_Bartz-Burhop-Lange-Eissa-Kurth-Detlefsen_Foto-Joerg-Landsberg-scaled.jpg);\"><\/div><\/div><div class=\"post-content-center\"><div class=\"post-zoom-icon\"><div class=\"meta-search-icon\"><span><img decoding=\"async\" class=\"fancy-img\" src=\"http:\/\/www.musical-today.de\/wp-content\/uploads\/2025\/05\/Britney_Bartz-Burhop-Lange-Eissa-Kurth-Detlefsen_Foto-Joerg-Landsberg-scaled.jpg\" alt=\"Media Image3\" title=\"\"><i class=\"fas fa-search-plus pop-icon\"><\/i><\/span><\/div><\/div><div class=\"post-content-bottom\"><p class=\"post-title tpgb-trans-easeinout\">Foto: J\u00f6rg Landsberg<\/p><\/div><\/div><\/a><\/div><\/div><\/div><\/div>\n\n\n<p>Beschr\u00e4nken wir uns also auf die k\u00fcnstlerische Seite dieses anderthalbst\u00fcndigen Open-Air-Abends im k\u00fchlen norddeutschen Fr\u00fchling. Eindrucksvolle Theaterarchitektur-Kulisse, vom Balkon f\u00fchrt eine Treppe herab zum Goetheplatz, die Stra\u00dfenger\u00e4usche im Hintergrund ignorieren die 200 Besucher irgendwann ebenso wie die unbeteiligten Fu\u00dfg\u00e4nger, die \u00fcber den Platz marschieren. Erinnert irgendwie an einen gro\u00dfen Kindergeburtstag, zumal es reichlich zu sehen und bestaunen gibt von kullernden bunten B\u00e4llen und knallig-wilden Kost\u00fcmen \u00fcber eine d\u00fcstere Kutsche bis hin zu Glitzermonstern und einem Flugzeug von \u201ePoison Paradise Airlines\u201c: Wieso, weshalb, warum erschlie\u00dft sich nicht immer wirklich \u2013 aber hey, alle haben Spa\u00df! Und da im Premierenpublikum offenbar viele Bekannte, Verwandte oder Kolleginnen sitzen, kommt es auch dort trotz der K\u00e4lte immer mal wieder zu kleinen Begeisterungswellen. Alles Klassenk\u00e4mpferInnen \u2013 selbstredend wird hier flei\u00dfig gegendert \u2013 im Geiste Domenz\u2019?<\/p>\n\n\n\n<p>Sp\u00e4testens mit den Auftritten der ebenfalls eingebundenen K\u00fcnstler des Bremer Blaumeier-Ateliers \u2013 in dem Kunstprojekt arbeiten Menschen mit und ohne Behinderung oder psychischer Erkrankung zusammen \u2013 beschleicht einen dann doch ein seltsames Gef\u00fchl: Inklusion in der Kunst ist ein wunderbarer Weg der Teilhabe und wichtig f\u00fcr die eigene kulturelle Identit\u00e4t \u2013 doch wird dieser hier nicht f\u00fcr eine eigene feministische Agenda missbraucht? Die Freude und Begeisterung des Blaumeier-Ensembles beim Schlussapplaus l\u00e4sst solche Gedanken in den Hintergrund treten \u2026 Und doch bleibt das Bild eines alles andere als in sich stimmigen Dramaturgie-Konzeptes, das sich an den Spears-Songs entlang \u2013 im zweiten Teil des Abends live angestimmt von der Blaumeier Band \u201eFransen\u201c \u2013 durch die D\u00e4mmerung hangelt. Da helfen auch die stimmungsvollen Soli der Jazzgitarristin Lea Baciulis nicht, zumal diese den Genderk(r)ampf nur kurzzeitig unterbrechen: \u201eWir Frauen wurden so lange unterdr\u00fcckt, dass wir glauben, was das Patriarchat sagt \u2026\u201c Agitprop-Theater war gestern. Im 21. Jahrhundert sollten auch emanzipatorische Liederabende ein Mehr an Witz und Subtilit\u00e4t zu bieten haben.<\/p>\n\n\n\n<hr class=\"wp-block-separator has-alpha-channel-opacity is-style-dots\"\/>\n\n\n\n<p class=\"has-small-font-size\">Musikalische Leitung: Walter Pohl, Lea Baciulis und Maartje Teussink \u2022 Regie und Ausstattung: Anne Sophie Domenz \u2022 Choreografie: Hale Bo Enzo Richter \u2022 Licht: Daniel Thaden \u2022 Mit: Shirin Eissa (Britney Spears), Sofia Iordanskaya (Taylor Swift), Stephanie Schadeweg (Madonna), Lea Baciulis, Lucas Bartz, Dorothe Burhop, Aladdin Detlefsen, Maximilian Kurth, Viktoria Tesar \u2022 Blaumeier Band \u201eFransen\u201c<\/p>\n\n\n\n<p class=\"has-small-font-size\">Aufmacherfoto: J\u00f6rg Landsberg<\/p>\n\n\n\n<p><\/p>\n","protected":false},"excerpt":{"rendered":"<p>\u201eBritney\u2019s Fears\u201c k\u00e4mpft f\u00fcr einen emanzipatorischen Liederabend Vielleicht h\u00e4tte diesen Text eine Frau schreiben sollen. Eine Frau, die wie Anne Sophie Domenz davon \u00fcberzeugt ist, dass das weibliche Geschlecht in der Popmusik bis heute unter \u201eFrauenfeindlichkeit und patriarchalen Abh\u00e4ngigkeitsstrukturen im Show Business und durch Paparazzi\u201c zu leiden hat. Und deshalb nun im Theater Bremen, vielmehr: vor dessen neoklassizistischen Portal auf dem Goetheplatz zu einem emanzipatorischen Pop-Liederabend einl\u00e4dt, um die Unterdr\u00fcckungsgeschichte einer herausragenden Frau vor einem Schein-Gericht zu verhandeln. \u201eBritney\u2019s Fears. [&hellip;]<\/p>\n","protected":false},"author":36,"featured_media":11796,"comment_status":"closed","ping_status":"closed","sticky":false,"template":"","format":"standard","meta":{"tpgb_global_settings":"","footnotes":""},"categories":[34],"tags":[],"class_list":["post-11791","post","type-post","status-publish","format-standard","has-post-thumbnail","hentry","category-bremen"],"tpgb_featured_images":{"full":["http:\/\/www.musical-today.de\/wp-content\/uploads\/2025\/05\/Britney_Sofia-Iordanskaya_2_Foto-Joerg-Landsberg-scaled.jpg",2560,1707,false],"tp-image-grid":["http:\/\/www.musical-today.de\/wp-content\/uploads\/2025\/05\/Britney_Sofia-Iordanskaya_2_Foto-Joerg-Landsberg-700x700.jpg",700,700,true],"thumbnail":["http:\/\/www.musical-today.de\/wp-content\/uploads\/2025\/05\/Britney_Sofia-Iordanskaya_2_Foto-Joerg-Landsberg-600x400.jpg",600,400,true],"medium":["http:\/\/www.musical-today.de\/wp-content\/uploads\/2025\/05\/Britney_Sofia-Iordanskaya_2_Foto-Joerg-Landsberg-1200x800.jpg",1200,800,true],"medium_large":["http:\/\/www.musical-today.de\/wp-content\/uploads\/2025\/05\/Britney_Sofia-Iordanskaya_2_Foto-Joerg-Landsberg-770x513.jpg",770,513,true],"large":["http:\/\/www.musical-today.de\/wp-content\/uploads\/2025\/05\/Britney_Sofia-Iordanskaya_2_Foto-Joerg-Landsberg-1920x1280.jpg",1139,759,true],"default":"http:\/\/www.musical-today.de\/wp-content\/plugins\/the-plus-addons-for-block-editor\/assets\/images\/tpgb-placeholder.jpg"},"tpgb_post_meta_info":{"get_date":"27.05.2025","get_modified_date":"27.05.2025","category_list":{"category":[{"term_id":34,"name":"Bremen","slug":"bremen","term_group":0,"term_taxonomy_id":34,"taxonomy":"category","description":"","parent":19,"count":2,"filter":"raw","term_order":"12"}],"post_tag":false,"post_format":false},"author_name":"Christoph Forsthoff","author_url":"http:\/\/www.musical-today.de\/en\/autor\/christophforsthoff\/","author_email":"temporary-removeFM60NosPo3lWRXT@tmp.com","author_website":"","author_description":"war Ressortleiter, Textchef und Blattmacher, u.a. bei der Financial Times Deutschland. Seit 2001 betreibt der Cello-Liebhaber sein netzwerk Redaktionsb\u00fcro und arbeitet als Kulturjournalist f\u00fcr Medien in Deutschland, \u00d6sterreich, Luxemburg und der Schweiz. Seine Liebe zu Mecklenburg-Vorpommern und den dortigen Festspielen m\u00fcndete 2010 in der Gr\u00fcndung des Forsthoff-Cellofonds.","author_facebook":"","author_twitter":"","author_instagram":"","author_role":["author"],"author_firstname":"Christoph","author_lastname":"Forsthoff","user_login":"christophforsthoff","author_avatar":"<img src=\"http:\/\/www.musical-today.de\/wp-content\/uploads\/2024\/03\/Autor_Forsthoff-293x293.jpg\" width=\"200\" height=\"200\" alt=\"Christoph Forsthoff\" class=\"avatar avatar-200 wp-user-avatar wp-user-avatar-200 alignnone photo\" \/>","author_avatar_url":"http:\/\/www.musical-today.de\/wp-content\/uploads\/2024\/03\/Autor_Forsthoff.jpg","comment_count":0,"post_likes":0,"post_views":0},"tpgb_post_category":{"category":"<a href=\"http:\/\/www.musical-today.de\/en\/deutschland\/bremen\/\" alt=\"Bremen\"  class=\"category-bremen\">Bremen<\/a> "},"_links":{"self":[{"href":"http:\/\/www.musical-today.de\/en\/wp-json\/wp\/v2\/posts\/11791","targetHints":{"allow":["GET"]}}],"collection":[{"href":"http:\/\/www.musical-today.de\/en\/wp-json\/wp\/v2\/posts"}],"about":[{"href":"http:\/\/www.musical-today.de\/en\/wp-json\/wp\/v2\/types\/post"}],"author":[{"embeddable":true,"href":"http:\/\/www.musical-today.de\/en\/wp-json\/wp\/v2\/users\/36"}],"replies":[{"embeddable":true,"href":"http:\/\/www.musical-today.de\/en\/wp-json\/wp\/v2\/comments?post=11791"}],"version-history":[{"count":0,"href":"http:\/\/www.musical-today.de\/en\/wp-json\/wp\/v2\/posts\/11791\/revisions"}],"wp:featuredmedia":[{"embeddable":true,"href":"http:\/\/www.musical-today.de\/en\/wp-json\/wp\/v2\/media\/11796"}],"wp:attachment":[{"href":"http:\/\/www.musical-today.de\/en\/wp-json\/wp\/v2\/media?parent=11791"}],"wp:term":[{"taxonomy":"category","embeddable":true,"href":"http:\/\/www.musical-today.de\/en\/wp-json\/wp\/v2\/categories?post=11791"},{"taxonomy":"post_tag","embeddable":true,"href":"http:\/\/www.musical-today.de\/en\/wp-json\/wp\/v2\/tags?post=11791"}],"curies":[{"name":"wp","href":"https:\/\/api.w.org\/{rel}","templated":true}]}}