{"id":12070,"date":"2025-06-16T16:25:10","date_gmt":"2025-06-16T14:25:10","guid":{"rendered":"https:\/\/www.musical-today.de\/?p=12070"},"modified":"2025-06-16T16:25:14","modified_gmt":"2025-06-16T14:25:14","slug":"eisenach-solo-sunny","status":"publish","type":"post","link":"http:\/\/www.musical-today.de\/en\/eisenach-solo-sunny\/","title":{"rendered":"Solo Sunny"},"content":{"rendered":"<div class=\"lets-info-up-wrap  lets-info-up--right lets-info-up--m-1 lets-info-up-skin-3 lets-info-up--side lets-info-up-66612\" style=\"background:#fafafa; color: #616161\">\t\t\t<div class=\"lets-info-up\">\r\n\t\t\t<div class=\"lets-info-up-fi\"><img decoding=\"async\" width=\"500\" height=\"333\" src=\"http:\/\/www.musical-today.de\/wp-content\/uploads\/2024\/01\/qi-addons-for-elementor-placeholder-500x333.png\" class=\"attachment-lets-info-up-d1 size-lets-info-up-d1\" alt=\"|\" srcset=\"http:\/\/www.musical-today.de\/wp-content\/uploads\/2024\/01\/qi-addons-for-elementor-placeholder-500x333.png 500w, http:\/\/www.musical-today.de\/wp-content\/uploads\/2024\/01\/qi-addons-for-elementor-placeholder-300x200.png 300w, http:\/\/www.musical-today.de\/wp-content\/uploads\/2024\/01\/qi-addons-for-elementor-placeholder-1024x683.png 1024w, http:\/\/www.musical-today.de\/wp-content\/uploads\/2024\/01\/qi-addons-for-elementor-placeholder-883x589.png 883w, http:\/\/www.musical-today.de\/wp-content\/uploads\/2024\/01\/qi-addons-for-elementor-placeholder-18x12.png 18w, http:\/\/www.musical-today.de\/wp-content\/uploads\/2024\/01\/qi-addons-for-elementor-placeholder-360x240.png 360w, http:\/\/www.musical-today.de\/wp-content\/uploads\/2024\/01\/qi-addons-for-elementor-placeholder-1155x770.png 1155w, http:\/\/www.musical-today.de\/wp-content\/uploads\/2024\/01\/qi-addons-for-elementor-placeholder-370x247.png 370w, http:\/\/www.musical-today.de\/wp-content\/uploads\/2024\/01\/qi-addons-for-elementor-placeholder-770x513.png 770w, http:\/\/www.musical-today.de\/wp-content\/uploads\/2024\/01\/qi-addons-for-elementor-placeholder-293x195.png 293w, http:\/\/www.musical-today.de\/wp-content\/uploads\/2024\/01\/qi-addons-for-elementor-placeholder-120x80.png 120w, http:\/\/www.musical-today.de\/wp-content\/uploads\/2024\/01\/qi-addons-for-elementor-placeholder-240x160.png 240w, http:\/\/www.musical-today.de\/wp-content\/uploads\/2024\/01\/qi-addons-for-elementor-placeholder-390x260.png 390w, http:\/\/www.musical-today.de\/wp-content\/uploads\/2024\/01\/qi-addons-for-elementor-placeholder.png 1200w\" sizes=\"(max-width: 500px) 100vw, 500px\" title=\"\"><\/div>\t\t\t<div class=\"lets-info-up-block-wrap\">\r\n\t\t\t\t<div class=\"lets-info-up-block lets-info-up-meta-block\"><div class=\"lets-info-up-meta-title lets-info-up-pretitle font-h\" style=\"color: #8c6d18;\">oRT<\/div><div class=\"lets-info-up-meta-content lets-info-up-title font-b\">Landestheater Eisenach<\/div><\/div><div class=\"lets-info-up-block lets-info-up-meta-block\"><div class=\"lets-info-up-meta-title lets-info-up-pretitle font-h\" style=\"color: #8c6d18;\">von<\/div><div class=\"lets-info-up-meta-content lets-info-up-title font-b\">Wolfgang Kohlhaase (Buch)<br>G\u00fcnther Fischer u.a (Musik)<\/div><\/div><div class=\"lets-info-up-block lets-info-up-meta-block\"><div class=\"lets-info-up-meta-title lets-info-up-pretitle font-h\" style=\"color: #8c6d18;\">Regie<\/div><div class=\"lets-info-up-meta-content lets-info-up-title font-b\">Lydia Bunk \/ Klaus Kusenberg <\/div><\/div><div class=\"lets-info-up-block lets-info-up-meta-block\"><div class=\"lets-info-up-meta-title lets-info-up-pretitle font-h\" style=\"color: #8c6d18;\">Urauff\u00fchrung<\/div><div class=\"lets-info-up-meta-content lets-info-up-title font-b\">2024<\/div><\/div><div class=\"lets-info-up-block lets-info-up-meta-block\"><div class=\"lets-info-up-meta-title lets-info-up-pretitle font-h\" style=\"color: #8c6d18;\">INFOS<\/div><div class=\"lets-info-up-meta-content lets-info-up-title font-b\"><a href=\"https:\/\/landestheater-eisenach.de\/produktionen\/solo-sunny.html\" target=\"_blank\" rel=\"noopener noreferrer nofollow\">www.landestheater-eisenach.de<\/a><\/div><\/div>\t\t\t<\/div>\r\n\t\t\t<\/div>\r\n\t\t<\/div>\r\n\t\t\n\n\n<p><strong>Der DEFA-Kultfilm \u201eSolo Sunny\u201c kommt auf die B\u00fchne<\/strong><\/p>\n\n\n\n<p>Ist das schon ein Musical, was da in Eisenach unter dem Titel \u201eSolo Sunny\u201c \u00fcber die B\u00fchne des Landestheaters geht? Oder nicht doch eher ein Schauspiel mit Musik? Oder irgendetwas auf dem Weg von dem einen zum anderen Genre? Die Musik jedenfalls spielt die erste Geige. Soll hei\u00dfen: Die vierk\u00f6pfige Liveband unter Leitung von Gitarrist Benjamin Trostdorf gibt im Hintergrund der B\u00fchne den Ton an, wenn die Protagonisten singen und die u.a. von G\u00fcnther Fischer zielsicher gesetzten Noten auf den Pulten liegen.<\/p>\n\n\n\n<p>\u201eSolo Sunny\u201c ist nicht die gro\u00dfe Revuetreppen-, Lovestory- oder Chorus-Line-Show zu irgendeiner Vorlage. Es ist eine kleine Show f\u00fcr ein streckenweise melancholisches Erinnern. Zuerst an den gleichnamigen Film, mit dem Wolfgang Kohlhaase und Konrad Wolf vor 45 Jahren dem Erbe der DEFA ein Schmuckst\u00fcck hinzugef\u00fcgt haben, f\u00fcr das sich auch im Nachhinein niemand genieren muss. Der Abend ist aber zugleich eine Show f\u00fcrs Erinnern an das Jahrzehnt der DDR-Geschichte, von dem damals niemand wirklich wusste, dass es ihr letztes sein w\u00fcrde. Und f\u00fcr ein Publikum, das sich in jenes aufkeimende Endzeitgef\u00fchl zur\u00fcckversetzen kann, das mehr diffuse Ahnung als realistische Spekulation war.<\/p>\n\n\n<div  class=\"tpgb-wrap-956d14_12070  tpgb-wrap-fw \"  ><div id=\"956d14_12070\" class=\"tpgb-block-956d14_12070 tpgb-relative-block tpgb-gallery-list tpgb-metro gallery-style-2 hover-image-style-1   \" data-style=\"style-2\" data-id=\"956d14_12070\" data-layout=\"metro\" data-fancy-option='{\"loop\":false,\"thumb\":\"no\",\"infobar\":true,\"arrows\":true,\"transitionEffect\":\"slide\",\"button\":[\"close\"]}' data-splide='\"\"' data-metroAttr= '{\"metro_col\":3,\"tab_metro_col\":3,\"mobile_metro_col\":3,\"metro_style\":\"style-1\",\"tab_metro_style\":\"style-1\",\"mobile_metro_style\":\"style-1\"}' ><div class=\"tpgb-row post-loop-inner \"><div class=\"grid-item metro-item-0    tpgb-metro-1  tpgb-tab-metro-1  tpgb-mobile-metro-1 \"><a href=\"https:\/\/www.musical-today.de\/wp-content\/uploads\/2025\/06\/FTK_0096_SoloSunny-scaled.jpg\" class=\"tpgb-gallery-list-content tpgb-trans-easeinout\" data-fancybox=\"956d14_12070\" data-caption=\"Foto: Tobias Kromke\" aria-label=\"Foto: Tobias Kromke\" target=\"_blank\" rel=\"noopener noreferrer nofollow\"><div class=\"post-content-image\"><div class=\"tpgb-metro-gallery-image\" style=\"background: url(http:\/\/www.musical-today.de\/wp-content\/uploads\/2025\/06\/FTK_0096_SoloSunny-scaled.jpg);\"><\/div><\/div><div class=\"post-content-center\"><div class=\"post-zoom-icon\"><div class=\"meta-search-icon\"><span><img decoding=\"async\" class=\"fancy-img\" src=\"http:\/\/www.musical-today.de\/wp-content\/uploads\/2025\/06\/FTK_0096_SoloSunny-scaled.jpg\" alt=\"Media Image1\" title=\"\"><i class=\"fas fa-search-plus pop-icon\"><\/i><\/span><\/div><\/div><div class=\"post-content-bottom\"><p class=\"post-title tpgb-trans-easeinout\">Foto: Tobias Kromke<\/p><\/div><\/div><\/a><\/div><div class=\"grid-item metro-item-1    tpgb-metro-2  tpgb-tab-metro-2  tpgb-mobile-metro-2 \"><a href=\"https:\/\/www.musical-today.de\/wp-content\/uploads\/2025\/06\/FTK_0149_SoloSunny-scaled.jpg\" class=\"tpgb-gallery-list-content tpgb-trans-easeinout\" data-fancybox=\"956d14_12070\" data-caption=\"Foto: Tobias Kromke\" aria-label=\"Foto: Tobias Kromke\" target=\"_blank\" rel=\"noopener noreferrer nofollow\"><div class=\"post-content-image\"><div class=\"tpgb-metro-gallery-image\" style=\"background: url(http:\/\/www.musical-today.de\/wp-content\/uploads\/2025\/06\/FTK_0149_SoloSunny-scaled.jpg);\"><\/div><\/div><div class=\"post-content-center\"><div class=\"post-zoom-icon\"><div class=\"meta-search-icon\"><span><img decoding=\"async\" class=\"fancy-img\" src=\"http:\/\/www.musical-today.de\/wp-content\/uploads\/2025\/06\/FTK_0149_SoloSunny-scaled.jpg\" alt=\"Media Image2\" title=\"\"><i class=\"fas fa-search-plus pop-icon\"><\/i><\/span><\/div><\/div><div class=\"post-content-bottom\"><p class=\"post-title tpgb-trans-easeinout\">Foto: Tobias Kromke<\/p><\/div><\/div><\/a><\/div><div class=\"grid-item metro-item-2    tpgb-metro-3  tpgb-tab-metro-3  tpgb-mobile-metro-3 \"><a href=\"https:\/\/www.musical-today.de\/wp-content\/uploads\/2025\/06\/FTK_0136_SoloSunny-scaled.jpg\" class=\"tpgb-gallery-list-content tpgb-trans-easeinout\" data-fancybox=\"956d14_12070\" data-caption=\"Foto: Tobias Kromke\" aria-label=\"Foto: Tobias Kromke\" target=\"_blank\" rel=\"noopener noreferrer nofollow\"><div class=\"post-content-image\"><div class=\"tpgb-metro-gallery-image\" style=\"background: url(http:\/\/www.musical-today.de\/wp-content\/uploads\/2025\/06\/FTK_0136_SoloSunny-scaled.jpg);\"><\/div><\/div><div class=\"post-content-center\"><div class=\"post-zoom-icon\"><div class=\"meta-search-icon\"><span><img decoding=\"async\" class=\"fancy-img\" src=\"http:\/\/www.musical-today.de\/wp-content\/uploads\/2025\/06\/FTK_0136_SoloSunny-scaled.jpg\" alt=\"Media Image3\" title=\"\"><i class=\"fas fa-search-plus pop-icon\"><\/i><\/span><\/div><\/div><div class=\"post-content-bottom\"><p class=\"post-title tpgb-trans-easeinout\">Foto: Tobias Kromke<\/p><\/div><\/div><\/a><\/div><\/div><\/div><\/div>\n\n\n<p>Das Portr\u00e4t dieser Frau traf damals einen Nerv. Sie hatte eine Portion des weiblichen Selbstbewusstseins, mit dem sich der Staat gerne schm\u00fcckte \u2013 will hei\u00dfen sie machte, was sie eigentlich wollte, auch wenn sie damit beruflich und privat scheiterte. Damit traf der Film ein rumorendes Unterbewusstsein in der Gesellschaft. Ihrem Traum zu folgen, war zumindest ein Befreiungsversuch im Rahmen der eigenen Biografie \u2013 was den Wechsel von Liebhabern ebenso einschloss wie den von Arbeitsstelle oder Beruf.<\/p>\n\n\n\n<p>Hanna J\u00fcrgens spielt in Eisenach diese Tingeltangel-S\u00e4ngerin Sunny, die eigentlich Ingrid Sommer hei\u00dft und N\u00e4herin ist. Auch wenn Luca Estelle Horvath als Duo-Partnerin Monika dem Filmvorbild im Habitus vielleicht n\u00e4herkommen w\u00fcrde, imponieren beide mit S\u00e4ngerinnen-Selbstbewusstsein und Pr\u00e4senz. Klaus Kusenberg sprang zehn Tage vor der Premiere als Regisseur f\u00fcr Schauspieldirektorin Lydia Bunk ein, von der sich das Theater kurzfristig getrennt hat; ihm gelingt es zusammen mit Ausstatter Norbert Bellen, einen Hauch von Leichtigkeit ins Spiel zu bringen, dem das Ensemble gerne folgt.<\/p>\n\n\n\n<p>Durchs Programm, dem Sunny schlie\u00dflich den R\u00fccken kehrt, f\u00fchrt Conf\u00e9rencier Benno Bohne mit seinen abgestandenen Witzchen, \u00fcber die er selbst am lautesten lacht. Christoph Rabeneck gelingt es in dieser Rolle, beherzt auf dem Hochseil der Albernheit zu balancieren, aber als Darsteller der Peinlichkeiten nicht abzust\u00fcrzen. Das gelingt eigentlich allen, auch wenn sie augenzwinkernd immer mal wieder direkt auf die cineastischen Rollenvorbilder wie Alexander Lang oder Klaus Brasch anspielen oder die Sunny-Darstellerin auch mal darauf, dass sie als West- eine Ostfrau spielt. Die h\u00e4lt sich ihren Dauerverehrer Hubert vom Leib (wunderbar hartn\u00e4ckig in seinem aussichtslosen Werben: Tony Marossek) und greift sich daf\u00fcr beherzt den Gitarre spielenden Diplomphilosophen Ralph (Noah Alexander Wolf), der sie dann freilich betr\u00fcgt. Lisa St\u00f6rr ist einmal ihre flippige Nachfolgerin, als Sunny aus der Show fliegt, und dann genauso \u00fcberzeugend die Psychiaterin, die Sunnys Selbstmordversuch aufarbeiten will. Nele Swanton als Vermieterin Frau Pfeiffer beeindruckt mit ihrer Direktheit genauso wie Sebastian Songin als prolliger Norbert und Polizist.<\/p>\n\n\n\n<p>Das Team findet seinen spielerischen Sound zwischen dem angedeuteten Zeitgeist-Interieur auf der Spielfl\u00e4che mit einem ebenso lupenreinen Wandbildmotiv von ehedem. Der Hit des Films \u201eBlue \u2013 the dawn is growing blue \u2026\u201c klingt immer mal an. Andere eingebaute Titel wie Frank Sch\u00f6bels \u201eDa war Gold in deinen Augen\u201c oder der Karussell-Hit \u201eAls ich fortging \u2026\u201c entfalten beim Publikum ihre Erinnerungswirkung voll und ganz. Der Karat-Hit \u201e\u00dcber sieben Br\u00fccken musst du gehen\u201c ist dann so etwas wie ein gemeinsamer Erinnerungsnenner, der dank Peter Maffays Nachnutzung sogar eine Br\u00fccke in die Gegenwart parat hat.<\/p>\n\n\n\n<hr class=\"wp-block-separator has-alpha-channel-opacity is-style-dots\"\/>\n\n\n\n<p class=\"has-small-font-size\">Musikalische Leitung: Benjamin Trostdorf \u2022 Ausstattung: Norbert Bellen \u2022 Mit: Hanna J\u00fcrgens (Ingrid Sommer, \u201eSunny\u201c), Christoph Rabeneck (Benno Bohne), Tony Marossek (Hubert u.a.), Lisa St\u00f6rr (Lou u.a.), Luca Estelle Horvath (Monika Menz u.a.), Nele Swanton (Frau Pfeiffer), Noah Alexander Wolf (Ralph u.a.), Sebastian Songin (Norbert u.a.)<\/p>\n\n\n\n<p class=\"has-small-font-size\">Aufmacherfoto: Tobias Kromke<\/p>\n\n\n\n<p><\/p>\n","protected":false},"excerpt":{"rendered":"<p>Der DEFA-Kultfilm \u201eSolo Sunny\u201c kommt auf die B\u00fchne Ist das schon ein Musical, was da in Eisenach unter dem Titel \u201eSolo Sunny\u201c \u00fcber die B\u00fchne des Landestheaters geht? Oder nicht doch eher ein Schauspiel mit Musik? Oder irgendetwas auf dem Weg von dem einen zum anderen Genre? Die Musik jedenfalls spielt die erste Geige. Soll hei\u00dfen: Die vierk\u00f6pfige Liveband unter Leitung von Gitarrist Benjamin Trostdorf gibt im Hintergrund der B\u00fchne den Ton an, wenn die Protagonisten singen und die u.a. [&hellip;]<\/p>\n","protected":false},"author":27,"featured_media":12061,"comment_status":"closed","ping_status":"closed","sticky":false,"template":"","format":"standard","meta":{"tpgb_global_settings":"","footnotes":""},"categories":[227],"tags":[],"class_list":["post-12070","post","type-post","status-publish","format-standard","has-post-thumbnail","hentry","category-eisenach"],"tpgb_featured_images":{"full":["http:\/\/www.musical-today.de\/wp-content\/uploads\/2025\/06\/FTK_0256_SoloSunny-scaled.jpg",2560,1706,false],"tp-image-grid":["http:\/\/www.musical-today.de\/wp-content\/uploads\/2025\/06\/FTK_0256_SoloSunny-700x700.jpg",700,700,true],"thumbnail":["http:\/\/www.musical-today.de\/wp-content\/uploads\/2025\/06\/FTK_0256_SoloSunny-600x400.jpg",600,400,true],"medium":["http:\/\/www.musical-today.de\/wp-content\/uploads\/2025\/06\/FTK_0256_SoloSunny-1200x800.jpg",1200,800,true],"medium_large":["http:\/\/www.musical-today.de\/wp-content\/uploads\/2025\/06\/FTK_0256_SoloSunny-770x513.jpg",770,513,true],"large":["http:\/\/www.musical-today.de\/wp-content\/uploads\/2025\/06\/FTK_0256_SoloSunny-1920x1280.jpg",1139,759,true],"default":"http:\/\/www.musical-today.de\/wp-content\/plugins\/the-plus-addons-for-block-editor\/assets\/images\/tpgb-placeholder.jpg"},"tpgb_post_meta_info":{"get_date":"16.06.2025","get_modified_date":"16.06.2025","category_list":{"category":[{"term_id":227,"name":"Eisenach","slug":"eisenach","term_group":0,"term_taxonomy_id":227,"taxonomy":"category","description":"","parent":19,"count":1,"filter":"raw","term_order":"26"}],"post_tag":false,"post_format":false},"author_name":"Roberto Becker","author_url":"http:\/\/www.musical-today.de\/en\/autor\/robertobecker\/","author_email":"temporary-remove4lG6mIF0vRJes8y@tmp.com","author_website":"","author_description":"lebt in Halle an der Saale und studierte Volkswirtschaft an der dortigen Universit\u00e4t. Nachdem er zun\u00e4chst in der freien Wirtschaft arbeitete, ist er inzwischen als freiberuflicher Kulturjournalist f\u00fcr deutschsprachige Zeitungen, Fachmagazine und Onlineportale t\u00e4tig.","author_facebook":"","author_twitter":"","author_instagram":"","author_role":["author"],"author_firstname":"Roberto","author_lastname":"Becker","user_login":"robertobecker","author_avatar":"<img src=\"http:\/\/www.musical-today.de\/wp-content\/uploads\/2024\/03\/Autor_Becker-293x293.jpg\" width=\"200\" height=\"200\" alt=\"Roberto Becker\" class=\"avatar avatar-200 wp-user-avatar wp-user-avatar-200 alignnone photo\" \/>","author_avatar_url":"http:\/\/www.musical-today.de\/wp-content\/uploads\/2024\/03\/Autor_Becker.jpg","comment_count":0,"post_likes":0,"post_views":0},"tpgb_post_category":{"category":"<a href=\"http:\/\/www.musical-today.de\/en\/deutschland\/eisenach\/\" alt=\"Eisenach\"  class=\"category-eisenach\">Eisenach<\/a> "},"_links":{"self":[{"href":"http:\/\/www.musical-today.de\/en\/wp-json\/wp\/v2\/posts\/12070","targetHints":{"allow":["GET"]}}],"collection":[{"href":"http:\/\/www.musical-today.de\/en\/wp-json\/wp\/v2\/posts"}],"about":[{"href":"http:\/\/www.musical-today.de\/en\/wp-json\/wp\/v2\/types\/post"}],"author":[{"embeddable":true,"href":"http:\/\/www.musical-today.de\/en\/wp-json\/wp\/v2\/users\/27"}],"replies":[{"embeddable":true,"href":"http:\/\/www.musical-today.de\/en\/wp-json\/wp\/v2\/comments?post=12070"}],"version-history":[{"count":0,"href":"http:\/\/www.musical-today.de\/en\/wp-json\/wp\/v2\/posts\/12070\/revisions"}],"wp:featuredmedia":[{"embeddable":true,"href":"http:\/\/www.musical-today.de\/en\/wp-json\/wp\/v2\/media\/12061"}],"wp:attachment":[{"href":"http:\/\/www.musical-today.de\/en\/wp-json\/wp\/v2\/media?parent=12070"}],"wp:term":[{"taxonomy":"category","embeddable":true,"href":"http:\/\/www.musical-today.de\/en\/wp-json\/wp\/v2\/categories?post=12070"},{"taxonomy":"post_tag","embeddable":true,"href":"http:\/\/www.musical-today.de\/en\/wp-json\/wp\/v2\/tags?post=12070"}],"curies":[{"name":"wp","href":"https:\/\/api.w.org\/{rel}","templated":true}]}}