{"id":12095,"date":"2025-06-17T19:28:32","date_gmt":"2025-06-17T17:28:32","guid":{"rendered":"https:\/\/www.musical-today.de\/?p=12095"},"modified":"2025-06-17T19:28:41","modified_gmt":"2025-06-17T17:28:41","slug":"hamburg-kein-pardon-das-musical","status":"publish","type":"post","link":"http:\/\/www.musical-today.de\/en\/hamburg-kein-pardon-das-musical\/","title":{"rendered":"Kein Pardon \u2013 Das Musical"},"content":{"rendered":"<div class=\"lets-info-up-wrap  lets-info-up--right lets-info-up--m-1 lets-info-up-skin-3 lets-info-up--side lets-info-up-14442\" style=\"background:#fafafa; color: #616161\">\t\t\t<div class=\"lets-info-up\">\r\n\t\t\t<div class=\"lets-info-up-fi\"><img decoding=\"async\" width=\"500\" height=\"333\" src=\"http:\/\/www.musical-today.de\/wp-content\/uploads\/2024\/01\/qi-addons-for-elementor-placeholder-500x333.png\" class=\"attachment-lets-info-up-d1 size-lets-info-up-d1\" alt=\"|\" srcset=\"http:\/\/www.musical-today.de\/wp-content\/uploads\/2024\/01\/qi-addons-for-elementor-placeholder-500x333.png 500w, http:\/\/www.musical-today.de\/wp-content\/uploads\/2024\/01\/qi-addons-for-elementor-placeholder-300x200.png 300w, http:\/\/www.musical-today.de\/wp-content\/uploads\/2024\/01\/qi-addons-for-elementor-placeholder-1024x683.png 1024w, http:\/\/www.musical-today.de\/wp-content\/uploads\/2024\/01\/qi-addons-for-elementor-placeholder-883x589.png 883w, http:\/\/www.musical-today.de\/wp-content\/uploads\/2024\/01\/qi-addons-for-elementor-placeholder-18x12.png 18w, http:\/\/www.musical-today.de\/wp-content\/uploads\/2024\/01\/qi-addons-for-elementor-placeholder-360x240.png 360w, http:\/\/www.musical-today.de\/wp-content\/uploads\/2024\/01\/qi-addons-for-elementor-placeholder-1155x770.png 1155w, http:\/\/www.musical-today.de\/wp-content\/uploads\/2024\/01\/qi-addons-for-elementor-placeholder-370x247.png 370w, http:\/\/www.musical-today.de\/wp-content\/uploads\/2024\/01\/qi-addons-for-elementor-placeholder-770x513.png 770w, http:\/\/www.musical-today.de\/wp-content\/uploads\/2024\/01\/qi-addons-for-elementor-placeholder-293x195.png 293w, http:\/\/www.musical-today.de\/wp-content\/uploads\/2024\/01\/qi-addons-for-elementor-placeholder-120x80.png 120w, http:\/\/www.musical-today.de\/wp-content\/uploads\/2024\/01\/qi-addons-for-elementor-placeholder-240x160.png 240w, http:\/\/www.musical-today.de\/wp-content\/uploads\/2024\/01\/qi-addons-for-elementor-placeholder-390x260.png 390w, http:\/\/www.musical-today.de\/wp-content\/uploads\/2024\/01\/qi-addons-for-elementor-placeholder.png 1200w\" sizes=\"(max-width: 500px) 100vw, 500px\" title=\"\"><\/div>\t\t\t<div class=\"lets-info-up-block-wrap\">\r\n\t\t\t\t<div class=\"lets-info-up-block lets-info-up-meta-block\"><div class=\"lets-info-up-meta-title lets-info-up-pretitle font-h\" style=\"color: #8c6d18;\">oRT<\/div><div class=\"lets-info-up-meta-content lets-info-up-title font-b\">First Stage Theater Hamburg<\/div><\/div><div class=\"lets-info-up-block lets-info-up-meta-block\"><div class=\"lets-info-up-meta-title lets-info-up-pretitle font-h\" style=\"color: #8c6d18;\">von<\/div><div class=\"lets-info-up-meta-content lets-info-up-title font-b\">Achim Hagemann und Thomas Zaufke (Musik)<br>Thomas Hermanns (Buch und Liedtexte)<\/div><\/div><div class=\"lets-info-up-block lets-info-up-meta-block\"><div class=\"lets-info-up-meta-title lets-info-up-pretitle font-h\" style=\"color: #8c6d18;\">Regie<\/div><div class=\"lets-info-up-meta-content lets-info-up-title font-b\">Franziska Kuropka<\/div><\/div><div class=\"lets-info-up-block lets-info-up-meta-block\"><div class=\"lets-info-up-meta-title lets-info-up-pretitle font-h\" style=\"color: #8c6d18;\">Urauff\u00fchrunG<\/div><div class=\"lets-info-up-meta-content lets-info-up-title font-b\">2011<\/div><\/div><div class=\"lets-info-up-block lets-info-up-meta-block\"><div class=\"lets-info-up-meta-title lets-info-up-pretitle font-h\" style=\"color: #8c6d18;\">INFOS<\/div><div class=\"lets-info-up-meta-content lets-info-up-title font-b\"><a href=\"https:\/\/keinpardon-musical.de\" target=\"_blank\" rel=\"noopener noreferrer nofollow\">www.keinpardon-musical.de<\/a><br><a href=\"https:\/\/firststagehamburg.de\/produktion\/kein-pardon\" target=\"_blank\" rel=\"noopener noreferrer nofollow\">www.firststagehamburg.de<\/a><\/div><\/div>\t\t\t<\/div>\r\n\t\t\t<\/div>\r\n\t\t<\/div>\r\n\t\t\n\n\n<p><strong><strong>Hape Kerkelings \u201eKein Pardon\u201c als gro\u00dfes Vergn\u00fcgen<\/strong><\/strong><\/p>\n\n\n\n<p>2011 erlebte Hape Kerkelings Kultfilm \u201eKein Pardon\u201c als Musical mit Buch und Liedtexten von Comedian Thomas Hermanns seine Urauff\u00fchrung in D\u00fcsseldorf. Nun kommt das St\u00fcck in Hamburg mit 35 Absolventinnen und Absolventen der Stage School und Musicalstar Nik Breidenbach auf die B\u00fchne.<\/p>\n\n\n\n<p>Regisseurin Franziska Kuropka gelingt eine witzig-komische Produktion, die nicht nur als Medien-Satire funktioniert, sondern auch als St\u00fcck \u00fcber einen jungen Menschen, der seinen Platz im Leben sucht. Dabei schafft sie es, den Rollen in ihrer Durchgeknalltheit obendrein Tiefe zu geben.<\/p>\n\n\n\n<p>Philip Rakoczy begeistert als Antiheld Peter Schl\u00f6nzke mit seiner angenehmen und tonsicheren Stimme. Anfangs sch\u00fcchtern, eifert er naiv seinem Idol Heinz W\u00e4scher hinterher und will unbedingt zum Fernsehen. Als er trotz eines missgl\u00fcckten Talentwettbewerbs dennoch in dessen Fu\u00dfstapfen tritt, entwickelt er sich selbst zum Tyrannen und f\u00e4llt \u2013 wie sein Idol \u2013 tief: vom Schnittchenverk\u00e4ufer zum Fernsehstar und zur\u00fcck. Rakoczy kauft man die unterschiedlichsten Facetten allesamt ab. Wenn er sich im zweiten Akt mehr und mehr in Rage spielt, ist das gro\u00dfes Kino! Genau wie bei Nik Breidenbach, der als Heinz W\u00e4scher ein einziger Genuss ist. F\u00fcr nichts Zeit (\u201eIsch hab doch ka Zeit!\u201c) und dennoch dauerpr\u00e4sent, kann das alte Fernsehzirkuspferd gar nicht fassen, dass es ausrangiert wird, worauf zu Beginn des zweiten Aktes ein gro\u00dfartiger Abtritts-Monolog folgt. Wenn Breidenbach am Schluss als Uschi Blum noch einen Drag-Auftritt hinlegt, bleibt kein Auge trocken.<\/p>\n\n\n<div  class=\"tpgb-wrap-956d14_12095  tpgb-wrap-fw \"  ><div id=\"956d14_12095\" class=\"tpgb-block-956d14_12095 tpgb-relative-block tpgb-gallery-list tpgb-metro gallery-style-2 hover-image-style-1   \" data-style=\"style-2\" data-id=\"956d14_12095\" data-layout=\"metro\" data-fancy-option='{\"loop\":false,\"thumb\":\"no\",\"infobar\":true,\"arrows\":true,\"transitionEffect\":\"slide\",\"button\":[\"close\"]}' data-splide='\"\"' data-metroAttr= '{\"metro_col\":3,\"tab_metro_col\":3,\"mobile_metro_col\":3,\"metro_style\":\"style-1\",\"tab_metro_style\":\"style-1\",\"mobile_metro_style\":\"style-1\"}' ><div class=\"tpgb-row post-loop-inner \"><div class=\"grid-item metro-item-0    tpgb-metro-1  tpgb-tab-metro-1  tpgb-mobile-metro-1 \"><a href=\"https:\/\/www.musical-today.de\/wp-content\/uploads\/2025\/06\/Kein_Pardon_Premiere_ohne-78-scaled.jpg\" class=\"tpgb-gallery-list-content tpgb-trans-easeinout\" data-fancybox=\"956d14_12095\" data-caption=\"Foto: Dennis Mundkowski\" aria-label=\"Foto: Dennis Mundkowski\" target=\"_blank\" rel=\"noopener noreferrer nofollow\"><div class=\"post-content-image\"><div class=\"tpgb-metro-gallery-image\" style=\"background: url(http:\/\/www.musical-today.de\/wp-content\/uploads\/2025\/06\/Kein_Pardon_Premiere_ohne-78-scaled.jpg);\"><\/div><\/div><div class=\"post-content-center\"><div class=\"post-zoom-icon\"><div class=\"meta-search-icon\"><span><img decoding=\"async\" class=\"fancy-img\" src=\"http:\/\/www.musical-today.de\/wp-content\/uploads\/2025\/06\/Kein_Pardon_Premiere_ohne-78-scaled.jpg\" alt=\"Media Image1\" title=\"\"><i class=\"fas fa-search-plus pop-icon\"><\/i><\/span><\/div><\/div><div class=\"post-content-bottom\"><p class=\"post-title tpgb-trans-easeinout\">Foto: Dennis Mundkowski<\/p><\/div><\/div><\/a><\/div><div class=\"grid-item metro-item-1    tpgb-metro-2  tpgb-tab-metro-2  tpgb-mobile-metro-2 \"><a href=\"https:\/\/www.musical-today.de\/wp-content\/uploads\/2025\/06\/Kein_Pardon_Premiere_ohne-63-scaled.jpg\" class=\"tpgb-gallery-list-content tpgb-trans-easeinout\" data-fancybox=\"956d14_12095\" data-caption=\"Foto: Dennis Mundkowski\" aria-label=\"Foto: Dennis Mundkowski\" target=\"_blank\" rel=\"noopener noreferrer nofollow\"><div class=\"post-content-image\"><div class=\"tpgb-metro-gallery-image\" style=\"background: url(http:\/\/www.musical-today.de\/wp-content\/uploads\/2025\/06\/Kein_Pardon_Premiere_ohne-63-scaled.jpg);\"><\/div><\/div><div class=\"post-content-center\"><div class=\"post-zoom-icon\"><div class=\"meta-search-icon\"><span><img decoding=\"async\" class=\"fancy-img\" src=\"http:\/\/www.musical-today.de\/wp-content\/uploads\/2025\/06\/Kein_Pardon_Premiere_ohne-63-scaled.jpg\" alt=\"Media Image2\" title=\"\"><i class=\"fas fa-search-plus pop-icon\"><\/i><\/span><\/div><\/div><div class=\"post-content-bottom\"><p class=\"post-title tpgb-trans-easeinout\">Foto: Dennis Mundkowski<\/p><\/div><\/div><\/a><\/div><div class=\"grid-item metro-item-2    tpgb-metro-3  tpgb-tab-metro-3  tpgb-mobile-metro-3 \"><a href=\"https:\/\/www.musical-today.de\/wp-content\/uploads\/2025\/06\/Kein_Pardon_ohne-40-scaled.jpg\" class=\"tpgb-gallery-list-content tpgb-trans-easeinout\" data-fancybox=\"956d14_12095\" data-caption=\"Foto: Dennis Mundkowski\" aria-label=\"Foto: Dennis Mundkowski\" target=\"_blank\" rel=\"noopener noreferrer nofollow\"><div class=\"post-content-image\"><div class=\"tpgb-metro-gallery-image\" style=\"background: url(http:\/\/www.musical-today.de\/wp-content\/uploads\/2025\/06\/Kein_Pardon_ohne-40-scaled.jpg);\"><\/div><\/div><div class=\"post-content-center\"><div class=\"post-zoom-icon\"><div class=\"meta-search-icon\"><span><img decoding=\"async\" class=\"fancy-img\" src=\"http:\/\/www.musical-today.de\/wp-content\/uploads\/2025\/06\/Kein_Pardon_ohne-40-scaled.jpg\" alt=\"Media Image3\" title=\"\"><i class=\"fas fa-search-plus pop-icon\"><\/i><\/span><\/div><\/div><div class=\"post-content-bottom\"><p class=\"post-title tpgb-trans-easeinout\">Foto: Dennis Mundkowski<\/p><\/div><\/div><\/a><\/div><\/div><\/div><\/div>\n\n\n<p>Auch alle anderen spr\u00fchen vor Spielfreude: Munja Meier gibt Mutter Hilde herrlich \u00fcberdreht, Pascal Giebel genial teilnahmslos den Opa Schl\u00f6nzke und Viola Bremer komisch-grotesk die verschrobene Oma Schl\u00f6nzke \u2013 alle mit Ruhrpott-Schnauze. Ilka Kottkamp als Peters \u201eKumpel Nummer 1\u201c Ulla ist stimmlich eine Wucht, farbenreich und powervoll, besonders im Duett \u201eKlingelsturm\u201c mit Rakoczy. Auch das abgebr\u00fchte Produktionstrio sorgt f\u00fcr k\u00f6stlich-komische Momente: Der junge Timo Stark verk\u00f6rpert den vom Showbiz gezeichneten Regisseur Bertram au\u00dfergew\u00f6hnlich glaubhaft und mit charmant-authentischem \u00f6sterreichischem Akzent. Marc Verhaelen gibt den farblosen Redakteur Walter treffend lemminghaft und Victoria Kerbl gro\u00dfartig genervt und stimmlich stark die Redakteurin Doris. Au\u00dferdem noch hervorzuheben: die vielseitige Laura Sch\u00e4fer, die als Tante Irmgard genauso treffend nervt, wie sie mit dem Schachtelhalm-Alm-Jodler beim Talentwettbewerb entgeistert. Alle werden sie den gro\u00dfen Film-Vorbildern gerecht \u2013 teilweise fast zum Verwechseln \u00e4hnlich.<\/p>\n\n\n\n<p>Gro\u00dfe Spielfreude ist auch beim \u201eShowchester\u201c (Phil Steen, Jonas Stadelmaier, Johannes Hierluksch, Florian Kemper; musikalische Leitung: Nicolas Mischke) zu sp\u00fcren, das die Ohrwurm-verd\u00e4chtigen Melodien von Achim Hagemann und Thomas Zaufke zum Besten gibt. Die energiegeladenen Choreografien von Sven Niemeyer \u00fcberzeugen als Show-Nummern des \u201eFernsehballetts\u201c genauso wie als witzige B\u00fcrostuhl-Choreo, temporeich und pr\u00e4zise.<\/p>\n\n\n\n<p>Felix Wienb\u00fcrger versetzt mit seinem B\u00fchnenbild in die sp\u00e4ten 80er\/fr\u00fchen 90er Jahre: 26 Monitore umrahmen das B\u00fchnenportal und zeigen zu Beginn \u201eBiene Maja\u201c, \u201eGl\u00fccksrad\u201c, die \u201eKnoff-Hoff-Show\u201c und weitere Klassiker. Ein piefiges Wohnzimmer mit stimmig-scheu\u00dflichen Tapeten, Flie\u00dfentisch und H\u00e4ckeldeckchen unterm holzeingefassten R\u00f6hrenfernseher, ein kleinb\u00fcrgerlicher Feinkostladen und nat\u00fcrlich die silberglitzernde Showtreppe im TV-Studio sind detailliert genug und dennoch funktional, um schnelle Umbauten zuzulassen. Die Kost\u00fcme von Volker Deutschmann und Hermine Seifert unterstreichen die spie\u00dfb\u00fcrgerliche Welt und setzen bei den Showgirls und Heinz W\u00e4scher mit viel Bling-Bling einen passenden Kontrast. Au\u00dferdem sorgen diverse Schalke-Devotionalien f\u00fcr eine ordentliche Portion Ruhrpott-Feeling. Und dann ist da noch das grandiose Kost\u00fcm des lustigen Gl\u00fcckshasen \u2013 einfach wow!<\/p>\n\n\n\n<p>Wen der Film begeistert, der wird auch die Hamburger Produktion des Musicals lieben.<\/p>\n\n\n\n<hr class=\"wp-block-separator has-alpha-channel-opacity is-style-dots\"\/>\n\n\n\n<p class=\"has-small-font-size\">Musikalische Leitung: Nicolas Mischke \u2022 Choreografie: Sven Niemeyer \u2022 B\u00fchne: Felix Wienb\u00fcrger \u2022 Kost\u00fcme: Volker Deutschmann und Hermine Seifert \u2022 Licht: Felix Wienb\u00fcrger \u2022 Sounddesign: Nils Steinkamp \u2022 Mit: Nik Breidenbach (Heinz W\u00e4scher\/Uschi Blum), Dominique Amport (Bettina), Viola Bremer (Oma Helma Schl\u00f6nzke), Pascal Giebel (Opa Herrmann Schl\u00f6nzke), Victoria Kerbl (Redakteurin Doris), Ilka Kottkamp (Ulla), Dominik Krumschmidt (Aufnahmeleiter\/Kameramann), Munja Meier (Hilde Schl\u00f6nzke), Tim Metzler (Gl\u00fccksautomat), Luisa Neumann (Bettinas Mutter), Svea P\u00f6hner (Karin), Philip Rakoczy (Peter Schl\u00f6nzke), Laura Sch\u00e4fer (Tante Irmgard\/Kundin\/Nonne\/Frau Becker), Timo Stark (Regisseur Bertram), Marc Verhaelen (Redakteur Walter) \u2022 Band: Phil Steen (Bass), Jonas Stadelmaier (Schlagzeug), Johannes Hierluksch (Keyboard), Florian Kemper (Gitarre)<br><br>Aufmacherfoto: Dennis Mundkowski<\/p>\n","protected":false},"excerpt":{"rendered":"<p>Hape Kerkelings \u201eKein Pardon\u201c als gro\u00dfes Vergn\u00fcgen 2011 erlebte Hape Kerkelings Kultfilm \u201eKein Pardon\u201c als Musical mit Buch und Liedtexten von Comedian Thomas Hermanns seine Urauff\u00fchrung in D\u00fcsseldorf. Nun kommt das St\u00fcck in Hamburg mit 35 Absolventinnen und Absolventen der Stage School und Musicalstar Nik Breidenbach auf die B\u00fchne. Regisseurin Franziska Kuropka gelingt eine witzig-komische Produktion, die nicht nur als Medien-Satire funktioniert, sondern auch als St\u00fcck \u00fcber einen jungen Menschen, der seinen Platz im Leben sucht. Dabei schafft sie es, [&hellip;]<\/p>\n","protected":false},"author":9,"featured_media":12088,"comment_status":"closed","ping_status":"closed","sticky":false,"template":"","format":"standard","meta":{"tpgb_global_settings":"","footnotes":""},"categories":[71],"tags":[],"class_list":["post-12095","post","type-post","status-publish","format-standard","has-post-thumbnail","hentry","category-hamburg"],"tpgb_featured_images":{"full":["http:\/\/www.musical-today.de\/wp-content\/uploads\/2025\/06\/Kein_Pardon_ohne-48-scaled.jpg",2560,1707,false],"tp-image-grid":["http:\/\/www.musical-today.de\/wp-content\/uploads\/2025\/06\/Kein_Pardon_ohne-48-700x700.jpg",700,700,true],"thumbnail":["http:\/\/www.musical-today.de\/wp-content\/uploads\/2025\/06\/Kein_Pardon_ohne-48-600x400.jpg",600,400,true],"medium":["http:\/\/www.musical-today.de\/wp-content\/uploads\/2025\/06\/Kein_Pardon_ohne-48-1200x800.jpg",1200,800,true],"medium_large":["http:\/\/www.musical-today.de\/wp-content\/uploads\/2025\/06\/Kein_Pardon_ohne-48-770x513.jpg",770,513,true],"large":["http:\/\/www.musical-today.de\/wp-content\/uploads\/2025\/06\/Kein_Pardon_ohne-48-1920x1280.jpg",1139,759,true],"default":"http:\/\/www.musical-today.de\/wp-content\/plugins\/the-plus-addons-for-block-editor\/assets\/images\/tpgb-placeholder.jpg"},"tpgb_post_meta_info":{"get_date":"17.06.2025","get_modified_date":"17.06.2025","category_list":{"category":[{"term_id":71,"name":"Hamburg","slug":"hamburg","term_group":0,"term_taxonomy_id":71,"taxonomy":"category","description":"","parent":19,"count":12,"filter":"raw","term_order":"46"}],"post_tag":false,"post_format":false},"author_name":"Christoph Oscar Hofbauer","author_url":"http:\/\/www.musical-today.de\/en\/autor\/cohofbauer\/","author_email":"online@musical-today.de","author_website":"","author_description":"arbeitet als Kommunikations-Freelancer f\u00fcr Theater, Bildungseinrichtungen und weitere kulturelle Institutionen in den Bereichen Marketing, Presse- und \u00d6ffentlichkeitsarbeit. Ihn faszinieren Theater, Oper und Musical, weil sie besonders intensiv Inhalte und Emotionen ausdr\u00fccken k\u00f6nnen. Mit seinen Rezensionen m\u00f6chte er nicht nur seine Eindr\u00fccke festhalten, sondern auch f\u00fcr Musiktheater begeistern.","author_facebook":"","author_twitter":"","author_instagram":"","author_role":["author"],"author_firstname":"Christoph Oscar","author_lastname":"Hofbauer","user_login":"cohofbauer","author_avatar":"<img src=\"http:\/\/www.musical-today.de\/wp-content\/uploads\/2024\/03\/Christoph-Oscar-Hofbauer-293x293.jpg\" width=\"200\" height=\"200\" alt=\"Christoph Oscar Hofbauer\" class=\"avatar avatar-200 wp-user-avatar wp-user-avatar-200 alignnone photo\" \/>","author_avatar_url":"http:\/\/www.musical-today.de\/wp-content\/uploads\/2024\/03\/Christoph-Oscar-Hofbauer.jpg","comment_count":0,"post_likes":0,"post_views":0},"tpgb_post_category":{"category":"<a href=\"http:\/\/www.musical-today.de\/en\/deutschland\/hamburg\/\" alt=\"Hamburg\"  class=\"category-hamburg\">Hamburg<\/a> "},"_links":{"self":[{"href":"http:\/\/www.musical-today.de\/en\/wp-json\/wp\/v2\/posts\/12095","targetHints":{"allow":["GET"]}}],"collection":[{"href":"http:\/\/www.musical-today.de\/en\/wp-json\/wp\/v2\/posts"}],"about":[{"href":"http:\/\/www.musical-today.de\/en\/wp-json\/wp\/v2\/types\/post"}],"author":[{"embeddable":true,"href":"http:\/\/www.musical-today.de\/en\/wp-json\/wp\/v2\/users\/9"}],"replies":[{"embeddable":true,"href":"http:\/\/www.musical-today.de\/en\/wp-json\/wp\/v2\/comments?post=12095"}],"version-history":[{"count":0,"href":"http:\/\/www.musical-today.de\/en\/wp-json\/wp\/v2\/posts\/12095\/revisions"}],"wp:featuredmedia":[{"embeddable":true,"href":"http:\/\/www.musical-today.de\/en\/wp-json\/wp\/v2\/media\/12088"}],"wp:attachment":[{"href":"http:\/\/www.musical-today.de\/en\/wp-json\/wp\/v2\/media?parent=12095"}],"wp:term":[{"taxonomy":"category","embeddable":true,"href":"http:\/\/www.musical-today.de\/en\/wp-json\/wp\/v2\/categories?post=12095"},{"taxonomy":"post_tag","embeddable":true,"href":"http:\/\/www.musical-today.de\/en\/wp-json\/wp\/v2\/tags?post=12095"}],"curies":[{"name":"wp","href":"https:\/\/api.w.org\/{rel}","templated":true}]}}