{"id":12140,"date":"2025-06-25T00:32:25","date_gmt":"2025-06-24T22:32:25","guid":{"rendered":"https:\/\/www.musical-today.de\/?p=12140"},"modified":"2025-06-25T00:32:44","modified_gmt":"2025-06-24T22:32:44","slug":"tecklenburg-priscilla-koenigin-der-wueste","status":"publish","type":"post","link":"http:\/\/www.musical-today.de\/en\/tecklenburg-priscilla-koenigin-der-wueste\/","title":{"rendered":"Priscilla \u2013 K\u00f6nigin der W\u00fcste"},"content":{"rendered":"<div class=\"lets-info-up-wrap  lets-info-up--right lets-info-up--m-1 lets-info-up-skin-3 lets-info-up--side lets-info-up-15024\" style=\"background:#fafafa; color: #616161\">\t\t\t<div class=\"lets-info-up\">\r\n\t\t\t<div class=\"lets-info-up-fi\"><img decoding=\"async\" width=\"500\" height=\"333\" src=\"http:\/\/www.musical-today.de\/wp-content\/uploads\/2024\/01\/qi-addons-for-elementor-placeholder-500x333.png\" class=\"attachment-lets-info-up-d1 size-lets-info-up-d1\" alt=\"|\" srcset=\"http:\/\/www.musical-today.de\/wp-content\/uploads\/2024\/01\/qi-addons-for-elementor-placeholder-500x333.png 500w, http:\/\/www.musical-today.de\/wp-content\/uploads\/2024\/01\/qi-addons-for-elementor-placeholder-300x200.png 300w, http:\/\/www.musical-today.de\/wp-content\/uploads\/2024\/01\/qi-addons-for-elementor-placeholder-1024x683.png 1024w, http:\/\/www.musical-today.de\/wp-content\/uploads\/2024\/01\/qi-addons-for-elementor-placeholder-883x589.png 883w, http:\/\/www.musical-today.de\/wp-content\/uploads\/2024\/01\/qi-addons-for-elementor-placeholder-18x12.png 18w, http:\/\/www.musical-today.de\/wp-content\/uploads\/2024\/01\/qi-addons-for-elementor-placeholder-360x240.png 360w, http:\/\/www.musical-today.de\/wp-content\/uploads\/2024\/01\/qi-addons-for-elementor-placeholder-1155x770.png 1155w, http:\/\/www.musical-today.de\/wp-content\/uploads\/2024\/01\/qi-addons-for-elementor-placeholder-370x247.png 370w, http:\/\/www.musical-today.de\/wp-content\/uploads\/2024\/01\/qi-addons-for-elementor-placeholder-770x513.png 770w, http:\/\/www.musical-today.de\/wp-content\/uploads\/2024\/01\/qi-addons-for-elementor-placeholder-293x195.png 293w, http:\/\/www.musical-today.de\/wp-content\/uploads\/2024\/01\/qi-addons-for-elementor-placeholder-120x80.png 120w, http:\/\/www.musical-today.de\/wp-content\/uploads\/2024\/01\/qi-addons-for-elementor-placeholder-240x160.png 240w, http:\/\/www.musical-today.de\/wp-content\/uploads\/2024\/01\/qi-addons-for-elementor-placeholder-390x260.png 390w, http:\/\/www.musical-today.de\/wp-content\/uploads\/2024\/01\/qi-addons-for-elementor-placeholder.png 1200w\" sizes=\"(max-width: 500px) 100vw, 500px\" title=\"\"><\/div>\t\t\t<div class=\"lets-info-up-block-wrap\">\r\n\t\t\t\t<div class=\"lets-info-up-block lets-info-up-meta-block\"><div class=\"lets-info-up-meta-title lets-info-up-pretitle font-h\" style=\"color: #8c6d18;\">oRT<\/div><div class=\"lets-info-up-meta-content lets-info-up-title font-b\">Freilichtspiele Tecklenburg<\/div><\/div><div class=\"lets-info-up-block lets-info-up-meta-block\"><div class=\"lets-info-up-meta-title lets-info-up-pretitle font-h\" style=\"color: #8c6d18;\">von<\/div><div class=\"lets-info-up-meta-content lets-info-up-title font-b\">Stephan Elliott und Allan Scott (Buch) <\/div><\/div><div class=\"lets-info-up-block lets-info-up-meta-block\"><div class=\"lets-info-up-meta-title lets-info-up-pretitle font-h\" style=\"color: #8c6d18;\">Regie<\/div><div class=\"lets-info-up-meta-content lets-info-up-title font-b\">Ulrich Wiggers<\/div><\/div><div class=\"lets-info-up-block lets-info-up-meta-block\"><div class=\"lets-info-up-meta-title lets-info-up-pretitle font-h\" style=\"color: #8c6d18;\">Urauff\u00fchrung<\/div><div class=\"lets-info-up-meta-content lets-info-up-title font-b\">2006<\/div><\/div><div class=\"lets-info-up-block lets-info-up-meta-block\"><div class=\"lets-info-up-meta-title lets-info-up-pretitle font-h\" style=\"color: #8c6d18;\">INFOS<\/div><div class=\"lets-info-up-meta-content lets-info-up-title font-b\"><a href=\"https:\/\/www.freilichtspiele-tecklenburg.de\/de\/priscilla-koenigin-der-wueste\" target=\"_blank\" rel=\"noopener noreferrer nofollow\">www.freilichtspiele-tecklenburg.de<\/a><\/div><\/div>\t\t\t<\/div>\r\n\t\t\t<\/div>\r\n\t\t<\/div>\r\n\t\t\n\n\n<p><strong>\u201ePriscilla\u201c setzt ein Zeichen f\u00fcr Toleranz<\/strong><\/p>\n\n\n\n<p>F\u00fcr seinen \u201egeradezu prophetischen Gedanken\u201c, dieses Musical nach Tecklenburg zu holen, dankte der neue Intendant der Freilichtspiele seinem Vorg\u00e4nger bei der Premierenfeier von \u201ePriscilla\u201c. Markus S\u00f6llner \u00fcbernimmt nach \u00fcber 30 Jahren die Gesch\u00e4fte von Radulf Beuleke, der ma\u00dfgeblich daran beteiligt war, Tecklenburg zu einem der bedeutendsten Sommermusical-Standorte Deutschlands zu machen.<\/p>\n\n\n\n<p>\u201ePriscilla\u201c erblickte 2006 in Sydney als Jukebox-Musical das Licht der Welt und beruht auf dem gleichnamigen Film von Stephan Elliott, der 1994 in die Kinos kam. Und ja, es mag abgedroschen klingen, doch schien es lange nicht mehr so wichtig zu sein wie heute, die Botschaft der Show laut in die Welt zu rufen: Egal, welche sexuelle Orientierung, ob Frau, Mann, trans* oder alles dazwischen, jede Person darf so sein und so leben, wie sie m\u00f6chte. Wenn diese Botschaft zudem so gelungen verpackt ist, umso besser!<\/p>\n\n\n<div  class=\"tpgb-wrap-956d14_12140  tpgb-wrap-fw \"  ><div id=\"956d14_12140\" class=\"tpgb-block-956d14_12140 tpgb-relative-block tpgb-gallery-list tpgb-metro gallery-style-2 hover-image-style-1   \" data-style=\"style-2\" data-id=\"956d14_12140\" data-layout=\"metro\" data-fancy-option='{\"loop\":false,\"thumb\":\"no\",\"infobar\":true,\"arrows\":true,\"transitionEffect\":\"slide\",\"button\":[\"close\"]}' data-splide='\"\"' data-metroAttr= '{\"metro_col\":3,\"tab_metro_col\":3,\"mobile_metro_col\":3,\"metro_style\":\"style-1\",\"tab_metro_style\":\"style-1\",\"mobile_metro_style\":\"style-1\"}' ><div class=\"tpgb-row post-loop-inner \"><div class=\"grid-item metro-item-0    tpgb-metro-1  tpgb-tab-metro-1  tpgb-mobile-metro-1 \"><a href=\"https:\/\/www.musical-today.de\/wp-content\/uploads\/2025\/06\/Pressebilder_PRISCILLA_Freilichtspiele-Tecklenburg_Credit_Daniel_Lagerpusch_HIGH_END12-scaled.jpg\" class=\"tpgb-gallery-list-content tpgb-trans-easeinout\" data-fancybox=\"956d14_12140\" data-caption=\"Foto: Daniel Lagerpusch\" aria-label=\"Foto: Daniel Lagerpusch\" target=\"_blank\" rel=\"noopener noreferrer nofollow\"><div class=\"post-content-image\"><div class=\"tpgb-metro-gallery-image\" style=\"background: url(http:\/\/www.musical-today.de\/wp-content\/uploads\/2025\/06\/Pressebilder_PRISCILLA_Freilichtspiele-Tecklenburg_Credit_Daniel_Lagerpusch_HIGH_END12-scaled.jpg);\"><\/div><\/div><div class=\"post-content-center\"><div class=\"post-zoom-icon\"><div class=\"meta-search-icon\"><span><img decoding=\"async\" class=\"fancy-img\" src=\"http:\/\/www.musical-today.de\/wp-content\/uploads\/2025\/06\/Pressebilder_PRISCILLA_Freilichtspiele-Tecklenburg_Credit_Daniel_Lagerpusch_HIGH_END12-scaled.jpg\" alt=\"Media Image1\" title=\"\"><i class=\"fas fa-search-plus pop-icon\"><\/i><\/span><\/div><\/div><div class=\"post-content-bottom\"><p class=\"post-title tpgb-trans-easeinout\">Foto: Daniel Lagerpusch<\/p><\/div><\/div><\/a><\/div><div class=\"grid-item metro-item-1    tpgb-metro-2  tpgb-tab-metro-2  tpgb-mobile-metro-2 \"><a href=\"https:\/\/www.musical-today.de\/wp-content\/uploads\/2025\/06\/Pressebilder_PRISCILLA_Freilichtspiele-Tecklenburg_Credit_Daniel_Lagerpusch_HIGH_END4-scaled.jpg\" class=\"tpgb-gallery-list-content tpgb-trans-easeinout\" data-fancybox=\"956d14_12140\" data-caption=\"Foto: Daniel Lagerpusch\" aria-label=\"Foto: Daniel Lagerpusch\" target=\"_blank\" rel=\"noopener noreferrer nofollow\"><div class=\"post-content-image\"><div class=\"tpgb-metro-gallery-image\" style=\"background: url(http:\/\/www.musical-today.de\/wp-content\/uploads\/2025\/06\/Pressebilder_PRISCILLA_Freilichtspiele-Tecklenburg_Credit_Daniel_Lagerpusch_HIGH_END4-scaled.jpg);\"><\/div><\/div><div class=\"post-content-center\"><div class=\"post-zoom-icon\"><div class=\"meta-search-icon\"><span><img decoding=\"async\" class=\"fancy-img\" src=\"http:\/\/www.musical-today.de\/wp-content\/uploads\/2025\/06\/Pressebilder_PRISCILLA_Freilichtspiele-Tecklenburg_Credit_Daniel_Lagerpusch_HIGH_END4-scaled.jpg\" alt=\"Media Image2\" title=\"\"><i class=\"fas fa-search-plus pop-icon\"><\/i><\/span><\/div><\/div><div class=\"post-content-bottom\"><p class=\"post-title tpgb-trans-easeinout\">Foto: Daniel Lagerpusch<\/p><\/div><\/div><\/a><\/div><div class=\"grid-item metro-item-2    tpgb-metro-3  tpgb-tab-metro-3  tpgb-mobile-metro-3 \"><a href=\"https:\/\/www.musical-today.de\/wp-content\/uploads\/2025\/06\/Pressebilder_PRISCILLA_Freilichtspiele-Tecklenburg_Credit_Daniel_Lagerpusch_HIGH_END2-1-scaled.jpg\" class=\"tpgb-gallery-list-content tpgb-trans-easeinout\" data-fancybox=\"956d14_12140\" data-caption=\"Foto: Daniel Lagerpusch\" aria-label=\"Foto: Daniel Lagerpusch\" target=\"_blank\" rel=\"noopener noreferrer nofollow\"><div class=\"post-content-image\"><div class=\"tpgb-metro-gallery-image\" style=\"background: url(http:\/\/www.musical-today.de\/wp-content\/uploads\/2025\/06\/Pressebilder_PRISCILLA_Freilichtspiele-Tecklenburg_Credit_Daniel_Lagerpusch_HIGH_END2-1-scaled.jpg);\"><\/div><\/div><div class=\"post-content-center\"><div class=\"post-zoom-icon\"><div class=\"meta-search-icon\"><span><img decoding=\"async\" class=\"fancy-img\" src=\"http:\/\/www.musical-today.de\/wp-content\/uploads\/2025\/06\/Pressebilder_PRISCILLA_Freilichtspiele-Tecklenburg_Credit_Daniel_Lagerpusch_HIGH_END2-1-scaled.jpg\" alt=\"Media Image3\" title=\"\"><i class=\"fas fa-search-plus pop-icon\"><\/i><\/span><\/div><\/div><div class=\"post-content-bottom\"><p class=\"post-title tpgb-trans-easeinout\">Foto: Daniel Lagerpusch<\/p><\/div><\/div><\/a><\/div><\/div><\/div><\/div>\n\n\n<p>Erz\u00e4hlt wird die Geschichte von zwei Dragqueens, einer trans* Frau und ihrer Reise in einem alten Bus namens \u201ePriscilla\u201c durch das australische Outback. Sie sind auf der Suche nach Auftrittsm\u00f6glichkeiten und vor allem auf der Suche nach sich selbst. Das Buch bietet nur in Ans\u00e4tzen Tiefe, sodass es Regisseur Ulrich Wickert obliegt, diese f\u00fcr die Figuren zu finden. Er sorgt immer wieder f\u00fcr r\u00fchrende Momente, die umso mehr herausragen, wenn vorher und nachher buntes und lautes Treiben auf der B\u00fchne herrscht.<\/p>\n\n\n\n<p>Adrian Becker ist Tick, der als Dragqueen auftritt. Er will seinen Sohn kennenlernen und f\u00fcr ihn da sein; damit tut er seiner Exfrau einen Gefallen. Das Duett \u201eAlways On My Mind\u201c zwischen Tick und dem achtj\u00e4hrigen Sohn Benji (in dieser Vorstellung gespielt von David Sch\u00f6chlin) ist dann auch der bewegendste Moment der Show.<\/p>\n\n\n\n<p>Tobias Bieri spielt den jungen Adam. Fabienne Ank, verantwortlich f\u00fcr die fabelhaften Kost\u00fcme, die fast alle eine Geschichte erz\u00e4hlen, verzichtet bei Bieri auf allzu viel Stoff. Es gibt einen Moment in der Show, in der Adam fast von einer Horde besoffener M\u00e4nner vergewaltigt wird \u2013 \u201eweil er es so wollte\u201c \u2026 Auch hier h\u00e4lt die Geschichte inne und Bieri kann zeigen, dass auch er die nachdenklichen Momente beherrscht.<\/p>\n\n\n\n<p>Eine Offenbarung ist Gerben Grimmius\u2019 Darstellung der Bernadette. Diese alternde Trans-Drag-Diva hat Charaktertiefe und trotz sp\u00fcrbarer Schatten auf der Seele immer den festen Willen, eine perfekte Show abzuliefern. Nicht unerw\u00e4hnt bleiben d\u00fcrfen die drei Diven Rachel Marshall, Bettina Meske und Amber Schoop, die hier ihre Songs nicht einfach nur singen, sondern mit in die Figuren eintauchen, als w\u00e4ren sie ein Teil der Pers\u00f6nlichkeiten. Leider ist die neue Tonanlage auf der Burg immer noch ein wenig das Sorgenkind \u2013 gerade hier fehlt es an der Schlagkraft, die einen sonst in den Sitz dr\u00fccken w\u00fcrde. Da wird hoffentlich noch nachgebessert.<\/p>\n\n\n\n<p>Ein Star ist auch der dreigeteilte Bus, den Jens Janke entworfen hat. Von einer Seite zeigt er das Innenleben, in dem die drei Grazien zusammen durch Australien reisen. Meist, wenn sich der Bus dreht, kommen Darstellerinnen und Darsteller in Koala-, Panda- oder Spinnenkost\u00fcmen auf die B\u00fchne, um die Umbauten vorzunehmen \u2013 einer von vielen wunderbaren Einf\u00e4llen.<\/p>\n\n\n\n<p>In kleineren Rollen und mit starken Choreografien von Fransesc Ab\u00f3s steht ein \u00fcber 30-k\u00f6pfiges Ensemble auf der B\u00fchne. Hervorzuheben sind u.a. Benjamin Eberling als sensibler Mechaniker Bob, G\u00fclfidan S\u00f6ylemez als Kindsmutter und Michael B. Sattler, der als \u201eMiss Understanding\u201c ein fantastisches \u201eWhat\u2019s Love Got To Do With It\u201c hinlegt. Beim 17-k\u00f6pfigen Orchester unter der Leitung von Giorgio Radoja ist am Premierenabend noch sehr viel Bass und Keyboard zu h\u00f6ren und leider zu wenig von den Streichern und Blasinstrumenten. Das wird sich sicherlich einspielen.<\/p>\n\n\n\n<p><\/p>\n\n\n\n<hr class=\"wp-block-separator has-alpha-channel-opacity is-style-dots\"\/>\n\n\n\n<p class=\"has-small-font-size\">Musikalische Leitung: Giorgio Radoja \u2022 Regie und Licht: Ulrich Wiggers \u2022 Choreografie: Francesc Ab\u00f3s \u2022 B\u00fchne: Jens Janke \u2022 Kost\u00fcme: Fabienne Ank \u2022 Mit: Adrian Becker (Tick), Gerben Grimmius (Bernadette), Tobias Bieri (Adam), Benjamin Eberling (Bob), Rachel Marshall (Diva), Bettina Meske (Diva), Amber Schoop (Diva), G\u00fclfidan S\u00f6ylemez (Marion), Michael B. Sattler (Miss Understanding), Til Ormeloh (Jimmy), Mathias Meffert (Frank), Giulia Fabris (Cynthia), Esther Larissa Lach (Shirley), Nicolai Schwab (Junge Bernadette), David Sch\u00f6chlin (Benji) u.a. \u2022 Chor und Orchester der Freilichtspiele Tecklenburg<\/p>\n\n\n\n<p class=\"has-small-font-size\">Aufmacherfoto: Daniel Lagerpusch<\/p>\n","protected":false},"excerpt":{"rendered":"<p>\u201ePriscilla\u201c setzt ein Zeichen f\u00fcr Toleranz F\u00fcr seinen \u201egeradezu prophetischen Gedanken\u201c, dieses Musical nach Tecklenburg zu holen, dankte der neue Intendant der Freilichtspiele seinem Vorg\u00e4nger bei der Premierenfeier von \u201ePriscilla\u201c. Markus S\u00f6llner \u00fcbernimmt nach \u00fcber 30 Jahren die Gesch\u00e4fte von Radulf Beuleke, der ma\u00dfgeblich daran beteiligt war, Tecklenburg zu einem der bedeutendsten Sommermusical-Standorte Deutschlands zu machen. \u201ePriscilla\u201c erblickte 2006 in Sydney als Jukebox-Musical das Licht der Welt und beruht auf dem gleichnamigen Film von Stephan Elliott, der 1994 in die [&hellip;]<\/p>\n","protected":false},"author":48,"featured_media":12158,"comment_status":"closed","ping_status":"closed","sticky":false,"template":"","format":"standard","meta":{"tpgb_global_settings":"","footnotes":""},"categories":[180],"tags":[],"class_list":["post-12140","post","type-post","status-publish","format-standard","has-post-thumbnail","hentry","category-tecklenburg"],"tpgb_featured_images":{"full":["http:\/\/www.musical-today.de\/wp-content\/uploads\/2025\/06\/Pressebilder_PRISCILLA_Freilichtspiele-Tecklenburg_Credit_Daniel_Lagerpusch_HIGH_END7-1-scaled.jpg",2560,1881,false],"tp-image-grid":["http:\/\/www.musical-today.de\/wp-content\/uploads\/2025\/06\/Pressebilder_PRISCILLA_Freilichtspiele-Tecklenburg_Credit_Daniel_Lagerpusch_HIGH_END7-1-700x700.jpg",700,700,true],"thumbnail":["http:\/\/www.musical-today.de\/wp-content\/uploads\/2025\/06\/Pressebilder_PRISCILLA_Freilichtspiele-Tecklenburg_Credit_Daniel_Lagerpusch_HIGH_END7-1-600x441.jpg",600,441,true],"medium":["http:\/\/www.musical-today.de\/wp-content\/uploads\/2025\/06\/Pressebilder_PRISCILLA_Freilichtspiele-Tecklenburg_Credit_Daniel_Lagerpusch_HIGH_END7-1-1200x882.jpg",1200,882,true],"medium_large":["http:\/\/www.musical-today.de\/wp-content\/uploads\/2025\/06\/Pressebilder_PRISCILLA_Freilichtspiele-Tecklenburg_Credit_Daniel_Lagerpusch_HIGH_END7-1-770x566.jpg",770,566,true],"large":["http:\/\/www.musical-today.de\/wp-content\/uploads\/2025\/06\/Pressebilder_PRISCILLA_Freilichtspiele-Tecklenburg_Credit_Daniel_Lagerpusch_HIGH_END7-1-1920x1411.jpg",1139,837,true],"default":"http:\/\/www.musical-today.de\/wp-content\/plugins\/the-plus-addons-for-block-editor\/assets\/images\/tpgb-placeholder.jpg"},"tpgb_post_meta_info":{"get_date":"25.06.2025","get_modified_date":"25.06.2025","category_list":{"category":[{"term_id":180,"name":"Tecklenburg","slug":"tecklenburg","term_group":0,"term_taxonomy_id":180,"taxonomy":"category","description":"","parent":19,"count":3,"filter":"raw","term_order":"93"}],"post_tag":false,"post_format":false},"author_name":"Thorsten Wulf","author_url":"http:\/\/www.musical-today.de\/en\/autor\/thorstenwulf\/","author_email":"temporary-removeA4NFvLqOZ1OP6bk@tmp.com","author_website":"","author_description":"lebt in Dortmund und arbeitet deutschlandweit als Trainer f\u00fcr Kommunikation, Konfliktmanagement und F\u00fchrung. In seiner Freizeit leitet er einen Show-Chor, die \u201eChorkenzieher\u201c, die alle zwei Jahre ein neues Programm auf die B\u00fchne bringen. Schon sein Leben lang liebt er Musicals und sch\u00e4tzt die gr\u00f6\u00dfer werdende Vielfalt an Themen und Musikstilen. Seit 2011 rezensiert er aktuelle Shows.","author_facebook":"","author_twitter":"","author_instagram":"","author_role":["author"],"author_firstname":"Thorsten","author_lastname":"Wulf","user_login":"thorstenwulf","author_avatar":"<img src=\"http:\/\/www.musical-today.de\/wp-content\/uploads\/2024\/03\/Thorsten-Wulf-293x293.jpg\" width=\"200\" height=\"200\" alt=\"Thorsten Wulf\" class=\"avatar avatar-200 wp-user-avatar wp-user-avatar-200 alignnone photo\" \/>","author_avatar_url":"http:\/\/www.musical-today.de\/wp-content\/uploads\/2024\/03\/Thorsten-Wulf-scaled.jpg","comment_count":0,"post_likes":0,"post_views":0},"tpgb_post_category":{"category":"<a href=\"http:\/\/www.musical-today.de\/en\/deutschland\/tecklenburg\/\" alt=\"Tecklenburg\"  class=\"category-tecklenburg\">Tecklenburg<\/a> "},"_links":{"self":[{"href":"http:\/\/www.musical-today.de\/en\/wp-json\/wp\/v2\/posts\/12140","targetHints":{"allow":["GET"]}}],"collection":[{"href":"http:\/\/www.musical-today.de\/en\/wp-json\/wp\/v2\/posts"}],"about":[{"href":"http:\/\/www.musical-today.de\/en\/wp-json\/wp\/v2\/types\/post"}],"author":[{"embeddable":true,"href":"http:\/\/www.musical-today.de\/en\/wp-json\/wp\/v2\/users\/48"}],"replies":[{"embeddable":true,"href":"http:\/\/www.musical-today.de\/en\/wp-json\/wp\/v2\/comments?post=12140"}],"version-history":[{"count":0,"href":"http:\/\/www.musical-today.de\/en\/wp-json\/wp\/v2\/posts\/12140\/revisions"}],"wp:featuredmedia":[{"embeddable":true,"href":"http:\/\/www.musical-today.de\/en\/wp-json\/wp\/v2\/media\/12158"}],"wp:attachment":[{"href":"http:\/\/www.musical-today.de\/en\/wp-json\/wp\/v2\/media?parent=12140"}],"wp:term":[{"taxonomy":"category","embeddable":true,"href":"http:\/\/www.musical-today.de\/en\/wp-json\/wp\/v2\/categories?post=12140"},{"taxonomy":"post_tag","embeddable":true,"href":"http:\/\/www.musical-today.de\/en\/wp-json\/wp\/v2\/tags?post=12140"}],"curies":[{"name":"wp","href":"https:\/\/api.w.org\/{rel}","templated":true}]}}