{"id":12944,"date":"2025-09-22T21:44:58","date_gmt":"2025-09-22T19:44:58","guid":{"rendered":"https:\/\/www.musical-today.de\/?p=12944"},"modified":"2025-09-22T21:45:15","modified_gmt":"2025-09-22T19:45:15","slug":"mannheim-cabaret","status":"publish","type":"post","link":"http:\/\/www.musical-today.de\/en\/mannheim-cabaret\/","title":{"rendered":"Cabaret"},"content":{"rendered":"<div class=\"lets-info-up-wrap  lets-info-up--right lets-info-up--m-1 lets-info-up-skin-3 lets-info-up--side lets-info-up-11050\" style=\"background:#fafafa; color: #616161\">\t\t\t<div class=\"lets-info-up\">\r\n\t\t\t<div class=\"lets-info-up-fi\"><img decoding=\"async\" width=\"500\" height=\"333\" src=\"http:\/\/www.musical-today.de\/wp-content\/uploads\/2024\/01\/qi-addons-for-elementor-placeholder-500x333.png\" class=\"attachment-lets-info-up-d1 size-lets-info-up-d1\" alt=\"|\" srcset=\"http:\/\/www.musical-today.de\/wp-content\/uploads\/2024\/01\/qi-addons-for-elementor-placeholder-500x333.png 500w, http:\/\/www.musical-today.de\/wp-content\/uploads\/2024\/01\/qi-addons-for-elementor-placeholder-300x200.png 300w, http:\/\/www.musical-today.de\/wp-content\/uploads\/2024\/01\/qi-addons-for-elementor-placeholder-1024x683.png 1024w, http:\/\/www.musical-today.de\/wp-content\/uploads\/2024\/01\/qi-addons-for-elementor-placeholder-883x589.png 883w, http:\/\/www.musical-today.de\/wp-content\/uploads\/2024\/01\/qi-addons-for-elementor-placeholder-18x12.png 18w, http:\/\/www.musical-today.de\/wp-content\/uploads\/2024\/01\/qi-addons-for-elementor-placeholder-360x240.png 360w, http:\/\/www.musical-today.de\/wp-content\/uploads\/2024\/01\/qi-addons-for-elementor-placeholder-1155x770.png 1155w, http:\/\/www.musical-today.de\/wp-content\/uploads\/2024\/01\/qi-addons-for-elementor-placeholder-370x247.png 370w, http:\/\/www.musical-today.de\/wp-content\/uploads\/2024\/01\/qi-addons-for-elementor-placeholder-770x513.png 770w, http:\/\/www.musical-today.de\/wp-content\/uploads\/2024\/01\/qi-addons-for-elementor-placeholder-293x195.png 293w, http:\/\/www.musical-today.de\/wp-content\/uploads\/2024\/01\/qi-addons-for-elementor-placeholder-120x80.png 120w, http:\/\/www.musical-today.de\/wp-content\/uploads\/2024\/01\/qi-addons-for-elementor-placeholder-240x160.png 240w, http:\/\/www.musical-today.de\/wp-content\/uploads\/2024\/01\/qi-addons-for-elementor-placeholder-390x260.png 390w, http:\/\/www.musical-today.de\/wp-content\/uploads\/2024\/01\/qi-addons-for-elementor-placeholder.png 1200w\" sizes=\"(max-width: 500px) 100vw, 500px\" title=\"\"><\/div>\t\t\t<div class=\"lets-info-up-block-wrap\">\r\n\t\t\t\t<div class=\"lets-info-up-block lets-info-up-meta-block\"><div class=\"lets-info-up-meta-title lets-info-up-pretitle font-h\" style=\"color: #8c6d18;\">oRT<\/div><div class=\"lets-info-up-meta-content lets-info-up-title font-b\">Capitol<\/div><\/div><div class=\"lets-info-up-block lets-info-up-meta-block\"><div class=\"lets-info-up-meta-title lets-info-up-pretitle font-h\" style=\"color: #8c6d18;\">von<\/div><div class=\"lets-info-up-meta-content lets-info-up-title font-b\">Joe Masteroff (Buch)<br>Fred Ebb (Liedtexte)<br>John Kander (Musik)<\/div><\/div><div class=\"lets-info-up-block lets-info-up-meta-block\"><div class=\"lets-info-up-meta-title lets-info-up-pretitle font-h\" style=\"color: #8c6d18;\">Regie<\/div><div class=\"lets-info-up-meta-content lets-info-up-title font-b\">Jens Daryousch Ravari<\/div><\/div><div class=\"lets-info-up-block lets-info-up-meta-block\"><div class=\"lets-info-up-meta-title lets-info-up-pretitle font-h\" style=\"color: #8c6d18;\">Urauff\u00fchrunG<\/div><div class=\"lets-info-up-meta-content lets-info-up-title font-b\">1966<\/div><\/div><div class=\"lets-info-up-block lets-info-up-meta-block\"><div class=\"lets-info-up-meta-title lets-info-up-pretitle font-h\" style=\"color: #8c6d18;\">INFOS<\/div><div class=\"lets-info-up-meta-content lets-info-up-title font-b\"><a href=\"https:\/\/www.capitol-mannheim.de\/veranstaltung\/cabaret-dez25?termin=0&amp;sortierung=0\" target=\"_blank\" rel=\"noreferrer noopener\">www.capitol-mannheim.de<\/a><\/div><\/div>\t\t\t<\/div>\r\n\t\t\t<\/div>\r\n\t\t<\/div>\r\n\t\t\n\n\n<p><strong><strong>Tolle Stimmen in einer sorgf\u00e4ltigen Inszenierung des Klassikers \u201eCabaret\u201c<\/strong><\/strong><\/p>\n\n\n\n<p>Wie sch\u00f6n war die Zeit, als \u201eCabaret\u201c nur ein historischer R\u00fcckblick war \u2013 derzeit wird das Kander\/Ebb-Musical mit jeder bedrohten Demokratie auf der Welt wieder zum brandaktuellen Lehrspiel. In einer nuancenreichen Inszenierung zeigt das Mannheimer Capitol vor allem die Auswirkung politischer Umst\u00e4nde aufs Private: wie Mutlosigkeit und Nicht-wissen-Wollen zum Zerbrechen pers\u00f6nlicher Beziehungen f\u00fchren, zum bitteren Ende zweier gerade begonnenen Liebesgeschichten. Weniger grell, ja fast schon resigniert begleitet der Conf\u00e9rencier das Spiel.<\/p>\n\n\n\n<p>Auf einer B\u00fchne von Brecht\u2019scher Kargheit \u2013 das Orchester sitzt hinten, agiert wird praktisch nur auf der Vorderb\u00fchne \u2013 zeigt Kost\u00fcmbildnerin Sybille G\u00e4n\u00dflen-Zeit sch\u00f6n, aber leider zu selten die Zeit des Jugendstils und der 1920er Jahre, etwa in den eleganten Wasserwellenfrisuren der Damen. Ansonsten nehmen Glitzer und Lurex \u00fcberhand, sehr direkt erinnern die vier T\u00e4nzerinnen im Kit-Kat-Club in einer Nummer an Liza Minnellis Filmauftritt als Sally Bowles. Die Choreografien von Doris Marlis sind zweckdienlich, aber sicher nicht weltbewegend.<\/p>\n\n\n\n<p>Manche Szenen stellen die Freiz\u00fcgigkeit der damaligen Zeit deutlich heraus, das lustvolle Grenz\u00fcberschreiten zur Nacktheit oder zur exzentrischen Extravaganz, etwa in der schwarzen Tourn\u00fcre, die Andrea Matthias Pagani als Conf\u00e9rencier zum rosaroten Anzug tr\u00e4gt. Den Master of Ceremonies umweht unter seiner fast schon barocken Schminke der leise Hauch eines abgehalfterten Dandys, hinter seinen aggressiven Auftritten erscheint eine immer st\u00e4rkere M\u00fcdigkeit, die im oft gestrichenen Song \u201eNichts ber\u00fchrt mich\u201c kulminiert: die Machtlosigkeit vor den M\u00e4chtigen. Gesungen wird durchweg deutsch, was bei Titeln wie \u201eVielleicht diesmal\u201c oder \u201eGeld h\u00e4lt unsere Welt in Schwung\u201c zu einem L\u00e4cheln f\u00fchrt \u2013 sie h\u00f6rt man sonst fast immer im englischen Original.<\/p>\n\n\n<div  class=\"tpgb-wrap-956d14_12944  tpgb-wrap-fw \"  ><div id=\"956d14_12944\" class=\"tpgb-block-956d14_12944 tpgb-relative-block tpgb-gallery-list tpgb-metro gallery-style-2 hover-image-style-1   \" data-style=\"style-2\" data-id=\"956d14_12944\" data-layout=\"metro\" data-fancy-option='{\"loop\":false,\"thumb\":\"no\",\"infobar\":true,\"arrows\":true,\"transitionEffect\":\"slide\",\"button\":[\"close\"]}' data-splide='\"\"' data-metroAttr= '{\"metro_col\":3,\"tab_metro_col\":3,\"mobile_metro_col\":3,\"metro_style\":\"style-1\",\"tab_metro_style\":\"style-1\",\"mobile_metro_style\":\"style-1\"}' ><div class=\"tpgb-row post-loop-inner \"><div class=\"grid-item metro-item-0    tpgb-metro-1  tpgb-tab-metro-1  tpgb-mobile-metro-1 \"><a href=\"http:\/\/www.musical-today.de\/wp-content\/uploads\/2025\/09\/pressefoto_cabaret_1-c-rene_van_der_voorden_2.jpg\" class=\"tpgb-gallery-list-content tpgb-trans-easeinout\" data-fancybox=\"956d14_12944\" data-caption=\"Foto: Rene van der Voorden\/VoordenGraphy.com\" aria-label=\"Foto: Rene van der Voorden\/VoordenGraphy.com\"><div class=\"post-content-image\"><div class=\"tpgb-metro-gallery-image\" style=\"background: url(http:\/\/www.musical-today.de\/wp-content\/uploads\/2025\/09\/pressefoto_cabaret_1-c-rene_van_der_voorden_2.jpg);\"><\/div><\/div><div class=\"post-content-center\"><div class=\"post-zoom-icon\"><div class=\"meta-search-icon\"><span><img decoding=\"async\" class=\"fancy-img\" src=\"http:\/\/www.musical-today.de\/wp-content\/uploads\/2025\/09\/pressefoto_cabaret_1-c-rene_van_der_voorden_2.jpg\" alt=\"Media Image1\" title=\"\"><i class=\"fas fa-search-plus pop-icon\"><\/i><\/span><\/div><\/div><div class=\"post-content-bottom\"><p class=\"post-title tpgb-trans-easeinout\">Foto: Rene van der Voorden\/VoordenGraphy.com<\/p><\/div><\/div><\/a><\/div><div class=\"grid-item metro-item-1    tpgb-metro-2  tpgb-tab-metro-2  tpgb-mobile-metro-2 \"><a href=\"http:\/\/www.musical-today.de\/wp-content\/uploads\/2025\/09\/pressefoto_cabaret_6-c-rene_van_der_voorden.jpg\" class=\"tpgb-gallery-list-content tpgb-trans-easeinout\" data-fancybox=\"956d14_12944\" data-caption=\"Foto: Rene van der Voorden\/VoordenGraphy.com\" aria-label=\"Foto: Rene van der Voorden\/VoordenGraphy.com\"><div class=\"post-content-image\"><div class=\"tpgb-metro-gallery-image\" style=\"background: url(http:\/\/www.musical-today.de\/wp-content\/uploads\/2025\/09\/pressefoto_cabaret_6-c-rene_van_der_voorden.jpg);\"><\/div><\/div><div class=\"post-content-center\"><div class=\"post-zoom-icon\"><div class=\"meta-search-icon\"><span><img decoding=\"async\" class=\"fancy-img\" src=\"http:\/\/www.musical-today.de\/wp-content\/uploads\/2025\/09\/pressefoto_cabaret_6-c-rene_van_der_voorden.jpg\" alt=\"Media Image2\" title=\"\"><i class=\"fas fa-search-plus pop-icon\"><\/i><\/span><\/div><\/div><div class=\"post-content-bottom\"><p class=\"post-title tpgb-trans-easeinout\">Foto: Rene van der Voorden\/VoordenGraphy.com<\/p><\/div><\/div><\/a><\/div><div class=\"grid-item metro-item-2    tpgb-metro-3  tpgb-tab-metro-3  tpgb-mobile-metro-3 \"><a href=\"http:\/\/www.musical-today.de\/wp-content\/uploads\/2025\/09\/pressefoto_cabaret_14-c-rene_van_der_voorden.jpg\" class=\"tpgb-gallery-list-content tpgb-trans-easeinout\" data-fancybox=\"956d14_12944\" data-caption=\"Foto: Rene van der Voorden\/VoordenGraphy.com\" aria-label=\"Foto: Rene van der Voorden\/VoordenGraphy.com\"><div class=\"post-content-image\"><div class=\"tpgb-metro-gallery-image\" style=\"background: url(http:\/\/www.musical-today.de\/wp-content\/uploads\/2025\/09\/pressefoto_cabaret_14-c-rene_van_der_voorden.jpg);\"><\/div><\/div><div class=\"post-content-center\"><div class=\"post-zoom-icon\"><div class=\"meta-search-icon\"><span><img decoding=\"async\" class=\"fancy-img\" src=\"http:\/\/www.musical-today.de\/wp-content\/uploads\/2025\/09\/pressefoto_cabaret_14-c-rene_van_der_voorden.jpg\" alt=\"Media Image3\" title=\"\"><i class=\"fas fa-search-plus pop-icon\"><\/i><\/span><\/div><\/div><div class=\"post-content-bottom\"><p class=\"post-title tpgb-trans-easeinout\">Foto: Rene van der Voorden\/VoordenGraphy.com<\/p><\/div><\/div><\/a><\/div><\/div><\/div><\/div>\n\n\n<p>Dass Cliff, der Dichter aus den USA, homosexuell ist, sehen wir etwas \u00fcberfallartig gleich zu Beginn, als er w\u00e4hrend der Englisch-Stunden einen Quickie mit seiner Reisebekanntschaft Ernst Ludwig (Tim Stolberg) hinlegt. Sascha Stead spielt den erfolglosen Autor durchweg ernst, fast seri\u00f6s; manchmal fragt man sich, welche Art von Inspiration er im wilden Berlin \u00fcberhaupt sucht. Die Rolle ist oft mit Schauspielern besetzt, Steads hervorragende Stimme er\u00f6ffnet ganz neue musikalische Perspektiven. Auch Jennifer Siemann arbeitet mit ihrem Tomboy-Charme gegen das Klischee von Sally Bowles an. Ihre tolle Beltstimme setzt sie wunderbar locker ein, immer wieder mischen sich bei ihren Clubauftritten die Gef\u00fchle der echten Sally in die reinen Shownummern. In ihrem laut und zynisch werdenden Zerw\u00fcrfnis mit Cliff arbeitet die Inszenierung am Schluss die gewollte politische Ignoranz der Nachtclubs\u00e4ngerin heraus, genau jenes Gef\u00fchl vom gef\u00e4hrlichen, ganz bewussten Tanz in den Untergang.<\/p>\n\n\n\n<p>Als erstaunlich jung gebliebenes Fr\u00e4ulein Schneider berlinert sich Susan Horn erfrischend spontan durch den Abend, eine Grande Dame mit Bodenhaftung und stimmlich alles andere als eine Diseuse; f\u00fcr eine relativ kleinformatige Produktion ist die Mannheimer Auff\u00fchrung wirklich hervorragend besetzt. Die detailreich ausgespielten Dialoge des \u00e4lteren Paares sind r\u00fchrend zu beobachten. Bei \u201eOh Vaterland\u201c singt der liebenswerte Herr Schultz (Tilman Madaus) noch arglos mit, bevor eine Hakenkreuz-Fahne herunterknallt und einige Zuschauer zu Protesten reizt.<\/p>\n\n\n\n<p>Die neunk\u00f6pfige Band unter der Leitung von Marcos Padotzke trifft den Klang zwischen Broadway-Erfolg und zwielichtiger Nachtclub-Kapelle bestens, mit raffinierten dynamischen Nuancen. Das einzige, leider gro\u00dfe Manko des Abends ist der viel zu laut ausgesteuerte, oft mit Hall belegte Ton. Am Schluss sitzt der Conf\u00e9rencier im Zug neben Cliff und will genauso raus aus Deutschland. Dann geht die fr\u00f6hliche Musik kaputt, die Band spielt falsch und der Trommelwirbel wird entsetzlich laut.<\/p>\n\n\n\n<hr class=\"wp-block-separator has-alpha-channel-opacity is-style-dots\"\/>\n\n\n\n<p class=\"has-small-font-size\">Musikalische Leitung: Marcos Padotzke \u2022 Choreografie: Doris Marlis \u2022 B\u00fchne und Licht: Michel Honold und Paul Hermann \u2022 Kost\u00fcme: Sybille G\u00e4n\u00dflen-Zeit \u2022 Mit: Jennifer Siemann (Sally Bowles), Andrea Matthias Pagani (Conf\u00e9rencier), Susan Horn (Fr\u00e4ulein Schneider), Sascha Stead (Clifford Bradshaw), Tina Podstawa (Fr\u00e4ulein Franzi Kost), Tilman Madaus (Herr Schultz), Tim Stolberg (Ernst Ludwig), Felicitas Hadzik (Rosie), Isabel Thouw (Lulu), Katharina Meissner (Helga) u.a.<br><br>Aufmacherfoto: Rene van der Voorden\/VoordenGraphy.com<\/p>\n","protected":false},"excerpt":{"rendered":"<p>Tolle Stimmen in einer sorgf\u00e4ltigen Inszenierung des Klassikers \u201eCabaret\u201c Wie sch\u00f6n war die Zeit, als \u201eCabaret\u201c nur ein historischer R\u00fcckblick war \u2013 derzeit wird das Kander\/Ebb-Musical mit jeder bedrohten Demokratie auf der Welt wieder zum brandaktuellen Lehrspiel. In einer nuancenreichen Inszenierung zeigt das Mannheimer Capitol vor allem die Auswirkung politischer Umst\u00e4nde aufs Private: wie Mutlosigkeit und Nicht-wissen-Wollen zum Zerbrechen pers\u00f6nlicher Beziehungen f\u00fchren, zum bitteren Ende zweier gerade begonnenen Liebesgeschichten. Weniger grell, ja fast schon resigniert begleitet der Conf\u00e9rencier das Spiel. [&hellip;]<\/p>\n","protected":false},"author":19,"featured_media":12945,"comment_status":"closed","ping_status":"closed","sticky":false,"template":"","format":"standard","meta":{"tpgb_global_settings":"","footnotes":""},"categories":[239],"tags":[],"class_list":["post-12944","post","type-post","status-publish","format-standard","has-post-thumbnail","hentry","category-mannheim"],"tpgb_featured_images":{"full":["http:\/\/www.musical-today.de\/wp-content\/uploads\/2025\/09\/pressefoto_cabaret_13-c-rene_van_der_voorden.jpg",2000,1333,false],"tp-image-grid":["http:\/\/www.musical-today.de\/wp-content\/uploads\/2025\/09\/pressefoto_cabaret_13-c-rene_van_der_voorden-700x700.jpg",700,700,true],"thumbnail":["http:\/\/www.musical-today.de\/wp-content\/uploads\/2025\/09\/pressefoto_cabaret_13-c-rene_van_der_voorden-600x400.jpg",600,400,true],"medium":["http:\/\/www.musical-today.de\/wp-content\/uploads\/2025\/09\/pressefoto_cabaret_13-c-rene_van_der_voorden-1200x800.jpg",1200,800,true],"medium_large":["http:\/\/www.musical-today.de\/wp-content\/uploads\/2025\/09\/pressefoto_cabaret_13-c-rene_van_der_voorden-770x513.jpg",770,513,true],"large":["http:\/\/www.musical-today.de\/wp-content\/uploads\/2025\/09\/pressefoto_cabaret_13-c-rene_van_der_voorden-1920x1280.jpg",1139,759,true],"default":"http:\/\/www.musical-today.de\/wp-content\/plugins\/the-plus-addons-for-block-editor\/assets\/images\/tpgb-placeholder.jpg"},"tpgb_post_meta_info":{"get_date":"22.09.2025","get_modified_date":"22.09.2025","category_list":{"category":[{"term_id":239,"name":"Mannheim","slug":"mannheim","term_group":0,"term_taxonomy_id":239,"taxonomy":"category","description":"","parent":19,"count":2,"filter":"raw","term_order":"66"}],"post_tag":false,"post_format":false},"author_name":"Angela Reinhardt","author_url":"http:\/\/www.musical-today.de\/en\/autor\/angelareinhardt\/","author_email":"angelareinhardt@aol.com","author_website":"","author_description":"studierte in Stuttgart Germanistik und Romanistik und arbeitet seit 1990 als freie Kulturjournalistin. Sie schreibt vor allem \u00fcber Tanz und ist Mitautorin von B\u00fcchern \u00fcber die Choreografen John Cranko und Marco Goecke sowie \u00fcber den Stuttgarter Ballettintendanten Reid Anderson. Von 1991 bis 2023 war sie regelm\u00e4\u00dfig f\u00fcr die Zeitschrift \u201emusicals\u201c im s\u00fcddeutschen Raum unterwegs.","author_facebook":"","author_twitter":"","author_instagram":"","author_role":["author","editor","redakteur","redaktionsteam"],"author_firstname":"Angela","author_lastname":"Reinhardt","user_login":"angelareinhardt","author_avatar":"<img src=\"http:\/\/www.musical-today.de\/wp-content\/uploads\/2024\/03\/434034552_122093726612266069_5386620108228489486_n-293x293.jpg\" width=\"200\" height=\"200\" alt=\"Angela Reinhardt\" class=\"avatar avatar-200 wp-user-avatar wp-user-avatar-200 alignnone photo\" \/>","author_avatar_url":"http:\/\/www.musical-today.de\/wp-content\/uploads\/2024\/03\/434034552_122093726612266069_5386620108228489486_n.jpg","comment_count":0,"post_likes":0,"post_views":0},"tpgb_post_category":{"category":"<a href=\"http:\/\/www.musical-today.de\/en\/deutschland\/mannheim\/\" alt=\"Mannheim\"  class=\"category-mannheim\">Mannheim<\/a> "},"_links":{"self":[{"href":"http:\/\/www.musical-today.de\/en\/wp-json\/wp\/v2\/posts\/12944","targetHints":{"allow":["GET"]}}],"collection":[{"href":"http:\/\/www.musical-today.de\/en\/wp-json\/wp\/v2\/posts"}],"about":[{"href":"http:\/\/www.musical-today.de\/en\/wp-json\/wp\/v2\/types\/post"}],"author":[{"embeddable":true,"href":"http:\/\/www.musical-today.de\/en\/wp-json\/wp\/v2\/users\/19"}],"replies":[{"embeddable":true,"href":"http:\/\/www.musical-today.de\/en\/wp-json\/wp\/v2\/comments?post=12944"}],"version-history":[{"count":0,"href":"http:\/\/www.musical-today.de\/en\/wp-json\/wp\/v2\/posts\/12944\/revisions"}],"wp:featuredmedia":[{"embeddable":true,"href":"http:\/\/www.musical-today.de\/en\/wp-json\/wp\/v2\/media\/12945"}],"wp:attachment":[{"href":"http:\/\/www.musical-today.de\/en\/wp-json\/wp\/v2\/media?parent=12944"}],"wp:term":[{"taxonomy":"category","embeddable":true,"href":"http:\/\/www.musical-today.de\/en\/wp-json\/wp\/v2\/categories?post=12944"},{"taxonomy":"post_tag","embeddable":true,"href":"http:\/\/www.musical-today.de\/en\/wp-json\/wp\/v2\/tags?post=12944"}],"curies":[{"name":"wp","href":"https:\/\/api.w.org\/{rel}","templated":true}]}}