{"id":13025,"date":"2025-09-30T23:22:00","date_gmt":"2025-09-30T21:22:00","guid":{"rendered":"https:\/\/www.musical-today.de\/?p=13025"},"modified":"2025-10-01T01:24:38","modified_gmt":"2025-09-30T23:24:38","slug":"bielefeld-anastasia-das-musical","status":"publish","type":"post","link":"http:\/\/www.musical-today.de\/en\/bielefeld-anastasia-das-musical\/","title":{"rendered":"Anastasia \u2013 Das Musical"},"content":{"rendered":"<div class=\"lets-info-up-wrap  lets-info-up--right lets-info-up--m-1 lets-info-up-skin-3 lets-info-up--side lets-info-up-53418\" style=\"background:#fafafa; color: #616161\">\t\t\t<div class=\"lets-info-up\">\r\n\t\t\t<div class=\"lets-info-up-fi\"><img decoding=\"async\" width=\"500\" height=\"333\" src=\"http:\/\/www.musical-today.de\/wp-content\/uploads\/2024\/01\/qi-addons-for-elementor-placeholder-500x333.png\" class=\"attachment-lets-info-up-d1 size-lets-info-up-d1\" alt=\"|\" srcset=\"http:\/\/www.musical-today.de\/wp-content\/uploads\/2024\/01\/qi-addons-for-elementor-placeholder-500x333.png 500w, http:\/\/www.musical-today.de\/wp-content\/uploads\/2024\/01\/qi-addons-for-elementor-placeholder-300x200.png 300w, http:\/\/www.musical-today.de\/wp-content\/uploads\/2024\/01\/qi-addons-for-elementor-placeholder-1024x683.png 1024w, http:\/\/www.musical-today.de\/wp-content\/uploads\/2024\/01\/qi-addons-for-elementor-placeholder-883x589.png 883w, http:\/\/www.musical-today.de\/wp-content\/uploads\/2024\/01\/qi-addons-for-elementor-placeholder-18x12.png 18w, http:\/\/www.musical-today.de\/wp-content\/uploads\/2024\/01\/qi-addons-for-elementor-placeholder-360x240.png 360w, http:\/\/www.musical-today.de\/wp-content\/uploads\/2024\/01\/qi-addons-for-elementor-placeholder-1155x770.png 1155w, http:\/\/www.musical-today.de\/wp-content\/uploads\/2024\/01\/qi-addons-for-elementor-placeholder-370x247.png 370w, http:\/\/www.musical-today.de\/wp-content\/uploads\/2024\/01\/qi-addons-for-elementor-placeholder-770x513.png 770w, http:\/\/www.musical-today.de\/wp-content\/uploads\/2024\/01\/qi-addons-for-elementor-placeholder-293x195.png 293w, http:\/\/www.musical-today.de\/wp-content\/uploads\/2024\/01\/qi-addons-for-elementor-placeholder-120x80.png 120w, http:\/\/www.musical-today.de\/wp-content\/uploads\/2024\/01\/qi-addons-for-elementor-placeholder-240x160.png 240w, http:\/\/www.musical-today.de\/wp-content\/uploads\/2024\/01\/qi-addons-for-elementor-placeholder-390x260.png 390w, http:\/\/www.musical-today.de\/wp-content\/uploads\/2024\/01\/qi-addons-for-elementor-placeholder.png 1200w\" sizes=\"(max-width: 500px) 100vw, 500px\" title=\"\"><\/div>\t\t\t<div class=\"lets-info-up-block-wrap\">\r\n\t\t\t\t<div class=\"lets-info-up-block lets-info-up-meta-block\"><div class=\"lets-info-up-meta-title lets-info-up-pretitle font-h\" style=\"color: #8c6d18;\">oRT<\/div><div class=\"lets-info-up-meta-content lets-info-up-title font-b\">Theater Bielefeld<\/div><\/div><div class=\"lets-info-up-block lets-info-up-meta-block\"><div class=\"lets-info-up-meta-title lets-info-up-pretitle font-h\" style=\"color: #8c6d18;\">von<\/div><div class=\"lets-info-up-meta-content lets-info-up-title font-b\">Stephen Flaherty (Musik)<br>Terrence McNally (Buch)<br>Lynn Ahrens (Liedtexte)<br>Wolfgang Adenberg und Ruth Deny (Deutsche Fassung)<\/div><\/div><div class=\"lets-info-up-block lets-info-up-meta-block\"><div class=\"lets-info-up-meta-title lets-info-up-pretitle font-h\" style=\"color: #8c6d18;\">Regie<\/div><div class=\"lets-info-up-meta-content lets-info-up-title font-b\">Janina Niehus<\/div><\/div><div class=\"lets-info-up-block lets-info-up-meta-block\"><div class=\"lets-info-up-meta-title lets-info-up-pretitle font-h\" style=\"color: #8c6d18;\">Urauff\u00fchrunG<\/div><div class=\"lets-info-up-meta-content lets-info-up-title font-b\">2016<\/div><\/div><div class=\"lets-info-up-block lets-info-up-meta-block\"><div class=\"lets-info-up-meta-title lets-info-up-pretitle font-h\" style=\"color: #8c6d18;\">INFOS<\/div><div class=\"lets-info-up-meta-content lets-info-up-title font-b\"><a href=\"https:\/\/www.buo-bielefeld.de\/theater\/veranstaltung\/anastasia-das-musical\" data-type=\"link\" target=\"_blank\" rel=\"noopener noreferrer nofollow\">www.buo-bielefeld.de<\/a><\/div><\/div>\t\t\t<\/div>\r\n\t\t\t<\/div>\r\n\t\t<\/div>\r\n\t\t\n\n\n<p><strong><strong>\u201eAnastasia\u201c fehlt die Farbe<\/strong><\/strong><\/p>\n\n\n\n<p>Zwischen historischer Realit\u00e4t und Illusion bewegt sich der Mythos um die Zarentochter Anastasia, die lange als einzige \u00dcberlebende der Zarenfamilie der Russischen Revolten von 1918 galt. Bekannt ist die Geschichte der Waise Anja, die mithilfe von Dimitri und Wlad nach Paris und zur\u00fcck zu ihrer Gro\u00dfmutter findet, vor allem durch den Animationsfilm von 1997. Das passende Musical wird der ein oder andere in der 2018er Stuttgarter Stage-Entertainment-Produktion oder 2022 in Linz gesehen haben. In Bielefeld h\u00fcllt Janina Niehus den M\u00e4rchenstoff nun in ein tristes Gewand, welches die Gestaltungskraft von Musik und Darstellern vor Herausforderungen stellt.<\/p>\n\n\n\n<p>Die \u201eschlanke\u201c Inszenierung soll Raum f\u00fcr Fantasie lassen, erkl\u00e4rt Dramaturg J\u00f3n Philipp von Linden in der Einf\u00fchrung \u2013 leider l\u00e4sst sie im selben Zuge auch Raum f\u00fcr Monotonie und Schwere. Eine schwarzwei\u00dfe Welt skizziert die Erinnerung der Zarenmutter auf einer leeren B\u00fchne (Ausstattung: Sebastian Ellrich), die mit B\u00e4nken, Treppen und Neonr\u00f6hren die Silhouetten von St. Petersburg und Paris formt; wei\u00dfe Laken h\u00e4ngen aus dem Schn\u00fcrboden, die politische Einordnung in die Zeit schaffen Neon-Hammer und -Sichel. Ein Monster-Ventilator \u2013 mithilfe von Lichtstreifen als B\u00fchnenbild getarnt \u2013 wirbelt Kunstschnee und \u00fcberm\u00e4\u00dfigen Nebel in den Zuschauerraum, die B\u00fchne versinkt in Schatten und Dunkelheit. Clever: Ein gro\u00dfes Russland-R baut aus dem Schriftzug \u201eEvolution\u201c das Wort \u201eRevolution\u201c, w\u00e4hrend im Finale alle Silhouetten ein Gesamtbild ergeben, dass allerdings nur vom Parkett aus klar zu genie\u00dfen ist.<\/p>\n\n\n\n<p>Im Kontrast zur Optik begeistert die romantische Musik in Disney-Manier, die von Musical-Kapellmeister William Ward Murta eigens f\u00fcr die M\u00f6glichkeiten eines gro\u00dfen Stadttheaterorchesters hierzulande arrangiert wurde. Am Pult l\u00e4sst er die Zwischent\u00f6ne glitzern und zaubert einen reichen Orchestersound, der gemeinsam mit den Stimmen auf der B\u00fchne die mitrei\u00dfende Musik aus dem Film darbietet. In den Choreografien bleibt die Gr\u00f6\u00dfe der B\u00fchne ungenutzt, die T\u00e4nzer stehen sich beim Walzer regelm\u00e4\u00dfig auf den F\u00fc\u00dfen, eingeschr\u00e4nkt durch die gro\u00dfe H\u00e4ngebr\u00fccke, die sich quer \u00fcber die B\u00fchne spannt. Die luftigen Stoffe der Kost\u00fcme, die historisch inspiriert sind, allerdings durch ihre Einfarbigkeit verschwimmen, lassen wenig Raum f\u00fcr Individualit\u00e4t.<\/p>\n\n\n<div  class=\"tpgb-wrap-956d14_13025  tpgb-wrap-fw \"  ><div id=\"956d14_13025\" class=\"tpgb-block-956d14_13025 tpgb-relative-block tpgb-gallery-list tpgb-metro gallery-style-2 hover-image-style-1   \" data-style=\"style-2\" data-id=\"956d14_13025\" data-layout=\"metro\" data-fancy-option='{\"loop\":false,\"thumb\":\"no\",\"infobar\":true,\"arrows\":true,\"transitionEffect\":\"slide\",\"button\":[\"close\"]}' data-splide='\"\"' data-metroAttr= '{\"metro_col\":\"3\",\"tab_metro_col\":3,\"mobile_metro_col\":3,\"metro_style\":\"style-1\",\"tab_metro_style\":\"style-1\",\"mobile_metro_style\":\"style-1\"}' ><div class=\"tpgb-row post-loop-inner \"><div class=\"grid-item metro-item-0    tpgb-metro-1  tpgb-tab-metro-1  tpgb-mobile-metro-1 \"><a href=\"http:\/\/www.musical-today.de\/wp-content\/uploads\/2025\/10\/Anastasia_17.jpg\" class=\"tpgb-gallery-list-content tpgb-trans-easeinout\" data-fancybox=\"956d14_13025\" data-caption=\"Foto: Sarah Jonek Fotografie\" aria-label=\"Foto: Sarah Jonek Fotografie\"><div class=\"post-content-image\"><div class=\"tpgb-metro-gallery-image\" style=\"background: url(http:\/\/www.musical-today.de\/wp-content\/uploads\/2025\/10\/Anastasia_17.jpg);\"><\/div><\/div><div class=\"post-content-center\"><div class=\"post-zoom-icon\"><div class=\"meta-search-icon\"><span><img decoding=\"async\" class=\"fancy-img\" src=\"http:\/\/www.musical-today.de\/wp-content\/uploads\/2025\/10\/Anastasia_17.jpg\" alt=\"Media Image1\" title=\"\"><i class=\"fas fa-search-plus pop-icon\"><\/i><\/span><\/div><\/div><div class=\"post-content-bottom\"><p class=\"post-title tpgb-trans-easeinout\">Foto: Sarah Jonek Fotografie<\/p><\/div><\/div><\/a><\/div><div class=\"grid-item metro-item-1    tpgb-metro-2  tpgb-tab-metro-2  tpgb-mobile-metro-2 \"><a href=\"http:\/\/www.musical-today.de\/wp-content\/uploads\/2025\/10\/Anastasia_08.jpg\" class=\"tpgb-gallery-list-content tpgb-trans-easeinout\" data-fancybox=\"956d14_13025\" data-caption=\"Foto: Sarah Jonek Fotografie\" aria-label=\"Foto: Sarah Jonek Fotografie\"><div class=\"post-content-image\"><div class=\"tpgb-metro-gallery-image\" style=\"background: url(http:\/\/www.musical-today.de\/wp-content\/uploads\/2025\/10\/Anastasia_08.jpg);\"><\/div><\/div><div class=\"post-content-center\"><div class=\"post-zoom-icon\"><div class=\"meta-search-icon\"><span><img decoding=\"async\" class=\"fancy-img\" src=\"http:\/\/www.musical-today.de\/wp-content\/uploads\/2025\/10\/Anastasia_08.jpg\" alt=\"Media Image2\" title=\"\"><i class=\"fas fa-search-plus pop-icon\"><\/i><\/span><\/div><\/div><div class=\"post-content-bottom\"><p class=\"post-title tpgb-trans-easeinout\">Foto: Sarah Jonek Fotografie<\/p><\/div><\/div><\/a><\/div><div class=\"grid-item metro-item-2    tpgb-metro-3  tpgb-tab-metro-3  tpgb-mobile-metro-3 \"><a href=\"http:\/\/www.musical-today.de\/wp-content\/uploads\/2025\/10\/Anastasia_01.jpg\" class=\"tpgb-gallery-list-content tpgb-trans-easeinout\" data-fancybox=\"956d14_13025\" data-caption=\"Foto: Sarah Jonek Fotografie\" aria-label=\"Foto: Sarah Jonek Fotografie\"><div class=\"post-content-image\"><div class=\"tpgb-metro-gallery-image\" style=\"background: url(http:\/\/www.musical-today.de\/wp-content\/uploads\/2025\/10\/Anastasia_01.jpg);\"><\/div><\/div><div class=\"post-content-center\"><div class=\"post-zoom-icon\"><div class=\"meta-search-icon\"><span><img decoding=\"async\" class=\"fancy-img\" src=\"http:\/\/www.musical-today.de\/wp-content\/uploads\/2025\/10\/Anastasia_01.jpg\" alt=\"Media Image3\" title=\"\"><i class=\"fas fa-search-plus pop-icon\"><\/i><\/span><\/div><\/div><div class=\"post-content-bottom\"><p class=\"post-title tpgb-trans-easeinout\">Foto: Sarah Jonek Fotografie<\/p><\/div><\/div><\/a><\/div><\/div><\/div><\/div>\n\n\n<p>Das Protagonisten-Trio widersetzt sich kraftvoll dieser M\u00e4rchen-Tristesse. Hanna Kastner, eingesprungen f\u00fcr die erkrankte Lara Hofmann, ist bem\u00fcht, ihrer Anja Leben einzuhauchen, Andreas Bongards Dimitri punktet vor allem mit Witz und Charisma, w\u00e4hrend Carlos Horacio Rivas als Wlad den Sympathietr\u00e4ger gibt. Betty Vermeulens Zarenmutter ist aufweckend kontrastreich, in ihrem Umhang spiegeln sich die Fragmente der zersplitterten Zarendynastie. Nikolaj Alexander Bruckers Solonummern sind die gesanglichen Highlights des Abends, er zeichnet den Antagonisten Gleb Vaganov als gespaltenen Charakter, w\u00e4hrend der Rest der Figuren m\u00e4rchenhaft oberfl\u00e4chlich bleibt. Engagiert will das d\u00fcnn besetzte Musicalensemble den gro\u00dfen Ensemblenummern Opulenz verleihen, allerdings st\u00f6\u00dft der bem\u00fchte Opernchor dabei an seine darstellerischen Grenzen.<\/p>\n\n\n\n<p>Das Konzept der Reduktion geht nicht auf, von Paris\u2019 Magie bleibt wenig \u00fcbrig, was einen den bunten Kitsch der Stage-Produktion fast schon vermissen l\u00e4sst. Aus der Absicht, eine Dopplung der Romantik des Stoffes in seiner Darstellung zu verhindern, ist eine Negierung der Grundessenz des St\u00fcckes geworden. Der leere Raum bleibt gro\u00dfteils unausgef\u00fcllt, sodass sich, allen musikalischen Vorz\u00fcgen zum Trotz, der knapp dreist\u00fcndige Abend in ausgeschm\u00fcckten Dialogpassagen und betulichen Ensemblenummern in die L\u00e4nge zieht. F\u00fcr Minimalismus und \u00fcberm\u00e4\u00dfige Reduktion ist \u201eAnastasia\u201c das falsche St\u00fcck. Denn auch wenn Musical heutzutage bei weitem nicht mehr opulent, quietschbunt und spektakel\u00fcberladen sein muss, braucht es \u2013 gerade in der heutigen Welt \u2013 doch zumindest ein paar Graustufen.<\/p>\n\n\n\n<hr class=\"wp-block-separator has-alpha-channel-opacity is-style-dots\"\/>\n\n\n\n<p class=\"has-small-font-size\">Musikalische Leitung: William Ward Murta \u2022 Regie: Janina Niehus \u2022 Choreografie: Yara Hassan \u2022 Ausstattung: Sebastian Ellrich \u2022 Licht: Carsten Lenauer \u2022 Sounddesign: Morgan Belle \u2022 Chorleitung: Hagen Enke \u2022 Mit: Hanna Kastner (Anja), Andreas Bongard (Dimitri), Carlos Horacio Rivas (Wlad Popov), Nikolaj Alexander Brucker (Gleb Vaganow), Betty Vermeulen (Marja Fjodorowna, Zarenmutter), Cornelie Isenb\u00fcrger (Gr\u00e4fin Lily Malewski-Malewitsch\/Zarin Alexandra\/Dunja), Ann-Charlotte Wittmann (Marfa\/S\u00e4uferin\/Solistin Schwanensee\/Deutsche Reporterin), Max William Best (Zar Nikolaj II.\/Paulina\/Schwarzmarkth\u00e4ndler\/S\u00e4ufer\/Graf Leopold), Niklas Brunner (Schwarzmarkth\u00e4ndler\/S\u00e4ufer\/Soldat\/Sergej\/Russischer Reporter), Lutz Laible (Schwarzmarkth\u00e4ndler\/S\u00e4ufer\/Gorlinsky\/Graf Grigori\/Franz\u00f6sischer Reporter), Paata Tsivtsivadze (Graf Ippolitov) \u2022 Bielefelder Opernchor \u2022 Theaterballettschule \u2022 Bielefelder Philharmoniker<br><br>Aufmacherfoto: Sarah Jonek Fotografie<\/p>\n","protected":false},"excerpt":{"rendered":"<p>\u201eAnastasia\u201c fehlt die Farbe Zwischen historischer Realit\u00e4t und Illusion bewegt sich der Mythos um die Zarentochter Anastasia, die lange als einzige \u00dcberlebende der Zarenfamilie der Russischen Revolten von 1918 galt. Bekannt ist die Geschichte der Waise Anja, die mithilfe von Dimitri und Wlad nach Paris und zur\u00fcck zu ihrer Gro\u00dfmutter findet, vor allem durch den Animationsfilm von 1997. Das passende Musical wird der ein oder andere in der 2018er Stuttgarter Stage-Entertainment-Produktion oder 2022 in Linz gesehen haben. In Bielefeld h\u00fcllt [&hellip;]<\/p>\n","protected":false},"author":55,"featured_media":13018,"comment_status":"closed","ping_status":"closed","sticky":false,"template":"","format":"standard","meta":{"tpgb_global_settings":"","footnotes":""},"categories":[191],"tags":[],"class_list":["post-13025","post","type-post","status-publish","format-standard","has-post-thumbnail","hentry","category-bielefeld"],"tpgb_featured_images":{"full":["http:\/\/www.musical-today.de\/wp-content\/uploads\/2025\/10\/Anastasia_09.jpg",2000,1334,false],"tp-image-grid":["http:\/\/www.musical-today.de\/wp-content\/uploads\/2025\/10\/Anastasia_09-700x700.jpg",700,700,true],"thumbnail":["http:\/\/www.musical-today.de\/wp-content\/uploads\/2025\/10\/Anastasia_09-600x400.jpg",600,400,true],"medium":["http:\/\/www.musical-today.de\/wp-content\/uploads\/2025\/10\/Anastasia_09-1200x800.jpg",1200,800,true],"medium_large":["http:\/\/www.musical-today.de\/wp-content\/uploads\/2025\/10\/Anastasia_09-770x514.jpg",770,514,true],"large":["http:\/\/www.musical-today.de\/wp-content\/uploads\/2025\/10\/Anastasia_09-1920x1281.jpg",1139,760,true],"default":"http:\/\/www.musical-today.de\/wp-content\/plugins\/the-plus-addons-for-block-editor\/assets\/images\/tpgb-placeholder.jpg"},"tpgb_post_meta_info":{"get_date":"30.09.2025","get_modified_date":"01.10.2025","category_list":{"category":[{"term_id":191,"name":"Bielefeld","slug":"bielefeld","term_group":0,"term_taxonomy_id":191,"taxonomy":"category","description":"","parent":19,"count":2,"filter":"raw","term_order":"10"}],"post_tag":false,"post_format":false},"author_name":"Celina Larab","author_url":"http:\/\/www.musical-today.de\/en\/autor\/celinalarab\/","author_email":"online-cl@musical-today.de","author_website":"","author_description":"lebt neben der Liebe zum Musical ihre Leidenschaft als Kritikerin und Theaterinfluencerin auf ihrem Instagram-Kanal <a href=\"https:\/\/www.instagram.com\/thedramaq_een\">@thedramaq_een<\/a> aus. Nach Abschluss ihres Bachelorstudiums der Theaterwissenschaft sowie -praxis auf und hinter der B\u00fchne studiert sie aktuell Dramaturgie im Master an der Bayerischen Theaterakademie August Everding in M\u00fcnchen.","author_facebook":"","author_twitter":"","author_instagram":"","author_role":["author"],"author_firstname":"Celina","author_lastname":"Larab","user_login":"celinalarab","author_avatar":"<img src=\"http:\/\/www.musical-today.de\/wp-content\/uploads\/2024\/09\/Celina-Larab-275x275.jpg\" width=\"200\" height=\"200\" alt=\"Celina Larab\" class=\"avatar avatar-200 wp-user-avatar wp-user-avatar-200 alignnone photo\" \/>","author_avatar_url":"http:\/\/www.musical-today.de\/wp-content\/uploads\/2024\/09\/Celina-Larab.jpg","comment_count":0,"post_likes":0,"post_views":0},"tpgb_post_category":{"category":"<a href=\"http:\/\/www.musical-today.de\/en\/deutschland\/bielefeld\/\" alt=\"Bielefeld\"  class=\"category-bielefeld\">Bielefeld<\/a> "},"_links":{"self":[{"href":"http:\/\/www.musical-today.de\/en\/wp-json\/wp\/v2\/posts\/13025","targetHints":{"allow":["GET"]}}],"collection":[{"href":"http:\/\/www.musical-today.de\/en\/wp-json\/wp\/v2\/posts"}],"about":[{"href":"http:\/\/www.musical-today.de\/en\/wp-json\/wp\/v2\/types\/post"}],"author":[{"embeddable":true,"href":"http:\/\/www.musical-today.de\/en\/wp-json\/wp\/v2\/users\/55"}],"replies":[{"embeddable":true,"href":"http:\/\/www.musical-today.de\/en\/wp-json\/wp\/v2\/comments?post=13025"}],"version-history":[{"count":0,"href":"http:\/\/www.musical-today.de\/en\/wp-json\/wp\/v2\/posts\/13025\/revisions"}],"wp:featuredmedia":[{"embeddable":true,"href":"http:\/\/www.musical-today.de\/en\/wp-json\/wp\/v2\/media\/13018"}],"wp:attachment":[{"href":"http:\/\/www.musical-today.de\/en\/wp-json\/wp\/v2\/media?parent=13025"}],"wp:term":[{"taxonomy":"category","embeddable":true,"href":"http:\/\/www.musical-today.de\/en\/wp-json\/wp\/v2\/categories?post=13025"},{"taxonomy":"post_tag","embeddable":true,"href":"http:\/\/www.musical-today.de\/en\/wp-json\/wp\/v2\/tags?post=13025"}],"curies":[{"name":"wp","href":"https:\/\/api.w.org\/{rel}","templated":true}]}}