{"id":13104,"date":"2025-10-21T21:35:23","date_gmt":"2025-10-21T19:35:23","guid":{"rendered":"https:\/\/www.musical-today.de\/?p=13104"},"modified":"2025-10-21T21:36:02","modified_gmt":"2025-10-21T19:36:02","slug":"stuttgart-we-will-rock-you","status":"publish","type":"post","link":"http:\/\/www.musical-today.de\/en\/stuttgart-we-will-rock-you\/","title":{"rendered":"We Will Rock You"},"content":{"rendered":"<div class=\"lets-info-up-wrap  lets-info-up--right lets-info-up--m-1 lets-info-up-skin-3 lets-info-up--side lets-info-up-22393\" style=\"background:#fafafa; color: #616161\">\t\t\t<div class=\"lets-info-up\">\r\n\t\t\t<div class=\"lets-info-up-fi\"><img decoding=\"async\" width=\"500\" height=\"375\" src=\"http:\/\/www.musical-today.de\/wp-content\/uploads\/visual-portfolio\/placeholder-500x375.png\" class=\"attachment-lets-info-up-d1 size-lets-info-up-d1\" alt=\"|\" srcset=\"http:\/\/www.musical-today.de\/wp-content\/uploads\/visual-portfolio\/placeholder-500x375.png 500w, http:\/\/www.musical-today.de\/wp-content\/uploads\/visual-portfolio\/placeholder-300x225.png 300w, http:\/\/www.musical-today.de\/wp-content\/uploads\/visual-portfolio\/placeholder-1024x767.png 1024w, http:\/\/www.musical-today.de\/wp-content\/uploads\/visual-portfolio\/placeholder-883x662.png 883w, http:\/\/www.musical-today.de\/wp-content\/uploads\/visual-portfolio\/placeholder-16x12.png 16w, http:\/\/www.musical-today.de\/wp-content\/uploads\/visual-portfolio\/placeholder-800x600.png 800w, http:\/\/www.musical-today.de\/wp-content\/uploads\/visual-portfolio\/placeholder.png 1201w\" sizes=\"(max-width: 500px) 100vw, 500px\" title=\"\"><\/div>\t\t\t<div class=\"lets-info-up-block-wrap\">\r\n\t\t\t\t<div class=\"lets-info-up-block lets-info-up-meta-block\"><div class=\"lets-info-up-meta-title lets-info-up-pretitle font-h\" style=\"color: #8c6d18;\">Ort<\/div><div class=\"lets-info-up-meta-content lets-info-up-title font-b\">Stage Entertainment (Stage Palladium Theater)<\/div><\/div><div class=\"lets-info-up-block lets-info-up-meta-block\"><div class=\"lets-info-up-meta-title lets-info-up-pretitle font-h\" style=\"color: #8c6d18;\">VON<\/div><div class=\"lets-info-up-meta-content lets-info-up-title font-b\">Queen (Musik und Liedtexte)<br>Ben Elton (Buch)<br>Heiko Wohlgemuth (Deutsche Fassung)<\/div><\/div><div class=\"lets-info-up-block lets-info-up-meta-block\"><div class=\"lets-info-up-meta-title lets-info-up-pretitle font-h\" style=\"color: #8c6d18;\">Regie<\/div><div class=\"lets-info-up-meta-content lets-info-up-title font-b\">Ben Elton<\/div><\/div><div class=\"lets-info-up-block lets-info-up-meta-block\"><div class=\"lets-info-up-meta-title lets-info-up-pretitle font-h\" style=\"color: #8c6d18;\">Urauff\u00fchrung<\/div><div class=\"lets-info-up-meta-content lets-info-up-title font-b\">2002<\/div><\/div><div class=\"lets-info-up-block lets-info-up-meta-block\"><div class=\"lets-info-up-meta-title lets-info-up-pretitle font-h\" style=\"color: #8c6d18;\">INFOS<\/div><div class=\"lets-info-up-meta-content lets-info-up-title font-b\"><a href=\"https:\/\/www.stage-entertainment.de\/musicals-shows\/we-will-rock-you-stuttgart\" data-type=\"link\" target=\"_blank\" rel=\"noopener noreferrer nofollow\">www.stage-entertainment.de<\/a><\/div><\/div>\t\t\t<\/div>\r\n\t\t\t<\/div>\r\n\t\t<\/div>\r\n\t\t\n\n\n<p><strong>\u201eWe Will Rock You\u201c macht modernisiert noch mehr Spa\u00df als fr\u00fcher<\/strong><\/p>\n\n\n\n<p>Ja, er war tats\u00e4chlich da: Sir Brian May, muntere 78 Jahre jung, taucht im Finale in einer Nebelwolke aus dem B\u00fchnenboden auf und l\u00e4sst die Riffs aus der \u201eBohemian Rhapsody\u201c in den Saal des Palladium Theaters wummern. \u201eWe Will Rock You\u201c ist wieder da, nach 15 Jahren kehrt das Queen-Musical an den Standort Stuttgart zur\u00fcck, und zwar in einer \u00dcberarbeitung der englischen Tourneeproduktion, die 2023 im West End festgemacht hatte und ebenso wie die erste Stuttgarter Version von Buchautor Ben Elton inszeniert wurde. Trotz neuer Ausstattung, Choreografie und \u00dcbersetzung hat sich die Show tats\u00e4chlich nur in wenigen Aspekten ver\u00e4ndert, und das zum Guten.<\/p>\n\n\n\n<p>Die Story von den Bohemians, die auf einem durchdigitalisierten Planeten voll \u201egeklonter Gaga-Schafe\u201c das letzte echte Rockinstrument suchen, verspr\u00fcht immer noch den Ruch des Nicht-ganz-Queen-W\u00fcrdigen; es hilft, ihre Absurdit\u00e4t als solche zu genie\u00dfen und Ben Eltons Spiel mit den tausend Zitaten aus der Rock- und Popgeschichte einfach mitzuspielen. Denn die Mucke ist halt einfach mega, der ikonische Status der Queen-Songs hat sich noch weiter verfestigt und sie erklingen hier in ihrer vollen Pracht: mit tollen Stimmen, einer gro\u00dfartigen Band und dem passend lauten, aber glasklaren Sound.<\/p>\n\n\n\n<p>Durch Eltons \u00dcberarbeitung und den neuen \u00dcbersetzer Heiko Wohlgemuth wirken die Dialoge nicht mehr ganz so Trash-TV-m\u00e4\u00dfig wie fr\u00fcher, die Anspielungen auf RTL-Ber\u00fchmtheiten wie Daniel K\u00fcblb\u00f6ck oder Jeanette Biedermann sind durch die Namen internationaler Stars ersetzt. Die Songs werden nun komplett in Englisch gesungen, in den Dialogen erfreuen Formulierungen wie \u201epixelpralle B\u00f6sartigkeit\u201c f\u00fcr die Killer Queen oder das schw\u00e4belnde \u201eWir sind dem Galileo seine Band\u201c. Tats\u00e4chlich weht in den Anspielungen auf Mobbing, Internet-Zombies oder gar Kinderarbeit sogar ein Hauch Sozialkritik durch den Abend. Der steigende Meeresspiegel schwappt zu den \u201eSeven Seas of Rhye\u201c auf die LED-Leinw\u00e4nde, statt Namen tragen die Menschen Internet-Adressen. Und auch dieses Wort kommt mit einem ironischen Blinzeln vor: \u201eQueen wollte, dass die Kids achtsam sind.\u201c Dass der Handlungsort statt \u201ePlanet e.bay\u201c nun \u201eiPlanet\u201c hei\u00dft, spricht sich hoffentlich noch bis zur offiziellen Inhaltsangabe der Stage Entertainment durch.<\/p>\n\n\n<div  class=\"tpgb-wrap-956d14_13104  tpgb-wrap-fw \"  ><div id=\"956d14_13104\" class=\"tpgb-block-956d14_13104 tpgb-relative-block tpgb-gallery-list tpgb-metro gallery-style-2 hover-image-style-1   \" data-style=\"style-2\" data-id=\"956d14_13104\" data-layout=\"metro\" data-fancy-option='{\"loop\":false,\"thumb\":\"no\",\"infobar\":true,\"arrows\":true,\"transitionEffect\":\"slide\",\"button\":[\"close\"]}' data-splide='\"\"' data-metroAttr= '{\"metro_col\":3,\"tab_metro_col\":3,\"mobile_metro_col\":3,\"metro_style\":\"style-1\",\"tab_metro_style\":\"style-1\",\"mobile_metro_style\":\"style-1\"}' ><div class=\"tpgb-row post-loop-inner \"><div class=\"grid-item metro-item-0    tpgb-metro-1  tpgb-tab-metro-1  tpgb-mobile-metro-1 \"><a href=\"http:\/\/www.musical-today.de\/wp-content\/uploads\/2025\/10\/SE_WWRY_2025_Sir-Brian-May-und-Kasper-Nilsson_cBenPakalski.jpg\" class=\"tpgb-gallery-list-content tpgb-trans-easeinout\" data-fancybox=\"956d14_13104\" data-caption=\"Foto: Ben Pakalski\" aria-label=\"Foto: Ben Pakalski\"><div class=\"post-content-image\"><div class=\"tpgb-metro-gallery-image\" style=\"background: url(http:\/\/www.musical-today.de\/wp-content\/uploads\/2025\/10\/SE_WWRY_2025_Sir-Brian-May-und-Kasper-Nilsson_cBenPakalski.jpg);\"><\/div><\/div><div class=\"post-content-center\"><div class=\"post-zoom-icon\"><div class=\"meta-search-icon\"><span><img decoding=\"async\" class=\"fancy-img\" src=\"http:\/\/www.musical-today.de\/wp-content\/uploads\/2025\/10\/SE_WWRY_2025_Sir-Brian-May-und-Kasper-Nilsson_cBenPakalski.jpg\" alt=\"Media Image1\" title=\"\"><i class=\"fas fa-search-plus pop-icon\"><\/i><\/span><\/div><\/div><div class=\"post-content-bottom\"><p class=\"post-title tpgb-trans-easeinout\">Foto: Ben Pakalski<\/p><\/div><\/div><\/a><\/div><div class=\"grid-item metro-item-1    tpgb-metro-2  tpgb-tab-metro-2  tpgb-mobile-metro-2 \"><a href=\"http:\/\/www.musical-today.de\/wp-content\/uploads\/2025\/10\/SE_WWRY_2025_FatBottomGirl_cJohanPersson.jpg\" class=\"tpgb-gallery-list-content tpgb-trans-easeinout\" data-fancybox=\"956d14_13104\" data-caption=\"Foto: Johan Persson\" aria-label=\"Foto: Johan Persson\"><div class=\"post-content-image\"><div class=\"tpgb-metro-gallery-image\" style=\"background: url(http:\/\/www.musical-today.de\/wp-content\/uploads\/2025\/10\/SE_WWRY_2025_FatBottomGirl_cJohanPersson.jpg);\"><\/div><\/div><div class=\"post-content-center\"><div class=\"post-zoom-icon\"><div class=\"meta-search-icon\"><span><img decoding=\"async\" class=\"fancy-img\" src=\"http:\/\/www.musical-today.de\/wp-content\/uploads\/2025\/10\/SE_WWRY_2025_FatBottomGirl_cJohanPersson.jpg\" alt=\"Media Image2\" title=\"\"><i class=\"fas fa-search-plus pop-icon\"><\/i><\/span><\/div><\/div><div class=\"post-content-bottom\"><p class=\"post-title tpgb-trans-easeinout\">Foto: Johan Persson<\/p><\/div><\/div><\/a><\/div><div class=\"grid-item metro-item-2    tpgb-metro-3  tpgb-tab-metro-3  tpgb-mobile-metro-3 \"><a href=\"http:\/\/www.musical-today.de\/wp-content\/uploads\/2025\/10\/SE_WWRY_2025_Champions_cJohanPersson.jpg\" class=\"tpgb-gallery-list-content tpgb-trans-easeinout\" data-fancybox=\"956d14_13104\" data-caption=\"Foto: Johan Persson\" aria-label=\"Foto: Johan Persson\"><div class=\"post-content-image\"><div class=\"tpgb-metro-gallery-image\" style=\"background: url(http:\/\/www.musical-today.de\/wp-content\/uploads\/2025\/10\/SE_WWRY_2025_Champions_cJohanPersson.jpg);\"><\/div><\/div><div class=\"post-content-center\"><div class=\"post-zoom-icon\"><div class=\"meta-search-icon\"><span><img decoding=\"async\" class=\"fancy-img\" src=\"http:\/\/www.musical-today.de\/wp-content\/uploads\/2025\/10\/SE_WWRY_2025_Champions_cJohanPersson.jpg\" alt=\"Media Image3\" title=\"\"><i class=\"fas fa-search-plus pop-icon\"><\/i><\/span><\/div><\/div><div class=\"post-content-bottom\"><p class=\"post-title tpgb-trans-easeinout\">Foto: Johan Persson<\/p><\/div><\/div><\/a><\/div><\/div><\/div><\/div>\n\n\n<p>Die Videoprojektionen sind technisch raffinierter als damals, wir d\u00fcsen durch eine \u201eMad Max\u201c-W\u00fcste und neongrelle Videospiele. Die Grundidee der Kost\u00fcme \u2013 hier plastikbunt, dort alte Fetzen mit Charakter \u2013 ist auch f\u00fcr den ungarischen Designer Kentaur gleich geblieben, ein wenig irritierend wirkt das \u201eWicked\u201c-Gr\u00fcn, das neben Schwarz die Welt der Killer Queen beherrscht. Die eher flie\u00dfende als rhythmisch-zackige neue Choreografie von Fabian Aloise orientiert sich mit durchlaufenden Wellen und rankenden Gruppen schon fast beim modernen Tanz, bleibt aber auf Dauer seltsam einfallslos.<\/p>\n\n\n\n<p>Kasper Nilsson ist der junge, nerv\u00f6se Held, der am Schluss wie K\u00f6nig Artus die rettende E-Gitarre aus dem Felsen zieht; nervt sein holl\u00e4ndischer Akzent anfangs ein wenig, so rockt er am Schluss mit seiner gro\u00dfen, weiten Stimme Songklassiker wie die \u201eBohemian Rhapsody\u201c. Wie ein feministischer Kobold steht ihm Isabel Waltsgott als wehrhafte Scaramouche zur Seite, der \u201eTina Turner\u201c-Star Aisata Blackman macht die Killer Queen eleganter und noch bedrohlicher als fr\u00fcher. Ihr Polizeichef (Christian Sch\u00f6ne), ein Hitler-Verschnitt wie aus dem \u201eJames Bond\u201c-Film, hei\u00dft nun in Anspielung auf diverse Oligarchen Zuckermusk statt Kashoggi. Helena Lenn und Nicolas Christahl ragen mit ihren Rockstimmen unter den Bohemians heraus, aus Ozzy und Brit sind Meat (Loaf) und Tazer alias Taylor Swift geworden.<\/p>\n\n\n\n<p>Boris Ritter leitet eine superbe Rockband, die immer wieder staatstragende Riffs raushaut; die akustische Oberaufsicht der Queen-Musiker macht sich durchaus bemerkbar. Freddie Mercury h\u00e4tte, lebte er noch, vielleicht ein wenig mehr Zynismus und gro\u00dfe Oper in das Musical gepackt. Aber auch so macht\u2019s m\u00e4chtig Spa\u00df.<\/p>\n\n\n\n<hr class=\"wp-block-separator has-alpha-channel-opacity is-style-dots\"\/>\n\n\n\n<p class=\"has-small-font-size\">Music Supervision: Stuart Morley \u2022 Musikalische Leitung: Boris Ritter \u2022 Regie: Ben Elton \u2022 Choreografie: Fabian Aloise \u2022 B\u00fchne und Videodesign: Stufish Entertainment Architects \u2022 Kost\u00fcme: Kentaur \u2022 Licht: Luke Rolls &amp; Rob Sinclair for 1826 Studio \u2022 Sounddesign: Matt Peploe \u2022 Mit: Kasper Nilsson (Galileo), Isabel Waltsgott (Scaramouche), Aisata Blackman (Killer Queen), Reinwald Kranner (Pop), Christian Sch\u00f6ne (Zuckermusk), Helena Lenn (Meat), Nicolas Christahl (Tazer) u.a. \u2022 Band des Stage Palladium Theaters<\/p>\n\n\n\n<p class=\"has-small-font-size\">Aufmacherfoto: Johan Persson<\/p>\n","protected":false},"excerpt":{"rendered":"<p>\u201eWe Will Rock You\u201c macht modernisiert noch mehr Spa\u00df als fr\u00fcher Ja, er war tats\u00e4chlich da: Sir Brian May, muntere 78 Jahre jung, taucht im Finale in einer Nebelwolke aus dem B\u00fchnenboden auf und l\u00e4sst die Riffs aus der \u201eBohemian Rhapsody\u201c in den Saal des Palladium Theaters wummern. \u201eWe Will Rock You\u201c ist wieder da, nach 15 Jahren kehrt das Queen-Musical an den Standort Stuttgart zur\u00fcck, und zwar in einer \u00dcberarbeitung der englischen Tourneeproduktion, die 2023 im West End festgemacht [&hellip;]<\/p>\n","protected":false},"author":19,"featured_media":13103,"comment_status":"closed","ping_status":"closed","sticky":false,"template":"","format":"standard","meta":{"tpgb_global_settings":"","footnotes":""},"categories":[141],"tags":[],"class_list":["post-13104","post","type-post","status-publish","format-standard","has-post-thumbnail","hentry","category-stuttgart"],"tpgb_featured_images":{"full":["http:\/\/www.musical-today.de\/wp-content\/uploads\/2025\/10\/SE_WWRY_2025_Finale_2_cJohanPersson.jpg",2000,1277,false],"tp-image-grid":["http:\/\/www.musical-today.de\/wp-content\/uploads\/2025\/10\/SE_WWRY_2025_Finale_2_cJohanPersson-700x700.jpg",700,700,true],"thumbnail":["http:\/\/www.musical-today.de\/wp-content\/uploads\/2025\/10\/SE_WWRY_2025_Finale_2_cJohanPersson-600x383.jpg",600,383,true],"medium":["http:\/\/www.musical-today.de\/wp-content\/uploads\/2025\/10\/SE_WWRY_2025_Finale_2_cJohanPersson-1200x766.jpg",1200,766,true],"medium_large":["http:\/\/www.musical-today.de\/wp-content\/uploads\/2025\/10\/SE_WWRY_2025_Finale_2_cJohanPersson-770x492.jpg",770,492,true],"large":["http:\/\/www.musical-today.de\/wp-content\/uploads\/2025\/10\/SE_WWRY_2025_Finale_2_cJohanPersson-1920x1226.jpg",1139,727,true],"default":"http:\/\/www.musical-today.de\/wp-content\/plugins\/the-plus-addons-for-block-editor\/assets\/images\/tpgb-placeholder.jpg"},"tpgb_post_meta_info":{"get_date":"21.10.2025","get_modified_date":"21.10.2025","category_list":{"category":[{"term_id":141,"name":"Stuttgart","slug":"stuttgart","term_group":0,"term_taxonomy_id":141,"taxonomy":"category","description":"","parent":19,"count":5,"filter":"raw","term_order":"91"}],"post_tag":false,"post_format":false},"author_name":"Angela Reinhardt","author_url":"http:\/\/www.musical-today.de\/en\/autor\/angelareinhardt\/","author_email":"angelareinhardt@aol.com","author_website":"","author_description":"studierte in Stuttgart Germanistik und Romanistik und arbeitet seit 1990 als freie Kulturjournalistin. Sie schreibt vor allem \u00fcber Tanz und ist Mitautorin von B\u00fcchern \u00fcber die Choreografen John Cranko und Marco Goecke sowie \u00fcber den Stuttgarter Ballettintendanten Reid Anderson. Von 1991 bis 2023 war sie regelm\u00e4\u00dfig f\u00fcr die Zeitschrift \u201emusicals\u201c im s\u00fcddeutschen Raum unterwegs.","author_facebook":"","author_twitter":"","author_instagram":"","author_role":["author","editor","redakteur","redaktionsteam"],"author_firstname":"Angela","author_lastname":"Reinhardt","user_login":"angelareinhardt","author_avatar":"<img src=\"http:\/\/www.musical-today.de\/wp-content\/uploads\/2024\/03\/434034552_122093726612266069_5386620108228489486_n-293x293.jpg\" width=\"200\" height=\"200\" alt=\"Angela Reinhardt\" class=\"avatar avatar-200 wp-user-avatar wp-user-avatar-200 alignnone photo\" \/>","author_avatar_url":"http:\/\/www.musical-today.de\/wp-content\/uploads\/2024\/03\/434034552_122093726612266069_5386620108228489486_n.jpg","comment_count":0,"post_likes":0,"post_views":0},"tpgb_post_category":{"category":"<a href=\"http:\/\/www.musical-today.de\/en\/deutschland\/stuttgart\/\" alt=\"Stuttgart\"  class=\"category-stuttgart\">Stuttgart<\/a> "},"_links":{"self":[{"href":"http:\/\/www.musical-today.de\/en\/wp-json\/wp\/v2\/posts\/13104","targetHints":{"allow":["GET"]}}],"collection":[{"href":"http:\/\/www.musical-today.de\/en\/wp-json\/wp\/v2\/posts"}],"about":[{"href":"http:\/\/www.musical-today.de\/en\/wp-json\/wp\/v2\/types\/post"}],"author":[{"embeddable":true,"href":"http:\/\/www.musical-today.de\/en\/wp-json\/wp\/v2\/users\/19"}],"replies":[{"embeddable":true,"href":"http:\/\/www.musical-today.de\/en\/wp-json\/wp\/v2\/comments?post=13104"}],"version-history":[{"count":0,"href":"http:\/\/www.musical-today.de\/en\/wp-json\/wp\/v2\/posts\/13104\/revisions"}],"wp:featuredmedia":[{"embeddable":true,"href":"http:\/\/www.musical-today.de\/en\/wp-json\/wp\/v2\/media\/13103"}],"wp:attachment":[{"href":"http:\/\/www.musical-today.de\/en\/wp-json\/wp\/v2\/media?parent=13104"}],"wp:term":[{"taxonomy":"category","embeddable":true,"href":"http:\/\/www.musical-today.de\/en\/wp-json\/wp\/v2\/categories?post=13104"},{"taxonomy":"post_tag","embeddable":true,"href":"http:\/\/www.musical-today.de\/en\/wp-json\/wp\/v2\/tags?post=13104"}],"curies":[{"name":"wp","href":"https:\/\/api.w.org\/{rel}","templated":true}]}}