{"id":13188,"date":"2025-10-27T23:33:06","date_gmt":"2025-10-27T22:33:06","guid":{"rendered":"https:\/\/www.musical-today.de\/?p=13188"},"modified":"2025-10-27T23:33:08","modified_gmt":"2025-10-27T22:33:08","slug":"detmold-das-glueck-ist-eine-orange","status":"publish","type":"post","link":"http:\/\/www.musical-today.de\/en\/detmold-das-glueck-ist-eine-orange\/","title":{"rendered":"Das Gl\u00fcck ist eine Orange"},"content":{"rendered":"<div class=\"lets-info-up-wrap  lets-info-up--right lets-info-up--m-1 lets-info-up-skin-3 lets-info-up--side lets-info-up-58131\" style=\"background:#fafafa; color: #616161\">\t\t\t<div class=\"lets-info-up\">\r\n\t\t\t<div class=\"lets-info-up-fi\"><img decoding=\"async\" width=\"500\" height=\"333\" src=\"http:\/\/www.musical-today.de\/wp-content\/uploads\/2024\/01\/qi-addons-for-elementor-placeholder-500x333.png\" class=\"attachment-lets-info-up-d1 size-lets-info-up-d1\" alt=\"|\" srcset=\"http:\/\/www.musical-today.de\/wp-content\/uploads\/2024\/01\/qi-addons-for-elementor-placeholder-500x333.png 500w, http:\/\/www.musical-today.de\/wp-content\/uploads\/2024\/01\/qi-addons-for-elementor-placeholder-300x200.png 300w, http:\/\/www.musical-today.de\/wp-content\/uploads\/2024\/01\/qi-addons-for-elementor-placeholder-1024x683.png 1024w, http:\/\/www.musical-today.de\/wp-content\/uploads\/2024\/01\/qi-addons-for-elementor-placeholder-883x589.png 883w, http:\/\/www.musical-today.de\/wp-content\/uploads\/2024\/01\/qi-addons-for-elementor-placeholder-18x12.png 18w, http:\/\/www.musical-today.de\/wp-content\/uploads\/2024\/01\/qi-addons-for-elementor-placeholder-360x240.png 360w, http:\/\/www.musical-today.de\/wp-content\/uploads\/2024\/01\/qi-addons-for-elementor-placeholder-1155x770.png 1155w, http:\/\/www.musical-today.de\/wp-content\/uploads\/2024\/01\/qi-addons-for-elementor-placeholder-370x247.png 370w, http:\/\/www.musical-today.de\/wp-content\/uploads\/2024\/01\/qi-addons-for-elementor-placeholder-770x513.png 770w, http:\/\/www.musical-today.de\/wp-content\/uploads\/2024\/01\/qi-addons-for-elementor-placeholder-293x195.png 293w, http:\/\/www.musical-today.de\/wp-content\/uploads\/2024\/01\/qi-addons-for-elementor-placeholder-120x80.png 120w, http:\/\/www.musical-today.de\/wp-content\/uploads\/2024\/01\/qi-addons-for-elementor-placeholder-240x160.png 240w, http:\/\/www.musical-today.de\/wp-content\/uploads\/2024\/01\/qi-addons-for-elementor-placeholder-390x260.png 390w, http:\/\/www.musical-today.de\/wp-content\/uploads\/2024\/01\/qi-addons-for-elementor-placeholder.png 1200w\" sizes=\"(max-width: 500px) 100vw, 500px\" title=\"\"><\/div>\t\t\t<div class=\"lets-info-up-block-wrap\">\r\n\t\t\t\t<div class=\"lets-info-up-block lets-info-up-meta-block\"><div class=\"lets-info-up-meta-title lets-info-up-pretitle font-h\" style=\"color: #8c6d18;\">oRT<\/div><div class=\"lets-info-up-meta-content lets-info-up-title font-b\">Landestheater Detmold<\/div><\/div><div class=\"lets-info-up-block lets-info-up-meta-block\"><div class=\"lets-info-up-meta-title lets-info-up-pretitle font-h\" style=\"color: #8c6d18;\">von<\/div><div class=\"lets-info-up-meta-content lets-info-up-title font-b\">Thomas Zaufke (Musik)<br>Peter Lund (Buch und Liedtexte)<\/div><\/div><div class=\"lets-info-up-block lets-info-up-meta-block\"><div class=\"lets-info-up-meta-title lets-info-up-pretitle font-h\" style=\"color: #8c6d18;\">Regie<\/div><div class=\"lets-info-up-meta-content lets-info-up-title font-b\">Peter Lund<\/div><\/div><div class=\"lets-info-up-block lets-info-up-meta-block\"><div class=\"lets-info-up-meta-title lets-info-up-pretitle font-h\" style=\"color: #8c6d18;\">Urauff\u00fchrung<\/div><div class=\"lets-info-up-meta-content lets-info-up-title font-b\">2025<\/div><\/div><div class=\"lets-info-up-block lets-info-up-meta-block\"><div class=\"lets-info-up-meta-title lets-info-up-pretitle font-h\" style=\"color: #8c6d18;\">INFOS<\/div><div class=\"lets-info-up-meta-content lets-info-up-title font-b\"><a href=\"https:\/\/www.landestheater-detmold.de\/de\/programm\/das-gluck-ist-eine-orange\/41063321\" data-type=\"link\" target=\"_blank\" rel=\"noopener noreferrer nofollow\">www.landestheater-detmold.de<\/a><\/div><\/div>\t\t\t<\/div>\r\n\t\t\t<\/div>\r\n\t\t<\/div>\r\n\t\t\n\n\n<p><strong>Das Sinalco-Musical zwischen braunen Schatten und Wirtschaftswunder<\/strong><\/p>\n\n\n\n<p>Besonders im Sommer darf es prickeln, gern mit s\u00e4uerlichem Aroma. Zucker und Wasser geben den Rest, versetzt mit Kohlens\u00e4ure. Daraus l\u00e4sst sich Geld machen, dachte vor 120 Jahren Franz Simon Adolf Hartmann und erfand Sinalco, eine fl\u00fcssige Erfrischung mit Profit-Potenzial. Von Detmold aus ging es damals im Nu um die Welt. Es folgten Z\u00e4suren durch zwei Weltkriege und politische Einflussnahme. Jetzt gab das Detmolder Landestheater zu seinem eigenen 200. Jubil\u00e4um ein Musical \u00fcber die prominente Limonade in Auftrag. Autor Peter Lund und Komponist Thomas Zaufke sollten die passende Mischung finden, um die Story zum Kaltgetr\u00e4nk b\u00fchnenreif aufzuwerten.<\/p>\n\n\n\n<p>Gesundheitsf\u00f6rdernde Wirkung sprachen die Urv\u00e4ter dem Softgetr\u00e4nk zu. In den 1920er Jahren prosperierte die Erfindung, lange vor Coca-Cola oder Pepsi. Carl Vogel wurde Generaldirektor. Als Jude musste er 1935 gehen. Gustav Hardorp leitete fortan die Geschicke. Ein strammer Nazi, der autorit\u00e4r agierte und Zwangsarbeiter einstellte, die bei Unp\u00fcnktlichkeit ausgepeitscht wurden. Trickreich erwarb der Chef nach dem Krieg einen Persilschein, f\u00fchrte weiterhin das Unternehmen nach alter Methode. Das vermeintliche Wirtschaftswunder bot geh\u00f6rigen R\u00fcckenwind. Sinalco l\u00f6schte wieder global den Durst von Millionen, stets mit dem Lockruf von Sonne, Sommer und Dolce Vita. Eine typisch deutsche Geschichte mit wechselnder Konjunktur. Heute existiert die Erfrischung immer noch, verkauft in 50 L\u00e4nder, allerdings produziert in Duisburg.<\/p>\n\n\n<div  class=\"tpgb-wrap-956d14_13188  tpgb-wrap-fw \"  ><div id=\"956d14_13188\" class=\"tpgb-block-956d14_13188 tpgb-relative-block tpgb-gallery-list tpgb-metro gallery-style-2 hover-image-style-1   \" data-style=\"style-2\" data-id=\"956d14_13188\" data-layout=\"metro\" data-fancy-option='{\"loop\":false,\"thumb\":\"no\",\"infobar\":true,\"arrows\":true,\"transitionEffect\":\"slide\",\"button\":[\"close\"]}' data-splide='\"\"' data-metroAttr= '{\"metro_col\":3,\"tab_metro_col\":3,\"mobile_metro_col\":3,\"metro_style\":\"style-1\",\"tab_metro_style\":\"style-1\",\"mobile_metro_style\":\"style-1\"}' ><div class=\"tpgb-row post-loop-inner \"><div class=\"grid-item metro-item-0    tpgb-metro-1  tpgb-tab-metro-1  tpgb-mobile-metro-1 \"><a href=\"http:\/\/www.musical-today.de\/wp-content\/uploads\/2025\/10\/ltd_orange_lontzek_167.jpg\" class=\"tpgb-gallery-list-content tpgb-trans-easeinout\" data-fancybox=\"956d14_13188\" data-caption=\"Foto: Landestheater Detmold\/Marc Lontzek\" aria-label=\"Foto: Landestheater Detmold\/Marc Lontzek\"><div class=\"post-content-image\"><div class=\"tpgb-metro-gallery-image\" style=\"background: url(http:\/\/www.musical-today.de\/wp-content\/uploads\/2025\/10\/ltd_orange_lontzek_167.jpg);\"><\/div><\/div><div class=\"post-content-center\"><div class=\"post-zoom-icon\"><div class=\"meta-search-icon\"><span><img decoding=\"async\" class=\"fancy-img\" src=\"http:\/\/www.musical-today.de\/wp-content\/uploads\/2025\/10\/ltd_orange_lontzek_167.jpg\" alt=\"Media Image1\" title=\"\"><i class=\"fas fa-search-plus pop-icon\"><\/i><\/span><\/div><\/div><div class=\"post-content-bottom\"><p class=\"post-title tpgb-trans-easeinout\">Foto: Landestheater Detmold\/Marc Lontzek<\/p><\/div><\/div><\/a><\/div><div class=\"grid-item metro-item-1    tpgb-metro-2  tpgb-tab-metro-2  tpgb-mobile-metro-2 \"><a href=\"http:\/\/www.musical-today.de\/wp-content\/uploads\/2025\/10\/ltd_orange_lontzek_087.jpg\" class=\"tpgb-gallery-list-content tpgb-trans-easeinout\" data-fancybox=\"956d14_13188\" data-caption=\"Foto: Landestheater Detmold\/Marc Lontzek\" aria-label=\"Foto: Landestheater Detmold\/Marc Lontzek\"><div class=\"post-content-image\"><div class=\"tpgb-metro-gallery-image\" style=\"background: url(http:\/\/www.musical-today.de\/wp-content\/uploads\/2025\/10\/ltd_orange_lontzek_087.jpg);\"><\/div><\/div><div class=\"post-content-center\"><div class=\"post-zoom-icon\"><div class=\"meta-search-icon\"><span><img decoding=\"async\" class=\"fancy-img\" src=\"http:\/\/www.musical-today.de\/wp-content\/uploads\/2025\/10\/ltd_orange_lontzek_087.jpg\" alt=\"Media Image2\" title=\"\"><i class=\"fas fa-search-plus pop-icon\"><\/i><\/span><\/div><\/div><div class=\"post-content-bottom\"><p class=\"post-title tpgb-trans-easeinout\">Foto: Landestheater Detmold\/Marc Lontzek<\/p><\/div><\/div><\/a><\/div><div class=\"grid-item metro-item-2    tpgb-metro-3  tpgb-tab-metro-3  tpgb-mobile-metro-3 \"><a href=\"http:\/\/www.musical-today.de\/wp-content\/uploads\/2025\/10\/dasglueckeineorange_hp1_fotojq_423.jpg\" class=\"tpgb-gallery-list-content tpgb-trans-easeinout\" data-fancybox=\"956d14_13188\" data-caption=\"Foto: Landestheater Detmold\/Jochen Quast\" aria-label=\"Foto: Landestheater Detmold\/Jochen Quast\"><div class=\"post-content-image\"><div class=\"tpgb-metro-gallery-image\" style=\"background: url(http:\/\/www.musical-today.de\/wp-content\/uploads\/2025\/10\/dasglueckeineorange_hp1_fotojq_423.jpg);\"><\/div><\/div><div class=\"post-content-center\"><div class=\"post-zoom-icon\"><div class=\"meta-search-icon\"><span><img decoding=\"async\" class=\"fancy-img\" src=\"http:\/\/www.musical-today.de\/wp-content\/uploads\/2025\/10\/dasglueckeineorange_hp1_fotojq_423.jpg\" alt=\"Media Image3\" title=\"\"><i class=\"fas fa-search-plus pop-icon\"><\/i><\/span><\/div><\/div><div class=\"post-content-bottom\"><p class=\"post-title tpgb-trans-easeinout\">Foto: Landestheater Detmold\/Jochen Quast<\/p><\/div><\/div><\/a><\/div><\/div><\/div><\/div>\n\n\n<p>\u201eDas Gl\u00fcck ist eine Orange\u201c zurrt die verzwickten Annalen dramaturgisch raffiniert zusammen und greift ins F\u00fcllhorn damaliger Musik-Trends, vom martialischen Ton bis zum Schlager-Sound der 60er Jahre, inklusive Melange aus Sinalco-Jingles. Im Zentrum platzieren Zaufke und Lund die Amtszeit von Hardorp, die Jahre 1936 bis 1963. Er mogelte sich durch die historischen Risse und geriet am Ende doch ins Fadenkreuz seiner Schuld. Insofern bietet das Musical keineswegs nur leichte Kurzweil, sondern langt in die Tiefe. Den Kern mei\u00dfelt die Frage der jungen Stenotypistin Franziska: \u201eWas h\u00e4tte ich getan?\u201c. Die Geschichte springt ohne Holperer zwischen den Zeitebenen, bleibt logisch und klar, was Ambivalenzen offenbart und nachdenkliche Momente schafft. Als Regisseur konzentriert sich Peter Lund auf die Figuren, flotte Abl\u00e4ufe, bewegte Massen, authentische Str\u00e4nge und dichte Atmosph\u00e4re. Das gelingt ihm ohne sichtbare Anstrengung und stets glaubw\u00fcrdig, unterst\u00fctzt von Bart De Clercqs peppiger Choreografie. Daria Kornyshevas Kost\u00fcme suggerieren die Moden der Zeitr\u00e4ume, das praktikable B\u00fchnenbild von Ulrike Reinhard verweist in Graut\u00f6nen auf das Sinalco-Werk.<\/p>\n\n\n\n<p>Thomas Zaufkes Partitur kostet alles aus, was musikalisch auf der Stra\u00dfe lag, und streut au\u00dferdem einige wunderbare Balladen ins St\u00fcck, die Schatten der braunen Epoche zum Ausdruck bringen. \u201eDenkst Du noch manchmal zur\u00fcck\u201c, \u201eWie w\u00e4r\u2019s, mal was Neues auszuprobieren\u201c, \u201eDie schlimme Zeit\u201c, \u201eDie Apfelsine bleibt rund\u201c oder der eindringliche Entnazifizierungs-Song sind Beispiele f\u00fcr den Ideenreichtum des Komponisten. Dirigent Mathias M\u00f6nius bringt die Arrangements von Markus Syperek wirksam zum Klingen.<\/p>\n\n\n\n<p>Mit pulsierender Leidenschaft agiert das gesamte Ensemble: Thorsten Tinney als selbstgef\u00e4lliges Alphatier Hardorp, Nikos Striezel als frecher Chauffeur Heinrich, Franziska Pfalzgraf ist eine zerrissene Anneliese als Firmenspitzel, Sandra Leitner die nachdenkliche Franziska, Patrik Cieslik der homosexuelle Werbefachmann Michael und Brigitte Bauma brilliert als resolute Vorarbeiterin Emma.<\/p>\n\n\n\n<p>Das Sinalco-Musical pr\u00e4sentiert sich ebenso ernsthaft wie am\u00fcsant. Es greift mutig ein oft verdr\u00e4ngtes Thema auf, verbindet intelligente Texte mit famoser Musik ohne h\u00f6rbare N\u00e4hte oder billige Effekte. Ein St\u00fcck mit Lokalkolorit, aber jenseits von Heimat-Postille \u2013 und insofern zum Nachspielen bestens geeignet. Das Publikum h\u00e4lt es beim tosenden Schlussapplaus nicht auf den Sitzen.&nbsp;<\/p>\n\n\n\n<hr class=\"wp-block-separator has-alpha-channel-opacity is-style-dots\"\/>\n\n\n\n<p class=\"has-small-font-size\">Musikalische Leitung: Mathias M\u00f6nius \u2022 Regie: Peter Lund \u2022 Choreografie: Bart De Clercq \u2022 B\u00fchne: Ulrike Reinhard \u2022 Kost\u00fcme: Daria Kornysheva \u2022 Licht: Florian Bajer \u2022 Sounddesign: Nikolay Schr\u00f6der und Vladimir Karadjov \u2022 Chorleitung: Francesco Damiani \u2022 Mit: Thorsten Tinney (Gustav G. Hardorp), Annette Blazyczek (Elsbeth Wessling), Sandra Leitner (Franziska Hinkler), Brigitte Bauma (Emma Puhlmann), Patrik Cieslik (Michael Brandt), Nikos Striezel (Heinrich \u201eHenne\u201c Kr\u00fcger), Franziska Pfalzgraf (Anneliese Stratmann), Heiner Junghans (Carl Vogel), Torsten L\u00fcck (Ein US-Sergeant) \u2022 Ballett, Opernchor und Symphonisches Orchester des Landestheaters Detmold<\/p>\n\n\n\n<p class=\"has-small-font-size\">Aufmacherfoto: Landestheater Detmold\/Jochen Quast<\/p>\n","protected":false},"excerpt":{"rendered":"<p>Das Sinalco-Musical zwischen braunen Schatten und Wirtschaftswunder Besonders im Sommer darf es prickeln, gern mit s\u00e4uerlichem Aroma. Zucker und Wasser geben den Rest, versetzt mit Kohlens\u00e4ure. Daraus l\u00e4sst sich Geld machen, dachte vor 120 Jahren Franz Simon Adolf Hartmann und erfand Sinalco, eine fl\u00fcssige Erfrischung mit Profit-Potenzial. Von Detmold aus ging es damals im Nu um die Welt. Es folgten Z\u00e4suren durch zwei Weltkriege und politische Einflussnahme. Jetzt gab das Detmolder Landestheater zu seinem eigenen 200. Jubil\u00e4um ein Musical \u00fcber [&hellip;]<\/p>\n","protected":false},"author":4,"featured_media":13159,"comment_status":"closed","ping_status":"closed","sticky":false,"template":"","format":"standard","meta":{"tpgb_global_settings":"","footnotes":""},"categories":[45],"tags":[],"class_list":["post-13188","post","type-post","status-publish","format-standard","has-post-thumbnail","hentry","category-detmold"],"tpgb_featured_images":{"full":["http:\/\/www.musical-today.de\/wp-content\/uploads\/2025\/10\/dasglueckeineorange_hp1_fotojq_470.jpg",2000,1334,false],"tp-image-grid":["http:\/\/www.musical-today.de\/wp-content\/uploads\/2025\/10\/dasglueckeineorange_hp1_fotojq_470-700x700.jpg",700,700,true],"thumbnail":["http:\/\/www.musical-today.de\/wp-content\/uploads\/2025\/10\/dasglueckeineorange_hp1_fotojq_470-600x400.jpg",600,400,true],"medium":["http:\/\/www.musical-today.de\/wp-content\/uploads\/2025\/10\/dasglueckeineorange_hp1_fotojq_470-1200x800.jpg",1200,800,true],"medium_large":["http:\/\/www.musical-today.de\/wp-content\/uploads\/2025\/10\/dasglueckeineorange_hp1_fotojq_470-770x514.jpg",770,514,true],"large":["http:\/\/www.musical-today.de\/wp-content\/uploads\/2025\/10\/dasglueckeineorange_hp1_fotojq_470-1920x1281.jpg",1139,760,true],"default":"http:\/\/www.musical-today.de\/wp-content\/plugins\/the-plus-addons-for-block-editor\/assets\/images\/tpgb-placeholder.jpg"},"tpgb_post_meta_info":{"get_date":"27.10.2025","get_modified_date":"27.10.2025","category_list":{"category":[{"term_id":45,"name":"Detmold","slug":"detmold","term_group":0,"term_taxonomy_id":45,"taxonomy":"category","description":"","parent":19,"count":2,"filter":"raw","term_order":"21"}],"post_tag":false,"post_format":false},"author_name":"J\u00fcrgen Rickert","author_url":"http:\/\/www.musical-today.de\/en\/autor\/juergenrickert\/","author_email":"maail@valentinboesing.de","author_website":"","author_description":"Redakteur, Journalist, PR-Manager, P\u00e4dagoge. Arbeit in s\u00e4mtlichen Medien, mit Schwerpunkt Musiktheater-Rezensionen. Mitinitiator verschiedener internationaler Formate der UNESCO wie Euro-Arabischer Dialog, Deutsch-Afrikanische Jugendakademie, Climate Action Network. Dramaturgie und Produktionsleitung, z. B. \"Wohin gehst Du\" (Tanzprojekt), \"Gelbe Ohrfeigen\" (ARTE), Entwicklung des mehrfach interkontinental durchgef\u00fchrten Konzepts \"From Head to Heart\" mit szenischen Installationen.","author_facebook":"","author_twitter":"","author_instagram":"","author_role":["redakteur","author","editor","redaktionsteam"],"author_firstname":"J\u00fcrgen","author_lastname":"Rickert","user_login":"hjr","author_avatar":"<img src=\"http:\/\/www.musical-today.de\/wp-content\/uploads\/2024\/01\/cropped-Bildschirmfoto-2024-01-21-um-09.35.54-293x293.jpeg\" width=\"200\" height=\"200\" alt=\"J\u00fcrgen Rickert\" class=\"avatar avatar-200 wp-user-avatar wp-user-avatar-200 alignnone photo\" \/>","author_avatar_url":"http:\/\/www.musical-today.de\/wp-content\/uploads\/2024\/01\/cropped-Bildschirmfoto-2024-01-21-um-09.35.54.jpeg","comment_count":0,"post_likes":0,"post_views":0},"tpgb_post_category":{"category":"<a href=\"http:\/\/www.musical-today.de\/en\/deutschland\/detmold\/\" alt=\"Detmold\"  class=\"category-detmold\">Detmold<\/a> "},"_links":{"self":[{"href":"http:\/\/www.musical-today.de\/en\/wp-json\/wp\/v2\/posts\/13188","targetHints":{"allow":["GET"]}}],"collection":[{"href":"http:\/\/www.musical-today.de\/en\/wp-json\/wp\/v2\/posts"}],"about":[{"href":"http:\/\/www.musical-today.de\/en\/wp-json\/wp\/v2\/types\/post"}],"author":[{"embeddable":true,"href":"http:\/\/www.musical-today.de\/en\/wp-json\/wp\/v2\/users\/4"}],"replies":[{"embeddable":true,"href":"http:\/\/www.musical-today.de\/en\/wp-json\/wp\/v2\/comments?post=13188"}],"version-history":[{"count":0,"href":"http:\/\/www.musical-today.de\/en\/wp-json\/wp\/v2\/posts\/13188\/revisions"}],"wp:featuredmedia":[{"embeddable":true,"href":"http:\/\/www.musical-today.de\/en\/wp-json\/wp\/v2\/media\/13159"}],"wp:attachment":[{"href":"http:\/\/www.musical-today.de\/en\/wp-json\/wp\/v2\/media?parent=13188"}],"wp:term":[{"taxonomy":"category","embeddable":true,"href":"http:\/\/www.musical-today.de\/en\/wp-json\/wp\/v2\/categories?post=13188"},{"taxonomy":"post_tag","embeddable":true,"href":"http:\/\/www.musical-today.de\/en\/wp-json\/wp\/v2\/tags?post=13188"}],"curies":[{"name":"wp","href":"https:\/\/api.w.org\/{rel}","templated":true}]}}