{"id":13637,"date":"2025-12-09T22:56:00","date_gmt":"2025-12-09T21:56:00","guid":{"rendered":"https:\/\/www.musical-today.de\/?p=13637"},"modified":"2025-12-10T01:00:37","modified_gmt":"2025-12-10T00:00:37","slug":"salzburg-priscilla-queen-of-the-desert","status":"publish","type":"post","link":"http:\/\/www.musical-today.de\/en\/salzburg-priscilla-queen-of-the-desert\/","title":{"rendered":"Priscilla \u2013 Queen of the Desert"},"content":{"rendered":"<div class=\"lets-info-up-wrap  lets-info-up--right lets-info-up--m-1 lets-info-up-skin-3 lets-info-up--side lets-info-up-15997\" style=\"background:#fafafa; color: #616161\">\t\t\t<div class=\"lets-info-up\">\r\n\t\t\t<div class=\"lets-info-up-fi\"><img decoding=\"async\" width=\"500\" height=\"333\" src=\"http:\/\/www.musical-today.de\/wp-content\/uploads\/2024\/01\/qi-addons-for-elementor-placeholder-500x333.png\" class=\"attachment-lets-info-up-d1 size-lets-info-up-d1\" alt=\"|\" srcset=\"http:\/\/www.musical-today.de\/wp-content\/uploads\/2024\/01\/qi-addons-for-elementor-placeholder-500x333.png 500w, http:\/\/www.musical-today.de\/wp-content\/uploads\/2024\/01\/qi-addons-for-elementor-placeholder-300x200.png 300w, http:\/\/www.musical-today.de\/wp-content\/uploads\/2024\/01\/qi-addons-for-elementor-placeholder-1024x683.png 1024w, http:\/\/www.musical-today.de\/wp-content\/uploads\/2024\/01\/qi-addons-for-elementor-placeholder-883x589.png 883w, http:\/\/www.musical-today.de\/wp-content\/uploads\/2024\/01\/qi-addons-for-elementor-placeholder-18x12.png 18w, http:\/\/www.musical-today.de\/wp-content\/uploads\/2024\/01\/qi-addons-for-elementor-placeholder-360x240.png 360w, http:\/\/www.musical-today.de\/wp-content\/uploads\/2024\/01\/qi-addons-for-elementor-placeholder-1155x770.png 1155w, http:\/\/www.musical-today.de\/wp-content\/uploads\/2024\/01\/qi-addons-for-elementor-placeholder-370x247.png 370w, http:\/\/www.musical-today.de\/wp-content\/uploads\/2024\/01\/qi-addons-for-elementor-placeholder-770x513.png 770w, http:\/\/www.musical-today.de\/wp-content\/uploads\/2024\/01\/qi-addons-for-elementor-placeholder-293x195.png 293w, http:\/\/www.musical-today.de\/wp-content\/uploads\/2024\/01\/qi-addons-for-elementor-placeholder-120x80.png 120w, http:\/\/www.musical-today.de\/wp-content\/uploads\/2024\/01\/qi-addons-for-elementor-placeholder-240x160.png 240w, http:\/\/www.musical-today.de\/wp-content\/uploads\/2024\/01\/qi-addons-for-elementor-placeholder-390x260.png 390w, http:\/\/www.musical-today.de\/wp-content\/uploads\/2024\/01\/qi-addons-for-elementor-placeholder.png 1200w\" sizes=\"(max-width: 500px) 100vw, 500px\" title=\"\"><\/div>\t\t\t<div class=\"lets-info-up-block-wrap\">\r\n\t\t\t\t<div class=\"lets-info-up-block lets-info-up-meta-block\"><div class=\"lets-info-up-meta-title lets-info-up-pretitle font-h\" style=\"color: #8c6d18;\">oRT<\/div><div class=\"lets-info-up-meta-content lets-info-up-title font-b\">Salzburger Landestheater<\/div><\/div><div class=\"lets-info-up-block lets-info-up-meta-block\"><div class=\"lets-info-up-meta-title lets-info-up-pretitle font-h\" style=\"color: #8c6d18;\">von<\/div><div class=\"lets-info-up-meta-content lets-info-up-title font-b\">Jukebox-Musical<br>Stephan Elliott und Allan Scott (Buch)<\/div><\/div><div class=\"lets-info-up-block lets-info-up-meta-block\"><div class=\"lets-info-up-meta-title lets-info-up-pretitle font-h\" style=\"color: #8c6d18;\">Regie<\/div><div class=\"lets-info-up-meta-content lets-info-up-title font-b\">Ramesh Nair<\/div><\/div><div class=\"lets-info-up-block lets-info-up-meta-block\"><div class=\"lets-info-up-meta-title lets-info-up-pretitle font-h\" style=\"color: #8c6d18;\">Urauff\u00fchrung<\/div><div class=\"lets-info-up-meta-content lets-info-up-title font-b\">2006<\/div><\/div><div class=\"lets-info-up-block lets-info-up-meta-block\"><div class=\"lets-info-up-meta-title lets-info-up-pretitle font-h\" style=\"color: #8c6d18;\">INFOS<\/div><div class=\"lets-info-up-meta-content lets-info-up-title font-b\"><a href=\"https:\/\/www.salzburger-landestheater.at\/de\/produktionen\/priscilla-queen-of-the-desert.html\" data-type=\"link\" target=\"_blank\" rel=\"noopener noreferrer nofollow\">www.salzburger-landestheater.at<\/a><\/div><\/div>\t\t\t<\/div>\r\n\t\t\t<\/div>\r\n\t\t<\/div>\r\n\t\t\n\n\n<p><strong>\u201ePriscilla\u201c bringt das Salzachwasser zum Brodeln<\/strong><\/p>\n\n\n\n<p>Respekt! Inmitten der staaden Zeit, w\u00e4hrend in der Mozartstadt vorweihnachtlich die Lichterketten entlang der Salzach funkeln, liefert das Salzburger Landestheater ein glamour\u00f6ses theatrales Roadmovie, das gef\u00fchlt die frisch restaurierten, vergoldeten Stuckarbeiten mit Glitzer \u00fcberzieht. Das rasante Jukebox-Musical \u201ePriscilla \u2013 Queen of the Desert\u201c von Stephan Elliott und Allan Scott, 2006 in Sydney uraufgef\u00fchrt, basiert auf dem gleichnamigen Film von 1994. Die bewegende Story zweier Dragqueens und einer Transfrau, die im Bus namens Priscilla quer durch das australische Outback unterwegs sind, genie\u00dft l\u00e4ngst Kultstatus.<\/p>\n\n\n\n<p>Ramesh Nair, der damit sein Regiedeb\u00fct am Haus feiert, gelingt ein genialer Coup. Nachdem sich der riesige Lametta-Vorhang (B\u00fchne: Michael Lindner) gel\u00fcftet hat, hagelt es wie aus einer Konfettikanone knallbunte und schrill-schr\u00e4ge \u00dcberraschungsmomente. Besser k\u00f6nnte das dem Werk zugrundeliegende Pl\u00e4doyer f\u00fcr Respekt vor der Individualit\u00e4t eines jeden Menschen kaum gefeiert werden, kaum wirkungsvoller ein kr\u00e4ftiges Zeichen f\u00fcr Diversit\u00e4t gesetzt und zugleich das aufgezeigt werden, wof\u00fcr (oder wogegen) die queere Community bis dato k\u00e4mpft.<\/p>\n\n\n\n<p>Was f\u00fcr die \u00e4ltere Generation ein genussvolles Wiederh\u00f6ren der 80er-Dancefloor-Hits (Musikalische Leitung: Wolfgang G\u00f6tz und Manuel Lauerer) mit entsprechend hei\u00dfen Tanzchoreografien (ebenfalls Nair) ist, d\u00fcrfte in den J\u00fcngeren, die diese Zeit nur aus Erz\u00e4hlungen kennen, vermutlich Neid entflammen: Zu \u201eIt\u2019s Raining Men\u201c werden drei singende Diven vom B\u00fchnenhimmel in das wilde Tanzensemble in Regencapes abgeseilt \u2013 was f\u00fcr ein Energielevel! Und was f\u00fcr eine paradiesvogelartige Kost\u00fcm- und Ausstattungsparty (Adam Nee), die da vom ersten Moment die Pupillen des Publikums weitstellt. In einer schr\u00e4gen Beerdigungszeremonie zu \u201eDon\u2019t Leave Me This Way\u201c muss Bernadette (Marco Dott) ihren Geliebten gehen lassen. Statt in Trauer zu versinken, auf zu neuen Ufern: Die Comeback-Show mit Transfrau Mitzi (Oliver Arno) und der dauerprovozierenden Dragqueen Felicia (Leon de Graaf) mit \u201eBaywatch\u201c-Body kommt gerade recht. Wobei schnell klar wird, dass mit dem abgelegenen Ort Alice Springs, wo man eine Dragshow plant, nicht f\u00fcr jede(n) derselbe Weg auch dasselbe Ziel bedeutet.<\/p>\n\n\n<div  class=\"tpgb-wrap-956d14_13637  tpgb-wrap-fw \"  ><div id=\"956d14_13637\" class=\"tpgb-block-956d14_13637 tpgb-relative-block tpgb-gallery-list tpgb-metro gallery-style-2 hover-image-style-1   \" data-style=\"style-2\" data-id=\"956d14_13637\" data-layout=\"metro\" data-fancy-option='{\"loop\":false,\"thumb\":\"no\",\"infobar\":true,\"arrows\":true,\"transitionEffect\":\"slide\",\"button\":[\"close\"]}' data-splide='\"\"' data-metroAttr= '{\"metro_col\":3,\"tab_metro_col\":3,\"mobile_metro_col\":3,\"metro_style\":\"style-1\",\"tab_metro_style\":\"style-1\",\"mobile_metro_style\":\"style-1\"}' ><div class=\"tpgb-row post-loop-inner \"><div class=\"grid-item metro-item-0    tpgb-metro-1  tpgb-tab-metro-1  tpgb-mobile-metro-1 \"><a href=\"http:\/\/www.musical-today.de\/wp-content\/uploads\/2025\/12\/010_Leon-de-Graaf-Oliver-Arno-Marco-Dott_Priscilla_SLT-Tobias-Witzgall_LT2_3354.jpg\" class=\"tpgb-gallery-list-content tpgb-trans-easeinout\" data-fancybox=\"956d14_13637\" data-caption=\"Foto: SLT\/Tobias Witzgall\" aria-label=\"Foto: SLT\/Tobias Witzgall\"><div class=\"post-content-image\"><div class=\"tpgb-metro-gallery-image\" style=\"background: url(http:\/\/www.musical-today.de\/wp-content\/uploads\/2025\/12\/010_Leon-de-Graaf-Oliver-Arno-Marco-Dott_Priscilla_SLT-Tobias-Witzgall_LT2_3354.jpg);\"><\/div><\/div><div class=\"post-content-center\"><div class=\"post-zoom-icon\"><div class=\"meta-search-icon\"><span><img decoding=\"async\" class=\"fancy-img\" src=\"http:\/\/www.musical-today.de\/wp-content\/uploads\/2025\/12\/010_Leon-de-Graaf-Oliver-Arno-Marco-Dott_Priscilla_SLT-Tobias-Witzgall_LT2_3354.jpg\" alt=\"Media Image1\" title=\"\"><i class=\"fas fa-search-plus pop-icon\"><\/i><\/span><\/div><\/div><div class=\"post-content-bottom\"><p class=\"post-title tpgb-trans-easeinout\">Foto: SLT\/Tobias Witzgall<\/p><\/div><\/div><\/a><\/div><div class=\"grid-item metro-item-1    tpgb-metro-2  tpgb-tab-metro-2  tpgb-mobile-metro-2 \"><a href=\"http:\/\/www.musical-today.de\/wp-content\/uploads\/2025\/12\/036_Marco-Dott-Oliver-Arno-Leon-de-Graaf_Priscilla_SLT-Tobias-Witzgall_LT1_8575.jpg\" class=\"tpgb-gallery-list-content tpgb-trans-easeinout\" data-fancybox=\"956d14_13637\" data-caption=\"Foto: SLT\/Tobias Witzgall\" aria-label=\"Foto: SLT\/Tobias Witzgall\"><div class=\"post-content-image\"><div class=\"tpgb-metro-gallery-image\" style=\"background: url(http:\/\/www.musical-today.de\/wp-content\/uploads\/2025\/12\/036_Marco-Dott-Oliver-Arno-Leon-de-Graaf_Priscilla_SLT-Tobias-Witzgall_LT1_8575.jpg);\"><\/div><\/div><div class=\"post-content-center\"><div class=\"post-zoom-icon\"><div class=\"meta-search-icon\"><span><img decoding=\"async\" class=\"fancy-img\" src=\"http:\/\/www.musical-today.de\/wp-content\/uploads\/2025\/12\/036_Marco-Dott-Oliver-Arno-Leon-de-Graaf_Priscilla_SLT-Tobias-Witzgall_LT1_8575.jpg\" alt=\"Media Image2\" title=\"\"><i class=\"fas fa-search-plus pop-icon\"><\/i><\/span><\/div><\/div><div class=\"post-content-bottom\"><p class=\"post-title tpgb-trans-easeinout\">Foto: SLT\/Tobias Witzgall<\/p><\/div><\/div><\/a><\/div><div class=\"grid-item metro-item-2    tpgb-metro-3  tpgb-tab-metro-3  tpgb-mobile-metro-3 \"><a href=\"http:\/\/www.musical-today.de\/wp-content\/uploads\/2025\/12\/003_Larissa-Enzi-Magnus-Jahr-Monika-Ballwein-Alea-Hagedorn_Priscilla_SLT-Tobias-Witzgall_LT2_3212.jpg\" class=\"tpgb-gallery-list-content tpgb-trans-easeinout\" data-fancybox=\"956d14_13637\" data-caption=\"Foto: SLT\/Tobias Witzgall\" aria-label=\"Foto: SLT\/Tobias Witzgall\"><div class=\"post-content-image\"><div class=\"tpgb-metro-gallery-image\" style=\"background: url(http:\/\/www.musical-today.de\/wp-content\/uploads\/2025\/12\/003_Larissa-Enzi-Magnus-Jahr-Monika-Ballwein-Alea-Hagedorn_Priscilla_SLT-Tobias-Witzgall_LT2_3212.jpg);\"><\/div><\/div><div class=\"post-content-center\"><div class=\"post-zoom-icon\"><div class=\"meta-search-icon\"><span><img decoding=\"async\" class=\"fancy-img\" src=\"http:\/\/www.musical-today.de\/wp-content\/uploads\/2025\/12\/003_Larissa-Enzi-Magnus-Jahr-Monika-Ballwein-Alea-Hagedorn_Priscilla_SLT-Tobias-Witzgall_LT2_3212.jpg\" alt=\"Media Image3\" title=\"\"><i class=\"fas fa-search-plus pop-icon\"><\/i><\/span><\/div><\/div><div class=\"post-content-bottom\"><p class=\"post-title tpgb-trans-easeinout\">Foto: SLT\/Tobias Witzgall<\/p><\/div><\/div><\/a><\/div><\/div><\/div><\/div>\n\n\n<p>Der Song \u201eGo West\u201c als Kickstart zum Roadtrip, bei dem leider manch Koala oder K\u00e4nguru unter die R\u00e4der kommt, z\u00fcndet Begeisterungsst\u00fcrme mit Dauerlachern. Bevor die drei auf der B\u00fchne im Outback ihre \u201eTrue Colors\u201c, also ihre \u201ewahren Farben\u201c ohne Angst vor Ablehnung zeigen d\u00fcrfen, m\u00fcssen sie von einer Bus-Panne in der W\u00fcste \u00fcber (welt)fremde Planeten einer (Discokugel-)Mondlandschaft so manche H\u00fcrde nehmen. Dazu hilft u.a. \u201eHot Stuff\u201c, aber vor allem \u201eLove, Peace and Respect\u201c. Denn die Aussage \u201eGirls Just Want to Have Fun\u201c stimmt ja so doch nicht \u2013 Spa\u00df haben in dieser Premiere nicht nur M\u00e4dels, sondern einfach alle Menschen.&nbsp;&nbsp;<\/p>\n\n\n\n<p>Das Genre Musical wird bekanntlich als \u201eleichte Kost\u201c gehandelt. Wie wunderbar, wenn mit leichter Kost ernstzunehmende sozialkritische Themen behandelt werden und sie somit auf Zehenspitzen ins Bewusstsein der Gesellschaft hineinschleichen. Es ist herzzerrei\u00dfend, wie Bernadette erst mutig den wildernden M\u00e4nner-Mob sprengt, um dann ganz m\u00fctterlich zart Dragqueen Felicia, die nur knapp einer Vergewaltigung entkam, in den Arm zu nehmen. Ganz gro\u00dfes Musiktheater! Fantastisch auch, wie der Zusammenhalt der \u201eWahlfamilie\u201c aus zwei Dragqueens und einer Transfrau herausgearbeitet ist. Ein \u201eMehr\u201c f\u00fcr (einander) als ein \u201eWider\u201c (die andern) mag so manchen vom Weg Abgekommenen zur\u00fcck in die Bahn des Menschlichen bringen.<\/p>\n\n\n\n<hr class=\"wp-block-separator has-alpha-channel-opacity is-style-dots\"\/>\n\n\n\n<p class=\"has-small-font-size\">Musikalische Leitung: Wolfgang G\u00f6tz (Dirigent) und Manuel Lauerer (Piano) \u2022 Regie und Choreografie: Ramesh Nair \u2022 B\u00fchne: Michael Lindner \u2022 Kost\u00fcme: Adam Nee \u2022 Video: Michael Lindner, Roman Hagenbrock und Surjo Naskar \u2022 Mit: Oliver Arno (Tick (Mitzi)), Leon de Graaf (Adam (Felicia)), Marco Dott (Bernadette), Aloysia Astari (Cynthia), Magnus Jahr (Miss Understanding\/Tina Turner\/Frank\/Country Boy), Achim Himmelbauer (Young Bernadette), Monika Ballwein (Diva 1), Alea Hagedorn (Diva 2), Larissa Enzi (Diva 3), Marina Petkov (Marion\/Shirley), Axel Meinhardt (Bob) u.a. \u2022 Chor und Ballettensemble des Salzburger Landestheaters \u2022 Priscilla-Band<\/p>\n\n\n\n<p class=\"has-small-font-size\">Aufmacherfoto: SLT\/Tobias Witzgall<\/p>\n","protected":false},"excerpt":{"rendered":"<p>\u201ePriscilla\u201c bringt das Salzachwasser zum Brodeln Respekt! Inmitten der staaden Zeit, w\u00e4hrend in der Mozartstadt vorweihnachtlich die Lichterketten entlang der Salzach funkeln, liefert das Salzburger Landestheater ein glamour\u00f6ses theatrales Roadmovie, das gef\u00fchlt die frisch restaurierten, vergoldeten Stuckarbeiten mit Glitzer \u00fcberzieht. Das rasante Jukebox-Musical \u201ePriscilla \u2013 Queen of the Desert\u201c von Stephan Elliott und Allan Scott, 2006 in Sydney uraufgef\u00fchrt, basiert auf dem gleichnamigen Film von 1994. Die bewegende Story zweier Dragqueens und einer Transfrau, die im Bus namens Priscilla quer [&hellip;]<\/p>\n","protected":false},"author":23,"featured_media":13630,"comment_status":"closed","ping_status":"closed","sticky":false,"template":"","format":"standard","meta":{"tpgb_global_settings":"","footnotes":""},"categories":[142],"tags":[],"class_list":["post-13637","post","type-post","status-publish","format-standard","has-post-thumbnail","hentry","category-salzburg"],"tpgb_featured_images":{"full":["http:\/\/www.musical-today.de\/wp-content\/uploads\/2025\/12\/014_Ensemble_Priscilla_SLT-Tobias-Witzgall_LT2_3418.jpg",2000,1331,false],"tp-image-grid":["http:\/\/www.musical-today.de\/wp-content\/uploads\/2025\/12\/014_Ensemble_Priscilla_SLT-Tobias-Witzgall_LT2_3418-700x700.jpg",700,700,true],"thumbnail":["http:\/\/www.musical-today.de\/wp-content\/uploads\/2025\/12\/014_Ensemble_Priscilla_SLT-Tobias-Witzgall_LT2_3418-600x399.jpg",600,399,true],"medium":["http:\/\/www.musical-today.de\/wp-content\/uploads\/2025\/12\/014_Ensemble_Priscilla_SLT-Tobias-Witzgall_LT2_3418-1200x799.jpg",1200,799,true],"medium_large":["http:\/\/www.musical-today.de\/wp-content\/uploads\/2025\/12\/014_Ensemble_Priscilla_SLT-Tobias-Witzgall_LT2_3418-770x512.jpg",770,512,true],"large":["http:\/\/www.musical-today.de\/wp-content\/uploads\/2025\/12\/014_Ensemble_Priscilla_SLT-Tobias-Witzgall_LT2_3418-1920x1278.jpg",1139,758,true],"default":"http:\/\/www.musical-today.de\/wp-content\/plugins\/the-plus-addons-for-block-editor\/assets\/images\/tpgb-placeholder.jpg"},"tpgb_post_meta_info":{"get_date":"09.12.2025","get_modified_date":"10.12.2025","category_list":{"category":[{"term_id":142,"name":"Salzburg","slug":"salzburg","term_group":0,"term_taxonomy_id":142,"taxonomy":"category","description":"","parent":114,"count":7,"filter":"raw","term_order":"10"}],"post_tag":false,"post_format":false},"author_name":"Kirsten Benekam","author_url":"http:\/\/www.musical-today.de\/en\/autor\/kirstenbenekam\/","author_email":"online99128@musical-today.de","author_website":"","author_description":"folgte Ende der achtziger Jahre der \u201ePoesie der Stille\u201c und wurde von Marcel Marceau in Paris zur Pantomimin ausgebildet, um ohne Worte alles sagen und mit der Kraft der Stille Dramen, Kom\u00f6dien und Lyrik inszenieren zu k\u00f6nnen. Heute schreibt sie \u00fcber das, was sie gestern tat und immer noch liebt: Kunst \u2013 Theater, Oper, Musik, Tanz und die Menschen. Nuancen der Stille und des Musiktheaters sind f\u00fcr sie destillierte Emotion.","author_facebook":"","author_twitter":"","author_instagram":"","author_role":["author"],"author_firstname":"Kirsten","author_lastname":"Benekam","user_login":"kirstenbenekam","author_avatar":"<img src=\"http:\/\/www.musical-today.de\/wp-content\/uploads\/2024\/03\/Autor_Benekam-293x293.jpg\" width=\"200\" height=\"200\" alt=\"Kirsten Benekam\" class=\"avatar avatar-200 wp-user-avatar wp-user-avatar-200 alignnone photo\" \/>","author_avatar_url":"http:\/\/www.musical-today.de\/wp-content\/uploads\/2024\/03\/Autor_Benekam.jpg","comment_count":0,"post_likes":0,"post_views":0},"tpgb_post_category":{"category":"<a href=\"http:\/\/www.musical-today.de\/en\/oesterreich\/salzburg\/\" alt=\"Salzburg\"  class=\"category-salzburg\">Salzburg<\/a> "},"_links":{"self":[{"href":"http:\/\/www.musical-today.de\/en\/wp-json\/wp\/v2\/posts\/13637","targetHints":{"allow":["GET"]}}],"collection":[{"href":"http:\/\/www.musical-today.de\/en\/wp-json\/wp\/v2\/posts"}],"about":[{"href":"http:\/\/www.musical-today.de\/en\/wp-json\/wp\/v2\/types\/post"}],"author":[{"embeddable":true,"href":"http:\/\/www.musical-today.de\/en\/wp-json\/wp\/v2\/users\/23"}],"replies":[{"embeddable":true,"href":"http:\/\/www.musical-today.de\/en\/wp-json\/wp\/v2\/comments?post=13637"}],"version-history":[{"count":1,"href":"http:\/\/www.musical-today.de\/en\/wp-json\/wp\/v2\/posts\/13637\/revisions"}],"predecessor-version":[{"id":13638,"href":"http:\/\/www.musical-today.de\/en\/wp-json\/wp\/v2\/posts\/13637\/revisions\/13638"}],"wp:featuredmedia":[{"embeddable":true,"href":"http:\/\/www.musical-today.de\/en\/wp-json\/wp\/v2\/media\/13630"}],"wp:attachment":[{"href":"http:\/\/www.musical-today.de\/en\/wp-json\/wp\/v2\/media?parent=13637"}],"wp:term":[{"taxonomy":"category","embeddable":true,"href":"http:\/\/www.musical-today.de\/en\/wp-json\/wp\/v2\/categories?post=13637"},{"taxonomy":"post_tag","embeddable":true,"href":"http:\/\/www.musical-today.de\/en\/wp-json\/wp\/v2\/tags?post=13637"}],"curies":[{"name":"wp","href":"https:\/\/api.w.org\/{rel}","templated":true}]}}