{"id":13699,"date":"2025-12-16T23:54:00","date_gmt":"2025-12-16T22:54:00","guid":{"rendered":"https:\/\/www.musical-today.de\/?p=13699"},"modified":"2025-12-17T00:58:56","modified_gmt":"2025-12-16T23:58:56","slug":"muenchen-cabaret","status":"publish","type":"post","link":"http:\/\/www.musical-today.de\/en\/muenchen-cabaret\/","title":{"rendered":"Cabaret"},"content":{"rendered":"<div class=\"lets-info-up-wrap  lets-info-up--right lets-info-up--m-1 lets-info-up-skin-3 lets-info-up--side lets-info-up-98532\" style=\"background:#fafafa; color: #616161\">\t\t\t<div class=\"lets-info-up\">\r\n\t\t\t<div class=\"lets-info-up-fi\"><img decoding=\"async\" width=\"500\" height=\"333\" src=\"http:\/\/www.musical-today.de\/wp-content\/uploads\/2024\/01\/qi-addons-for-elementor-placeholder-500x333.png\" class=\"attachment-lets-info-up-d1 size-lets-info-up-d1\" alt=\"|\" srcset=\"http:\/\/www.musical-today.de\/wp-content\/uploads\/2024\/01\/qi-addons-for-elementor-placeholder-500x333.png 500w, http:\/\/www.musical-today.de\/wp-content\/uploads\/2024\/01\/qi-addons-for-elementor-placeholder-300x200.png 300w, http:\/\/www.musical-today.de\/wp-content\/uploads\/2024\/01\/qi-addons-for-elementor-placeholder-1024x683.png 1024w, http:\/\/www.musical-today.de\/wp-content\/uploads\/2024\/01\/qi-addons-for-elementor-placeholder-883x589.png 883w, http:\/\/www.musical-today.de\/wp-content\/uploads\/2024\/01\/qi-addons-for-elementor-placeholder-18x12.png 18w, http:\/\/www.musical-today.de\/wp-content\/uploads\/2024\/01\/qi-addons-for-elementor-placeholder-360x240.png 360w, http:\/\/www.musical-today.de\/wp-content\/uploads\/2024\/01\/qi-addons-for-elementor-placeholder-1155x770.png 1155w, http:\/\/www.musical-today.de\/wp-content\/uploads\/2024\/01\/qi-addons-for-elementor-placeholder-370x247.png 370w, http:\/\/www.musical-today.de\/wp-content\/uploads\/2024\/01\/qi-addons-for-elementor-placeholder-770x513.png 770w, http:\/\/www.musical-today.de\/wp-content\/uploads\/2024\/01\/qi-addons-for-elementor-placeholder-293x195.png 293w, http:\/\/www.musical-today.de\/wp-content\/uploads\/2024\/01\/qi-addons-for-elementor-placeholder-120x80.png 120w, http:\/\/www.musical-today.de\/wp-content\/uploads\/2024\/01\/qi-addons-for-elementor-placeholder-240x160.png 240w, http:\/\/www.musical-today.de\/wp-content\/uploads\/2024\/01\/qi-addons-for-elementor-placeholder-390x260.png 390w, http:\/\/www.musical-today.de\/wp-content\/uploads\/2024\/01\/qi-addons-for-elementor-placeholder.png 1200w\" sizes=\"(max-width: 500px) 100vw, 500px\" title=\"\"><\/div>\t\t\t<div class=\"lets-info-up-block-wrap\">\r\n\t\t\t\t<div class=\"lets-info-up-block lets-info-up-meta-block\"><div class=\"lets-info-up-meta-title lets-info-up-pretitle font-h\" style=\"color: #8c6d18;\">oRT<\/div><div class=\"lets-info-up-meta-content lets-info-up-title font-b\">Residenztheater<\/div><\/div><div class=\"lets-info-up-block lets-info-up-meta-block\"><div class=\"lets-info-up-meta-title lets-info-up-pretitle font-h\" style=\"color: #8c6d18;\">von<\/div><div class=\"lets-info-up-meta-content lets-info-up-title font-b\">John Kander (Musik)<br>Joe Masteroff (Buch)<br>Fred Ebb (Liedtexte)<br>Robert Gilbert (Deutsche Dialoge)<\/div><\/div><div class=\"lets-info-up-block lets-info-up-meta-block\"><div class=\"lets-info-up-meta-title lets-info-up-pretitle font-h\" style=\"color: #8c6d18;\">Regie<\/div><div class=\"lets-info-up-meta-content lets-info-up-title font-b\">Claus Guth<\/div><\/div><div class=\"lets-info-up-block lets-info-up-meta-block\"><div class=\"lets-info-up-meta-title lets-info-up-pretitle font-h\" style=\"color: #8c6d18;\">Urauff\u00fchrung<\/div><div class=\"lets-info-up-meta-content lets-info-up-title font-b\">1966<\/div><\/div><div class=\"lets-info-up-block lets-info-up-meta-block\"><div class=\"lets-info-up-meta-title lets-info-up-pretitle font-h\" style=\"color: #8c6d18;\">INFOS<\/div><div class=\"lets-info-up-meta-content lets-info-up-title font-b\"><a href=\"https:\/\/www.residenztheater.de\/stuecke\/detail\/cabaret\" data-type=\"link\" target=\"_blank\" rel=\"noopener noreferrer nofollow\">www.residenztheater.de<\/a><\/div><\/div>\t\t\t<\/div>\r\n\t\t\t<\/div>\r\n\t\t<\/div>\r\n\t\t\n\n\n<p><strong>\u201eCabaret\u201c im Strudel der Zeit<\/strong><\/p>\n\n\n\n<p>Beim Opernregisseur Claus Guth reimen sich gewisserma\u00dfen klug und geschmackssicher auf Erfolg. Dass nicht einfach ein konkurrierender Barrie-Kosky-Abklatsch dabei herauskommen w\u00fcrde, wenn er sich mit der hitgespickten, popul\u00e4ren Vorkatastrophen-Revue \u201eCabaret\u201c das erste Mal ein Musical vornimmt, war schon klar. Wobei nat\u00fcrlich auch bei ihm vor allem der Conf\u00e9rencier (in jeder Hinsicht geschmeidig: Vincent Glander) und Sally Bowles (mit ganz eigener Zerbrechlichkeit: Vassilissa Reznikoff) alle Showregister bis zur Verausgabungsgrenze ziehen d\u00fcrfen und auch die Kit Kat Girls &amp; Boys gelegentlich den \u00dcberblick zu verlieren scheinen, wer da gerade mit wem akrobatisch-erotisch verknotet ist.<\/p>\n\n\n\n<p>Was John Kander (Musik) und Fred Ebb (Liedtexte) 1966 am Broadway herausbrachten und was durch den R\u00fcckenwind der kongenialen Verfilmung mit Liza Minnelli 1972 auf Welterfolgskurs blieb, ist auch deshalb auf den B\u00fchnen ein Dauerbrenner, weil der Abstand von Kunst und Wirklichkeit nicht gr\u00f6\u00dfer wird, sondern in einer Weise schrumpft, die gespenstisch ist. Die Rhetorik des Nazis im St\u00fcck, aber auch die direkt und eindringlich von Fr\u00e4ulein Schneider (Cathrin St\u00f6rmer) nach ihrer Trennung vom j\u00fcdischen Gem\u00fcseh\u00e4ndler Schultz (Robert D\u00f6lle) ans Publikum gerichtete Frage \u201eWhat would you do?\u201c haben es in sich. Das ist bei Guth punktgenau inszeniert. Auch die Aufforderung der Opportunistin Fr\u00e4ulein Kost (Myriam Schr\u00f6der), in die genial verf\u00fchrerische Hymne auf den morgigen Tag einzustimmen, verhallt zwar wie vorgesehen unerh\u00f6rt \u2013 aber f\u00fcr einen Moment des Gruselns reicht es allemal. Ein kleiner Junge hatte dieses Verf\u00fchrer-Lied vorher schon einmal angestimmt. Da noch nicht im Braunhemd und mit nur schwarzem F\u00e4hnchen, aber vor einer ge\u00f6ffneten T\u00fcr mit einem Gest\u00f6ber im Halbdunkel dahinter. Das assoziiert die einbrechende metaphorische K\u00e4lte, aber auch die Asche der B\u00fccherverbrennung und geh\u00f6rt zu den eindrucksvollsten Bildern, die Etienne Pluss mit seiner B\u00fchne beisteuert.<\/p>\n\n\n<div  class=\"tpgb-wrap-956d14_13699  tpgb-wrap-fw \"  ><div id=\"956d14_13699\" class=\"tpgb-block-956d14_13699 tpgb-relative-block tpgb-gallery-list tpgb-metro gallery-style-2 hover-image-style-1   \" data-style=\"style-2\" data-id=\"956d14_13699\" data-layout=\"metro\" data-fancy-option='{\"loop\":false,\"thumb\":\"no\",\"infobar\":true,\"arrows\":true,\"transitionEffect\":\"slide\",\"button\":[\"close\"]}' data-splide='\"\"' data-metroAttr= '{\"metro_col\":3,\"tab_metro_col\":3,\"mobile_metro_col\":3,\"metro_style\":\"style-1\",\"tab_metro_style\":\"style-1\",\"mobile_metro_style\":\"style-1\"}' ><div class=\"tpgb-row post-loop-inner \"><div class=\"grid-item metro-item-0    tpgb-metro-1  tpgb-tab-metro-1  tpgb-mobile-metro-1 \"><a href=\"http:\/\/www.musical-today.de\/wp-content\/uploads\/2025\/12\/Resi_Cabaret_-_Vassilissa_Reznikoff__Vincent_Glander_sowie_die_Kit_Kat_Girls___Boys__c__Monika_Rittershaus.jpg\" class=\"tpgb-gallery-list-content tpgb-trans-easeinout\" data-fancybox=\"956d14_13699\" data-caption=\"Foto: Monika Rittershaus\" aria-label=\"Foto: Monika Rittershaus\"><div class=\"post-content-image\"><div class=\"tpgb-metro-gallery-image\" style=\"background: url(http:\/\/www.musical-today.de\/wp-content\/uploads\/2025\/12\/Resi_Cabaret_-_Vassilissa_Reznikoff__Vincent_Glander_sowie_die_Kit_Kat_Girls___Boys__c__Monika_Rittershaus.jpg);\"><\/div><\/div><div class=\"post-content-center\"><div class=\"post-zoom-icon\"><div class=\"meta-search-icon\"><span><img decoding=\"async\" class=\"fancy-img\" src=\"http:\/\/www.musical-today.de\/wp-content\/uploads\/2025\/12\/Resi_Cabaret_-_Vassilissa_Reznikoff__Vincent_Glander_sowie_die_Kit_Kat_Girls___Boys__c__Monika_Rittershaus.jpg\" alt=\"Media Image1\" title=\"\"><i class=\"fas fa-search-plus pop-icon\"><\/i><\/span><\/div><\/div><div class=\"post-content-bottom\"><p class=\"post-title tpgb-trans-easeinout\">Foto: Monika Rittershaus<\/p><\/div><\/div><\/a><\/div><div class=\"grid-item metro-item-1    tpgb-metro-2  tpgb-tab-metro-2  tpgb-mobile-metro-2 \"><a href=\"http:\/\/www.musical-today.de\/wp-content\/uploads\/2025\/12\/Resi_Cabaret_-_Vincent_Glander__c__Monika_Rittershaus.jpg\" class=\"tpgb-gallery-list-content tpgb-trans-easeinout\" data-fancybox=\"956d14_13699\" data-caption=\"Foto: Monika Rittershaus\" aria-label=\"Foto: Monika Rittershaus\"><div class=\"post-content-image\"><div class=\"tpgb-metro-gallery-image\" style=\"background: url(http:\/\/www.musical-today.de\/wp-content\/uploads\/2025\/12\/Resi_Cabaret_-_Vincent_Glander__c__Monika_Rittershaus.jpg);\"><\/div><\/div><div class=\"post-content-center\"><div class=\"post-zoom-icon\"><div class=\"meta-search-icon\"><span><img decoding=\"async\" class=\"fancy-img\" src=\"http:\/\/www.musical-today.de\/wp-content\/uploads\/2025\/12\/Resi_Cabaret_-_Vincent_Glander__c__Monika_Rittershaus.jpg\" alt=\"Media Image2\" title=\"\"><i class=\"fas fa-search-plus pop-icon\"><\/i><\/span><\/div><\/div><div class=\"post-content-bottom\"><p class=\"post-title tpgb-trans-easeinout\">Foto: Monika Rittershaus<\/p><\/div><\/div><\/a><\/div><div class=\"grid-item metro-item-2    tpgb-metro-3  tpgb-tab-metro-3  tpgb-mobile-metro-3 \"><a href=\"http:\/\/www.musical-today.de\/wp-content\/uploads\/2025\/12\/Resi_Cabaret_-_Vassilissa_Reznikoff__Thomas_Hauser__c__Monika_Rittershaus.jpg\" class=\"tpgb-gallery-list-content tpgb-trans-easeinout\" data-fancybox=\"956d14_13699\" data-caption=\"Foto: Monika Rittershaus\" aria-label=\"Foto: Monika Rittershaus\"><div class=\"post-content-image\"><div class=\"tpgb-metro-gallery-image\" style=\"background: url(http:\/\/www.musical-today.de\/wp-content\/uploads\/2025\/12\/Resi_Cabaret_-_Vassilissa_Reznikoff__Thomas_Hauser__c__Monika_Rittershaus.jpg);\"><\/div><\/div><div class=\"post-content-center\"><div class=\"post-zoom-icon\"><div class=\"meta-search-icon\"><span><img decoding=\"async\" class=\"fancy-img\" src=\"http:\/\/www.musical-today.de\/wp-content\/uploads\/2025\/12\/Resi_Cabaret_-_Vassilissa_Reznikoff__Thomas_Hauser__c__Monika_Rittershaus.jpg\" alt=\"Media Image3\" title=\"\"><i class=\"fas fa-search-plus pop-icon\"><\/i><\/span><\/div><\/div><div class=\"post-content-bottom\"><p class=\"post-title tpgb-trans-easeinout\">Foto: Monika Rittershaus<\/p><\/div><\/div><\/a><\/div><\/div><\/div><\/div>\n\n\n<p>Nachdem der Conf\u00e9rencier die Wartezeit bis zum Eintreffen der acht Musiker \u00fcberbr\u00fcckt und sich als Anwalt des Publikums eingef\u00fchrt hat, betritt der amerikanische Schriftsteller Clifford Bradshaw ein ger\u00e4umiges Hotelzimmer und handelt mit der Vermieterin den Preis aus. Mit dem l\u00e4ngst ergrauten Michael Goldberg ist es ein Charakter, der sich an jede aufregende Begegnung mit dem Berlin vom Anfang der 30er Jahre zur\u00fcckerinnert, der in seinen Aufzeichnungen von damals bl\u00e4ttert, bis mit Thomas Hauser sein j\u00fcngeres Alter Ego von damals seine Worte \u00fcbernimmt und mit uns zur\u00fcck in die Zeit der Handlung reist. Wir erleben episodenhaft mit, wie er in den Strudel der Zeit gezogen wird, wie er vom Kit-Kat-Klub und seinen Verf\u00fchrungen, vor allem aber von dessen Star Sally Bowles fasziniert ist. Mit einigem Showeffekt dringt dieses pralle Leben in Bradshaws Zimmer \u2013 durch die Fenster, aus dem K\u00fchlschrank, aus dem Bett.<\/p>\n\n\n\n<p>Durch den Zeitsprung der Verdopplung seiner Figur wird aber auch deutlich, wie er sich den wachen Blick des Au\u00dfenstehenden bewahrt, der Verf\u00fchrung durch den nur wenig getarnten Nazi Ernst Ludwig (Vincent zur Linden) widersteht und am Ende die Flucht ergreift. Wenn die Welt aus den Fugen ger\u00e4t, dann ist auch die B\u00fchne ein Tr\u00fcmmerfeld, offen bis zur Brandmauer und mit viel Raum f\u00fcr den Gleichschritt der Braunhemden.<\/p>\n\n\n\n<p>Unter Leitung von Stephen Delaney wird die reduzierte Orchesterfassung von Chris Walker nicht nur durchweg pointiert gespielt und von den Protagonisten ebenso gesungen (im englischen Original), sondern auch die deutsch gesprochenen Passagen sind durchweg pr\u00e4zise in der alptraumartigen Szenerie platziert. Jubel f\u00fcr diese beklemmend ernst genommene Musicalversion!<\/p>\n\n\n\n<hr class=\"wp-block-separator has-alpha-channel-opacity is-style-dots\"\/>\n\n\n\n<p class=\"has-small-font-size\">Musikalische Leitung: Stephen Delaney \u2022 Musikalische Co-Leitung: Philipp Tillotson \u2022 Regie: Claus Guth \u2022 Choreografie: Sommer Ulrickson \u2022 B\u00fchne: Etienne Pluss \u2022 Kost\u00fcme: Bianca Deigner \u2022 Licht: Gerrit Jurda \u2022 Soundkomposition: Mathis Nitschke \u2022 Mit: Vincent Glander (Conf\u00e9rencier), Vassilissa Reznikoff (Sally Bowles), Michael Goldberg und Thomas Hauser (Clifford Bradshaw), Cathrin St\u00f6rmer (Fr\u00e4ulein Schneider), Robert D\u00f6lle (Herr Schultz), Vincent zur Linden (Ernst Ludwig), Myriam Schr\u00f6der (Fr\u00e4ulein Kost), Simone Centonze, Hannah Chioma Ekezie, Stephanie Marin, Sophie Mefan, Edward Serban, Luca Skupin, Julia Taschler (Kit Kat Girls &amp; Boys) u.a. \u2022 Statisterie des Residenztheaters<\/p>\n\n\n\n<p class=\"has-small-font-size\">Aufmacherfoto: Monika Rittershaus<\/p>\n\n\n\n<p><\/p>\n","protected":false},"excerpt":{"rendered":"<p>\u201eCabaret\u201c im Strudel der Zeit Beim Opernregisseur Claus Guth reimen sich gewisserma\u00dfen klug und geschmackssicher auf Erfolg. Dass nicht einfach ein konkurrierender Barrie-Kosky-Abklatsch dabei herauskommen w\u00fcrde, wenn er sich mit der hitgespickten, popul\u00e4ren Vorkatastrophen-Revue \u201eCabaret\u201c das erste Mal ein Musical vornimmt, war schon klar. Wobei nat\u00fcrlich auch bei ihm vor allem der Conf\u00e9rencier (in jeder Hinsicht geschmeidig: Vincent Glander) und Sally Bowles (mit ganz eigener Zerbrechlichkeit: Vassilissa Reznikoff) alle Showregister bis zur Verausgabungsgrenze ziehen d\u00fcrfen und auch die Kit Kat [&hellip;]<\/p>\n","protected":false},"author":44,"featured_media":13688,"comment_status":"closed","ping_status":"closed","sticky":false,"template":"","format":"standard","meta":{"tpgb_global_settings":"","footnotes":""},"categories":[98],"tags":[],"class_list":["post-13699","post","type-post","status-publish","format-standard","has-post-thumbnail","hentry","category-muenchen"],"tpgb_featured_images":{"full":["http:\/\/www.musical-today.de\/wp-content\/uploads\/2025\/12\/Resi_Cabaret_-_Vassilissa_Reznikoff__Vincent_Glander__c__Monika_Rittershaus.jpg",2000,1333,false],"tp-image-grid":["http:\/\/www.musical-today.de\/wp-content\/uploads\/2025\/12\/Resi_Cabaret_-_Vassilissa_Reznikoff__Vincent_Glander__c__Monika_Rittershaus-700x700.jpg",700,700,true],"thumbnail":["http:\/\/www.musical-today.de\/wp-content\/uploads\/2025\/12\/Resi_Cabaret_-_Vassilissa_Reznikoff__Vincent_Glander__c__Monika_Rittershaus-600x400.jpg",600,400,true],"medium":["http:\/\/www.musical-today.de\/wp-content\/uploads\/2025\/12\/Resi_Cabaret_-_Vassilissa_Reznikoff__Vincent_Glander__c__Monika_Rittershaus-1200x800.jpg",1200,800,true],"medium_large":["http:\/\/www.musical-today.de\/wp-content\/uploads\/2025\/12\/Resi_Cabaret_-_Vassilissa_Reznikoff__Vincent_Glander__c__Monika_Rittershaus-770x513.jpg",770,513,true],"large":["http:\/\/www.musical-today.de\/wp-content\/uploads\/2025\/12\/Resi_Cabaret_-_Vassilissa_Reznikoff__Vincent_Glander__c__Monika_Rittershaus-1920x1280.jpg",1139,759,true],"default":"http:\/\/www.musical-today.de\/wp-content\/plugins\/the-plus-addons-for-block-editor\/assets\/images\/tpgb-placeholder.jpg"},"tpgb_post_meta_info":{"get_date":"16.12.2025","get_modified_date":"17.12.2025","category_list":{"category":[{"term_id":98,"name":"M\u00fcnchen","slug":"muenchen","term_group":0,"term_taxonomy_id":98,"taxonomy":"category","description":"","parent":19,"count":15,"filter":"raw","term_order":"69"}],"post_tag":false,"post_format":false},"author_name":"Dr. Joachim Lange","author_url":"http:\/\/www.musical-today.de\/en\/autor\/joachimlange\/","author_email":"temporary-removeq47W7zszT2mAxi8@tmp.com","author_website":"","author_description":"lebt in Halle an der Saale. Er studierte und promovierte an der Martin-Luther-Universit\u00e4t Halle-Wittenberg. Seine Leidenschaft f\u00fcr Musiktheater und Schauspiel wurde fr\u00fch geweckt, u.a. durch Regiearbeiten von Herz, Berghaus, Kupfer und Konwitschny. Seit Beginn der neunziger Jahre arbeitet er als freier Kulturjournalist.","author_facebook":"","author_twitter":"","author_instagram":"","author_role":["author"],"author_firstname":"Dr. Joachim","author_lastname":"Lange","user_login":"joachimlange","author_avatar":"<img src=\"http:\/\/www.musical-today.de\/wp-content\/uploads\/2024\/03\/Autor_Lange-293x293.jpg\" width=\"200\" height=\"200\" alt=\"Dr. Joachim Lange\" class=\"avatar avatar-200 wp-user-avatar wp-user-avatar-200 alignnone photo\" \/>","author_avatar_url":"http:\/\/www.musical-today.de\/wp-content\/uploads\/2024\/03\/Autor_Lange.jpg","comment_count":0,"post_likes":0,"post_views":0},"tpgb_post_category":{"category":"<a href=\"http:\/\/www.musical-today.de\/en\/deutschland\/muenchen\/\" alt=\"M\u00fcnchen\"  class=\"category-muenchen\">M\u00fcnchen<\/a> "},"_links":{"self":[{"href":"http:\/\/www.musical-today.de\/en\/wp-json\/wp\/v2\/posts\/13699","targetHints":{"allow":["GET"]}}],"collection":[{"href":"http:\/\/www.musical-today.de\/en\/wp-json\/wp\/v2\/posts"}],"about":[{"href":"http:\/\/www.musical-today.de\/en\/wp-json\/wp\/v2\/types\/post"}],"author":[{"embeddable":true,"href":"http:\/\/www.musical-today.de\/en\/wp-json\/wp\/v2\/users\/44"}],"replies":[{"embeddable":true,"href":"http:\/\/www.musical-today.de\/en\/wp-json\/wp\/v2\/comments?post=13699"}],"version-history":[{"count":2,"href":"http:\/\/www.musical-today.de\/en\/wp-json\/wp\/v2\/posts\/13699\/revisions"}],"predecessor-version":[{"id":13701,"href":"http:\/\/www.musical-today.de\/en\/wp-json\/wp\/v2\/posts\/13699\/revisions\/13701"}],"wp:featuredmedia":[{"embeddable":true,"href":"http:\/\/www.musical-today.de\/en\/wp-json\/wp\/v2\/media\/13688"}],"wp:attachment":[{"href":"http:\/\/www.musical-today.de\/en\/wp-json\/wp\/v2\/media?parent=13699"}],"wp:term":[{"taxonomy":"category","embeddable":true,"href":"http:\/\/www.musical-today.de\/en\/wp-json\/wp\/v2\/categories?post=13699"},{"taxonomy":"post_tag","embeddable":true,"href":"http:\/\/www.musical-today.de\/en\/wp-json\/wp\/v2\/tags?post=13699"}],"curies":[{"name":"wp","href":"https:\/\/api.w.org\/{rel}","templated":true}]}}