{"id":3939,"date":"2024-03-27T01:51:00","date_gmt":"2024-03-27T00:51:00","guid":{"rendered":"https:\/\/www.musical-today.de\/?p=3939"},"modified":"2025-04-15T14:28:19","modified_gmt":"2025-04-15T12:28:19","slug":"pforzheim-bajazzo-darf-nicht-platzen","status":"publish","type":"post","link":"http:\/\/www.musical-today.de\/en\/pforzheim-bajazzo-darf-nicht-platzen\/","title":{"rendered":"Bajazzo darf nicht platzen"},"content":{"rendered":"<div class=\"lets-info-up-wrap  lets-info-up--right lets-info-up--m-1 lets-info-up-skin-3 lets-info-up--side lets-info-up-99709\" style=\"background:#fafafa; color: #616161\">\t\t\t<div class=\"lets-info-up\">\r\n\t\t\t<div class=\"lets-info-up-fi\"><img decoding=\"async\" width=\"500\" height=\"333\" src=\"http:\/\/www.musical-today.de\/wp-content\/uploads\/2024\/01\/qi-addons-for-elementor-placeholder-500x333.png\" class=\"attachment-lets-info-up-d1 size-lets-info-up-d1\" alt=\"|\" srcset=\"http:\/\/www.musical-today.de\/wp-content\/uploads\/2024\/01\/qi-addons-for-elementor-placeholder-500x333.png 500w, http:\/\/www.musical-today.de\/wp-content\/uploads\/2024\/01\/qi-addons-for-elementor-placeholder-300x200.png 300w, http:\/\/www.musical-today.de\/wp-content\/uploads\/2024\/01\/qi-addons-for-elementor-placeholder-1024x683.png 1024w, http:\/\/www.musical-today.de\/wp-content\/uploads\/2024\/01\/qi-addons-for-elementor-placeholder-883x589.png 883w, http:\/\/www.musical-today.de\/wp-content\/uploads\/2024\/01\/qi-addons-for-elementor-placeholder-18x12.png 18w, http:\/\/www.musical-today.de\/wp-content\/uploads\/2024\/01\/qi-addons-for-elementor-placeholder-360x240.png 360w, http:\/\/www.musical-today.de\/wp-content\/uploads\/2024\/01\/qi-addons-for-elementor-placeholder-1155x770.png 1155w, http:\/\/www.musical-today.de\/wp-content\/uploads\/2024\/01\/qi-addons-for-elementor-placeholder-370x247.png 370w, http:\/\/www.musical-today.de\/wp-content\/uploads\/2024\/01\/qi-addons-for-elementor-placeholder-770x513.png 770w, http:\/\/www.musical-today.de\/wp-content\/uploads\/2024\/01\/qi-addons-for-elementor-placeholder-293x195.png 293w, http:\/\/www.musical-today.de\/wp-content\/uploads\/2024\/01\/qi-addons-for-elementor-placeholder-120x80.png 120w, http:\/\/www.musical-today.de\/wp-content\/uploads\/2024\/01\/qi-addons-for-elementor-placeholder-240x160.png 240w, http:\/\/www.musical-today.de\/wp-content\/uploads\/2024\/01\/qi-addons-for-elementor-placeholder-390x260.png 390w, http:\/\/www.musical-today.de\/wp-content\/uploads\/2024\/01\/qi-addons-for-elementor-placeholder.png 1200w\" sizes=\"(max-width: 500px) 100vw, 500px\" title=\"\"><\/div>\t\t\t<div class=\"lets-info-up-block-wrap\">\r\n\t\t\t\t<div class=\"lets-info-up-block lets-info-up-meta-block\"><div class=\"lets-info-up-meta-title lets-info-up-pretitle font-h\" style=\"color: #8c6d18;\">oRT<\/div><div class=\"lets-info-up-meta-content lets-info-up-title font-b\">Theater Pforzheim<\/div><\/div><div class=\"lets-info-up-block lets-info-up-meta-block\"><div class=\"lets-info-up-meta-title lets-info-up-pretitle font-h\" style=\"color: #8c6d18;\">von<\/div><div class=\"lets-info-up-meta-content lets-info-up-title font-b\">Brad Carroll (Musik)<br>Peter Sham (Buch)<\/div><\/div><div class=\"lets-info-up-block lets-info-up-meta-block\"><div class=\"lets-info-up-meta-title lets-info-up-pretitle font-h\" style=\"color: #8c6d18;\">Regie<\/div><div class=\"lets-info-up-meta-content lets-info-up-title font-b\">Markus Hertel<\/div><\/div><div class=\"lets-info-up-block lets-info-up-meta-block\"><div class=\"lets-info-up-meta-title lets-info-up-pretitle font-h\" style=\"color: #8c6d18;\">Urauff\u00fchrung<\/div><div class=\"lets-info-up-meta-content lets-info-up-title font-b\">2011<\/div><\/div><div class=\"lets-info-up-block lets-info-up-meta-block\"><div class=\"lets-info-up-meta-title lets-info-up-pretitle font-h\" style=\"color: #8c6d18;\">INFOS<\/div><div class=\"lets-info-up-meta-content lets-info-up-title font-b\"><a href=\"https:\/\/www.theater-pforzheim.de\/veranstaltungen\/ansicht-veranstaltungen\/event\/eventDetail\/2023-12-15_1930\/bajazzo-darf-nicht-platzen.html\" target=\"_blank\" rel=\"noopener noreferrer nofollow\">www.theater-pforzheim.de<\/a><\/div><\/div>\t\t\t<\/div>\r\n\t\t\t<\/div>\r\n\t\t<\/div>\r\n\t\t\n\n\n<p><strong>F\u00fcr die Opernliebhaber unter den Musicalfans: \u201eBajazzo darf nicht platzen\u201c<\/strong><\/p>\n\n\n\n<p>Ein italienischer Startenor mit Versp\u00e4tung und Verdauungsproblemen, ein nerv\u00f6ser Impresario und sein gesanglich ambitioniertes Faktotum, aufdringliche Rudel weiblicher Fans und eine eifers\u00fcchtige Gattin machen dieses Musical zu einem Fest f\u00fcr alle Opernliebhaber mit Humor. \u201eLend Me A Tenor\u201c hei\u00dft die t\u00fcrenschlagende Kom\u00f6die von Ken Ludwig, deren Musicaladaption 2011 in London Premiere hatte \u2013 als \u201eOtello darf nicht platzen\u201c wurden beide in Deutschland gespielt. Der Gag des Abends bestand darin, dass zwei, teilweise drei identische, schuhcremeschwarze Otellos \u00fcber die B\u00fchne irrten und im wilden Chaos st\u00e4ndig verwechselt wurden.&nbsp;<\/p>\n\n\n\n<p>Blackfacing geht heute nicht mehr \u2013 aber zum Gl\u00fcck gibt es \u201eDer Bajazzo\u201c von Ruggero Leoncavallo, wo der Tenor seine schmerzvollen Arien als wei\u00df geschminkter Clown singt. Ken Ludwig tauschte einfach die Oper aus, in der Folge taten es ihm die Musicalautoren Peter Sham und Brad Carroll gleich: St\u00fcck gerettet. Die Tatsache, dass der sp\u00e4tere Bajazzo im ersten Akt dieser Verismo-Oper gar nicht angemalt ist und die im Musical geschilderte Verwechslungs-Charade damit eigentlich auffliegen m\u00fcsste, wurde dabei geflissentlich ignoriert. Pforzheim zeigt als erstes deutsches Theater die neue Fassung des Musicals, \u00dcbersetzer Roman Hinze hat die deutschen Dialoge fl\u00fcssig und mit leichtem Tonfall angepasst.<\/p>\n\n\n<div  class=\"tpgb-wrap-956d14_3939  tpgb-wrap-fw \"  ><div id=\"956d14_3939\" class=\"tpgb-block-956d14_3939 tpgb-relative-block tpgb-gallery-list tpgb-metro gallery-style-2 hover-image-style-1   \" data-style=\"style-2\" data-id=\"956d14_3939\" data-layout=\"metro\" data-fancy-option='{\"loop\":false,\"thumb\":\"no\",\"infobar\":true,\"arrows\":true,\"transitionEffect\":\"slide\",\"button\":[\"close\"]}' data-splide='\"\"' data-metroAttr= '{\"metro_col\":3,\"tab_metro_col\":3,\"mobile_metro_col\":3,\"metro_style\":\"style-1\",\"tab_metro_style\":\"style-1\",\"mobile_metro_style\":\"style-1\"}' ><div class=\"tpgb-row post-loop-inner \"><div class=\"grid-item metro-item-0    tpgb-metro-1  tpgb-tab-metro-1  tpgb-mobile-metro-1 \"><a href=\"https:\/\/www.musical-today.de\/wp-content\/uploads\/2024\/03\/THPF_Bajazzo_darf_nicht_platzen_Bild6_Konnerth_Lissai_Foto_MartinSigmund-scaled.jpg\" class=\"tpgb-gallery-list-content tpgb-trans-easeinout\" data-fancybox=\"956d14_3939\" data-caption=\"Foto: Martin Sigmund\" aria-label=\"Foto: Martin Sigmund\" target=\"_blank\" rel=\"noopener noreferrer nofollow\"><div class=\"post-content-image\"><div class=\"tpgb-metro-gallery-image\" style=\"background: url(http:\/\/www.musical-today.de\/wp-content\/uploads\/2024\/03\/THPF_Bajazzo_darf_nicht_platzen_Bild6_Konnerth_Lissai_Foto_MartinSigmund-scaled.jpg);\"><\/div><\/div><div class=\"post-content-center\"><div class=\"post-zoom-icon\"><div class=\"meta-search-icon\"><span><img decoding=\"async\" class=\"fancy-img\" src=\"http:\/\/www.musical-today.de\/wp-content\/uploads\/2024\/03\/THPF_Bajazzo_darf_nicht_platzen_Bild6_Konnerth_Lissai_Foto_MartinSigmund-scaled.jpg\" alt=\"Media Image1\" title=\"\"><i class=\"fas fa-search-plus pop-icon\"><\/i><\/span><\/div><\/div><div class=\"post-content-bottom\"><p class=\"post-title tpgb-trans-easeinout\">Foto: Martin Sigmund<\/p><\/div><\/div><\/a><\/div><div class=\"grid-item metro-item-1    tpgb-metro-2  tpgb-tab-metro-2  tpgb-mobile-metro-2 \"><a href=\"https:\/\/www.musical-today.de\/wp-content\/uploads\/2024\/03\/THPF_Bajazzo_darf_nicht_platzen_Bild5_Choi_Boehnisch_Konnerth_Wessiack_Foto_MartinSigmund-scaled.jpg\" class=\"tpgb-gallery-list-content tpgb-trans-easeinout\" data-fancybox=\"956d14_3939\" data-caption=\"Foto: Martin Sigmund\" aria-label=\"Foto: Martin Sigmund\" target=\"_blank\" rel=\"noopener noreferrer nofollow\"><div class=\"post-content-image\"><div class=\"tpgb-metro-gallery-image\" style=\"background: url(http:\/\/www.musical-today.de\/wp-content\/uploads\/2024\/03\/THPF_Bajazzo_darf_nicht_platzen_Bild5_Choi_Boehnisch_Konnerth_Wessiack_Foto_MartinSigmund-scaled.jpg);\"><\/div><\/div><div class=\"post-content-center\"><div class=\"post-zoom-icon\"><div class=\"meta-search-icon\"><span><img decoding=\"async\" class=\"fancy-img\" src=\"http:\/\/www.musical-today.de\/wp-content\/uploads\/2024\/03\/THPF_Bajazzo_darf_nicht_platzen_Bild5_Choi_Boehnisch_Konnerth_Wessiack_Foto_MartinSigmund-scaled.jpg\" alt=\"Media Image2\" title=\"\"><i class=\"fas fa-search-plus pop-icon\"><\/i><\/span><\/div><\/div><div class=\"post-content-bottom\"><p class=\"post-title tpgb-trans-easeinout\">Foto: Martin Sigmund<\/p><\/div><\/div><\/a><\/div><div class=\"grid-item metro-item-2    tpgb-metro-3  tpgb-tab-metro-3  tpgb-mobile-metro-3 \"><a href=\"https:\/\/www.musical-today.de\/wp-content\/uploads\/2024\/03\/THPF_Bajazzo_darf_nicht_platzen_Bild3_heller_Ensemble_Foto_MartinSigmund-scaled.jpg\" class=\"tpgb-gallery-list-content tpgb-trans-easeinout\" data-fancybox=\"956d14_3939\" data-caption=\"Foto: Martin Sigmund\" aria-label=\"Foto: Martin Sigmund\" target=\"_blank\" rel=\"noopener noreferrer nofollow\"><div class=\"post-content-image\"><div class=\"tpgb-metro-gallery-image\" style=\"background: url(http:\/\/www.musical-today.de\/wp-content\/uploads\/2024\/03\/THPF_Bajazzo_darf_nicht_platzen_Bild3_heller_Ensemble_Foto_MartinSigmund-scaled.jpg);\"><\/div><\/div><div class=\"post-content-center\"><div class=\"post-zoom-icon\"><div class=\"meta-search-icon\"><span><img decoding=\"async\" class=\"fancy-img\" src=\"http:\/\/www.musical-today.de\/wp-content\/uploads\/2024\/03\/THPF_Bajazzo_darf_nicht_platzen_Bild3_heller_Ensemble_Foto_MartinSigmund-scaled.jpg\" alt=\"Media Image3\" title=\"\"><i class=\"fas fa-search-plus pop-icon\"><\/i><\/span><\/div><\/div><div class=\"post-content-bottom\"><p class=\"post-title tpgb-trans-easeinout\">Foto: Martin Sigmund<\/p><\/div><\/div><\/a><\/div><\/div><\/div><\/div>\n\n\n<p>Die Farce \u00fcber Ten\u00f6re und ihre Macken ist hier fast ausschlie\u00dflich aus dem Opern-Ensemble besetzt, das sich und den ganzen B\u00fchnenwahnsinn mit einer wunderbaren Selbstironie auf den Arm nimmt. Intendant und Regisseur Markus Hertel setzt die Exzentrik der K\u00fcnstler und ihrer Fans mit hohem Tempo und viel Empathie in Szene. Warum man die bereits perfekte Kom\u00f6die unbedingt vertonen musste, wird nicht ganz klar \u2013 Brad Carrolls Musik klingt eher n\u00fctzlich als originell, manche Songs verz\u00f6gern sogar das Geschehen, denn der Spa\u00df liegt eindeutig in Ken Ludwigs witzigen Pointen. Auf sehr sch\u00f6ne Weise aber stellt der Komponist die Stimmen seiner beiden Hauptpersonen heraus, wenn Startenor Tito Merelli und der sch\u00fcchterne Max, der ihn eigentlich betreuen soll, sich pl\u00f6tzlich durch ihre gemeinsame Leidenschaft f\u00fcrs Singen so wunderbar verstehen, dass ihre m\u00e4chtigen Stimmen im Ohrwurm \u201eSei Du selbst\u201c wetteifern und harmonieren.<\/p>\n\n\n\n<p>Mit ungeahnter Situationskomik sorgen nicht nur die beiden Ten\u00f6re Dirk Konnerth und Philipp Werner f\u00fcr Spa\u00df: Konnerth als liebenswerter Direktions-Assistent, der den Stargast aus Versehen ins Koma versetzt und schlie\u00dflich unerkannt f\u00fcr ihn einspringen muss, Werner als eleganter Teddyb\u00e4r mit Magenweh und gro\u00dfem Herzen. Mit einem detailgenau \u00fcbertriebenen Akzent tobt Lilian Huynen als eifers\u00fcchtige italienische Gattin durchs Hotelzimmer, Markus Wessiack leidet als zynischer Impresario unter den Eheproblemen des Stargasts, unter den Damen der Operngilde und vor allem seinem Finanzloch. Joanna Lissai und Franziska Fait umflattern sowohl den Tenor wie den Assistenten mit deutlichen Ambitionen \u2013 je nachdem, wen sie gerade f\u00fcr den ber\u00fchmten Gast halten.<\/p>\n\n\n\n<p>Erwin Bodes Ausstattung f\u00e4hrt die boulevardeske Hotelsuite nach hinten weg, um gro\u00dfe Szenen aus dem \u201eBajazzo\u201c zu zeigen, und bezaubert mit 1930er-Jahre-Details wie Sockenhaltern f\u00fcr s\u00e4mtliche M\u00e4nner. Die kleinen Tanzszenen, choreografiert von Tamirys Candido Souza da Silva, sorgen f\u00fcr ein wenig Charleston-Flair, haben aber keinerlei Bedeutung f\u00fcr die Handlung. Als ungew\u00f6hnlich fehleranf\u00e4llig erweist sich an diesem Abend die Tonanlage im Pforzheimer Theater, aber Dirigent Johannes Antoni navigiert S\u00e4nger, Orchester und Chor schwungvoll durch den Abend. F\u00fcr kleinere Opernh\u00e4user mit gewitzten S\u00e4ngerdarstellern d\u00fcrfte dieses St\u00fcck perfekt an einer Planstelle zwischen Operette und Musical sitzen.<\/p>\n\n\n\n<hr class=\"wp-block-separator has-alpha-channel-opacity is-style-dots\"\/>\n\n\n\n<p class=\"has-small-font-size\">Musikalische Leitung und Chor: Johannes Antoni \u2022 Inszenierung: Markus Hertel \u2022 Ausstattung: Erwin Bode \u2022 Choreografie: Tamirys Candido Souza da Silva \u2022 Licht: Michael Borowski \u2022 Mit: Markus Wessiack (Henry Saunders\/Canio), Dirk Konnerth (Max Garber\/Canio), Joanna Lissai (Maggie Saunders), Philipp Werner (Tito Merelli\/Canio), Lilian Huynen (Maria Merelli), Franziska Fait (Diana Divane\/Nedda), Rebecca Kramski (Anna 1), Jina Choi (Anna 2), Dorothee B\u00f6nisch (Anna 3), Thorsten Klein (Bernie Guter\/Mickey), Santiago B\u00fcrgi (Liftboy\/Junger Tito\/Beppe\/Joe), Lou Den\u00e8s (Empfangsdame\/Junge Maria), Lukas Schmid-Wedekind (Maestro\/Hoteldirektor\/Tonio), Karel Pager (Silvio) u.a. \u2022 Chor und Kinderchor des Theaters Pforzheim \u2022 Badische Philharmonie Pforzheim<\/p>\n\n\n\n<p class=\"has-small-font-size\">Aufmacherfoto: Martin Sigmund<\/p>\n","protected":false},"excerpt":{"rendered":"<p>F\u00fcr die Opernliebhaber unter den Musicalfans: \u201eBajazzo darf nicht platzen\u201c Ein italienischer Startenor mit Versp\u00e4tung und Verdauungsproblemen, ein nerv\u00f6ser Impresario und sein gesanglich ambitioniertes Faktotum, aufdringliche Rudel weiblicher Fans und eine eifers\u00fcchtige Gattin machen dieses Musical zu einem Fest f\u00fcr alle Opernliebhaber mit Humor. \u201eLend Me A Tenor\u201c hei\u00dft die t\u00fcrenschlagende Kom\u00f6die von Ken Ludwig, deren Musicaladaption 2011 in London Premiere hatte \u2013 als \u201eOtello darf nicht platzen\u201c wurden beide in Deutschland gespielt. Der Gag des Abends bestand darin, dass [&hellip;]<\/p>\n","protected":false},"author":19,"featured_media":3942,"comment_status":"closed","ping_status":"closed","sticky":false,"template":"","format":"standard","meta":{"tpgb_global_settings":"","footnotes":""},"categories":[109],"tags":[],"class_list":["post-3939","post","type-post","status-publish","format-standard","has-post-thumbnail","hentry","category-pforzheim"],"tpgb_featured_images":{"full":["http:\/\/www.musical-today.de\/wp-content\/uploads\/2024\/03\/THPF_Bajazzo_darf_nicht_platzen_Bild1_Wessiack_Konnerth_Foto_MartinSigmund-scaled.jpg",2560,1707,false],"tp-image-grid":["http:\/\/www.musical-today.de\/wp-content\/uploads\/2024\/03\/THPF_Bajazzo_darf_nicht_platzen_Bild1_Wessiack_Konnerth_Foto_MartinSigmund-700x700.jpg",700,700,true],"thumbnail":["http:\/\/www.musical-today.de\/wp-content\/uploads\/2024\/03\/THPF_Bajazzo_darf_nicht_platzen_Bild1_Wessiack_Konnerth_Foto_MartinSigmund-600x400.jpg",600,400,true],"medium":["http:\/\/www.musical-today.de\/wp-content\/uploads\/2024\/03\/THPF_Bajazzo_darf_nicht_platzen_Bild1_Wessiack_Konnerth_Foto_MartinSigmund-1200x800.jpg",1200,800,true],"medium_large":["http:\/\/www.musical-today.de\/wp-content\/uploads\/2024\/03\/THPF_Bajazzo_darf_nicht_platzen_Bild1_Wessiack_Konnerth_Foto_MartinSigmund-770x513.jpg",770,513,true],"large":["http:\/\/www.musical-today.de\/wp-content\/uploads\/2024\/03\/THPF_Bajazzo_darf_nicht_platzen_Bild1_Wessiack_Konnerth_Foto_MartinSigmund-1920x1280.jpg",1139,759,true],"default":"http:\/\/www.musical-today.de\/wp-content\/plugins\/the-plus-addons-for-block-editor\/assets\/images\/tpgb-placeholder.jpg"},"tpgb_post_meta_info":{"get_date":"27.03.2024","get_modified_date":"15.04.2025","category_list":{"category":[{"term_id":109,"name":"Pforzheim","slug":"pforzheim","term_group":0,"term_taxonomy_id":109,"taxonomy":"category","description":"","parent":19,"count":5,"filter":"raw","term_order":"80"}],"post_tag":false,"post_format":false},"author_name":"Angela Reinhardt","author_url":"http:\/\/www.musical-today.de\/en\/autor\/angelareinhardt\/","author_email":"angelareinhardt@aol.com","author_website":"","author_description":"studierte in Stuttgart Germanistik und Romanistik und arbeitet seit 1990 als freie Kulturjournalistin. Sie schreibt vor allem \u00fcber Tanz und ist Mitautorin von B\u00fcchern \u00fcber die Choreografen John Cranko und Marco Goecke sowie \u00fcber den Stuttgarter Ballettintendanten Reid Anderson. Von 1991 bis 2023 war sie regelm\u00e4\u00dfig f\u00fcr die Zeitschrift \u201emusicals\u201c im s\u00fcddeutschen Raum unterwegs.","author_facebook":"","author_twitter":"","author_instagram":"","author_role":["author","editor","redakteur","redaktionsteam"],"author_firstname":"Angela","author_lastname":"Reinhardt","user_login":"angelareinhardt","author_avatar":"<img src=\"http:\/\/www.musical-today.de\/wp-content\/uploads\/2024\/03\/434034552_122093726612266069_5386620108228489486_n-293x293.jpg\" width=\"200\" height=\"200\" alt=\"Angela Reinhardt\" class=\"avatar avatar-200 wp-user-avatar wp-user-avatar-200 alignnone photo\" \/>","author_avatar_url":"http:\/\/www.musical-today.de\/wp-content\/uploads\/2024\/03\/434034552_122093726612266069_5386620108228489486_n.jpg","comment_count":0,"post_likes":0,"post_views":0},"tpgb_post_category":{"category":"<a href=\"http:\/\/www.musical-today.de\/en\/deutschland\/pforzheim\/\" alt=\"Pforzheim\"  class=\"category-pforzheim\">Pforzheim<\/a> "},"_links":{"self":[{"href":"http:\/\/www.musical-today.de\/en\/wp-json\/wp\/v2\/posts\/3939","targetHints":{"allow":["GET"]}}],"collection":[{"href":"http:\/\/www.musical-today.de\/en\/wp-json\/wp\/v2\/posts"}],"about":[{"href":"http:\/\/www.musical-today.de\/en\/wp-json\/wp\/v2\/types\/post"}],"author":[{"embeddable":true,"href":"http:\/\/www.musical-today.de\/en\/wp-json\/wp\/v2\/users\/19"}],"replies":[{"embeddable":true,"href":"http:\/\/www.musical-today.de\/en\/wp-json\/wp\/v2\/comments?post=3939"}],"version-history":[{"count":0,"href":"http:\/\/www.musical-today.de\/en\/wp-json\/wp\/v2\/posts\/3939\/revisions"}],"wp:featuredmedia":[{"embeddable":true,"href":"http:\/\/www.musical-today.de\/en\/wp-json\/wp\/v2\/media\/3942"}],"wp:attachment":[{"href":"http:\/\/www.musical-today.de\/en\/wp-json\/wp\/v2\/media?parent=3939"}],"wp:term":[{"taxonomy":"category","embeddable":true,"href":"http:\/\/www.musical-today.de\/en\/wp-json\/wp\/v2\/categories?post=3939"},{"taxonomy":"post_tag","embeddable":true,"href":"http:\/\/www.musical-today.de\/en\/wp-json\/wp\/v2\/tags?post=3939"}],"curies":[{"name":"wp","href":"https:\/\/api.w.org\/{rel}","templated":true}]}}