{"id":6945,"date":"2024-06-22T14:38:53","date_gmt":"2024-06-22T12:38:53","guid":{"rendered":"https:\/\/www.musical-today.de\/?p=6945"},"modified":"2025-04-15T14:28:19","modified_gmt":"2025-04-15T12:28:19","slug":"ettlingen-evita","status":"publish","type":"post","link":"http:\/\/www.musical-today.de\/en\/ettlingen-evita\/","title":{"rendered":"Evita"},"content":{"rendered":"<div class=\"lets-info-up-wrap  lets-info-up--right lets-info-up--m-1 lets-info-up-skin-3 lets-info-up--side lets-info-up-51735\" style=\"background:#fafafa; color: #616161\">\t\t\t<div class=\"lets-info-up\">\r\n\t\t\t<div class=\"lets-info-up-fi\"><img decoding=\"async\" width=\"500\" height=\"375\" src=\"http:\/\/www.musical-today.de\/wp-content\/uploads\/visual-portfolio\/placeholder-500x375.png\" class=\"attachment-lets-info-up-d1 size-lets-info-up-d1\" alt=\"|\" srcset=\"http:\/\/www.musical-today.de\/wp-content\/uploads\/visual-portfolio\/placeholder-500x375.png 500w, http:\/\/www.musical-today.de\/wp-content\/uploads\/visual-portfolio\/placeholder-300x225.png 300w, http:\/\/www.musical-today.de\/wp-content\/uploads\/visual-portfolio\/placeholder-1024x767.png 1024w, http:\/\/www.musical-today.de\/wp-content\/uploads\/visual-portfolio\/placeholder-883x662.png 883w, http:\/\/www.musical-today.de\/wp-content\/uploads\/visual-portfolio\/placeholder-16x12.png 16w, http:\/\/www.musical-today.de\/wp-content\/uploads\/visual-portfolio\/placeholder-800x600.png 800w, http:\/\/www.musical-today.de\/wp-content\/uploads\/visual-portfolio\/placeholder.png 1201w\" sizes=\"(max-width: 500px) 100vw, 500px\" title=\"\"><\/div>\t\t\t<div class=\"lets-info-up-block-wrap\">\r\n\t\t\t\t<div class=\"lets-info-up-block lets-info-up-meta-block\"><div class=\"lets-info-up-meta-title lets-info-up-pretitle font-h\" style=\"color: #8c6d18;\">Ort<\/div><div class=\"lets-info-up-meta-content lets-info-up-title font-b\">Schlossfestspiele Ettlingen<\/div><\/div><div class=\"lets-info-up-block lets-info-up-meta-block\"><div class=\"lets-info-up-meta-title lets-info-up-pretitle font-h\" style=\"color: #8c6d18;\">VON<\/div><div class=\"lets-info-up-meta-content lets-info-up-title font-b\">Andrew Lloyd Webber (Musik)<br>Tim Rice (Buch &amp; Gesangstexte)<\/div><\/div><div class=\"lets-info-up-block lets-info-up-meta-block\"><div class=\"lets-info-up-meta-title lets-info-up-pretitle font-h\" style=\"color: #8c6d18;\">Regie<\/div><div class=\"lets-info-up-meta-content lets-info-up-title font-b\">Solvejg Bauer<\/div><\/div><div class=\"lets-info-up-block lets-info-up-meta-block\"><div class=\"lets-info-up-meta-title lets-info-up-pretitle font-h\" style=\"color: #8c6d18;\">Urauff\u00fchrung<\/div><div class=\"lets-info-up-meta-content lets-info-up-title font-b\">1978<\/div><\/div><div class=\"lets-info-up-block lets-info-up-meta-block\"><div class=\"lets-info-up-meta-title lets-info-up-pretitle font-h\" style=\"color: #8c6d18;\">INFOS<\/div><div class=\"lets-info-up-meta-content lets-info-up-title font-b\"><a href=\"https:\/\/www.schlossfestspiele-ettlingen.de\/evita\/\" data-type=\"link\" target=\"_blank\" rel=\"noopener noreferrer nofollow\">www.schlossfestspiele-ettlingen.de<\/a><\/div><\/div>\t\t\t<\/div>\r\n\t\t\t<\/div>\r\n\t\t<\/div>\r\n\t\t\n\n\n<p><strong>Andrew Lloyd Webbers \u201eEvita\u201c nach 28 Jahren wieder im Schlosshof<\/strong><\/p>\n\n\n\n<p>In den vergangenen Jahren pr\u00e4sentierten die Schlossfestspiele Ettlingen eher wenig bekannte Musicals, die erst ihr Publikum finden mussten. In diesem Jahr w\u00e4hlte man dagegen einen absoluten Publikumsrenner, mit dem kaum etwas schiefgehen kann. Andrew Lloyd Webbers \u201eEvita\u201c geh\u00f6rt seit seiner Premiere vor 46 Jahren zu den beliebtesten Beitr\u00e4gen des Genres und war schon fr\u00fcher in Ettlingen zu h\u00f6ren. Damals standen mit Elzab\u00e9 Zietsman und \u00d8ystein Wiik international bekannte Interpreten auf der B\u00fchne, nun versucht man mit jungen Stimmen, den damaligen Erfolg zu wiederholen.<\/p>\n\n\n\n<p>Solvejg Bauer, die Intendantin der Festspiele, versucht nicht, die Handlung neu zu erfinden. Ihre Inszenierung unterstreicht den ambivalenten Charakter der Eva Duarte, genannt Evita, das Changieren zwischen Heiliger und Hure zeichnet schon das Libretto von Tim Rice aus. Einer der wichtigsten Protagonisten des Werkes liegt in den H\u00e4nden des B\u00fcrgerchors der Schlossfestspiele: das argentinische Volk. Schon seine schiere Masse von weit \u00fcber 50 S\u00e4ngerinnen und S\u00e4nger hinterl\u00e4sst einen starken Eindruck und kleinere M\u00e4ngel in der Pr\u00e4zision werden durch eine immense Spielfreude mehr als wettgemacht. Kein Wunder, dass \u201eWach auf, Argentinien\u201c zu einem H\u00f6hepunkt des Abends avanciert.<\/p>\n\n\n<div  class=\"tpgb-wrap-956d14_6945  tpgb-wrap-fw \"  ><div id=\"956d14_6945\" class=\"tpgb-block-956d14_6945 tpgb-relative-block tpgb-gallery-list tpgb-metro gallery-style-2 hover-image-style-1   \" data-style=\"style-2\" data-id=\"956d14_6945\" data-layout=\"metro\" data-fancy-option='{\"loop\":false,\"thumb\":\"no\",\"infobar\":true,\"arrows\":true,\"transitionEffect\":\"slide\",\"button\":[\"close\"]}' data-splide='\"\"' data-metroAttr= '{\"metro_col\":3,\"tab_metro_col\":3,\"mobile_metro_col\":3,\"metro_style\":\"style-1\",\"tab_metro_style\":\"style-1\",\"mobile_metro_style\":\"style-1\"}' ><div class=\"tpgb-row post-loop-inner \"><div class=\"grid-item metro-item-0    tpgb-metro-1  tpgb-tab-metro-1  tpgb-mobile-metro-1 \"><a href=\"https:\/\/www.musical-today.de\/wp-content\/uploads\/2024\/06\/SFS-EVITA-Jana-Wilhalm-Eva-Sascha-Stead-Peron-Michael-Bode-scaled.jpg\" class=\"tpgb-gallery-list-content tpgb-trans-easeinout\" data-fancybox=\"956d14_6945\" data-caption=\"Foto: Michael Bode\" aria-label=\"Foto: Michael Bode\" target=\"_blank\" rel=\"noopener noreferrer nofollow\"><div class=\"post-content-image\"><div class=\"tpgb-metro-gallery-image\" style=\"background: url(http:\/\/www.musical-today.de\/wp-content\/uploads\/2024\/06\/SFS-EVITA-Jana-Wilhalm-Eva-Sascha-Stead-Peron-Michael-Bode-scaled.jpg);\"><\/div><\/div><div class=\"post-content-center\"><div class=\"post-zoom-icon\"><div class=\"meta-search-icon\"><span><img decoding=\"async\" class=\"fancy-img\" src=\"http:\/\/www.musical-today.de\/wp-content\/uploads\/2024\/06\/SFS-EVITA-Jana-Wilhalm-Eva-Sascha-Stead-Peron-Michael-Bode-scaled.jpg\" alt=\"Media Image1\" title=\"\"><i class=\"fas fa-search-plus pop-icon\"><\/i><\/span><\/div><\/div><div class=\"post-content-bottom\"><p class=\"post-title tpgb-trans-easeinout\">Foto: Michael Bode<\/p><\/div><\/div><\/a><\/div><div class=\"grid-item metro-item-1    tpgb-metro-2  tpgb-tab-metro-2  tpgb-mobile-metro-2 \"><a href=\"https:\/\/www.musical-today.de\/wp-content\/uploads\/2024\/06\/SFS-EVITA-Sascha-Stead-Peron-Janina-Wilhalm-Eva-Michael-Bode--scaled.jpg\" class=\"tpgb-gallery-list-content tpgb-trans-easeinout\" data-fancybox=\"956d14_6945\" data-caption=\"Foto: Michael Bode\" aria-label=\"Foto: Michael Bode\" target=\"_blank\" rel=\"noopener noreferrer nofollow\"><div class=\"post-content-image\"><div class=\"tpgb-metro-gallery-image\" style=\"background: url(http:\/\/www.musical-today.de\/wp-content\/uploads\/2024\/06\/SFS-EVITA-Sascha-Stead-Peron-Janina-Wilhalm-Eva-Michael-Bode--scaled.jpg);\"><\/div><\/div><div class=\"post-content-center\"><div class=\"post-zoom-icon\"><div class=\"meta-search-icon\"><span><img decoding=\"async\" class=\"fancy-img\" src=\"http:\/\/www.musical-today.de\/wp-content\/uploads\/2024\/06\/SFS-EVITA-Sascha-Stead-Peron-Janina-Wilhalm-Eva-Michael-Bode--scaled.jpg\" alt=\"Media Image2\" title=\"\"><i class=\"fas fa-search-plus pop-icon\"><\/i><\/span><\/div><\/div><div class=\"post-content-bottom\"><p class=\"post-title tpgb-trans-easeinout\">Foto: Michael Bode<\/p><\/div><\/div><\/a><\/div><div class=\"grid-item metro-item-2    tpgb-metro-3  tpgb-tab-metro-3  tpgb-mobile-metro-3 \"><a href=\"https:\/\/www.musical-today.de\/wp-content\/uploads\/2024\/06\/SFS-EVITA-Til-Ormeloh-Che-Janina-Wilhalm-Eva-Michael-Bode-scaled.jpg\" class=\"tpgb-gallery-list-content tpgb-trans-easeinout\" data-fancybox=\"956d14_6945\" data-caption=\"Foto: Michael Bode\" aria-label=\"Foto: Michael Bode\" target=\"_blank\" rel=\"noopener noreferrer nofollow\"><div class=\"post-content-image\"><div class=\"tpgb-metro-gallery-image\" style=\"background: url(http:\/\/www.musical-today.de\/wp-content\/uploads\/2024\/06\/SFS-EVITA-Til-Ormeloh-Che-Janina-Wilhalm-Eva-Michael-Bode-scaled.jpg);\"><\/div><\/div><div class=\"post-content-center\"><div class=\"post-zoom-icon\"><div class=\"meta-search-icon\"><span><img decoding=\"async\" class=\"fancy-img\" src=\"http:\/\/www.musical-today.de\/wp-content\/uploads\/2024\/06\/SFS-EVITA-Til-Ormeloh-Che-Janina-Wilhalm-Eva-Michael-Bode-scaled.jpg\" alt=\"Media Image3\" title=\"\"><i class=\"fas fa-search-plus pop-icon\"><\/i><\/span><\/div><\/div><div class=\"post-content-bottom\"><p class=\"post-title tpgb-trans-easeinout\">Foto: Michael Bode<\/p><\/div><\/div><\/a><\/div><\/div><\/div><\/div>\n\n\n<p>In der Titelpartie empfiehlt sich Janina Wilhalm vor allem durch ihre grandiose Darstellung. Alle Aspekte der ebenso geliebten wie verteufelten Pr\u00e4sidentengattin flie\u00dfen in ihre Gestaltung ein. Ihr todkrank gehauchtes \u201eUnd ich will Vize-Pr\u00e4sidentin sein\u201c geht einem wahrhaft unter die Haut. Aufgrund leichter Schw\u00e4chen in der H\u00f6he mag es stimmlich bessere Evita-S\u00e4ngerinnen geben, den Gesamteindruck beeintr\u00e4chtigt das aber kaum. Skrupellosigkeit, Zielstrebigkeit und unb\u00e4ndiger Ehrgeiz, aber auch Charme und Charisma sah man selten so perfekt zu einer Einheit verschmolzen. Ihr zur Seite (oder eher gegen\u00fcber) steht Til Ormeloh, der sich als Che zum unumstrittenen Star der Auff\u00fchrung kr\u00f6nt. Welch eine grandiose Musicalstimme \u2013 von schmeichelnden Piani bis zu harten Rock-Rhythmen stehen ihm alle gesanglichen Facetten zur Verf\u00fcgung. Schauspielerisch bleibt er der neutrale Beobachter, das Geschehen entlockt ihm meist nur ein Kopfsch\u00fctteln. Vielleicht k\u00f6nnte er etwas mehr Ironie oder gar Zynismus zeigen, doch angesichts dieser Stimme: geschenkt. Im \u201eWalzer f\u00fcr Eva und Che\u201c finden die beiden Protagonisten schlie\u00dflich in einem hinrei\u00dfenden Duett zusammen.<\/p>\n\n\n\n<p>Mit Sascha Stead ist Juan Per\u00f3n einem Schauspieler anvertraut, der in der Rollengestaltung wenig W\u00fcnsche offenl\u00e4sst und stimmlich eine achtenswerte Leistung bietet. Daneben agiert ein siebenk\u00f6pfiges Gesangs- und Tanzensemble, welches diverse Chorsoli und die von Pia W\u00e4bs choreografierten Tanzeinlagen \u00fcbernimmt. Aus dessen Reihen kommen auch die Interpreten der beiden mittleren Partien, der allzu brav agierende Thijs Kobes als gut singender Agustin Magaldi und die etwas zu kleinstimmige Diana Schnierer als Per\u00f3ns Geliebte.<\/p>\n\n\n\n<p>Roun Zieverink leitet das dreizehnk\u00f6pfige Orchester, dessen vier Streicher im Gesamtklang jedoch zumeist untergehen und der deswegen zu bl\u00e4ser-\/percussionlastig ist. Zumal sich die Aussteuerung als Schwachpunkt des Abends erweist. Weder gelingt es, die Stimmen der Protagonisten sauber zu trennen noch den Chor klar einzufangen. Und die Textverst\u00e4ndlichkeit geht oft im Orchesterklang unter. Selbst die Violinen klingen hinter der Verst\u00e4rkung etwas qu\u00e4kig. Dies wird sich hoffentlich im Laufe der Auff\u00fchrungen noch einspielen. Das Publikum indes scheint es kaum zu st\u00f6ren, der Beifall ist ausgesprochen herzlich und ausdauernd. Und nat\u00fcrlich wird der Kinderchor, der bei \u201eSanta Evita\u201c durch seine Einsatzfreude begeistert, ganz besonders gefeiert.<\/p>\n\n\n\n<hr class=\"wp-block-separator has-alpha-channel-opacity is-style-dots\"\/>\n\n\n\n<p class=\"has-small-font-size\">Musikalische Leitung: Roun Zieverink \u2022 Chor: Bernard Bagger \u2022 Choreografie: Pia W\u00e4bs \u2022 B\u00fchne: Christian Held \u2022 Kost\u00fcme: Gesa Gr\u00f6ning \u2022 Licht: Michael Grundner \u2022 Sounddesign: Dirk M\u00fcller \u2022 Mit: Janina Wilhalm (Eva Per\u00f3n), Til Ormeloh (Che), Sascha Stead (Juan Per\u00f3n), Thijs Kobes (Agustin Magaldi), Diana Schnierer (Geliebte Per\u00f3ns) u.a. \u2022 B\u00fcrgerchor und Kinderchor der Schlossfestspiele Ettlingen<\/p>\n\n\n\n<p class=\"has-small-font-size\">Aufmacherfoto: Michael Bode<\/p>\n","protected":false},"excerpt":{"rendered":"<p>Andrew Lloyd Webbers \u201eEvita\u201c nach 28 Jahren wieder im Schlosshof In den vergangenen Jahren pr\u00e4sentierten die Schlossfestspiele Ettlingen eher wenig bekannte Musicals, die erst ihr Publikum finden mussten. In diesem Jahr w\u00e4hlte man dagegen einen absoluten Publikumsrenner, mit dem kaum etwas schiefgehen kann. Andrew Lloyd Webbers \u201eEvita\u201c geh\u00f6rt seit seiner Premiere vor 46 Jahren zu den beliebtesten Beitr\u00e4gen des Genres und war schon fr\u00fcher in Ettlingen zu h\u00f6ren. Damals standen mit Elzab\u00e9 Zietsman und \u00d8ystein Wiik international bekannte Interpreten auf [&hellip;]<\/p>\n","protected":false},"author":43,"featured_media":6928,"comment_status":"closed","ping_status":"closed","sticky":false,"template":"","format":"standard","meta":{"tpgb_global_settings":"","footnotes":""},"categories":[164],"tags":[],"class_list":["post-6945","post","type-post","status-publish","format-standard","has-post-thumbnail","hentry","category-ettlingen"],"tpgb_featured_images":{"full":["http:\/\/www.musical-today.de\/wp-content\/uploads\/2024\/06\/SFS-EVITA-Til-Ormeloh-Che-Ensemble-Buergerchor-scaled.jpg",2560,1707,false],"tp-image-grid":["http:\/\/www.musical-today.de\/wp-content\/uploads\/2024\/06\/SFS-EVITA-Til-Ormeloh-Che-Ensemble-Buergerchor-700x700.jpg",700,700,true],"thumbnail":["http:\/\/www.musical-today.de\/wp-content\/uploads\/2024\/06\/SFS-EVITA-Til-Ormeloh-Che-Ensemble-Buergerchor-600x400.jpg",600,400,true],"medium":["http:\/\/www.musical-today.de\/wp-content\/uploads\/2024\/06\/SFS-EVITA-Til-Ormeloh-Che-Ensemble-Buergerchor-1200x800.jpg",1200,800,true],"medium_large":["http:\/\/www.musical-today.de\/wp-content\/uploads\/2024\/06\/SFS-EVITA-Til-Ormeloh-Che-Ensemble-Buergerchor-949x633.jpg",770,514,true],"large":["http:\/\/www.musical-today.de\/wp-content\/uploads\/2024\/06\/SFS-EVITA-Til-Ormeloh-Che-Ensemble-Buergerchor-1920x1280.jpg",1139,759,true],"default":"http:\/\/www.musical-today.de\/wp-content\/plugins\/the-plus-addons-for-block-editor\/assets\/images\/tpgb-placeholder.jpg"},"tpgb_post_meta_info":{"get_date":"22.06.2024","get_modified_date":"15.04.2025","category_list":{"category":[{"term_id":164,"name":"Ettlingen","slug":"ettlingen","term_group":0,"term_taxonomy_id":164,"taxonomy":"category","description":"","parent":19,"count":1,"filter":"raw","term_order":"30"}],"post_tag":false,"post_format":false},"author_name":"Manfred Kraft","author_url":"http:\/\/www.musical-today.de\/en\/autor\/manfredkraft\/","author_email":"temporary-removecv8FreX4dbM25y1@tmp.com","author_website":"","author_description":"berichtet seit 1982 u.a. f\u00fcr \u201eorpheus\u201c aus dem Badischen Staatstheater Karlsruhe. Auch anderen H\u00e4usern wie dem Festspielhaus Baden-Baden und der Op\u00e9ra national du Rhin war und ist er zwar freundschaftlich, aber auch kritisch verbunden. Im \u201ePrivatleben\u201c ist er Rentner, freier Mitarbeiter der \u201eBadischen Neuesten Nachrichten\u201c und interessierter Gasth\u00f6rer an der Karlsruher Musikhochschule.","author_facebook":"","author_twitter":"","author_instagram":"","author_role":["author"],"author_firstname":"Manfred","author_lastname":"Kraft","user_login":"manfredkraft","author_avatar":"<img src=\"http:\/\/www.musical-today.de\/wp-content\/uploads\/2024\/03\/Autor_Kraft-293x293.jpg\" width=\"200\" height=\"200\" alt=\"Manfred Kraft\" class=\"avatar avatar-200 wp-user-avatar wp-user-avatar-200 alignnone photo\" \/>","author_avatar_url":"http:\/\/www.musical-today.de\/wp-content\/uploads\/2024\/03\/Autor_Kraft.jpg","comment_count":0,"post_likes":0,"post_views":0},"tpgb_post_category":{"category":"<a href=\"http:\/\/www.musical-today.de\/en\/deutschland\/ettlingen\/\" alt=\"Ettlingen\"  class=\"category-ettlingen\">Ettlingen<\/a> "},"_links":{"self":[{"href":"http:\/\/www.musical-today.de\/en\/wp-json\/wp\/v2\/posts\/6945","targetHints":{"allow":["GET"]}}],"collection":[{"href":"http:\/\/www.musical-today.de\/en\/wp-json\/wp\/v2\/posts"}],"about":[{"href":"http:\/\/www.musical-today.de\/en\/wp-json\/wp\/v2\/types\/post"}],"author":[{"embeddable":true,"href":"http:\/\/www.musical-today.de\/en\/wp-json\/wp\/v2\/users\/43"}],"replies":[{"embeddable":true,"href":"http:\/\/www.musical-today.de\/en\/wp-json\/wp\/v2\/comments?post=6945"}],"version-history":[{"count":0,"href":"http:\/\/www.musical-today.de\/en\/wp-json\/wp\/v2\/posts\/6945\/revisions"}],"wp:featuredmedia":[{"embeddable":true,"href":"http:\/\/www.musical-today.de\/en\/wp-json\/wp\/v2\/media\/6928"}],"wp:attachment":[{"href":"http:\/\/www.musical-today.de\/en\/wp-json\/wp\/v2\/media?parent=6945"}],"wp:term":[{"taxonomy":"category","embeddable":true,"href":"http:\/\/www.musical-today.de\/en\/wp-json\/wp\/v2\/categories?post=6945"},{"taxonomy":"post_tag","embeddable":true,"href":"http:\/\/www.musical-today.de\/en\/wp-json\/wp\/v2\/tags?post=6945"}],"curies":[{"name":"wp","href":"https:\/\/api.w.org\/{rel}","templated":true}]}}