{"id":6989,"date":"2024-07-02T21:46:45","date_gmt":"2024-07-02T19:46:45","guid":{"rendered":"https:\/\/www.musical-today.de\/?p=6989"},"modified":"2025-04-15T14:28:19","modified_gmt":"2025-04-15T12:28:19","slug":"baden-baden-die-addams-family","status":"publish","type":"post","link":"http:\/\/www.musical-today.de\/en\/baden-baden-die-addams-family\/","title":{"rendered":"Die Addams Family"},"content":{"rendered":"<div class=\"lets-info-up-wrap  lets-info-up--right lets-info-up--m-1 lets-info-up-skin-3 lets-info-up--side lets-info-up-41134\" style=\"background:#fafafa; color: #616161\">\t\t\t<div class=\"lets-info-up\">\r\n\t\t\t<div class=\"lets-info-up-fi\"><img decoding=\"async\" width=\"500\" height=\"333\" src=\"http:\/\/www.musical-today.de\/wp-content\/uploads\/2024\/01\/qi-addons-for-elementor-placeholder-500x333.png\" class=\"attachment-lets-info-up-d1 size-lets-info-up-d1\" alt=\"|\" srcset=\"http:\/\/www.musical-today.de\/wp-content\/uploads\/2024\/01\/qi-addons-for-elementor-placeholder-500x333.png 500w, http:\/\/www.musical-today.de\/wp-content\/uploads\/2024\/01\/qi-addons-for-elementor-placeholder-300x200.png 300w, http:\/\/www.musical-today.de\/wp-content\/uploads\/2024\/01\/qi-addons-for-elementor-placeholder-1024x683.png 1024w, http:\/\/www.musical-today.de\/wp-content\/uploads\/2024\/01\/qi-addons-for-elementor-placeholder-883x589.png 883w, http:\/\/www.musical-today.de\/wp-content\/uploads\/2024\/01\/qi-addons-for-elementor-placeholder-18x12.png 18w, http:\/\/www.musical-today.de\/wp-content\/uploads\/2024\/01\/qi-addons-for-elementor-placeholder-360x240.png 360w, http:\/\/www.musical-today.de\/wp-content\/uploads\/2024\/01\/qi-addons-for-elementor-placeholder-1155x770.png 1155w, http:\/\/www.musical-today.de\/wp-content\/uploads\/2024\/01\/qi-addons-for-elementor-placeholder-370x247.png 370w, http:\/\/www.musical-today.de\/wp-content\/uploads\/2024\/01\/qi-addons-for-elementor-placeholder-770x513.png 770w, http:\/\/www.musical-today.de\/wp-content\/uploads\/2024\/01\/qi-addons-for-elementor-placeholder-293x195.png 293w, http:\/\/www.musical-today.de\/wp-content\/uploads\/2024\/01\/qi-addons-for-elementor-placeholder-120x80.png 120w, http:\/\/www.musical-today.de\/wp-content\/uploads\/2024\/01\/qi-addons-for-elementor-placeholder-240x160.png 240w, http:\/\/www.musical-today.de\/wp-content\/uploads\/2024\/01\/qi-addons-for-elementor-placeholder-390x260.png 390w, http:\/\/www.musical-today.de\/wp-content\/uploads\/2024\/01\/qi-addons-for-elementor-placeholder.png 1200w\" sizes=\"(max-width: 500px) 100vw, 500px\" title=\"\"><\/div>\t\t\t<div class=\"lets-info-up-block-wrap\">\r\n\t\t\t\t<div class=\"lets-info-up-block lets-info-up-meta-block\"><div class=\"lets-info-up-meta-title lets-info-up-pretitle font-h\" style=\"color: #8c6d18;\">oRT<\/div><div class=\"lets-info-up-meta-content lets-info-up-title font-b\">Theater Baden-Baden<\/div><\/div><div class=\"lets-info-up-block lets-info-up-meta-block\"><div class=\"lets-info-up-meta-title lets-info-up-pretitle font-h\" style=\"color: #8c6d18;\">von<\/div><div class=\"lets-info-up-meta-content lets-info-up-title font-b\">Andrew Lippa (Musik)<br>Marhsall Brickman &amp; Rick Elice (Buch)<\/div><\/div><div class=\"lets-info-up-block lets-info-up-meta-block\"><div class=\"lets-info-up-meta-title lets-info-up-pretitle font-h\" style=\"color: #8c6d18;\">Regie<\/div><div class=\"lets-info-up-meta-content lets-info-up-title font-b\">Nicole Felden<\/div><\/div><div class=\"lets-info-up-block lets-info-up-meta-block\"><div class=\"lets-info-up-meta-title lets-info-up-pretitle font-h\" style=\"color: #8c6d18;\">Urauff\u00fchrunG<\/div><div class=\"lets-info-up-meta-content lets-info-up-title font-b\">2009<\/div><\/div><div class=\"lets-info-up-block lets-info-up-meta-block\"><div class=\"lets-info-up-meta-title lets-info-up-pretitle font-h\" style=\"color: #8c6d18;\">INFOS<\/div><div class=\"lets-info-up-meta-content lets-info-up-title font-b\"><a href=\"https:\/\/www.theater-baden-baden.de\/spielplan\/stueck\/die-addams-family\" target=\"_blank\" rel=\"noopener noreferrer nofollow\">www.theater-baden-baden.de<\/a><\/div><\/div>\t\t\t<\/div>\r\n\t\t\t<\/div>\r\n\t\t<\/div>\r\n\t\t\n\n\n<p><strong><strong>\u201eDie Addams Family\u201c so morbide wie liebevoll inszeniert<\/strong><\/strong><\/p>\n\n\n\n<p>Die Ansage, die Handys doch bitte auszuschalten, macht eine abgetrennte, aber eloquente Hand vor dem Vorhang \u2013 \u201edas eiskalte H\u00e4ndchen\u201c, wie die Rolle hei\u00dft, tanzt gleich noch ein Solo zur Ouvert\u00fcre und geistert auch durch die d\u00fcsteren Ecken des B\u00fchnenbildes. Das kleine Theater in der Schwarzwald-Kurstadt spielt das Grusel-Musical von Andrew Lippa in der minimalst-m\u00f6glichen Besetzung, in den Tanznummern ersetzt das Ensemble die Geister der Ahnen, die normalerweise als Chorus Line herumspuken. Frei nach dem Song \u201eVerr\u00fcckter als Du\u201c ist hier alles noch ein bisschen schr\u00e4ger als gewohnt, sowohl was die Optik der einzelnen Familienmitglieder angeht, als auch ihre Auftritte.<\/p>\n\n\n\n<p>Vor einem fast schon verwunschen sch\u00f6nen Friedhofsbaum im Hintergrund (Ausstattung: Steven Koop) ist die herrschaftliche Villa der morbiden Familie klein, aber praktisch aufklappbar. Alles bleibt in Schwarzwei\u00df, bis hin zu den dunklen Ringen um die Augen. Regisseurin Nicole Felden hat mit dem Ensemble unglaublich detailliert gearbeitet und holt mit leichtf\u00fc\u00dfig-absurdem Humor jede Pointe aus dem St\u00fcck. Von der sehr lustigen Er\u00f6ffnungsnummer bis zum liebevollen Happy End erheitern jede Menge originelle Einf\u00e4lle, die Pointen fliegen mit treffsicherem Timing. Die Konflikte innerhalb der beiden Familien werden genauso deutlich wie die vers\u00f6hnliche Moral des Musicals, die wichtige Rolle von Liebe, Vertrauen und Vergeben. In seinen kleinen Choreografien spielt Markus Buehlmann mit der Tatsache, dass zwar niemand hier wie am Broadway tanzt \u2013 aber alle bringen die typischen Eigenheiten ihrer jeweiligen Rolle mit geschmeidiger Eleganz in Bewegung.<\/p>\n\n\n<div  class=\"tpgb-wrap-956d14_6989  tpgb-wrap-fw \"  ><div id=\"956d14_6989\" class=\"tpgb-block-956d14_6989 tpgb-relative-block tpgb-gallery-list tpgb-metro gallery-style-2 hover-image-style-1   \" data-style=\"style-2\" data-id=\"956d14_6989\" data-layout=\"metro\" data-fancy-option='{\"loop\":false,\"thumb\":\"no\",\"infobar\":true,\"arrows\":true,\"transitionEffect\":\"slide\",\"button\":[\"close\"]}' data-splide='\"\"' data-metroAttr= '{\"metro_col\":3,\"tab_metro_col\":3,\"mobile_metro_col\":3,\"metro_style\":\"style-1\",\"tab_metro_style\":\"style-1\",\"mobile_metro_style\":\"style-1\"}' ><div class=\"tpgb-row post-loop-inner \"><div class=\"grid-item metro-item-0    tpgb-metro-1  tpgb-tab-metro-1  tpgb-mobile-metro-1 \"><a href=\"https:\/\/www.musical-today.de\/wp-content\/uploads\/2024\/07\/Theater-Baden-Baden_Die-Addams-Family_Baumann_Laricchia_Schwarzer_Weinig_Kettler_Renn_Foto-Jochen-Klenk-scaled.jpg\" class=\"tpgb-gallery-list-content tpgb-trans-easeinout\" data-fancybox=\"956d14_6989\" data-caption=\"Foto: Jochen Klenk\" aria-label=\"Foto: Jochen Klenk\" target=\"_blank\" rel=\"noopener noreferrer nofollow\"><div class=\"post-content-image\"><div class=\"tpgb-metro-gallery-image\" style=\"background: url(http:\/\/www.musical-today.de\/wp-content\/uploads\/2024\/07\/Theater-Baden-Baden_Die-Addams-Family_Baumann_Laricchia_Schwarzer_Weinig_Kettler_Renn_Foto-Jochen-Klenk-scaled.jpg);\"><\/div><\/div><div class=\"post-content-center\"><div class=\"post-zoom-icon\"><div class=\"meta-search-icon\"><span><img decoding=\"async\" class=\"fancy-img\" src=\"http:\/\/www.musical-today.de\/wp-content\/uploads\/2024\/07\/Theater-Baden-Baden_Die-Addams-Family_Baumann_Laricchia_Schwarzer_Weinig_Kettler_Renn_Foto-Jochen-Klenk-scaled.jpg\" alt=\"Media Image1\" title=\"\"><i class=\"fas fa-search-plus pop-icon\"><\/i><\/span><\/div><\/div><div class=\"post-content-bottom\"><p class=\"post-title tpgb-trans-easeinout\">Foto: Jochen Klenk<\/p><\/div><\/div><\/a><\/div><div class=\"grid-item metro-item-1    tpgb-metro-2  tpgb-tab-metro-2  tpgb-mobile-metro-2 \"><a href=\"https:\/\/www.musical-today.de\/wp-content\/uploads\/2024\/07\/Theater-Baden-Baden_Die-Addams-Family_Kettler_Mirow_Foto-Jochen-Klenk-scaled.jpg\" class=\"tpgb-gallery-list-content tpgb-trans-easeinout\" data-fancybox=\"956d14_6989\" data-caption=\"Foto: Jochen Klenk\" aria-label=\"Foto: Jochen Klenk\" target=\"_blank\" rel=\"noopener noreferrer nofollow\"><div class=\"post-content-image\"><div class=\"tpgb-metro-gallery-image\" style=\"background: url(http:\/\/www.musical-today.de\/wp-content\/uploads\/2024\/07\/Theater-Baden-Baden_Die-Addams-Family_Kettler_Mirow_Foto-Jochen-Klenk-scaled.jpg);\"><\/div><\/div><div class=\"post-content-center\"><div class=\"post-zoom-icon\"><div class=\"meta-search-icon\"><span><img decoding=\"async\" class=\"fancy-img\" src=\"http:\/\/www.musical-today.de\/wp-content\/uploads\/2024\/07\/Theater-Baden-Baden_Die-Addams-Family_Kettler_Mirow_Foto-Jochen-Klenk-scaled.jpg\" alt=\"Media Image2\" title=\"\"><i class=\"fas fa-search-plus pop-icon\"><\/i><\/span><\/div><\/div><div class=\"post-content-bottom\"><p class=\"post-title tpgb-trans-easeinout\">Foto: Jochen Klenk<\/p><\/div><\/div><\/a><\/div><div class=\"grid-item metro-item-2    tpgb-metro-3  tpgb-tab-metro-3  tpgb-mobile-metro-3 \"><a href=\"https:\/\/www.musical-today.de\/wp-content\/uploads\/2024\/07\/Theater-Baden-Baden_Die-Addams-Family_Weinig_Laricchia_Renn_Herten_Schwarzer_Baumann_Foto-Jochen-Klenk-scaled.jpg\" class=\"tpgb-gallery-list-content tpgb-trans-easeinout\" data-fancybox=\"956d14_6989\" data-caption=\"Foto: Jochen Klenk\" aria-label=\"Foto: Jochen Klenk\" target=\"_blank\" rel=\"noopener noreferrer nofollow\"><div class=\"post-content-image\"><div class=\"tpgb-metro-gallery-image\" style=\"background: url(http:\/\/www.musical-today.de\/wp-content\/uploads\/2024\/07\/Theater-Baden-Baden_Die-Addams-Family_Weinig_Laricchia_Renn_Herten_Schwarzer_Baumann_Foto-Jochen-Klenk-scaled.jpg);\"><\/div><\/div><div class=\"post-content-center\"><div class=\"post-zoom-icon\"><div class=\"meta-search-icon\"><span><img decoding=\"async\" class=\"fancy-img\" src=\"http:\/\/www.musical-today.de\/wp-content\/uploads\/2024\/07\/Theater-Baden-Baden_Die-Addams-Family_Weinig_Laricchia_Renn_Herten_Schwarzer_Baumann_Foto-Jochen-Klenk-scaled.jpg\" alt=\"Media Image3\" title=\"\"><i class=\"fas fa-search-plus pop-icon\"><\/i><\/span><\/div><\/div><div class=\"post-content-bottom\"><p class=\"post-title tpgb-trans-easeinout\">Foto: Jochen Klenk<\/p><\/div><\/div><\/a><\/div><\/div><\/div><\/div>\n\n\n<p>Als Familienvater Gomez gibt Sebastian Mirow den vollendeten Macho-Gentleman mit herrlich weich gelispeltem spanischem Akzent. Er federt so elastisch wie ungl\u00fccklich zwischen den W\u00fcnschen seiner Frau und der Tochter hin und her. Nadine Kettler verleiht Morticia Addams einen fast schon heiligen Ernst und wird auf liebenswerte Weise weich, als sie ihren Sohn ins Bett packt. Ihrer Tochter Wednesday fehlt jedes Pathos, Lisa Schwarzer spielt das M\u00e4dchen wirklich knochentrocken. Umso entz\u00fcckender ist dann und wann ihr Dahinschmelzen f\u00fcr den v\u00f6llig gegenteiligen Lucas Beineke. Der ist bei Lion-Russell Baumann ein verspulter Intellektueller, eher Klimasch\u00fctzer als Sportstar, und von wilder Entschlossenheit, seine Liebste zu heiraten.<\/p>\n\n\n\n<p>Familie Beineke strandet erstmal im Publikum und h\u00e4ngt dort sehr lustig fest, bevor die gro\u00dfartige Constanze Weinig aus ihrem Auftritt mit der Wahrheitsdroge fast schon eine Sondheim-Nummer macht \u2013 aus gro\u00dfer Tiefe holt sie die Klage \u00fcber die zerbrochenen Illusionen. Michael Laricchia streift als ihr Gatte recht erleichtert seine Biederkeit ab und l\u00e4sst den Rocker raus. Als schmollender Addams-Sohn Pugsley streckt Carl Herten sein angeklebtes Knabenb\u00e4uchlein vor, Oliver Jacobs legt als Onkel Fester einen kleinen Soft-Shoe-Shuffle aufs Parkett und startet die Rakete zum Mond mit einem knallbunten Kinderspielzeugmotor. Besonders schrill ist die Oma, die zu niemandem geh\u00f6rt: Rosalinde Renn st\u00fcrmt als renitente Luxus-Rentnerin durchs Geschehen. Kilian Bierwirth versinkt als (zumindest theoretisch) stummer Diener Lurch in stoischer Melancholie und bekommt Sonderapplaus f\u00fcr seine geunkte Lebensgeschichte.<\/p>\n\n\n\n<p>Man kann nicht behaupten, dass die s\u00e4ngerischen Leistungen des Abends \u00fcberragende Qualit\u00e4t h\u00e4tten, manch einer mogelt sich ein wenig durch. Daf\u00fcr klingen die Tango- und Rumba-Rhythmen aus dem Graben mitrei\u00dfend, Hans-Georg Wilhelm dirigiert das gar nicht so kleine Orchester mit Tempo und Spannung. Mit so viel Witz, einer derart \u00fcbersprudelnden Freude am Absurden funktioniert \u201eThe Addams Family\u201c bestens auf kleinem Raum \u2013 Standing Ovations sind der Lohn.<\/p>\n\n\n\n<hr class=\"wp-block-separator has-alpha-channel-opacity is-style-dots\"\/>\n\n\n\n<p class=\"has-small-font-size\">Musikalische Leitung: Hans-Georg Wilhelm \u2022 Ausstattung: Steven Koop \u2022 Choreografie: Markus Buehlmann \u2022 Mit: Sebastian Mirow (Gomez Addams), Nadine Kettler (Morticia Addams), Lisa Schwarzer (Wednesday Addams), Carl Herten (Pugsley Addams), Oliver Jacobs (Onkel Fester), Rosalinde Renn (Grandma), Kilian Bierwirth (Lurch), Lion-Russell Baumann (Lucas Beineke), Constanze Weinig (Alice Beineke), Michael Laricchia (Mal Beineke)<br><br>Aufmacherfoto: Jochen Klenk<\/p>\n","protected":false},"excerpt":{"rendered":"<p>\u201eDie Addams Family\u201c so morbide wie liebevoll inszeniert Die Ansage, die Handys doch bitte auszuschalten, macht eine abgetrennte, aber eloquente Hand vor dem Vorhang \u2013 \u201edas eiskalte H\u00e4ndchen\u201c, wie die Rolle hei\u00dft, tanzt gleich noch ein Solo zur Ouvert\u00fcre und geistert auch durch die d\u00fcsteren Ecken des B\u00fchnenbildes. Das kleine Theater in der Schwarzwald-Kurstadt spielt das Grusel-Musical von Andrew Lippa in der minimalst-m\u00f6glichen Besetzung, in den Tanznummern ersetzt das Ensemble die Geister der Ahnen, die normalerweise als Chorus Line herumspuken. [&hellip;]<\/p>\n","protected":false},"author":19,"featured_media":6991,"comment_status":"closed","ping_status":"closed","sticky":false,"template":"","format":"standard","meta":{"tpgb_global_settings":"","footnotes":""},"categories":[168],"tags":[],"class_list":["post-6989","post","type-post","status-publish","format-standard","has-post-thumbnail","hentry","category-baden-baden"],"tpgb_featured_images":{"full":["http:\/\/www.musical-today.de\/wp-content\/uploads\/2024\/07\/Theater-Baden-Baden_Die-Addams-Family_Jacobs_Herten_Kettler_Renn_Mirow_Schwarzer_Bierwirth_Foto-Jochen-Klenk-scaled.jpg",2560,1707,false],"tp-image-grid":["http:\/\/www.musical-today.de\/wp-content\/uploads\/2024\/07\/Theater-Baden-Baden_Die-Addams-Family_Jacobs_Herten_Kettler_Renn_Mirow_Schwarzer_Bierwirth_Foto-Jochen-Klenk-700x700.jpg",700,700,true],"thumbnail":["http:\/\/www.musical-today.de\/wp-content\/uploads\/2024\/07\/Theater-Baden-Baden_Die-Addams-Family_Jacobs_Herten_Kettler_Renn_Mirow_Schwarzer_Bierwirth_Foto-Jochen-Klenk-600x400.jpg",600,400,true],"medium":["http:\/\/www.musical-today.de\/wp-content\/uploads\/2024\/07\/Theater-Baden-Baden_Die-Addams-Family_Jacobs_Herten_Kettler_Renn_Mirow_Schwarzer_Bierwirth_Foto-Jochen-Klenk-1200x800.jpg",1200,800,true],"medium_large":["http:\/\/www.musical-today.de\/wp-content\/uploads\/2024\/07\/Theater-Baden-Baden_Die-Addams-Family_Jacobs_Herten_Kettler_Renn_Mirow_Schwarzer_Bierwirth_Foto-Jochen-Klenk-949x633.jpg",770,514,true],"large":["http:\/\/www.musical-today.de\/wp-content\/uploads\/2024\/07\/Theater-Baden-Baden_Die-Addams-Family_Jacobs_Herten_Kettler_Renn_Mirow_Schwarzer_Bierwirth_Foto-Jochen-Klenk-1920x1280.jpg",1139,759,true],"default":"http:\/\/www.musical-today.de\/wp-content\/plugins\/the-plus-addons-for-block-editor\/assets\/images\/tpgb-placeholder.jpg"},"tpgb_post_meta_info":{"get_date":"02.07.2024","get_modified_date":"15.04.2025","category_list":{"category":[{"term_id":168,"name":"Baden-Baden","slug":"baden-baden","term_group":0,"term_taxonomy_id":168,"taxonomy":"category","description":"","parent":19,"count":2,"filter":"raw","term_order":"4"}],"post_tag":false,"post_format":false},"author_name":"Angela Reinhardt","author_url":"http:\/\/www.musical-today.de\/en\/autor\/angelareinhardt\/","author_email":"angelareinhardt@aol.com","author_website":"","author_description":"studierte in Stuttgart Germanistik und Romanistik und arbeitet seit 1990 als freie Kulturjournalistin. Sie schreibt vor allem \u00fcber Tanz und ist Mitautorin von B\u00fcchern \u00fcber die Choreografen John Cranko und Marco Goecke sowie \u00fcber den Stuttgarter Ballettintendanten Reid Anderson. Von 1991 bis 2023 war sie regelm\u00e4\u00dfig f\u00fcr die Zeitschrift \u201emusicals\u201c im s\u00fcddeutschen Raum unterwegs.","author_facebook":"","author_twitter":"","author_instagram":"","author_role":["author","editor","redakteur","redaktionsteam"],"author_firstname":"Angela","author_lastname":"Reinhardt","user_login":"angelareinhardt","author_avatar":"<img src=\"http:\/\/www.musical-today.de\/wp-content\/uploads\/2024\/03\/434034552_122093726612266069_5386620108228489486_n-293x293.jpg\" width=\"200\" height=\"200\" alt=\"Angela Reinhardt\" class=\"avatar avatar-200 wp-user-avatar wp-user-avatar-200 alignnone photo\" \/>","author_avatar_url":"http:\/\/www.musical-today.de\/wp-content\/uploads\/2024\/03\/434034552_122093726612266069_5386620108228489486_n.jpg","comment_count":0,"post_likes":0,"post_views":0},"tpgb_post_category":{"category":"<a href=\"http:\/\/www.musical-today.de\/en\/deutschland\/baden-baden\/\" alt=\"Baden-Baden\"  class=\"category-baden-baden\">Baden-Baden<\/a> "},"_links":{"self":[{"href":"http:\/\/www.musical-today.de\/en\/wp-json\/wp\/v2\/posts\/6989","targetHints":{"allow":["GET"]}}],"collection":[{"href":"http:\/\/www.musical-today.de\/en\/wp-json\/wp\/v2\/posts"}],"about":[{"href":"http:\/\/www.musical-today.de\/en\/wp-json\/wp\/v2\/types\/post"}],"author":[{"embeddable":true,"href":"http:\/\/www.musical-today.de\/en\/wp-json\/wp\/v2\/users\/19"}],"replies":[{"embeddable":true,"href":"http:\/\/www.musical-today.de\/en\/wp-json\/wp\/v2\/comments?post=6989"}],"version-history":[{"count":0,"href":"http:\/\/www.musical-today.de\/en\/wp-json\/wp\/v2\/posts\/6989\/revisions"}],"wp:featuredmedia":[{"embeddable":true,"href":"http:\/\/www.musical-today.de\/en\/wp-json\/wp\/v2\/media\/6991"}],"wp:attachment":[{"href":"http:\/\/www.musical-today.de\/en\/wp-json\/wp\/v2\/media?parent=6989"}],"wp:term":[{"taxonomy":"category","embeddable":true,"href":"http:\/\/www.musical-today.de\/en\/wp-json\/wp\/v2\/categories?post=6989"},{"taxonomy":"post_tag","embeddable":true,"href":"http:\/\/www.musical-today.de\/en\/wp-json\/wp\/v2\/tags?post=6989"}],"curies":[{"name":"wp","href":"https:\/\/api.w.org\/{rel}","templated":true}]}}