{"id":7047,"date":"2024-07-04T09:00:13","date_gmt":"2024-07-04T07:00:13","guid":{"rendered":"https:\/\/www.musical-today.de\/?p=7047"},"modified":"2025-04-15T14:28:19","modified_gmt":"2025-04-15T12:28:19","slug":"schwarzkollm-im-anfang-ist-das-licht","status":"publish","type":"post","link":"http:\/\/www.musical-today.de\/en\/schwarzkollm-im-anfang-ist-das-licht\/","title":{"rendered":"Im Anfang ist das Licht"},"content":{"rendered":"<div class=\"lets-info-up-wrap  lets-info-up--right lets-info-up--m-1 lets-info-up-skin-3 lets-info-up--side lets-info-up-19894\" style=\"background:#fafafa; color: #616161\">\t\t\t<div class=\"lets-info-up\">\r\n\t\t\t<div class=\"lets-info-up-fi\"><img decoding=\"async\" width=\"500\" height=\"333\" src=\"http:\/\/www.musical-today.de\/wp-content\/uploads\/2024\/01\/qi-addons-for-elementor-placeholder-500x333.png\" class=\"attachment-lets-info-up-d1 size-lets-info-up-d1\" alt=\"|\" srcset=\"http:\/\/www.musical-today.de\/wp-content\/uploads\/2024\/01\/qi-addons-for-elementor-placeholder-500x333.png 500w, http:\/\/www.musical-today.de\/wp-content\/uploads\/2024\/01\/qi-addons-for-elementor-placeholder-300x200.png 300w, http:\/\/www.musical-today.de\/wp-content\/uploads\/2024\/01\/qi-addons-for-elementor-placeholder-1024x683.png 1024w, http:\/\/www.musical-today.de\/wp-content\/uploads\/2024\/01\/qi-addons-for-elementor-placeholder-883x589.png 883w, http:\/\/www.musical-today.de\/wp-content\/uploads\/2024\/01\/qi-addons-for-elementor-placeholder-18x12.png 18w, http:\/\/www.musical-today.de\/wp-content\/uploads\/2024\/01\/qi-addons-for-elementor-placeholder-360x240.png 360w, http:\/\/www.musical-today.de\/wp-content\/uploads\/2024\/01\/qi-addons-for-elementor-placeholder-1155x770.png 1155w, http:\/\/www.musical-today.de\/wp-content\/uploads\/2024\/01\/qi-addons-for-elementor-placeholder-370x247.png 370w, http:\/\/www.musical-today.de\/wp-content\/uploads\/2024\/01\/qi-addons-for-elementor-placeholder-770x513.png 770w, http:\/\/www.musical-today.de\/wp-content\/uploads\/2024\/01\/qi-addons-for-elementor-placeholder-293x195.png 293w, http:\/\/www.musical-today.de\/wp-content\/uploads\/2024\/01\/qi-addons-for-elementor-placeholder-120x80.png 120w, http:\/\/www.musical-today.de\/wp-content\/uploads\/2024\/01\/qi-addons-for-elementor-placeholder-240x160.png 240w, http:\/\/www.musical-today.de\/wp-content\/uploads\/2024\/01\/qi-addons-for-elementor-placeholder-390x260.png 390w, http:\/\/www.musical-today.de\/wp-content\/uploads\/2024\/01\/qi-addons-for-elementor-placeholder.png 1200w\" sizes=\"(max-width: 500px) 100vw, 500px\" title=\"\"><\/div>\t\t\t<div class=\"lets-info-up-block-wrap\">\r\n\t\t\t\t<div class=\"lets-info-up-block lets-info-up-meta-block\"><div class=\"lets-info-up-meta-title lets-info-up-pretitle font-h\" style=\"color: #8c6d18;\">oRT<\/div><div class=\"lets-info-up-meta-content lets-info-up-title font-b\">KRABAT-M\u00fchle Schwarzkollm<\/div><\/div><div class=\"lets-info-up-block lets-info-up-meta-block\"><div class=\"lets-info-up-meta-title lets-info-up-pretitle font-h\" style=\"color: #8c6d18;\">von<\/div><div class=\"lets-info-up-meta-content lets-info-up-title font-b\">Andreas Goldmann (Musik)<br>Michael Kuhn (Buch)<\/div><\/div><div class=\"lets-info-up-block lets-info-up-meta-block\"><div class=\"lets-info-up-meta-title lets-info-up-pretitle font-h\" style=\"color: #8c6d18;\">Regie<\/div><div class=\"lets-info-up-meta-content lets-info-up-title font-b\">Michael Kuhn und Johanna F. Kr\u00fcger<\/div><\/div><div class=\"lets-info-up-block lets-info-up-meta-block\"><div class=\"lets-info-up-meta-title lets-info-up-pretitle font-h\" style=\"color: #8c6d18;\">Urauff\u00fchrung<\/div><div class=\"lets-info-up-meta-content lets-info-up-title font-b\">2024<\/div><\/div><div class=\"lets-info-up-block lets-info-up-meta-block\"><div class=\"lets-info-up-meta-title lets-info-up-pretitle font-h\" style=\"color: #8c6d18;\">INFOS<\/div><div class=\"lets-info-up-meta-content lets-info-up-title font-b\"><a href=\"https:\/\/www.krabat-muehle.de\/de\/veranstaltungen\/krabat-saga.html\" target=\"_blank\" rel=\"noreferrer noopener\">www.krabat-muehle.de<\/a><\/div><\/div>\t\t\t<\/div>\r\n\t\t\t<\/div>\r\n\t\t<\/div>\r\n\t\t\n\n\n<p><strong>\u201eIm Anfang ist das Licht\u201c er\u00f6ffnet einen neuen Krabat-Zyklus<\/strong><\/p>\n\n\n\n<p>Die zw\u00f6lf schwarzen Raben der Krabat Saga haben sich im Sommer 2024 gleich auf mehreren Naturb\u00fchnen niedergelassen: u.a. beim Schauspiel im s\u00e4chsischen Greifenstein (Theater Annaberg-Buchholz), mit B\u00fcrger-Sprechchor in der brandenburgischen Alvensleben-Kaserne (Staatstheater Cottbus) und als Mystery-Musical in der Bocksm\u00fchle Lumpzig (Theater Altenburg Gera). Doch am besten aufgehoben erscheint die sorbische Sage in Schwarzkollm\/\u010corny Cho\u0142mc, wo bereits in den 1990er Jahren eine Krabat-M\u00fchle als touristisches Kulturzentrum nachgebaut wurde. Diese hat jetzt ihren Zuschauerraum erweitert, die seit 2012 bestehenden Krabat-Festspiele in Eigenregie \u00fcbernommen und dabei durch zus\u00e4tzliche Gesangeinlagen die Theater-Saga zum Musical weiterentwickelt. Auf die erste Folge, \u201eIm Anfang ist das Licht\u201c, sollen in den n\u00e4chsten Jahren Fortsetzungen folgen.&nbsp;<\/p>\n\n\n\n<p>\u201eWitaj\u0107e k nam!\u201c \u2013 \u201eHerzlich willkommen!\u201c Die Theatervorf\u00fchrung in Schwarzkollm kann man auch als sorbischen Heimatabend verstehen. Trachten, Brauchtum und Lieder werden vorgef\u00fchrt, wobei man \u2013 ohne \u00dcbertitel \u2013 immer wieder in die sorbische Sprache wechselt. Gleich zu Beginn, als Vorgeschichte der Krabat Saga, richtet ein Bra\u0161ka, also der sorbische Hochzeitbitter und Zeremonienmeister, f\u00fcr Krabats Eltern eine Hochzeit nach regionalem Brauchtum ein, wobei auch sorbischem Schnaps zugesprochen wird. Mit Witz und Temperament gef\u00e4llt Franz Lenski bei diesen Volkstums-Ritualen.<\/p>\n\n\n<div  class=\"tpgb-wrap-956d14_7047  tpgb-wrap-fw \"  ><div id=\"956d14_7047\" class=\"tpgb-block-956d14_7047 tpgb-relative-block tpgb-gallery-list tpgb-metro gallery-style-2 hover-image-style-1   \" data-style=\"style-2\" data-id=\"956d14_7047\" data-layout=\"metro\" data-fancy-option='{\"loop\":false,\"thumb\":\"no\",\"infobar\":true,\"arrows\":true,\"transitionEffect\":\"slide\",\"button\":[\"close\"]}' data-splide='\"\"' data-metroAttr= '{\"metro_col\":3,\"tab_metro_col\":3,\"mobile_metro_col\":3,\"metro_style\":\"style-1\",\"tab_metro_style\":\"style-1\",\"mobile_metro_style\":\"style-1\"}' ><div class=\"tpgb-row post-loop-inner \"><div class=\"grid-item metro-item-0    tpgb-metro-1  tpgb-tab-metro-1  tpgb-mobile-metro-1 \"><a href=\"https:\/\/www.musical-today.de\/wp-content\/uploads\/2024\/07\/Krabat2024_FotoRobertJentzsch_-32_3565-1.jpg\" class=\"tpgb-gallery-list-content tpgb-trans-easeinout\" data-fancybox=\"956d14_7047\" data-caption=\"Foto: Robert Jentzsch\" aria-label=\"Foto: Robert Jentzsch\" target=\"_blank\" rel=\"noopener noreferrer nofollow\"><div class=\"post-content-image\"><div class=\"tpgb-metro-gallery-image\" style=\"background: url(http:\/\/www.musical-today.de\/wp-content\/uploads\/2024\/07\/Krabat2024_FotoRobertJentzsch_-32_3565-1.jpg);\"><\/div><\/div><div class=\"post-content-center\"><div class=\"post-zoom-icon\"><div class=\"meta-search-icon\"><span><img decoding=\"async\" class=\"fancy-img\" src=\"http:\/\/www.musical-today.de\/wp-content\/uploads\/2024\/07\/Krabat2024_FotoRobertJentzsch_-32_3565-1.jpg\" alt=\"Media Image1\" title=\"\"><i class=\"fas fa-search-plus pop-icon\"><\/i><\/span><\/div><\/div><div class=\"post-content-bottom\"><p class=\"post-title tpgb-trans-easeinout\">Foto: Robert Jentzsch<\/p><\/div><\/div><\/a><\/div><div class=\"grid-item metro-item-1    tpgb-metro-2  tpgb-tab-metro-2  tpgb-mobile-metro-2 \"><a href=\"https:\/\/www.musical-today.de\/wp-content\/uploads\/2024\/07\/Krabat2024_FotoRobertJentzsch_-25_-1.jpg\" class=\"tpgb-gallery-list-content tpgb-trans-easeinout\" data-fancybox=\"956d14_7047\" data-caption=\"Foto: Robert Jentzsch\" aria-label=\"Foto: Robert Jentzsch\" target=\"_blank\" rel=\"noopener noreferrer nofollow\"><div class=\"post-content-image\"><div class=\"tpgb-metro-gallery-image\" style=\"background: url(http:\/\/www.musical-today.de\/wp-content\/uploads\/2024\/07\/Krabat2024_FotoRobertJentzsch_-25_-1.jpg);\"><\/div><\/div><div class=\"post-content-center\"><div class=\"post-zoom-icon\"><div class=\"meta-search-icon\"><span><img decoding=\"async\" class=\"fancy-img\" src=\"http:\/\/www.musical-today.de\/wp-content\/uploads\/2024\/07\/Krabat2024_FotoRobertJentzsch_-25_-1.jpg\" alt=\"Media Image2\" title=\"\"><i class=\"fas fa-search-plus pop-icon\"><\/i><\/span><\/div><\/div><div class=\"post-content-bottom\"><p class=\"post-title tpgb-trans-easeinout\">Foto: Robert Jentzsch<\/p><\/div><\/div><\/a><\/div><div class=\"grid-item metro-item-2    tpgb-metro-3  tpgb-tab-metro-3  tpgb-mobile-metro-3 \"><a href=\"https:\/\/www.musical-today.de\/wp-content\/uploads\/2024\/07\/Krabat2024_FotoRobertJentzsch_-1_8621-1.jpg\" class=\"tpgb-gallery-list-content tpgb-trans-easeinout\" data-fancybox=\"956d14_7047\" data-caption=\"Foto: Robert Jentzsch\" aria-label=\"Foto: Robert Jentzsch\" target=\"_blank\" rel=\"noopener noreferrer nofollow\"><div class=\"post-content-image\"><div class=\"tpgb-metro-gallery-image\" style=\"background: url(http:\/\/www.musical-today.de\/wp-content\/uploads\/2024\/07\/Krabat2024_FotoRobertJentzsch_-1_8621-1.jpg);\"><\/div><\/div><div class=\"post-content-center\"><div class=\"post-zoom-icon\"><div class=\"meta-search-icon\"><span><img decoding=\"async\" class=\"fancy-img\" src=\"http:\/\/www.musical-today.de\/wp-content\/uploads\/2024\/07\/Krabat2024_FotoRobertJentzsch_-1_8621-1.jpg\" alt=\"Media Image3\" title=\"\"><i class=\"fas fa-search-plus pop-icon\"><\/i><\/span><\/div><\/div><div class=\"post-content-bottom\"><p class=\"post-title tpgb-trans-easeinout\">Foto: Robert Jentzsch<\/p><\/div><\/div><\/a><\/div><\/div><\/div><\/div>\n\n\n<p>Vielleicht ein wenig zu h\u00e4ufig wird philosophiert: \u00fcber Schwarze Magie und im Gegensatz dazu Aufkl\u00e4rung, \u00fcber Religion und Emanzipation, finstere Teufelei und geistige Erleuchtung. Will man Krabat nahe an Goethes Faust und Mephisto f\u00fchren? W\u00e4hrend Faust sinniert, ob im Anfang das Wort war, ist es hier das Licht: \u201eWenn Dunkelheit anbricht, erwacht in uns das Licht.\u201c Immer wieder wird die Abfolge der Jahreszeiten als nat\u00fcrlicher Lebenskreislauf durchgez\u00e4hlt, unterlegt mit dem konventionellen melodramatischen Musical-Sound von Andreas Goldmann, der schon im Fernsehen der DDR gro\u00dfe Erfolge feierte.<\/p>\n\n\n\n<p>Von \u201eKrabat\u201c sind viele und sehr unterschiedliche Fassungen \u00fcberliefert. Michael Kuhn nutzt dies und wei\u00df als Autor und Regisseur in seiner neuen Version die Saga \u00fcberraschend zu akzentuieren. Heimat und Heimatlosigkeit sind nahe verwandt, der Gegensatz bestimmt die Identit\u00e4t: Krabat, so wird erkl\u00e4rt, ist ein anderes Wort f\u00fcr Kroate. Das verlassene sorbische Kind Janek war nach Ragusa in die Obhut von drei Roma-Frauen gebracht worden, ehe es dann als Krabat aus Dalmatien wieder in die Heimat zur\u00fcckkehrt. \u00dcberraschend stellt sich in dieser Fassung auch heraus, dass ausgerechnet der schwarze teuflische M\u00fcller Krabats Vater ist: \u00fcberzeugend in seinem Zwiespalt Nico M\u00fcller, bekannt vom Musikprojekt Adoro.<\/p>\n\n\n\n<p>Frauen haben in Kuhns neuer Fassung nun mehr Gewicht, auch die b\u00f6sen. \u010corna Km\u00f3tra, die Dunkle Patin, ist eine Drahtzieherin mit Teufelskrallen und Totenkopf (Julia Henke). Betend und liebend treten Waltraud Auer und Maxie Werner als jugendliche Mutter und junge Freundin in Erscheinung. Steffen Urban, dem Schwarzkollmer Publikum von fr\u00fcheren Auff\u00fchrungen als Sachsenk\u00f6nig August der Starke bekannt, spielt nun einen barocken Dresdner Theaterdirektor, der auf dem Land auf der Suche nach einem Stoff ist. Er konversiert dabei mit der alten Hanka (Cornelia Drese), die als Erz\u00e4hlerin in R\u00fcckblicken in die Geschichte einf\u00fchrt.<\/p>\n\n\n\n<p>Als Krabat ist der 25-j\u00e4hrige, aus dem benachbarten Ort Lauta\/\u0141uty stammende Musicaldarsteller Richard Fuchs zu sehen. Mit seinem Zwillingsbruder Anton \u2013 dieser ist nun Projektleiter des Unternehmens \u2013 war er bereits vor sechs Jahren hier in dieser Rolle aufgetreten. Die 60 aus der Umgebung gecasteten Darsteller sind nun zwar nicht in Hauptrollen zu sehen. Als M\u00fcllerburschen, Dorfm\u00e4dchen und Dorfkinder agieren sie in der Choreografie von Johanna F. Kr\u00fcger in flotten Auftritten aber professionell und routiniert. Krabat erweist sich insofern auch als ein Dorffest. \u201eIm Anfang ist das Licht\u201c: Am Ende knallt ein kr\u00e4ftiges Feuerwerk in die schwarze Nacht.<\/p>\n\n\n\n<hr class=\"wp-block-separator has-alpha-channel-opacity is-style-dots\"\/>\n\n\n\n<p class=\"has-small-font-size\">Ausstattung: Michael Wolf \u2022 Choreografie: Johanna F. Kr\u00fcger \u2022 Mit: Nico M\u00fcller (Janko\/Der schwarze M\u00fcller), Waltraud Auer (Marija), Cornelia Drese (Hanka\/Alter Ego der Kantorka), Franz Lenski (Bartu\u0161\/Bra\u0161ka), Steffen Urban (Ambrosius Balthasar Hempel), Julia Henke (\u010corna Km\u00f3tra\/Dunkle Patin), Richard Fuchs (Der Krabat), Maxie Werner (Hanka\/Die Kantorka) \u2022 Volksensemble<\/p>\n\n\n\n<p class=\"has-small-font-size\">Aufmacherfoto: Robert Jentzsch<\/p>\n","protected":false},"excerpt":{"rendered":"<p>\u201eIm Anfang ist das Licht\u201c er\u00f6ffnet einen neuen Krabat-Zyklus Die zw\u00f6lf schwarzen Raben der Krabat Saga haben sich im Sommer 2024 gleich auf mehreren Naturb\u00fchnen niedergelassen: u.a. beim Schauspiel im s\u00e4chsischen Greifenstein (Theater Annaberg-Buchholz), mit B\u00fcrger-Sprechchor in der brandenburgischen Alvensleben-Kaserne (Staatstheater Cottbus) und als Mystery-Musical in der Bocksm\u00fchle Lumpzig (Theater Altenburg Gera). Doch am besten aufgehoben erscheint die sorbische Sage in Schwarzkollm\/\u010corny Cho\u0142mc, wo bereits in den 1990er Jahren eine Krabat-M\u00fchle als touristisches Kulturzentrum nachgebaut wurde. Diese hat jetzt ihren [&hellip;]<\/p>\n","protected":false},"author":51,"featured_media":7077,"comment_status":"closed","ping_status":"closed","sticky":false,"template":"","format":"standard","meta":{"tpgb_global_settings":"","footnotes":""},"categories":[171],"tags":[],"class_list":["post-7047","post","type-post","status-publish","format-standard","has-post-thumbnail","hentry","category-schwarzkollm"],"tpgb_featured_images":{"full":["http:\/\/www.musical-today.de\/wp-content\/uploads\/2024\/07\/Krabat2024_FotoRobertJentzsch_-17_3057-1.jpg",2000,1334,false],"tp-image-grid":["http:\/\/www.musical-today.de\/wp-content\/uploads\/2024\/07\/Krabat2024_FotoRobertJentzsch_-17_3057-1-700x700.jpg",700,700,true],"thumbnail":["http:\/\/www.musical-today.de\/wp-content\/uploads\/2024\/07\/Krabat2024_FotoRobertJentzsch_-17_3057-1-600x400.jpg",600,400,true],"medium":["http:\/\/www.musical-today.de\/wp-content\/uploads\/2024\/07\/Krabat2024_FotoRobertJentzsch_-17_3057-1-1200x800.jpg",1200,800,true],"medium_large":["http:\/\/www.musical-today.de\/wp-content\/uploads\/2024\/07\/Krabat2024_FotoRobertJentzsch_-17_3057-1-949x633.jpg",770,514,true],"large":["http:\/\/www.musical-today.de\/wp-content\/uploads\/2024\/07\/Krabat2024_FotoRobertJentzsch_-17_3057-1-1920x1281.jpg",1139,760,true],"default":"http:\/\/www.musical-today.de\/wp-content\/plugins\/the-plus-addons-for-block-editor\/assets\/images\/tpgb-placeholder.jpg"},"tpgb_post_meta_info":{"get_date":"04.07.2024","get_modified_date":"15.04.2025","category_list":{"category":[{"term_id":171,"name":"Schwarzkollm","slug":"schwarzkollm","term_group":0,"term_taxonomy_id":171,"taxonomy":"category","description":"","parent":19,"count":1,"filter":"raw","term_order":"87"}],"post_tag":false,"post_format":false},"author_name":"Bernhard Doppler","author_url":"http:\/\/www.musical-today.de\/en\/autor\/bdoppler\/","author_email":"test@musical-tdasdkasodkoday.de","author_website":"","author_description":"","author_facebook":"","author_twitter":"","author_instagram":"","author_role":["author"],"author_firstname":"Bernhard","author_lastname":"Doppler","user_login":"bdoppler","author_avatar":"<img src=\"http:\/\/www.musical-today.de\/wp-content\/uploads\/2024\/03\/434034552_122093726612266069_5386620108228489486_n-293x293.jpg\" width=\"200\" height=\"200\" alt=\"Bernhard Doppler\" class=\"avatar avatar-200 wp-user-avatar wp-user-avatar-200 alignnone photo\" \/>","author_avatar_url":"http:\/\/www.musical-today.de\/wp-content\/uploads\/2024\/03\/434034552_122093726612266069_5386620108228489486_n.jpg","comment_count":0,"post_likes":0,"post_views":0},"tpgb_post_category":{"category":"<a href=\"http:\/\/www.musical-today.de\/en\/deutschland\/schwarzkollm\/\" alt=\"Schwarzkollm\"  class=\"category-schwarzkollm\">Schwarzkollm<\/a> "},"_links":{"self":[{"href":"http:\/\/www.musical-today.de\/en\/wp-json\/wp\/v2\/posts\/7047","targetHints":{"allow":["GET"]}}],"collection":[{"href":"http:\/\/www.musical-today.de\/en\/wp-json\/wp\/v2\/posts"}],"about":[{"href":"http:\/\/www.musical-today.de\/en\/wp-json\/wp\/v2\/types\/post"}],"author":[{"embeddable":true,"href":"http:\/\/www.musical-today.de\/en\/wp-json\/wp\/v2\/users\/51"}],"replies":[{"embeddable":true,"href":"http:\/\/www.musical-today.de\/en\/wp-json\/wp\/v2\/comments?post=7047"}],"version-history":[{"count":0,"href":"http:\/\/www.musical-today.de\/en\/wp-json\/wp\/v2\/posts\/7047\/revisions"}],"wp:featuredmedia":[{"embeddable":true,"href":"http:\/\/www.musical-today.de\/en\/wp-json\/wp\/v2\/media\/7077"}],"wp:attachment":[{"href":"http:\/\/www.musical-today.de\/en\/wp-json\/wp\/v2\/media?parent=7047"}],"wp:term":[{"taxonomy":"category","embeddable":true,"href":"http:\/\/www.musical-today.de\/en\/wp-json\/wp\/v2\/categories?post=7047"},{"taxonomy":"post_tag","embeddable":true,"href":"http:\/\/www.musical-today.de\/en\/wp-json\/wp\/v2\/tags?post=7047"}],"curies":[{"name":"wp","href":"https:\/\/api.w.org\/{rel}","templated":true}]}}