{"id":7186,"date":"2024-07-23T21:33:52","date_gmt":"2024-07-23T19:33:52","guid":{"rendered":"https:\/\/www.musical-today.de\/?p=7186"},"modified":"2025-04-15T14:28:19","modified_gmt":"2025-04-15T12:28:19","slug":"amstetten-we-will-rock-you","status":"publish","type":"post","link":"http:\/\/www.musical-today.de\/en\/amstetten-we-will-rock-you\/","title":{"rendered":"We Will Rock You"},"content":{"rendered":"<div class=\"lets-info-up-wrap  lets-info-up--right lets-info-up--m-1 lets-info-up-skin-3 lets-info-up--side lets-info-up-87234\" style=\"background:#fafafa; color: #616161\">\t\t\t<div class=\"lets-info-up\">\r\n\t\t\t<div class=\"lets-info-up-fi\"><img decoding=\"async\" width=\"500\" height=\"333\" src=\"http:\/\/www.musical-today.de\/wp-content\/uploads\/2024\/01\/qi-addons-for-elementor-placeholder-500x333.png\" class=\"attachment-lets-info-up-d1 size-lets-info-up-d1\" alt=\"|\" srcset=\"http:\/\/www.musical-today.de\/wp-content\/uploads\/2024\/01\/qi-addons-for-elementor-placeholder-500x333.png 500w, http:\/\/www.musical-today.de\/wp-content\/uploads\/2024\/01\/qi-addons-for-elementor-placeholder-300x200.png 300w, http:\/\/www.musical-today.de\/wp-content\/uploads\/2024\/01\/qi-addons-for-elementor-placeholder-1024x683.png 1024w, http:\/\/www.musical-today.de\/wp-content\/uploads\/2024\/01\/qi-addons-for-elementor-placeholder-883x589.png 883w, http:\/\/www.musical-today.de\/wp-content\/uploads\/2024\/01\/qi-addons-for-elementor-placeholder-18x12.png 18w, http:\/\/www.musical-today.de\/wp-content\/uploads\/2024\/01\/qi-addons-for-elementor-placeholder-360x240.png 360w, http:\/\/www.musical-today.de\/wp-content\/uploads\/2024\/01\/qi-addons-for-elementor-placeholder-1155x770.png 1155w, http:\/\/www.musical-today.de\/wp-content\/uploads\/2024\/01\/qi-addons-for-elementor-placeholder-370x247.png 370w, http:\/\/www.musical-today.de\/wp-content\/uploads\/2024\/01\/qi-addons-for-elementor-placeholder-770x513.png 770w, http:\/\/www.musical-today.de\/wp-content\/uploads\/2024\/01\/qi-addons-for-elementor-placeholder-293x195.png 293w, http:\/\/www.musical-today.de\/wp-content\/uploads\/2024\/01\/qi-addons-for-elementor-placeholder-120x80.png 120w, http:\/\/www.musical-today.de\/wp-content\/uploads\/2024\/01\/qi-addons-for-elementor-placeholder-240x160.png 240w, http:\/\/www.musical-today.de\/wp-content\/uploads\/2024\/01\/qi-addons-for-elementor-placeholder-390x260.png 390w, http:\/\/www.musical-today.de\/wp-content\/uploads\/2024\/01\/qi-addons-for-elementor-placeholder.png 1200w\" sizes=\"(max-width: 500px) 100vw, 500px\" title=\"\"><\/div>\t\t\t<div class=\"lets-info-up-block-wrap\">\r\n\t\t\t\t<div class=\"lets-info-up-block lets-info-up-meta-block\"><div class=\"lets-info-up-meta-title lets-info-up-pretitle font-h\" style=\"color: #8c6d18;\">oRT<\/div><div class=\"lets-info-up-meta-content lets-info-up-title font-b\">AVB | Musical Sommer (Amstetten)<\/div><\/div><div class=\"lets-info-up-block lets-info-up-meta-block\"><div class=\"lets-info-up-meta-title lets-info-up-pretitle font-h\" style=\"color: #8c6d18;\">von<\/div><div class=\"lets-info-up-meta-content lets-info-up-title font-b\">Queen (St\u00fcck, Musik und Gesangstexte)<br>Ben Elton (Story und Script)<br>Wolfgang Adenberg (Deutsche Dialoge)<\/div><\/div><div class=\"lets-info-up-block lets-info-up-meta-block\"><div class=\"lets-info-up-meta-title lets-info-up-pretitle font-h\" style=\"color: #8c6d18;\">Regie<\/div><div class=\"lets-info-up-meta-content lets-info-up-title font-b\">Alex Balga<\/div><\/div><div class=\"lets-info-up-block lets-info-up-meta-block\"><div class=\"lets-info-up-meta-title lets-info-up-pretitle font-h\" style=\"color: #8c6d18;\">Urauff\u00fchrung<\/div><div class=\"lets-info-up-meta-content lets-info-up-title font-b\">2002<\/div><\/div><div class=\"lets-info-up-block lets-info-up-meta-block\"><div class=\"lets-info-up-meta-title lets-info-up-pretitle font-h\" style=\"color: #8c6d18;\">INFOS<\/div><div class=\"lets-info-up-meta-content lets-info-up-title font-b\"><a href=\"https:\/\/www.avb.am\/musical-sommer-amstetten\/\" data-type=\"link\" target=\"_blank\" rel=\"noopener noreferrer nofollow\">www.avb.am\/musical-sommer-amstetten<\/a><\/div><\/div>\t\t\t<\/div>\r\n\t\t\t<\/div>\r\n\t\t<\/div>\r\n\t\t\n\n\n<p><strong>Das dystopische Queen-Musical \u201eWe Will Rock You\u201c<\/strong><\/p>\n\n\n\n<p>Die Premiere von \u201eWe Will Rock You\u201c beim Musical Sommer in Amstetten ist ein triumphales Ereignis, das mit rund 14.700 bereits vorab verkauften Tickets einen neuen Besucherrekord aufstellt. Produzent Christoph Heigl und Intendant Alex Balga, der auch Regie f\u00fchrt, gelingt ein rockiges und mitrei\u00dfendes Spektakel, das die Essenz des Musicals von Queen und Ben Elton perfekt einf\u00e4ngt. Das Publikum h\u00e4lt es kaum in seinen Sitzen.<\/p>\n\n\n\n<p>Die Handlung spielt in einer dystopischen Zukunft, in der die Erde in \u201ePlanet Tik Tok\u201c umbenannt wurde und von der Globalsoft Corporation beherrscht wird. Die Geschichte, die auf einer wandlungsf\u00e4higen und f\u00fcr eine Sommerproduktion beeindruckenden B\u00fchne erz\u00e4hlt wird, entfaltet sich inmitten der zahlreichen Welthits von Queen, die das Publikum auf eine rockige Zeitreise mitnehmen. Im Kontext der aktuellen Diskussionen \u00fcber K\u00fcnstliche Intelligenz liefert das Musical neben ungebremstem Slapstick und den vielen ber\u00fchmten Songs auch tiefgr\u00fcndige Momente. Die Chefin der Globalsoft Corporation, Killer Queen, sorgt daf\u00fcr, dass alle Musik computerisiert und konform ist, w\u00e4hrend Livemusik und Instrumente verboten sind. Doch der junge Galileo Figaro, der Visionen hat und Bruchst\u00fccke alter Liedtexte in seinen Tr\u00e4umen h\u00f6rt, glaubt fest daran, dass es eine Zeit gab, in der Menschen ihre eigene Musik spielten. Diese spannende Pr\u00e4misse wird von einem fantastischen Ensemble zum Leben erweckt.<\/p>\n\n\n<div  class=\"tpgb-wrap-956d14_7186  tpgb-wrap-fw \"  ><div id=\"956d14_7186\" class=\"tpgb-block-956d14_7186 tpgb-relative-block tpgb-gallery-list tpgb-metro gallery-style-2 hover-image-style-1   \" data-style=\"style-2\" data-id=\"956d14_7186\" data-layout=\"metro\" data-fancy-option='{\"loop\":false,\"thumb\":\"no\",\"infobar\":true,\"arrows\":true,\"transitionEffect\":\"slide\",\"button\":[\"close\"]}' data-splide='\"\"' data-metroAttr= '{\"metro_col\":3,\"tab_metro_col\":3,\"mobile_metro_col\":3,\"metro_style\":\"style-1\",\"tab_metro_style\":\"style-1\",\"mobile_metro_style\":\"style-1\"}' ><div class=\"tpgb-row post-loop-inner \"><div class=\"grid-item metro-item-0    tpgb-metro-1  tpgb-tab-metro-1  tpgb-mobile-metro-1 \"><a href=\"https:\/\/www.musical-today.de\/wp-content\/uploads\/2024\/07\/WeWillRockYou_2024_@Stefan-Sappert_L1040326-scaled.jpg\" class=\"tpgb-gallery-list-content tpgb-trans-easeinout\" data-fancybox=\"956d14_7186\" data-caption=\"Foto: Stefan Sappert\" aria-label=\"Foto: Stefan Sappert\" target=\"_blank\" rel=\"noopener noreferrer nofollow\"><div class=\"post-content-image\"><div class=\"tpgb-metro-gallery-image\" style=\"background: url(http:\/\/www.musical-today.de\/wp-content\/uploads\/2024\/07\/WeWillRockYou_2024_@Stefan-Sappert_L1040326-scaled.jpg);\"><\/div><\/div><div class=\"post-content-center\"><div class=\"post-zoom-icon\"><div class=\"meta-search-icon\"><span><img decoding=\"async\" class=\"fancy-img\" src=\"http:\/\/www.musical-today.de\/wp-content\/uploads\/2024\/07\/WeWillRockYou_2024_@Stefan-Sappert_L1040326-scaled.jpg\" alt=\"Media Image1\" title=\"\"><i class=\"fas fa-search-plus pop-icon\"><\/i><\/span><\/div><\/div><div class=\"post-content-bottom\"><p class=\"post-title tpgb-trans-easeinout\">Foto: Stefan Sappert<\/p><\/div><\/div><\/a><\/div><div class=\"grid-item metro-item-1    tpgb-metro-2  tpgb-tab-metro-2  tpgb-mobile-metro-2 \"><a href=\"https:\/\/www.musical-today.de\/wp-content\/uploads\/2024\/07\/WeWillRockYou_2024_@Stefan-Sappert_L1032002-scaled.jpg\" class=\"tpgb-gallery-list-content tpgb-trans-easeinout\" data-fancybox=\"956d14_7186\" data-caption=\"Foto: Stefan Sappert\" aria-label=\"Foto: Stefan Sappert\" target=\"_blank\" rel=\"noopener noreferrer nofollow\"><div class=\"post-content-image\"><div class=\"tpgb-metro-gallery-image\" style=\"background: url(http:\/\/www.musical-today.de\/wp-content\/uploads\/2024\/07\/WeWillRockYou_2024_@Stefan-Sappert_L1032002-scaled.jpg);\"><\/div><\/div><div class=\"post-content-center\"><div class=\"post-zoom-icon\"><div class=\"meta-search-icon\"><span><img decoding=\"async\" class=\"fancy-img\" src=\"http:\/\/www.musical-today.de\/wp-content\/uploads\/2024\/07\/WeWillRockYou_2024_@Stefan-Sappert_L1032002-scaled.jpg\" alt=\"Media Image2\" title=\"\"><i class=\"fas fa-search-plus pop-icon\"><\/i><\/span><\/div><\/div><div class=\"post-content-bottom\"><p class=\"post-title tpgb-trans-easeinout\">Foto: Stefan Sappert<\/p><\/div><\/div><\/a><\/div><div class=\"grid-item metro-item-2    tpgb-metro-3  tpgb-tab-metro-3  tpgb-mobile-metro-3 \"><a href=\"https:\/\/www.musical-today.de\/wp-content\/uploads\/2024\/07\/WeWillRockYou_2024_@Stefan-Sappert_L1031512-scaled.jpg\" class=\"tpgb-gallery-list-content tpgb-trans-easeinout\" data-fancybox=\"956d14_7186\" data-caption=\"Foto: Stefan Sappert\" aria-label=\"Foto: Stefan Sappert\" target=\"_blank\" rel=\"noopener noreferrer nofollow\"><div class=\"post-content-image\"><div class=\"tpgb-metro-gallery-image\" style=\"background: url(http:\/\/www.musical-today.de\/wp-content\/uploads\/2024\/07\/WeWillRockYou_2024_@Stefan-Sappert_L1031512-scaled.jpg);\"><\/div><\/div><div class=\"post-content-center\"><div class=\"post-zoom-icon\"><div class=\"meta-search-icon\"><span><img decoding=\"async\" class=\"fancy-img\" src=\"http:\/\/www.musical-today.de\/wp-content\/uploads\/2024\/07\/WeWillRockYou_2024_@Stefan-Sappert_L1031512-scaled.jpg\" alt=\"Media Image3\" title=\"\"><i class=\"fas fa-search-plus pop-icon\"><\/i><\/span><\/div><\/div><div class=\"post-content-bottom\"><p class=\"post-title tpgb-trans-easeinout\">Foto: Stefan Sappert<\/p><\/div><\/div><\/a><\/div><\/div><\/div><\/div>\n\n\n<p>Die Darstellerinnen und Darsteller dieses Rockmusicals beeindrucken durchwegs mit herausragenden Leistungen: Matthias Trattner \u00fcberzeugt als Galileo und Barbara Obermaier begeistert als rebellische Scaramouche. Jeder Ton sitzt und auch ihr harmonisches Zusammenspiel l\u00e4sst keine W\u00fcnsche offen. Publikumsliebling Ana Milva Gomes als Killer Queen erweist sich als Star der Show \u2013 sie beherrscht die B\u00fchne, noch bevor sie einen einzigen Ton gesungen hat. Schon beim ersten Schritt ins Rampenlicht erntet sie tosenden Applaus. Dieser Enthusiasmus bleibt w\u00e4hrend der gesamten Show beim Publikum bestehen, da Gomes mit ihrer au\u00dfergew\u00f6hnlichen Stimme und ihrem beeindruckenden kom\u00f6diantischen Talent das Publikum durchgehend in ihren Bann zieht.<\/p>\n\n\n\n<p>Ebenso beeindruckend sind Nicolas Tenerani als ihr Handlanger Khashoggi, David Rodriguez als Hell, Sarah Zippusch als Oz und Alex Melcher als (Ostbahn)-Kurti, die als Anf\u00fchrer der Rebellengruppe \u201eBohemians\u201c \u00fcberzeugen. Stellvertretend f\u00fcr das talentierte neunk\u00f6pfige Ensemble seien Jessica Lapp und David Eisinger genannt. Sie gl\u00e4nzen insbesondere in den mitrei\u00dfenden Choreografien von Natalie Holtom und zeigen dabei eindrucksvoll, welches Talent in ihnen steckt. Nicht unerw\u00e4hnt bleiben d\u00fcrfen auch die passenden und kreativen Kost\u00fcme von Irina Hofer \u2013 sehr gelungen!<\/p>\n\n\n\n<p>Musikalisch unterst\u00fctzt wird die Show von der sechsk\u00f6pfigen Band unter der Leitung von Christian Frank, der seit vielen Jahren als musikalischer Leiter beim Musical Sommer in Amstetten t\u00e4tig ist. Die Musik von Queen, dargeboten von der Live-Band, begeistert das Publikum von Anfang an. Klassiker wie \u201eBohemian Rhapsody\u201c, \u201eWe Are the Champions\u201c und \u201eAnother One Bites the Dust\u201c animieren die Zuschauer zum Mitsingen und Tanzen. Die technisch aufwendige Inszenierung, unterst\u00fctzt durch beeindruckende Lichteffekte (Michael Grundner) und passende B\u00fchnenbilder (Alex Balga), schafft die perfekte Atmosph\u00e4re.<\/p>\n\n\n\n<p>Am Ende gibt es Standing Ovations und nicht enden wollenden Applaus. \u201eWe Will Rock You\u201c ist mehr als nur ein Jukebox-Musical \u2013 es ist ein rockiges Erlebnis, das die Musik von Queen feiert und das Publikum f\u00fcr einige Stunden gekonnt aus der Realit\u00e4t entf\u00fchrt. Bravo!<\/p>\n\n\n\n<hr class=\"wp-block-separator has-alpha-channel-opacity is-style-dots\"\/>\n\n\n\n<p class=\"has-small-font-size\">Musikalische Leitung: Christian Frank \u2022 B\u00fchne: Alex Balga \u2022 Choreografie: Natalie Holtom \u2022 Kost\u00fcme: Irina Hofer \u2022 Licht: Michael Grundner \u2022 Tondesign: Bernhard Weigl \u2022 Videodesign: DWTC E.U. \u2013 Michael Balgavy \u2022 Mit: Matthias Trattner (Galileo), Barbara Obermeier (Scaramouche), Ana Milva Gomes (Killer Queen), Nicolas Tenerani (Kashoggi), David Rodriguez (Hell), Sarah Zippusch (Oz), Alex Melcher (Kurti) u.a.<\/p>\n\n\n\n<p class=\"has-small-font-size\">Aufmacherfoto: Stefan Sappert<\/p>\n","protected":false},"excerpt":{"rendered":"<p>Das dystopische Queen-Musical \u201eWe Will Rock You\u201c Die Premiere von \u201eWe Will Rock You\u201c beim Musical Sommer in Amstetten ist ein triumphales Ereignis, das mit rund 14.700 bereits vorab verkauften Tickets einen neuen Besucherrekord aufstellt. Produzent Christoph Heigl und Intendant Alex Balga, der auch Regie f\u00fchrt, gelingt ein rockiges und mitrei\u00dfendes Spektakel, das die Essenz des Musicals von Queen und Ben Elton perfekt einf\u00e4ngt. Das Publikum h\u00e4lt es kaum in seinen Sitzen. Die Handlung spielt in einer dystopischen Zukunft, in [&hellip;]<\/p>\n","protected":false},"author":56,"featured_media":7160,"comment_status":"closed","ping_status":"closed","sticky":false,"template":"","format":"standard","meta":{"tpgb_global_settings":"","footnotes":""},"categories":[179],"tags":[],"class_list":["post-7186","post","type-post","status-publish","format-standard","has-post-thumbnail","hentry","category-amstetten"],"tpgb_featured_images":{"full":["http:\/\/www.musical-today.de\/wp-content\/uploads\/2024\/07\/WeWillRockYou_2024_@Stefan-Sappert_L1041200-scaled.jpg",2560,1194,false],"tp-image-grid":["http:\/\/www.musical-today.de\/wp-content\/uploads\/2024\/07\/WeWillRockYou_2024_@Stefan-Sappert_L1041200-700x700.jpg",700,700,true],"thumbnail":["http:\/\/www.musical-today.de\/wp-content\/uploads\/2024\/07\/WeWillRockYou_2024_@Stefan-Sappert_L1041200-600x280.jpg",600,280,true],"medium":["http:\/\/www.musical-today.de\/wp-content\/uploads\/2024\/07\/WeWillRockYou_2024_@Stefan-Sappert_L1041200-1200x560.jpg",1200,560,true],"medium_large":["http:\/\/www.musical-today.de\/wp-content\/uploads\/2024\/07\/WeWillRockYou_2024_@Stefan-Sappert_L1041200-949x442.jpg",770,359,true],"large":["http:\/\/www.musical-today.de\/wp-content\/uploads\/2024\/07\/WeWillRockYou_2024_@Stefan-Sappert_L1041200-1920x895.jpg",1139,531,true],"default":"http:\/\/www.musical-today.de\/wp-content\/plugins\/the-plus-addons-for-block-editor\/assets\/images\/tpgb-placeholder.jpg"},"tpgb_post_meta_info":{"get_date":"23.07.2024","get_modified_date":"15.04.2025","category_list":{"category":[{"term_id":179,"name":"Amstetten","slug":"amstetten","term_group":0,"term_taxonomy_id":179,"taxonomy":"category","description":"","parent":114,"count":2,"filter":"raw","term_order":"2"}],"post_tag":false,"post_format":false},"author_name":"Sascha Sautner","author_url":"http:\/\/www.musical-today.de\/en\/autor\/saschasautner\/","author_email":"online-ss@musical-today.de","author_website":"","author_description":"gr\u00fcndete 1998 in den Niederlanden das \u201eNederlands Musical Magazine\u201c \u2013 nach wenigen Ausgaben musste das Blatt jedoch eingestellt werden. Daraufhin wechselte er zu \u201emusicals\u201c, wo er 25 Jahre lang \u00fcber Produktionen in den Niederlanden, \u00d6sterreich und S\u00fcdtirol berichtete. Auch nach einem Vierteljahrhundert war seine Leidenschaft f\u00fcr Musicals bis zuletzt ungebrochen. Um keine herausragende Produktion zu verpassen, pendelte er bis zu seinem Tod im Mai 2025 weiterhin regelm\u00e4\u00dfig zwischen Deutschland, \u00d6sterreich und den Niederlanden.","author_facebook":"","author_twitter":"","author_instagram":"","author_role":["subscriber","author"],"author_firstname":"Sascha","author_lastname":"Sautner","user_login":"saschasautner","author_avatar":"<img src=\"http:\/\/www.musical-today.de\/wp-content\/uploads\/2025\/06\/Sascha-Sautner-275x275.png\" width=\"200\" height=\"200\" alt=\"Sascha Sautner\" class=\"avatar avatar-200 wp-user-avatar wp-user-avatar-200 alignnone photo\" \/>","author_avatar_url":"http:\/\/www.musical-today.de\/wp-content\/uploads\/2025\/06\/Sascha-Sautner.png","comment_count":0,"post_likes":0,"post_views":0},"tpgb_post_category":{"category":"<a href=\"http:\/\/www.musical-today.de\/en\/oesterreich\/amstetten\/\" alt=\"Amstetten\"  class=\"category-amstetten\">Amstetten<\/a> "},"_links":{"self":[{"href":"http:\/\/www.musical-today.de\/en\/wp-json\/wp\/v2\/posts\/7186","targetHints":{"allow":["GET"]}}],"collection":[{"href":"http:\/\/www.musical-today.de\/en\/wp-json\/wp\/v2\/posts"}],"about":[{"href":"http:\/\/www.musical-today.de\/en\/wp-json\/wp\/v2\/types\/post"}],"author":[{"embeddable":true,"href":"http:\/\/www.musical-today.de\/en\/wp-json\/wp\/v2\/users\/56"}],"replies":[{"embeddable":true,"href":"http:\/\/www.musical-today.de\/en\/wp-json\/wp\/v2\/comments?post=7186"}],"version-history":[{"count":0,"href":"http:\/\/www.musical-today.de\/en\/wp-json\/wp\/v2\/posts\/7186\/revisions"}],"wp:featuredmedia":[{"embeddable":true,"href":"http:\/\/www.musical-today.de\/en\/wp-json\/wp\/v2\/media\/7160"}],"wp:attachment":[{"href":"http:\/\/www.musical-today.de\/en\/wp-json\/wp\/v2\/media?parent=7186"}],"wp:term":[{"taxonomy":"category","embeddable":true,"href":"http:\/\/www.musical-today.de\/en\/wp-json\/wp\/v2\/categories?post=7186"},{"taxonomy":"post_tag","embeddable":true,"href":"http:\/\/www.musical-today.de\/en\/wp-json\/wp\/v2\/tags?post=7186"}],"curies":[{"name":"wp","href":"https:\/\/api.w.org\/{rel}","templated":true}]}}