{"id":7197,"date":"2024-07-25T22:18:09","date_gmt":"2024-07-25T20:18:09","guid":{"rendered":"https:\/\/www.musical-today.de\/?p=7197"},"modified":"2025-04-15T14:28:19","modified_gmt":"2025-04-15T12:28:19","slug":"schwaebisch-hall-hairspray","status":"publish","type":"post","link":"http:\/\/www.musical-today.de\/en\/schwaebisch-hall-hairspray\/","title":{"rendered":"Hairspray"},"content":{"rendered":"<div class=\"lets-info-up-wrap  lets-info-up--right lets-info-up--m-1 lets-info-up-skin-3 lets-info-up--side lets-info-up-46764\" style=\"background:#fafafa; color: #616161\">\t\t\t<div class=\"lets-info-up\">\r\n\t\t\t<div class=\"lets-info-up-fi\"><img decoding=\"async\" width=\"500\" height=\"333\" src=\"http:\/\/www.musical-today.de\/wp-content\/uploads\/2024\/01\/qi-addons-for-elementor-placeholder-500x333.png\" class=\"attachment-lets-info-up-d1 size-lets-info-up-d1\" alt=\"|\" srcset=\"http:\/\/www.musical-today.de\/wp-content\/uploads\/2024\/01\/qi-addons-for-elementor-placeholder-500x333.png 500w, http:\/\/www.musical-today.de\/wp-content\/uploads\/2024\/01\/qi-addons-for-elementor-placeholder-300x200.png 300w, http:\/\/www.musical-today.de\/wp-content\/uploads\/2024\/01\/qi-addons-for-elementor-placeholder-1024x683.png 1024w, http:\/\/www.musical-today.de\/wp-content\/uploads\/2024\/01\/qi-addons-for-elementor-placeholder-883x589.png 883w, http:\/\/www.musical-today.de\/wp-content\/uploads\/2024\/01\/qi-addons-for-elementor-placeholder-18x12.png 18w, http:\/\/www.musical-today.de\/wp-content\/uploads\/2024\/01\/qi-addons-for-elementor-placeholder-360x240.png 360w, http:\/\/www.musical-today.de\/wp-content\/uploads\/2024\/01\/qi-addons-for-elementor-placeholder-1155x770.png 1155w, http:\/\/www.musical-today.de\/wp-content\/uploads\/2024\/01\/qi-addons-for-elementor-placeholder-370x247.png 370w, http:\/\/www.musical-today.de\/wp-content\/uploads\/2024\/01\/qi-addons-for-elementor-placeholder-770x513.png 770w, http:\/\/www.musical-today.de\/wp-content\/uploads\/2024\/01\/qi-addons-for-elementor-placeholder-293x195.png 293w, http:\/\/www.musical-today.de\/wp-content\/uploads\/2024\/01\/qi-addons-for-elementor-placeholder-120x80.png 120w, http:\/\/www.musical-today.de\/wp-content\/uploads\/2024\/01\/qi-addons-for-elementor-placeholder-240x160.png 240w, http:\/\/www.musical-today.de\/wp-content\/uploads\/2024\/01\/qi-addons-for-elementor-placeholder-390x260.png 390w, http:\/\/www.musical-today.de\/wp-content\/uploads\/2024\/01\/qi-addons-for-elementor-placeholder.png 1200w\" sizes=\"(max-width: 500px) 100vw, 500px\" title=\"\"><\/div>\t\t\t<div class=\"lets-info-up-block-wrap\">\r\n\t\t\t\t<div class=\"lets-info-up-block lets-info-up-meta-block\"><div class=\"lets-info-up-meta-title lets-info-up-pretitle font-h\" style=\"color: #8c6d18;\">oRT<\/div><div class=\"lets-info-up-meta-content lets-info-up-title font-b\">Freilichtspiele Schw\u00e4bisch Hall<\/div><\/div><div class=\"lets-info-up-block lets-info-up-meta-block\"><div class=\"lets-info-up-meta-title lets-info-up-pretitle font-h\" style=\"color: #8c6d18;\">von<\/div><div class=\"lets-info-up-meta-content lets-info-up-title font-b\">Mark O\u2019Donnell und Thomas Meehan (Buch)<br>Marc Shaiman (Musik)<br>Scott Wittman und Marc Shaiman (Gesangstexte)<\/div><\/div><div class=\"lets-info-up-block lets-info-up-meta-block\"><div class=\"lets-info-up-meta-title lets-info-up-pretitle font-h\" style=\"color: #8c6d18;\">Regie<\/div><div class=\"lets-info-up-meta-content lets-info-up-title font-b\">Christopher T\u00f6lle<\/div><\/div><div class=\"lets-info-up-block lets-info-up-meta-block\"><div class=\"lets-info-up-meta-title lets-info-up-pretitle font-h\" style=\"color: #8c6d18;\">Urauff\u00fchrung<\/div><div class=\"lets-info-up-meta-content lets-info-up-title font-b\">2002<\/div><\/div><div class=\"lets-info-up-block lets-info-up-meta-block\"><div class=\"lets-info-up-meta-title lets-info-up-pretitle font-h\" style=\"color: #8c6d18;\">INFOS<\/div><div class=\"lets-info-up-meta-content lets-info-up-title font-b\"><a href=\"https:\/\/www.freilichtspiele-hall.de\/veranstaltung\/hairspray.html\" data-type=\"link\" target=\"_blank\" rel=\"noopener noreferrer nofollow\">www.freilichtspiele-halle.de<\/a><\/div><\/div>\t\t\t<\/div>\r\n\t\t\t<\/div>\r\n\t\t<\/div>\r\n\t\t\n\n\n<p><strong>\u201eHairspray\u201c als knallbuntes Pl\u00e4doyer f\u00fcr Toleranz<\/strong><\/p>\n\n\n\n<p>\u201eHairspray\u201c spielt fast zur gleichen Zeit wie \u201eHair\u201c in den USA der 1960er Jahre. Das Musical nach dem gleichnamigen Film des \u201eTrash-Papstes\u201c John Waters kommt genauso bunt daher, ist aber inhaltlich doch eine Nummer kleiner: Statt der Hippies, die gegen die Gesellschaft rebellieren, sind es hier erst mal die braven Highschool-Teens, die sich an ihren M\u00fcttern abarbeiten \u2013 vor allem die pummelige Tracy Turnblad, die unbedingt ins Fernsehen will. Aber was wie eine tanzreiche und sehr lustige Feelgood-Show anf\u00e4ngt, erweitert sich zu einem wirksamen und erstaunlich fr\u00f6hlichen Pl\u00e4doyer f\u00fcr Toleranz, zu einem Musical gegen jede Art von Diskriminierung. \u201eHairspray\u201c entbl\u00f6\u00dft den Rassismus der reichen Oberschicht jener Zeit und zeigt ohne gro\u00dfe historische Belehrung, sondern direkt am lebenden Objekt, wie stark die schwarze Kultur die Pop- und Tanzmusik beeinflusste. Und ganz nebenbei auch, wie offen Kinder heranwachsen und dass sie erst von der Intoleranz der Erwachsenen negativ beeinflusst werden.&nbsp;<\/p>\n\n\n\n<p>Die \u201efarbige Musik\u201c, wie sie hier noch genannt wird, mischt den Rock\u2019n\u2019Roll der wei\u00dfen Jugend und die sch\u00f6nen Schnulzen \u00e0 la Elvis auf, Komponist Marc Shaiman vereint all diese Stile in einer explosiven, rhythmusreichen Partitur mit vielen Tanzszenen. In der langen Geschichte der Musical-Inszenierungen auf der Schw\u00e4bisch Haller Treppe, einer der sch\u00f6nsten Freiluft-Locations der Republik, hat man inzwischen eine Technik entwickelt, die steilen, kurzen Stufen zu betanzen, die jedes Jahr aufs Neue atemlos macht. In den Choreografien von Nigel Watson und Regisseur Christopher T\u00f6lle wirbelt das Ensemble in Kreisen um Tracy herum, swingt als breite Linie, strebt in Blumenform von ihr weg oder auf sie zu.<\/p>\n\n\n<div  class=\"tpgb-wrap-956d14_7197  tpgb-wrap-fw \"  ><div id=\"956d14_7197\" class=\"tpgb-block-956d14_7197 tpgb-relative-block tpgb-gallery-list tpgb-metro gallery-style-2 hover-image-style-1   \" data-style=\"style-2\" data-id=\"956d14_7197\" data-layout=\"metro\" data-fancy-option='{\"loop\":false,\"thumb\":\"no\",\"infobar\":true,\"arrows\":true,\"transitionEffect\":\"slide\",\"button\":[\"close\"]}' data-splide='\"\"' data-metroAttr= '{\"metro_col\":3,\"tab_metro_col\":3,\"mobile_metro_col\":3,\"metro_style\":\"style-1\",\"tab_metro_style\":\"style-1\",\"mobile_metro_style\":\"style-1\"}' ><div class=\"tpgb-row post-loop-inner \"><div class=\"grid-item metro-item-0    tpgb-metro-1  tpgb-tab-metro-1  tpgb-mobile-metro-1 \"><a href=\"https:\/\/www.musical-today.de\/wp-content\/uploads\/2024\/07\/Hairspray-46-1.jpg\" class=\"tpgb-gallery-list-content tpgb-trans-easeinout\" data-fancybox=\"956d14_7197\" data-caption=\"Foto: Freilichtspiele Schw\u00e4bisch Hall\/Ufuk Arslan\" aria-label=\"Foto: Freilichtspiele Schw\u00e4bisch Hall\/Ufuk Arslan\" target=\"_blank\" rel=\"noopener noreferrer nofollow\"><div class=\"post-content-image\"><div class=\"tpgb-metro-gallery-image\" style=\"background: url(http:\/\/www.musical-today.de\/wp-content\/uploads\/2024\/07\/Hairspray-46-1.jpg);\"><\/div><\/div><div class=\"post-content-center\"><div class=\"post-zoom-icon\"><div class=\"meta-search-icon\"><span><img decoding=\"async\" class=\"fancy-img\" src=\"http:\/\/www.musical-today.de\/wp-content\/uploads\/2024\/07\/Hairspray-46-1.jpg\" alt=\"Media Image1\" title=\"\"><i class=\"fas fa-search-plus pop-icon\"><\/i><\/span><\/div><\/div><div class=\"post-content-bottom\"><p class=\"post-title tpgb-trans-easeinout\">Foto: Freilichtspiele Schw\u00e4bisch Hall\/Ufuk Arslan<\/p><\/div><\/div><\/a><\/div><div class=\"grid-item metro-item-1    tpgb-metro-2  tpgb-tab-metro-2  tpgb-mobile-metro-2 \"><a href=\"https:\/\/www.musical-today.de\/wp-content\/uploads\/2024\/07\/Hairspray-66-1.jpg\" class=\"tpgb-gallery-list-content tpgb-trans-easeinout\" data-fancybox=\"956d14_7197\" data-caption=\"Foto: Freilichtspiele Schw\u00e4bisch Hall\/Ufuk Arslan\" aria-label=\"Foto: Freilichtspiele Schw\u00e4bisch Hall\/Ufuk Arslan\" target=\"_blank\" rel=\"noopener noreferrer nofollow\"><div class=\"post-content-image\"><div class=\"tpgb-metro-gallery-image\" style=\"background: url(http:\/\/www.musical-today.de\/wp-content\/uploads\/2024\/07\/Hairspray-66-1.jpg);\"><\/div><\/div><div class=\"post-content-center\"><div class=\"post-zoom-icon\"><div class=\"meta-search-icon\"><span><img decoding=\"async\" class=\"fancy-img\" src=\"http:\/\/www.musical-today.de\/wp-content\/uploads\/2024\/07\/Hairspray-66-1.jpg\" alt=\"Media Image2\" title=\"\"><i class=\"fas fa-search-plus pop-icon\"><\/i><\/span><\/div><\/div><div class=\"post-content-bottom\"><p class=\"post-title tpgb-trans-easeinout\">Foto: Freilichtspiele Schw\u00e4bisch Hall\/Ufuk Arslan<\/p><\/div><\/div><\/a><\/div><div class=\"grid-item metro-item-2    tpgb-metro-3  tpgb-tab-metro-3  tpgb-mobile-metro-3 \"><a href=\"https:\/\/www.musical-today.de\/wp-content\/uploads\/2024\/07\/Hairspray-75-1.jpg\" class=\"tpgb-gallery-list-content tpgb-trans-easeinout\" data-fancybox=\"956d14_7197\" data-caption=\"Foto: Freilichtspiele Schw\u00e4bisch Hall\/Ufuk Arslan\" aria-label=\"Foto: Freilichtspiele Schw\u00e4bisch Hall\/Ufuk Arslan\" target=\"_blank\" rel=\"noopener noreferrer nofollow\"><div class=\"post-content-image\"><div class=\"tpgb-metro-gallery-image\" style=\"background: url(http:\/\/www.musical-today.de\/wp-content\/uploads\/2024\/07\/Hairspray-75-1.jpg);\"><\/div><\/div><div class=\"post-content-center\"><div class=\"post-zoom-icon\"><div class=\"meta-search-icon\"><span><img decoding=\"async\" class=\"fancy-img\" src=\"http:\/\/www.musical-today.de\/wp-content\/uploads\/2024\/07\/Hairspray-75-1.jpg\" alt=\"Media Image3\" title=\"\"><i class=\"fas fa-search-plus pop-icon\"><\/i><\/span><\/div><\/div><div class=\"post-content-bottom\"><p class=\"post-title tpgb-trans-easeinout\">Foto: Freilichtspiele Schw\u00e4bisch Hall\/Ufuk Arslan<\/p><\/div><\/div><\/a><\/div><\/div><\/div><\/div>\n\n\n<p>T\u00f6lle inszeniert den schrillen Humor des Musicals eher leicht und losgel\u00f6st, setzt mit seinen \u00fcberm\u00fctigen Darstellern manchmal noch eins drauf \u2013 einen schwyzerd\u00fctschen Einwurf von Link Larkin etwa, als er grade Romeo-m\u00e4\u00dfig auf die Leiter st\u00fcrmt, um Tracy zu retten. Auch die Romantik kommt nicht zu kurz: Als sich endlich die Paare alle finden, tauchen pl\u00f6tzlich \u00fcberall auf der Treppe Verliebte auf. Das Exaltierte \u00fcberl\u00e4sst die Regie eher den knallbunten Kost\u00fcmen und Per\u00fccken von Ausstatterin Heike Seidler, deren \u2013 dem Ort geschuldet \u2013 sparsames, aber lustiges Bubble-B\u00fchnenbild von einer stimmigen Lichtregie erg\u00e4nzt wird.&nbsp;<\/p>\n\n\n\n<p>Das gro\u00dfartige Ensemble singt und tanzt mit sp\u00fcrbarer Wonne und interpretiert das Musikpanorama der 1960er mit durchweg tollen, leicht gef\u00fchrten Stimmen \u2013 allen voran die \u201epummelige Kommunisteng\u00f6re\u201c Tracy Turnblad alias Daniela Tweesmann. Ihre prollige Mutter Edna \u00e4hnelt der Form nach eher Mrs. Potts aus \u201eDie Sch\u00f6ne und das Biest\u201c, Andrea Matthias Pagani legt die Kittelsch\u00fcrzen-Queen weniger schrill, daf\u00fcr knochentrocken und sehr liebenswert an, assistiert von den heiteren Witz-Fehlz\u00fcndungen des Gatten Wilbur (Claudius Freyer). Lucca Kleimann wird als Tracys Angehimmelter Link Larkin, staunend \u00fcber sich selbst, vom selbstverliebten Crooner zum tapferen Kerl. Entz\u00fcckend dusselig spielt Mirjam Wershofen Tracys Freundin Penny, Malcolm Quinnten Henry besticht als quirliger Seaweed mit pr\u00e4chtiger Soulstimme, genau wie Monica Lewis-Schmidt als seine Mutter Motormouth Maybelle. Eine Nummer f\u00fcr sich ist Maaike Schuurmans, die mit Grandezza den blonden Oberschichten-Vampir Velma von Tussle gibt.&nbsp;<\/p>\n\n\n\n<p>Heiko Lippmann sorgt mit seinem elfk\u00f6pfigen Orchester f\u00fcr Rhythmen, die in die Beine gehen, und einen tollen Sound. Der kommt einem zuweilen etwas laut vor, aber das mag am weiten, offenen Platz liegen. Die finale \u00dcberraschung mit der riesigen Haarspraydose als trojanisches Pferd gelingt nicht ganz so effektvoll wie auf einer flachen B\u00fchne, aber daf\u00fcr rockt die Schlussnummer \u201eNiemand stoppt den Beat\u201c ganz Schw\u00e4bisch Hall, und mutma\u00dflich auch entferntere Ortschaften.<\/p>\n\n\n\n<hr class=\"wp-block-separator has-alpha-channel-opacity is-style-dots\"\/>\n\n\n\n<p class=\"has-small-font-size\">Musikalische Leitung: Heiko Lippmann \u2022 Regie: Christopher T\u00f6lle \u2022 Choreografie: Nigel Watson und Christopher T\u00f6lle \u2022 Ausstattung: Heike Seidler \u2022 Licht: Christof Gahle \u2022 Sounddesign: Simon H\u00fcging \u2022 Mit: Daniela Tweesmann (Tracy Turnblad), Andrea Matthias Pagani (Edna Turnblad), Claudius Freyer (Wilbur Turnblad), Mirjam Wershofen (Penny Pingleton), Marco Toth (Corny Collins), Lucca Kleimann (Link Larkin), Maaike Schuurmans (Velma von Tussle), Katia Bischoff (Amber von Tussle), Monica Lewis-Schmidt (Motormouth Maybelle), Malcolm Quinnten Henry (Seaweed J. Stubbs) u.a. \u2022 Orchester der Freilichtspiele Schw\u00e4bisch Hall<\/p>\n\n\n\n<p class=\"has-small-font-size\">Aufmacherfoto: Freilichtspiele Schw\u00e4bisch Hall\/Ufuk Arslan<\/p>\n","protected":false},"excerpt":{"rendered":"<p>\u201eHairspray\u201c als knallbuntes Pl\u00e4doyer f\u00fcr Toleranz \u201eHairspray\u201c spielt fast zur gleichen Zeit wie \u201eHair\u201c in den USA der 1960er Jahre. Das Musical nach dem gleichnamigen Film des \u201eTrash-Papstes\u201c John Waters kommt genauso bunt daher, ist aber inhaltlich doch eine Nummer kleiner: Statt der Hippies, die gegen die Gesellschaft rebellieren, sind es hier erst mal die braven Highschool-Teens, die sich an ihren M\u00fcttern abarbeiten \u2013 vor allem die pummelige Tracy Turnblad, die unbedingt ins Fernsehen will. Aber was wie eine tanzreiche [&hellip;]<\/p>\n","protected":false},"author":19,"featured_media":7201,"comment_status":"closed","ping_status":"closed","sticky":false,"template":"","format":"standard","meta":{"tpgb_global_settings":"","footnotes":""},"categories":[181],"tags":[],"class_list":["post-7197","post","type-post","status-publish","format-standard","has-post-thumbnail","hentry","category-schwaebisch-hall"],"tpgb_featured_images":{"full":["http:\/\/www.musical-today.de\/wp-content\/uploads\/2024\/07\/Hairspray-96-1.jpg",2000,1333,false],"tp-image-grid":["http:\/\/www.musical-today.de\/wp-content\/uploads\/2024\/07\/Hairspray-96-1-700x700.jpg",700,700,true],"thumbnail":["http:\/\/www.musical-today.de\/wp-content\/uploads\/2024\/07\/Hairspray-96-1-600x400.jpg",600,400,true],"medium":["http:\/\/www.musical-today.de\/wp-content\/uploads\/2024\/07\/Hairspray-96-1-1200x800.jpg",1200,800,true],"medium_large":["http:\/\/www.musical-today.de\/wp-content\/uploads\/2024\/07\/Hairspray-96-1-949x633.jpg",770,514,true],"large":["http:\/\/www.musical-today.de\/wp-content\/uploads\/2024\/07\/Hairspray-96-1-1920x1280.jpg",1139,759,true],"default":"http:\/\/www.musical-today.de\/wp-content\/plugins\/the-plus-addons-for-block-editor\/assets\/images\/tpgb-placeholder.jpg"},"tpgb_post_meta_info":{"get_date":"25.07.2024","get_modified_date":"15.04.2025","category_list":{"category":[{"term_id":181,"name":"Schw\u00e4bisch Hall","slug":"schwaebisch-hall","term_group":0,"term_taxonomy_id":181,"taxonomy":"category","description":"","parent":19,"count":2,"filter":"raw","term_order":"86"}],"post_tag":false,"post_format":false},"author_name":"Angela Reinhardt","author_url":"http:\/\/www.musical-today.de\/en\/autor\/angelareinhardt\/","author_email":"angelareinhardt@aol.com","author_website":"","author_description":"studierte in Stuttgart Germanistik und Romanistik und arbeitet seit 1990 als freie Kulturjournalistin. Sie schreibt vor allem \u00fcber Tanz und ist Mitautorin von B\u00fcchern \u00fcber die Choreografen John Cranko und Marco Goecke sowie \u00fcber den Stuttgarter Ballettintendanten Reid Anderson. Von 1991 bis 2023 war sie regelm\u00e4\u00dfig f\u00fcr die Zeitschrift \u201emusicals\u201c im s\u00fcddeutschen Raum unterwegs.","author_facebook":"","author_twitter":"","author_instagram":"","author_role":["author","editor","redakteur","redaktionsteam"],"author_firstname":"Angela","author_lastname":"Reinhardt","user_login":"angelareinhardt","author_avatar":"<img src=\"http:\/\/www.musical-today.de\/wp-content\/uploads\/2024\/03\/434034552_122093726612266069_5386620108228489486_n-293x293.jpg\" width=\"200\" height=\"200\" alt=\"Angela Reinhardt\" class=\"avatar avatar-200 wp-user-avatar wp-user-avatar-200 alignnone photo\" \/>","author_avatar_url":"http:\/\/www.musical-today.de\/wp-content\/uploads\/2024\/03\/434034552_122093726612266069_5386620108228489486_n.jpg","comment_count":0,"post_likes":0,"post_views":0},"tpgb_post_category":{"category":"<a href=\"http:\/\/www.musical-today.de\/en\/deutschland\/schwaebisch-hall\/\" alt=\"Schw\u00e4bisch Hall\"  class=\"category-schwaebisch-hall\">Schw\u00e4bisch Hall<\/a> "},"_links":{"self":[{"href":"http:\/\/www.musical-today.de\/en\/wp-json\/wp\/v2\/posts\/7197","targetHints":{"allow":["GET"]}}],"collection":[{"href":"http:\/\/www.musical-today.de\/en\/wp-json\/wp\/v2\/posts"}],"about":[{"href":"http:\/\/www.musical-today.de\/en\/wp-json\/wp\/v2\/types\/post"}],"author":[{"embeddable":true,"href":"http:\/\/www.musical-today.de\/en\/wp-json\/wp\/v2\/users\/19"}],"replies":[{"embeddable":true,"href":"http:\/\/www.musical-today.de\/en\/wp-json\/wp\/v2\/comments?post=7197"}],"version-history":[{"count":0,"href":"http:\/\/www.musical-today.de\/en\/wp-json\/wp\/v2\/posts\/7197\/revisions"}],"wp:featuredmedia":[{"embeddable":true,"href":"http:\/\/www.musical-today.de\/en\/wp-json\/wp\/v2\/media\/7201"}],"wp:attachment":[{"href":"http:\/\/www.musical-today.de\/en\/wp-json\/wp\/v2\/media?parent=7197"}],"wp:term":[{"taxonomy":"category","embeddable":true,"href":"http:\/\/www.musical-today.de\/en\/wp-json\/wp\/v2\/categories?post=7197"},{"taxonomy":"post_tag","embeddable":true,"href":"http:\/\/www.musical-today.de\/en\/wp-json\/wp\/v2\/tags?post=7197"}],"curies":[{"name":"wp","href":"https:\/\/api.w.org\/{rel}","templated":true}]}}