{"id":7970,"date":"2024-09-09T21:53:17","date_gmt":"2024-09-09T19:53:17","guid":{"rendered":"https:\/\/www.musical-today.de\/?p=7970"},"modified":"2025-04-15T14:28:19","modified_gmt":"2025-04-15T12:28:19","slug":"bielefeld-cabaret","status":"publish","type":"post","link":"http:\/\/www.musical-today.de\/en\/bielefeld-cabaret\/","title":{"rendered":"Cabaret"},"content":{"rendered":"<div class=\"lets-info-up-wrap  lets-info-up--right lets-info-up--m-1 lets-info-up-skin-3 lets-info-up--side lets-info-up-16173\" style=\"background:#fafafa; color: #616161\">\t\t\t<div class=\"lets-info-up\">\r\n\t\t\t<div class=\"lets-info-up-fi\"><img decoding=\"async\" width=\"500\" height=\"333\" src=\"http:\/\/www.musical-today.de\/wp-content\/uploads\/2024\/01\/qi-addons-for-elementor-placeholder-500x333.png\" class=\"attachment-lets-info-up-d1 size-lets-info-up-d1\" alt=\"|\" srcset=\"http:\/\/www.musical-today.de\/wp-content\/uploads\/2024\/01\/qi-addons-for-elementor-placeholder-500x333.png 500w, http:\/\/www.musical-today.de\/wp-content\/uploads\/2024\/01\/qi-addons-for-elementor-placeholder-300x200.png 300w, http:\/\/www.musical-today.de\/wp-content\/uploads\/2024\/01\/qi-addons-for-elementor-placeholder-1024x683.png 1024w, http:\/\/www.musical-today.de\/wp-content\/uploads\/2024\/01\/qi-addons-for-elementor-placeholder-883x589.png 883w, http:\/\/www.musical-today.de\/wp-content\/uploads\/2024\/01\/qi-addons-for-elementor-placeholder-18x12.png 18w, http:\/\/www.musical-today.de\/wp-content\/uploads\/2024\/01\/qi-addons-for-elementor-placeholder-360x240.png 360w, http:\/\/www.musical-today.de\/wp-content\/uploads\/2024\/01\/qi-addons-for-elementor-placeholder-1155x770.png 1155w, http:\/\/www.musical-today.de\/wp-content\/uploads\/2024\/01\/qi-addons-for-elementor-placeholder-370x247.png 370w, http:\/\/www.musical-today.de\/wp-content\/uploads\/2024\/01\/qi-addons-for-elementor-placeholder-770x513.png 770w, http:\/\/www.musical-today.de\/wp-content\/uploads\/2024\/01\/qi-addons-for-elementor-placeholder-293x195.png 293w, http:\/\/www.musical-today.de\/wp-content\/uploads\/2024\/01\/qi-addons-for-elementor-placeholder-120x80.png 120w, http:\/\/www.musical-today.de\/wp-content\/uploads\/2024\/01\/qi-addons-for-elementor-placeholder-240x160.png 240w, http:\/\/www.musical-today.de\/wp-content\/uploads\/2024\/01\/qi-addons-for-elementor-placeholder-390x260.png 390w, http:\/\/www.musical-today.de\/wp-content\/uploads\/2024\/01\/qi-addons-for-elementor-placeholder.png 1200w\" sizes=\"(max-width: 500px) 100vw, 500px\" title=\"\"><\/div>\t\t\t<div class=\"lets-info-up-block-wrap\">\r\n\t\t\t\t<div class=\"lets-info-up-block lets-info-up-meta-block\"><div class=\"lets-info-up-meta-title lets-info-up-pretitle font-h\" style=\"color: #8c6d18;\">oRT<\/div><div class=\"lets-info-up-meta-content lets-info-up-title font-b\">Theater Bielefeld<\/div><\/div><div class=\"lets-info-up-block lets-info-up-meta-block\"><div class=\"lets-info-up-meta-title lets-info-up-pretitle font-h\" style=\"color: #8c6d18;\">von<\/div><div class=\"lets-info-up-meta-content lets-info-up-title font-b\">Joe Masteroff (Buch)<br>John Kander (Musik)<br>Fred Ebb (Gesangstexte)<\/div><\/div><div class=\"lets-info-up-block lets-info-up-meta-block\"><div class=\"lets-info-up-meta-title lets-info-up-pretitle font-h\" style=\"color: #8c6d18;\">Regie<\/div><div class=\"lets-info-up-meta-content lets-info-up-title font-b\">Michael Heicks<\/div><\/div><div class=\"lets-info-up-block lets-info-up-meta-block\"><div class=\"lets-info-up-meta-title lets-info-up-pretitle font-h\" style=\"color: #8c6d18;\">Urauff\u00fchrunG<\/div><div class=\"lets-info-up-meta-content lets-info-up-title font-b\">1966<\/div><\/div><div class=\"lets-info-up-block lets-info-up-meta-block\"><div class=\"lets-info-up-meta-title lets-info-up-pretitle font-h\" style=\"color: #8c6d18;\">INFOS<\/div><div class=\"lets-info-up-meta-content lets-info-up-title font-b\"><a href=\"https:\/\/theater-bielefeld.de\/veranstaltung\/cabaret.html\" data-type=\"link\" target=\"_blank\" rel=\"noopener noreferrer nofollow\">www.theater-bielefeld.de<\/a><\/div><\/div>\t\t\t<\/div>\r\n\t\t\t<\/div>\r\n\t\t<\/div>\r\n\t\t\n\n\n<p><strong><strong>Mit \u201eCabaret\u201c er\u00f6ffnet das Bielefelder Theater erfolgreich die Saison 2024\/25<\/strong><\/strong><\/p>\n\n\n\n<p>Man ahnt schon, dass es nicht gl\u00fccklich endet, wenn der Conferencier des Kit Kat Clubs das Publikum begr\u00fc\u00dft. Christina Huckle verk\u00f6rpert die androgyne Figur souver\u00e4n. Schwarz gekleidet mit langem Frack, wei\u00dfem Haar und leuchtend rotem Mund signalisiert sie: der Abend nimmt kein gutes Ende. Christina Huckle verf\u00fcgt \u00fcber eine enorm beeindruckende Stimme, die sie in ihrer Tiefe auslotet und so einen Conferencier gibt, der schon alles gesehen hat. Zumindest im Kit Kat Club. Dessen munteres Treiben zeigen die Kit Kat People Max William Best, Amber-Chiara Eul, Luisa Ofelia Montero de la Rosa, Maria Pambori und Nathalie Nongploi Pl\u00fcss als Tanz- und Turntruppe sehr gelenkig. Doch das Verruchte halbseidener Unterwelten will sich nicht einstellen. Lara Hofmann als Sally Bowles taucht quasi als Orpheus aus dem Orkus auf. Sie spielt die Hauptrolle mit jeder Faser ihres bewundernswerten K\u00f6nnens. Ihr Gegen\u00fcber Clifford Bradshaw (Nikolaj Alexander Brucker) hat es anfangs schwer. In der Bahnszene, in der Ernst Ludwig (Georg B\u00f6hm) ihm vor der Passkontrolle eine Aktentasche mit belastendem Material unterschiebt, sitzt er hilflos auf dem Holzsitz, nicht ahnend, was ihm gerade passiert. Nach der folgenden Aufkl\u00e4rung wirkt er immer noch so, als sei er in Trance.<\/p>\n\n\n<div  class=\"tpgb-wrap-956d14_7970  tpgb-wrap-fw \"  ><div id=\"956d14_7970\" class=\"tpgb-block-956d14_7970 tpgb-relative-block tpgb-gallery-list tpgb-metro gallery-style-2 hover-image-style-1   \" data-style=\"style-2\" data-id=\"956d14_7970\" data-layout=\"metro\" data-fancy-option='{\"loop\":false,\"thumb\":\"no\",\"infobar\":true,\"arrows\":true,\"transitionEffect\":\"slide\",\"button\":[\"close\"]}' data-splide='\"\"' data-metroAttr= '{\"metro_col\":\"3\",\"tab_metro_col\":3,\"mobile_metro_col\":3,\"metro_style\":\"style-1\",\"tab_metro_style\":\"style-1\",\"mobile_metro_style\":\"style-1\"}' ><div class=\"tpgb-row post-loop-inner \"><div class=\"grid-item metro-item-0    tpgb-metro-1  tpgb-tab-metro-1  tpgb-mobile-metro-1 \"><a href=\"https:\/\/www.musical-today.de\/wp-content\/uploads\/2024\/09\/Cabaret_12-scaled.jpg\" class=\"tpgb-gallery-list-content tpgb-trans-easeinout\" data-fancybox=\"956d14_7970\" data-caption=\"Foto: Joseph Ruben\" aria-label=\"Foto: Joseph Ruben\" target=\"_blank\" rel=\"noopener noreferrer nofollow\"><div class=\"post-content-image\"><div class=\"tpgb-metro-gallery-image\" style=\"background: url(http:\/\/www.musical-today.de\/wp-content\/uploads\/2024\/09\/Cabaret_12-scaled.jpg);\"><\/div><\/div><div class=\"post-content-center\"><div class=\"post-zoom-icon\"><div class=\"meta-search-icon\"><span><img decoding=\"async\" class=\"fancy-img\" src=\"http:\/\/www.musical-today.de\/wp-content\/uploads\/2024\/09\/Cabaret_12-scaled.jpg\" alt=\"Media Image1\" title=\"\"><i class=\"fas fa-search-plus pop-icon\"><\/i><\/span><\/div><\/div><div class=\"post-content-bottom\"><p class=\"post-title tpgb-trans-easeinout\">Foto: Joseph Ruben<\/p><\/div><\/div><\/a><\/div><div class=\"grid-item metro-item-1    tpgb-metro-2  tpgb-tab-metro-2  tpgb-mobile-metro-2 \"><a href=\"https:\/\/www.musical-today.de\/wp-content\/uploads\/2024\/09\/Cabaret_11-scaled.jpg\" class=\"tpgb-gallery-list-content tpgb-trans-easeinout\" data-fancybox=\"956d14_7970\" data-caption=\"Foto: Joseph Ruben\" aria-label=\"Foto: Joseph Ruben\" target=\"_blank\" rel=\"noopener noreferrer nofollow\"><div class=\"post-content-image\"><div class=\"tpgb-metro-gallery-image\" style=\"background: url(http:\/\/www.musical-today.de\/wp-content\/uploads\/2024\/09\/Cabaret_11-scaled.jpg);\"><\/div><\/div><div class=\"post-content-center\"><div class=\"post-zoom-icon\"><div class=\"meta-search-icon\"><span><img decoding=\"async\" class=\"fancy-img\" src=\"http:\/\/www.musical-today.de\/wp-content\/uploads\/2024\/09\/Cabaret_11-scaled.jpg\" alt=\"Media Image2\" title=\"\"><i class=\"fas fa-search-plus pop-icon\"><\/i><\/span><\/div><\/div><div class=\"post-content-bottom\"><p class=\"post-title tpgb-trans-easeinout\">Foto: Joseph Ruben<\/p><\/div><\/div><\/a><\/div><div class=\"grid-item metro-item-2    tpgb-metro-3  tpgb-tab-metro-3  tpgb-mobile-metro-3 \"><a href=\"https:\/\/www.musical-today.de\/wp-content\/uploads\/2024\/09\/Cabaret_10-scaled.jpg\" class=\"tpgb-gallery-list-content tpgb-trans-easeinout\" data-fancybox=\"956d14_7970\" data-caption=\"Foto: Joseph Ruben\" aria-label=\"Foto: Joseph Ruben\" target=\"_blank\" rel=\"noopener noreferrer nofollow\"><div class=\"post-content-image\"><div class=\"tpgb-metro-gallery-image\" style=\"background: url(http:\/\/www.musical-today.de\/wp-content\/uploads\/2024\/09\/Cabaret_10-scaled.jpg);\"><\/div><\/div><div class=\"post-content-center\"><div class=\"post-zoom-icon\"><div class=\"meta-search-icon\"><span><img decoding=\"async\" class=\"fancy-img\" src=\"http:\/\/www.musical-today.de\/wp-content\/uploads\/2024\/09\/Cabaret_10-scaled.jpg\" alt=\"Media Image3\" title=\"\"><i class=\"fas fa-search-plus pop-icon\"><\/i><\/span><\/div><\/div><div class=\"post-content-bottom\"><p class=\"post-title tpgb-trans-easeinout\">Foto: Joseph Ruben<\/p><\/div><\/div><\/a><\/div><\/div><\/div><\/div>\n\n\n<p>Diese Szene leidet, wie so viele andere, an einem zu gro\u00dfen Raum, den sich Regisseur und Noch-Hausherr Michael Heicks bauen lie\u00df. Die Ausstatter Timo Dentler und Okarina Peter haben ein ziemlich opulentes B\u00fchnenbild erstellt mit drei untereinander gestellten, verschiebbaren, beleuchteten Rahmen, gebaut f\u00fcr die Cabaret-Elemente. Wird dieses Bild nicht ben\u00f6tigt, zeigt sich die gro\u00dfe R\u00fcckwand, vor der die Szenen im Haus der Zimmervermieterin Fr\u00e4ulein Schneider spielen. Diesen Momenten geht genau die Intimit\u00e4t fl\u00f6ten, die sie dringend brauchen. Wenn sich Fr\u00e4ulein Schneider (Carmen Priego) zum Beispiel mit Fr\u00e4ulein Kost (Leona Grundig) wegen der noch nicht bezahlten Miete streitet und dem L\u00e4rm, dem die k\u00e4ufliche Dame mit \u201eihre\u201c Matrosen veranstaltet, dann steht die Vermieterin in der B\u00fchnenmitte und ihre Konfliktpartnerin am linken B\u00fchnenrand. Folglich wird die Lautst\u00e4rke des Streits \u00fcbertrieben. Genauso ergeht es Sally Bowles und Cliff, wenn sie von einer gemeinsamen Zukunft tr\u00e4umen oder sich verbal fetzen. Das Zusammenr\u00fccken eines Sessels und eines Bettes erzeugt noch keine N\u00e4he. Dementsprechend sind die Dialoge nur Wortwechsel. Lediglich die Szene, in der Sally und Cliff das Ende ihrer Beziehung konstatieren und jeder noch mal seine Vision vom Zusammenleben offenbart, l\u00e4sst sich ahnen, was bei ordentlicher Dialogregie h\u00e4tte herauskommen k\u00f6nnen.&nbsp;<\/p>\n\n\n\n<p>Ganz wunderbar dagegen die Verlobungsfeier von Herrn Schultz (Lorin Wey) und Fr\u00e4ulein Schneider. Am Anfang ist die Gesellschaft erfreut und fr\u00f6hlich, dass sich die beiden endlich gefunden haben, so dass alle mit Geschenken ankommen und gratulieren. Der j\u00fcdische Gem\u00fcseh\u00e4ndler Schultz ist derart gl\u00fccklich, dass er in der Choreografie: Yara Hassan anf\u00e4ngt zu tanzen. Mit dieser Begeisterung zieht er die gesamte Feiergesellschaft in Bann. Alle bewegen sich mit ihm, jubeln, freuen sich. Nur der Nazi Ernst Ludwig, mittlerweile tr\u00e4gt er das Hakenkreuz auf dem Arm, steht versteinert in der jubelnden Menge. Er zerst\u00f6rt Jubel und Feierlaune abrupt. Betretenes Schweigen folgt. Fr\u00e4ulein Kost, inzwischen mehr dem Nazi zugewandt, stimmt das k\u00e4mpferisch martialische Lied \u201eDer morgige Tag ist mein\u201c an, in das nach und nach alle einfallen. Damit ist die Partygesellschaft vollends gespalten \u2013 ein Sinnbild f\u00fcr zerr\u00fcttete Gesellschaft Anfang der 30er Jahre in Deutschland.<\/p>\n\n\n\n<p>William Ward Murta fungiert als musikalischer Leiter. Der Zusammenspiel Orchester \u2013 B\u00fchne funktioniert bei ihm hervorragend. Es spielen Mitglieder der Bielefelder Philharmoniker, Hagen Enke hat den Bielefelder Opernchor musterg\u00fcltig eingestimmt. Michael Heicks f\u00fchrt das Ensemble mit gutem Gesp\u00fcr. Das Publikum spendet reichlich Beifall. Zu Recht.<\/p>\n\n\n\n<hr class=\"wp-block-separator has-alpha-channel-opacity is-style-dots\"\/>\n\n\n\n<p class=\"has-small-font-size\">Musikalische Leitung: William Ward Murta <strong>\u00b7 <\/strong>Choreografie: Yara Hassan <strong>\u00b7 <\/strong>Ausstattung: Timo Dentler, Okarina Peter <strong>\u00b7<\/strong> Darsteller: Lara Hofmann (Sally Bowles), Christina Huckle (Conferencier), Nikolaj Alexander Brucker (Clifford), Carmen Priego (Fr\u00e4ulein Schneider), Lorin Wey (Herr Schultz), Leona Grundig (Fr\u00e4ulein Kost), Georg B\u00f6hm (Ernst Ludwig)<br><br>Aufmacherfoto: Joseph Ruben<\/p>\n","protected":false},"excerpt":{"rendered":"<p>Mit \u201eCabaret\u201c er\u00f6ffnet das Bielefelder Theater erfolgreich die Saison 2024\/25 Man ahnt schon, dass es nicht gl\u00fccklich endet, wenn der Conferencier des Kit Kat Clubs das Publikum begr\u00fc\u00dft. Christina Huckle verk\u00f6rpert die androgyne Figur souver\u00e4n. Schwarz gekleidet mit langem Frack, wei\u00dfem Haar und leuchtend rotem Mund signalisiert sie: der Abend nimmt kein gutes Ende. Christina Huckle verf\u00fcgt \u00fcber eine enorm beeindruckende Stimme, die sie in ihrer Tiefe auslotet und so einen Conferencier gibt, der schon alles gesehen hat. Zumindest im [&hellip;]<\/p>\n","protected":false},"author":58,"featured_media":7975,"comment_status":"closed","ping_status":"closed","sticky":false,"template":"","format":"standard","meta":{"tpgb_global_settings":"","footnotes":""},"categories":[191],"tags":[],"class_list":["post-7970","post","type-post","status-publish","format-standard","has-post-thumbnail","hentry","category-bielefeld"],"tpgb_featured_images":{"full":["http:\/\/www.musical-today.de\/wp-content\/uploads\/2024\/09\/Cabaret_08-scaled.jpg",2560,1707,false],"tp-image-grid":["http:\/\/www.musical-today.de\/wp-content\/uploads\/2024\/09\/Cabaret_08-700x700.jpg",700,700,true],"thumbnail":["http:\/\/www.musical-today.de\/wp-content\/uploads\/2024\/09\/Cabaret_08-600x400.jpg",600,400,true],"medium":["http:\/\/www.musical-today.de\/wp-content\/uploads\/2024\/09\/Cabaret_08-1200x800.jpg",1200,800,true],"medium_large":["http:\/\/www.musical-today.de\/wp-content\/uploads\/2024\/09\/Cabaret_08-949x633.jpg",770,514,true],"large":["http:\/\/www.musical-today.de\/wp-content\/uploads\/2024\/09\/Cabaret_08-1920x1280.jpg",1139,759,true],"default":"http:\/\/www.musical-today.de\/wp-content\/plugins\/the-plus-addons-for-block-editor\/assets\/images\/tpgb-placeholder.jpg"},"tpgb_post_meta_info":{"get_date":"09.09.2024","get_modified_date":"15.04.2025","category_list":{"category":[{"term_id":191,"name":"Bielefeld","slug":"bielefeld","term_group":0,"term_taxonomy_id":191,"taxonomy":"category","description":"","parent":19,"count":2,"filter":"raw","term_order":"10"}],"post_tag":false,"post_format":false},"author_name":"Ulrich Schmidt","author_url":"http:\/\/www.musical-today.de\/en\/autor\/ulrichschmidt\/","author_email":"uschmidt@musical-today.de","author_website":"","author_description":"","author_facebook":"","author_twitter":"","author_instagram":"","author_role":["author"],"author_firstname":"Ulrich","author_lastname":"Schmidt","user_login":"ulrichschmidt","author_avatar":"<img src=\"http:\/\/www.musical-today.de\/wp-content\/uploads\/2024\/03\/434034552_122093726612266069_5386620108228489486_n-293x293.jpg\" width=\"200\" height=\"200\" alt=\"Ulrich Schmidt\" class=\"avatar avatar-200 wp-user-avatar wp-user-avatar-200 alignnone photo\" \/>","author_avatar_url":"http:\/\/www.musical-today.de\/wp-content\/uploads\/2024\/03\/434034552_122093726612266069_5386620108228489486_n.jpg","comment_count":0,"post_likes":0,"post_views":0},"tpgb_post_category":{"category":"<a href=\"http:\/\/www.musical-today.de\/en\/deutschland\/bielefeld\/\" alt=\"Bielefeld\"  class=\"category-bielefeld\">Bielefeld<\/a> "},"_links":{"self":[{"href":"http:\/\/www.musical-today.de\/en\/wp-json\/wp\/v2\/posts\/7970","targetHints":{"allow":["GET"]}}],"collection":[{"href":"http:\/\/www.musical-today.de\/en\/wp-json\/wp\/v2\/posts"}],"about":[{"href":"http:\/\/www.musical-today.de\/en\/wp-json\/wp\/v2\/types\/post"}],"author":[{"embeddable":true,"href":"http:\/\/www.musical-today.de\/en\/wp-json\/wp\/v2\/users\/58"}],"replies":[{"embeddable":true,"href":"http:\/\/www.musical-today.de\/en\/wp-json\/wp\/v2\/comments?post=7970"}],"version-history":[{"count":0,"href":"http:\/\/www.musical-today.de\/en\/wp-json\/wp\/v2\/posts\/7970\/revisions"}],"wp:featuredmedia":[{"embeddable":true,"href":"http:\/\/www.musical-today.de\/en\/wp-json\/wp\/v2\/media\/7975"}],"wp:attachment":[{"href":"http:\/\/www.musical-today.de\/en\/wp-json\/wp\/v2\/media?parent=7970"}],"wp:term":[{"taxonomy":"category","embeddable":true,"href":"http:\/\/www.musical-today.de\/en\/wp-json\/wp\/v2\/categories?post=7970"},{"taxonomy":"post_tag","embeddable":true,"href":"http:\/\/www.musical-today.de\/en\/wp-json\/wp\/v2\/tags?post=7970"}],"curies":[{"name":"wp","href":"https:\/\/api.w.org\/{rel}","templated":true}]}}