{"id":8416,"date":"2024-10-29T22:01:37","date_gmt":"2024-10-29T21:01:37","guid":{"rendered":"https:\/\/www.musical-today.de\/?p=8416"},"modified":"2025-04-15T14:28:19","modified_gmt":"2025-04-15T12:28:19","slug":"oldenburg-cabaret","status":"publish","type":"post","link":"http:\/\/www.musical-today.de\/en\/oldenburg-cabaret\/","title":{"rendered":"Cabaret"},"content":{"rendered":"<div class=\"lets-info-up-wrap  lets-info-up--right lets-info-up--m-1 lets-info-up-skin-3 lets-info-up--side lets-info-up-50613\" style=\"background:#fafafa; color: #616161\">\t\t\t<div class=\"lets-info-up\">\r\n\t\t\t<div class=\"lets-info-up-fi\"><img decoding=\"async\" width=\"500\" height=\"333\" src=\"http:\/\/www.musical-today.de\/wp-content\/uploads\/2024\/01\/qi-addons-for-elementor-placeholder-500x333.png\" class=\"attachment-lets-info-up-d1 size-lets-info-up-d1\" alt=\"|\" srcset=\"http:\/\/www.musical-today.de\/wp-content\/uploads\/2024\/01\/qi-addons-for-elementor-placeholder-500x333.png 500w, http:\/\/www.musical-today.de\/wp-content\/uploads\/2024\/01\/qi-addons-for-elementor-placeholder-300x200.png 300w, http:\/\/www.musical-today.de\/wp-content\/uploads\/2024\/01\/qi-addons-for-elementor-placeholder-1024x683.png 1024w, http:\/\/www.musical-today.de\/wp-content\/uploads\/2024\/01\/qi-addons-for-elementor-placeholder-883x589.png 883w, http:\/\/www.musical-today.de\/wp-content\/uploads\/2024\/01\/qi-addons-for-elementor-placeholder-18x12.png 18w, http:\/\/www.musical-today.de\/wp-content\/uploads\/2024\/01\/qi-addons-for-elementor-placeholder-360x240.png 360w, http:\/\/www.musical-today.de\/wp-content\/uploads\/2024\/01\/qi-addons-for-elementor-placeholder-1155x770.png 1155w, http:\/\/www.musical-today.de\/wp-content\/uploads\/2024\/01\/qi-addons-for-elementor-placeholder-370x247.png 370w, http:\/\/www.musical-today.de\/wp-content\/uploads\/2024\/01\/qi-addons-for-elementor-placeholder-770x513.png 770w, http:\/\/www.musical-today.de\/wp-content\/uploads\/2024\/01\/qi-addons-for-elementor-placeholder-293x195.png 293w, http:\/\/www.musical-today.de\/wp-content\/uploads\/2024\/01\/qi-addons-for-elementor-placeholder-120x80.png 120w, http:\/\/www.musical-today.de\/wp-content\/uploads\/2024\/01\/qi-addons-for-elementor-placeholder-240x160.png 240w, http:\/\/www.musical-today.de\/wp-content\/uploads\/2024\/01\/qi-addons-for-elementor-placeholder-390x260.png 390w, http:\/\/www.musical-today.de\/wp-content\/uploads\/2024\/01\/qi-addons-for-elementor-placeholder.png 1200w\" sizes=\"(max-width: 500px) 100vw, 500px\" title=\"\"><\/div>\t\t\t<div class=\"lets-info-up-block-wrap\">\r\n\t\t\t\t<div class=\"lets-info-up-block lets-info-up-meta-block\"><div class=\"lets-info-up-meta-title lets-info-up-pretitle font-h\" style=\"color: #8c6d18;\">oRT<\/div><div class=\"lets-info-up-meta-content lets-info-up-title font-b\">Oldenburgisches Staatstheater<\/div><\/div><div class=\"lets-info-up-block lets-info-up-meta-block\"><div class=\"lets-info-up-meta-title lets-info-up-pretitle font-h\" style=\"color: #8c6d18;\">von<\/div><div class=\"lets-info-up-meta-content lets-info-up-title font-b\">Joe Masteroff (Buch)<br>John Kander (Musik)<br>Fred Ebb (Gesangstexte)<\/div><\/div><div class=\"lets-info-up-block lets-info-up-meta-block\"><div class=\"lets-info-up-meta-title lets-info-up-pretitle font-h\" style=\"color: #8c6d18;\">Regie<\/div><div class=\"lets-info-up-meta-content lets-info-up-title font-b\">Katja Wolff<\/div><\/div><div class=\"lets-info-up-block lets-info-up-meta-block\"><div class=\"lets-info-up-meta-title lets-info-up-pretitle font-h\" style=\"color: #8c6d18;\">Urauff\u00fchrunG<\/div><div class=\"lets-info-up-meta-content lets-info-up-title font-b\">1966<\/div><\/div><div class=\"lets-info-up-block lets-info-up-meta-block\"><div class=\"lets-info-up-meta-title lets-info-up-pretitle font-h\" style=\"color: #8c6d18;\">INFOS<\/div><div class=\"lets-info-up-meta-content lets-info-up-title font-b\"><a href=\"https:\/\/www.staatstheater.de\/programm\/musiktheater\/spielzeit-2425\/cabaret\" data-type=\"link\" target=\"_blank\" rel=\"noopener noreferrer nofollow\">www.staatstheater.de<\/a><\/div><\/div>\t\t\t<\/div>\r\n\t\t\t<\/div>\r\n\t\t<\/div>\r\n\t\t\n\n\n<p><strong><strong>Unterhaltsame \u201eCabaret\u201c-Inszenierung mit ein paar Frivolit\u00e4ten<\/strong><\/strong><\/p>\n\n\n\n<p>Das 1966 in New York uraufgef\u00fchrte und sechs Jahre sp\u00e4ter mit Liza Minnelli verfilmte Musical \u201eCabaret\u201c von John Kander ist ein Dauerbrenner im Repertoire. Dieser \u201eTanz auf dem Vulkan\u201c zeigt eine geradezu entfesselte Lebensgier, bei der alles erlaubt zu sein scheint. Die Handlung spielt im Berlin der 1920er Jahre vor dem Hintergrund des bedrohlich aufziehenden Nationalsozialismus. Den direkten Bezug zu den Nazis zieht Regisseurin Katja Wolff allerdings nicht, weil sie keine Hakenkreuze und SS-Uniformen auf der B\u00fchne zeigen wollte. Aber wenn Begriffe wie \u201eRemigration\u201c und \u201eNeue Rechte\u201c fallen, ist der Bezug schon klar und erschreckend aktuell.<\/p>\n\n\n\n<p>Das B\u00fchnenbild von Jule Dohrn-van Rossum ist stimmungsvoll und gelungen: Gl\u00fchbirnen umrahmen das Portal, es gibt eine kleine Showtreppe, ein Steg f\u00fchrt in den Zuschauerraum und im Hintergrund glitzert ein Vorhang wie aus Lametta. Das kleine Orchester (gespielt wird die reduzierte, aber nicht minder schlagkr\u00e4ftige Orchesterfassung von Chris Walker) befindet sich auf der B\u00fchne.<\/p>\n\n\n<div  class=\"tpgb-wrap-956d14_8416  tpgb-wrap-fw \"  ><div id=\"956d14_8416\" class=\"tpgb-block-956d14_8416 tpgb-relative-block tpgb-gallery-list tpgb-metro gallery-style-2 hover-image-style-1   \" data-style=\"style-2\" data-id=\"956d14_8416\" data-layout=\"metro\" data-fancy-option='{\"loop\":false,\"thumb\":\"no\",\"infobar\":true,\"arrows\":true,\"transitionEffect\":\"slide\",\"button\":[\"close\"]}' data-splide='\"\"' data-metroAttr= '{\"metro_col\":\"3\",\"tab_metro_col\":3,\"mobile_metro_col\":3,\"metro_style\":\"style-1\",\"tab_metro_style\":\"style-1\",\"mobile_metro_style\":\"style-1\"}' ><div class=\"tpgb-row post-loop-inner \"><div class=\"grid-item metro-item-0    tpgb-metro-1  tpgb-tab-metro-1  tpgb-mobile-metro-1 \"><a href=\"https:\/\/www.musical-today.de\/wp-content\/uploads\/2024\/10\/Cabaret_4_\u00a9-Stephan-Walzl.jpg\" class=\"tpgb-gallery-list-content tpgb-trans-easeinout\" data-fancybox=\"956d14_8416\" data-caption=\"Foto: Stephan Walzl\" aria-label=\"Foto: Stephan Walzl\" target=\"_blank\" rel=\"noopener noreferrer nofollow\"><div class=\"post-content-image\"><div class=\"tpgb-metro-gallery-image\" style=\"background: url(http:\/\/www.musical-today.de\/wp-content\/uploads\/2024\/10\/Cabaret_4_\u00a9-Stephan-Walzl.jpg);\"><\/div><\/div><div class=\"post-content-center\"><div class=\"post-zoom-icon\"><div class=\"meta-search-icon\"><span><img decoding=\"async\" class=\"fancy-img\" src=\"http:\/\/www.musical-today.de\/wp-content\/uploads\/2024\/10\/Cabaret_4_\u00a9-Stephan-Walzl.jpg\" alt=\"Media Image1\" title=\"\"><i class=\"fas fa-search-plus pop-icon\"><\/i><\/span><\/div><\/div><div class=\"post-content-bottom\"><p class=\"post-title tpgb-trans-easeinout\">Foto: Stephan Walzl<\/p><\/div><\/div><\/a><\/div><div class=\"grid-item metro-item-1    tpgb-metro-2  tpgb-tab-metro-2  tpgb-mobile-metro-2 \"><a href=\"https:\/\/www.musical-today.de\/wp-content\/uploads\/2024\/10\/Cabaret_1_\u00a9-Stephan-Walzl.jpg\" class=\"tpgb-gallery-list-content tpgb-trans-easeinout\" data-fancybox=\"956d14_8416\" data-caption=\"Foto: Stephan Walzl\" aria-label=\"Foto: Stephan Walzl\" target=\"_blank\" rel=\"noopener noreferrer nofollow\"><div class=\"post-content-image\"><div class=\"tpgb-metro-gallery-image\" style=\"background: url(http:\/\/www.musical-today.de\/wp-content\/uploads\/2024\/10\/Cabaret_1_\u00a9-Stephan-Walzl.jpg);\"><\/div><\/div><div class=\"post-content-center\"><div class=\"post-zoom-icon\"><div class=\"meta-search-icon\"><span><img decoding=\"async\" class=\"fancy-img\" src=\"http:\/\/www.musical-today.de\/wp-content\/uploads\/2024\/10\/Cabaret_1_\u00a9-Stephan-Walzl.jpg\" alt=\"Media Image2\" title=\"\"><i class=\"fas fa-search-plus pop-icon\"><\/i><\/span><\/div><\/div><div class=\"post-content-bottom\"><p class=\"post-title tpgb-trans-easeinout\">Foto: Stephan Walzl<\/p><\/div><\/div><\/a><\/div><div class=\"grid-item metro-item-2    tpgb-metro-3  tpgb-tab-metro-3  tpgb-mobile-metro-3 \"><a href=\"https:\/\/www.musical-today.de\/wp-content\/uploads\/2024\/10\/Cabaret_9_\u00a9-Stephan-Walzl.jpg\" class=\"tpgb-gallery-list-content tpgb-trans-easeinout\" data-fancybox=\"956d14_8416\" data-caption=\"Foto: Stephan Walzl\" aria-label=\"Foto: Stephan Walzl\" target=\"_blank\" rel=\"noopener noreferrer nofollow\"><div class=\"post-content-image\"><div class=\"tpgb-metro-gallery-image\" style=\"background: url(http:\/\/www.musical-today.de\/wp-content\/uploads\/2024\/10\/Cabaret_9_\u00a9-Stephan-Walzl.jpg);\"><\/div><\/div><div class=\"post-content-center\"><div class=\"post-zoom-icon\"><div class=\"meta-search-icon\"><span><img decoding=\"async\" class=\"fancy-img\" src=\"http:\/\/www.musical-today.de\/wp-content\/uploads\/2024\/10\/Cabaret_9_\u00a9-Stephan-Walzl.jpg\" alt=\"Media Image3\" title=\"\"><i class=\"fas fa-search-plus pop-icon\"><\/i><\/span><\/div><\/div><div class=\"post-content-bottom\"><p class=\"post-title tpgb-trans-easeinout\">Foto: Stephan Walzl<\/p><\/div><\/div><\/a><\/div><\/div><\/div><\/div>\n\n\n<p>Wolff konzentriert sich im ersten Teil vor allem auf die Showelemente des Musicals und serviert Boulevard-Theater. Die Liebesgeschichte zwischen dem Amerikaner Clifford Bradshaw und Sally Bowles, der Variet\u00e9-S\u00e4ngerin im Kit-Kat-Club, wird unterhaltsam aufgebl\u00e4ttert. Die Choreografie von Kati Farkas erweist sich dabei, besonders beim Song \u201eMoney\u201c, als einfallsreich und spritzig. Die T\u00e4nzerinnen und T\u00e4nzer zeigen sich von ihrer besten Seite und wirbeln furios \u00fcber die B\u00fchne. In einigen Szenen \u00fcberschreitet Wolffs Regie allerdings \u00fcberdeutlich die Grenzen der Frivolit\u00e4t: etwa beim \u201eflotten Dreier\u201c zu \u201eTwo Ladies\u201c, bei dem die Herren mit blanken Gummibusen ausgestattet sind, oder mit den bis zum Himmel gespreizten Beinen von Fr\u00e4ulein Kost (Kira Primke). F\u00fcr einen G\u00e4nsehautmoment sorgt das Finale des ersten Akts, wenn das v\u00f6lkisch klingende Lied \u201eDer morgige Tag ist mein\u201c intoniert wird, zu einer Art Glaubensbekenntnis anschwillt und dabei auch einige im Publikum verteilte Chors\u00e4nger einstimmen. Gruselig!<\/p>\n\n\n\n<p>Im zweiten Akt gewinnt die Inszenierung immer mehr an Tiefgang. Der Rechtsextremist Ernst Ludwig (Hagen B\u00e4hr) zeigt zusehends sein wahres Gesicht, wenn der j\u00fcdische Obsth\u00e4ndler Herr Schultz brutal verpr\u00fcgelt wird. Und auch das \u00e4ltliche Fr\u00e4ulein Schneider nimmt von einer Hochzeit mit Herrn Schultz Abstand, weil sie bei den politischen Verh\u00e4ltnissen die Konsequenzen f\u00fcr ihre Existenz f\u00fcrchtet.<\/p>\n\n\n\n<p>Bis auf Paul Brady als hintergr\u00fcndigem Conf\u00e9rencier sind fast alle Partien mit G\u00e4sten besetzt. Sophia Euskirchen als Sally Bowles erweist sich dabei als Gl\u00fccksfall. Sie ist ein v\u00f6llig anderer Typ als das Filmvorbild Liza Minnelli und entwickelt ein ganz eigenes Charisma: eine freche, fast naive G\u00f6re, die ihr Herz auf der Zunge tr\u00e4gt und zun\u00e4chst ganz im Hier und Jetzt lebt. Gesanglich kann sie mit ihrer ausdrucksvollen und variationsreichen Stimme durchweg begeistern. Ihre verletzliche Seele zeigt sie eindrucksvoll im Song \u201eMaybe this time\u201c. Dass am Ende auch ihre Illusionen von einer weiteren Karriere im Kit-Kat-Club zerplatzen, ist bekannt.<\/p>\n\n\n\n<p>Moritz Carl Winklmayr ist Clifford Bradshaw, der amerikanische M\u00f6chtegern-Autor und Liebhaber von Sally. Er gibt ihn als braven J\u00fcngling, der von den Ereignissen v\u00f6llig \u00fcberrollt wird. F\u00fcr anr\u00fchrende Momente sorgen Thomas Marx als Herr Schultz und Heike Jonca als Fr\u00e4ulein Schneider. Sie bilden ein stilles Pendant zur schrillen, glamour\u00f6sen Welt des Kit-Kat-Clubs. Ihre Szenen gestaltet Regisseurin Wolff sehr sensibel und mit einem Hauch von Melancholie. Die schmissige Musik von John Kander wird von der kleinen Besetzung des Oldenburgischen Staatsorchesters unter der Leitung von Eric Staiger schwungvoll dargeboten.<\/p>\n\n\n\n<hr class=\"wp-block-separator has-alpha-channel-opacity is-style-dots\"\/>\n\n\n\n<p class=\"has-small-font-size\">Musikalische Leitung: Eric Staiger \u2022 Choreografie: Kati Farkas \u2022 B\u00fchne: Jule Dohrn-van Rossum \u2022 Kost\u00fcme: Alexander Djurkov Hotter \u2022 Licht: Arne Waldl \u2022 Chor: Thomas B\u00f6nisch \u2022 Mit: Sophia Euskirchen (Sally Bowles), Moritz Carl Winklmayr (Clifford Bradshaw), Heike Jonca (Fr\u00e4ulein Schneider), Thomas Marx (Herr Schultz), Kira Primke (Fr\u00e4ulein Kost), Paul Brady (Conf\u00e9rencier), Hagen B\u00e4hr (Ernst Ludwig), Marvin Kobus Sch\u00fctt (Piccolo), Judith Urban (Zollbeamter 1), Sarah Steinemer (Zollbeamter 2), Christopher Hemmans und Evert Bakker (Two Ladies), Volker R\u00f6hnert (Max) u.a. \u2022 Chor des Oldenburgischen Staatstheaters \u2022 Oldenburgisches Staatsorchester<br><br>Aufmacherfoto: Stephan Walzl<\/p>\n\n\n\n<p><\/p>\n","protected":false},"excerpt":{"rendered":"<p>Unterhaltsame \u201eCabaret\u201c-Inszenierung mit ein paar Frivolit\u00e4ten Das 1966 in New York uraufgef\u00fchrte und sechs Jahre sp\u00e4ter mit Liza Minnelli verfilmte Musical \u201eCabaret\u201c von John Kander ist ein Dauerbrenner im Repertoire. Dieser \u201eTanz auf dem Vulkan\u201c zeigt eine geradezu entfesselte Lebensgier, bei der alles erlaubt zu sein scheint. Die Handlung spielt im Berlin der 1920er Jahre vor dem Hintergrund des bedrohlich aufziehenden Nationalsozialismus. Den direkten Bezug zu den Nazis zieht Regisseurin Katja Wolff allerdings nicht, weil sie keine Hakenkreuze und SS-Uniformen [&hellip;]<\/p>\n","protected":false},"author":31,"featured_media":8418,"comment_status":"closed","ping_status":"closed","sticky":false,"template":"","format":"standard","meta":{"tpgb_global_settings":"","footnotes":""},"categories":[198],"tags":[],"class_list":["post-8416","post","type-post","status-publish","format-standard","has-post-thumbnail","hentry","category-oldenburg"],"tpgb_featured_images":{"full":["http:\/\/www.musical-today.de\/wp-content\/uploads\/2024\/10\/Cabaret_8_\u00a9-Stephan-Walzl.jpg",1702,2362,false],"tp-image-grid":["http:\/\/www.musical-today.de\/wp-content\/uploads\/2024\/10\/Cabaret_8_\u00a9-Stephan-Walzl-700x700.jpg",700,700,true],"thumbnail":["http:\/\/www.musical-today.de\/wp-content\/uploads\/2024\/10\/Cabaret_8_\u00a9-Stephan-Walzl-600x833.jpg",600,833,true],"medium":["http:\/\/www.musical-today.de\/wp-content\/uploads\/2024\/10\/Cabaret_8_\u00a9-Stephan-Walzl-1200x1665.jpg",1200,1665,true],"medium_large":["http:\/\/www.musical-today.de\/wp-content\/uploads\/2024\/10\/Cabaret_8_\u00a9-Stephan-Walzl-949x1317.jpg",770,1069,true],"large":["http:\/\/www.musical-today.de\/wp-content\/uploads\/2024\/10\/Cabaret_8_\u00a9-Stephan-Walzl.jpg",1139,1581,false],"default":"http:\/\/www.musical-today.de\/wp-content\/plugins\/the-plus-addons-for-block-editor\/assets\/images\/tpgb-placeholder.jpg"},"tpgb_post_meta_info":{"get_date":"29.10.2024","get_modified_date":"15.04.2025","category_list":{"category":[{"term_id":198,"name":"Oldenburg","slug":"oldenburg","term_group":0,"term_taxonomy_id":198,"taxonomy":"category","description":"","parent":19,"count":1,"filter":"raw","term_order":"74"}],"post_tag":false,"post_format":false},"author_name":"Wolfgang Denker","author_url":"http:\/\/www.musical-today.de\/en\/autor\/wolfgangdenker\/","author_email":"temporary-removeWQpD4BJB4TV9omb@tmp.com","author_website":"","author_description":"ist Diplom-Mathematiker. Nach seinem ersten Opernbesuch \u2013 Puccinis \u201eTosca\u201c \u2013 war es um ihn geschehen. Inzwischen schreibt er f\u00fcr Fachzeitschriften, Tageszeitungen und Internet-Medien \u00fcber Klassik und Jazz. Seit 1982 ist er \u201eorpheus\u201c-Autor und hat in dieser Zeit oftmals \u00fcber den norddeutschen Raum und Bayreuth berichtet. Von 1990 bis 2006 war er k\u00fcnstlerischer Leiter der Bremerhavener Opern-Gala.","author_facebook":"","author_twitter":"","author_instagram":"","author_role":["author"],"author_firstname":"Wolfgang","author_lastname":"Denker","user_login":"wolfgangdenker","author_avatar":"<img src=\"http:\/\/www.musical-today.de\/wp-content\/uploads\/2024\/03\/Autor_Denker-293x293.jpg\" width=\"200\" height=\"200\" alt=\"Wolfgang Denker\" class=\"avatar avatar-200 wp-user-avatar wp-user-avatar-200 alignnone photo\" \/>","author_avatar_url":"http:\/\/www.musical-today.de\/wp-content\/uploads\/2024\/03\/Autor_Denker.jpg","comment_count":0,"post_likes":0,"post_views":0},"tpgb_post_category":{"category":"<a href=\"http:\/\/www.musical-today.de\/en\/deutschland\/oldenburg\/\" alt=\"Oldenburg\"  class=\"category-oldenburg\">Oldenburg<\/a> "},"_links":{"self":[{"href":"http:\/\/www.musical-today.de\/en\/wp-json\/wp\/v2\/posts\/8416","targetHints":{"allow":["GET"]}}],"collection":[{"href":"http:\/\/www.musical-today.de\/en\/wp-json\/wp\/v2\/posts"}],"about":[{"href":"http:\/\/www.musical-today.de\/en\/wp-json\/wp\/v2\/types\/post"}],"author":[{"embeddable":true,"href":"http:\/\/www.musical-today.de\/en\/wp-json\/wp\/v2\/users\/31"}],"replies":[{"embeddable":true,"href":"http:\/\/www.musical-today.de\/en\/wp-json\/wp\/v2\/comments?post=8416"}],"version-history":[{"count":0,"href":"http:\/\/www.musical-today.de\/en\/wp-json\/wp\/v2\/posts\/8416\/revisions"}],"wp:featuredmedia":[{"embeddable":true,"href":"http:\/\/www.musical-today.de\/en\/wp-json\/wp\/v2\/media\/8418"}],"wp:attachment":[{"href":"http:\/\/www.musical-today.de\/en\/wp-json\/wp\/v2\/media?parent=8416"}],"wp:term":[{"taxonomy":"category","embeddable":true,"href":"http:\/\/www.musical-today.de\/en\/wp-json\/wp\/v2\/categories?post=8416"},{"taxonomy":"post_tag","embeddable":true,"href":"http:\/\/www.musical-today.de\/en\/wp-json\/wp\/v2\/tags?post=8416"}],"curies":[{"name":"wp","href":"https:\/\/api.w.org\/{rel}","templated":true}]}}