{"id":8711,"date":"2024-11-06T18:12:16","date_gmt":"2024-11-06T17:12:16","guid":{"rendered":"https:\/\/www.musical-today.de\/?p=8711"},"modified":"2025-04-15T14:28:19","modified_gmt":"2025-04-15T12:28:19","slug":"bremen-der-35-mai","status":"publish","type":"post","link":"http:\/\/www.musical-today.de\/en\/bremen-der-35-mai\/","title":{"rendered":"Der 35. Mai"},"content":{"rendered":"<div class=\"lets-info-up-wrap  lets-info-up--right lets-info-up--m-1 lets-info-up-skin-3 lets-info-up--side lets-info-up-35637\" style=\"background:#fafafa; color: #616161\">\t\t\t<div class=\"lets-info-up\">\r\n\t\t\t<div class=\"lets-info-up-fi\"><img decoding=\"async\" width=\"500\" height=\"333\" src=\"http:\/\/www.musical-today.de\/wp-content\/uploads\/2024\/01\/qi-addons-for-elementor-placeholder-500x333.png\" class=\"attachment-lets-info-up-d1 size-lets-info-up-d1\" alt=\"|\" srcset=\"http:\/\/www.musical-today.de\/wp-content\/uploads\/2024\/01\/qi-addons-for-elementor-placeholder-500x333.png 500w, http:\/\/www.musical-today.de\/wp-content\/uploads\/2024\/01\/qi-addons-for-elementor-placeholder-300x200.png 300w, http:\/\/www.musical-today.de\/wp-content\/uploads\/2024\/01\/qi-addons-for-elementor-placeholder-1024x683.png 1024w, http:\/\/www.musical-today.de\/wp-content\/uploads\/2024\/01\/qi-addons-for-elementor-placeholder-883x589.png 883w, http:\/\/www.musical-today.de\/wp-content\/uploads\/2024\/01\/qi-addons-for-elementor-placeholder-18x12.png 18w, http:\/\/www.musical-today.de\/wp-content\/uploads\/2024\/01\/qi-addons-for-elementor-placeholder-360x240.png 360w, http:\/\/www.musical-today.de\/wp-content\/uploads\/2024\/01\/qi-addons-for-elementor-placeholder-1155x770.png 1155w, http:\/\/www.musical-today.de\/wp-content\/uploads\/2024\/01\/qi-addons-for-elementor-placeholder-370x247.png 370w, http:\/\/www.musical-today.de\/wp-content\/uploads\/2024\/01\/qi-addons-for-elementor-placeholder-770x513.png 770w, http:\/\/www.musical-today.de\/wp-content\/uploads\/2024\/01\/qi-addons-for-elementor-placeholder-293x195.png 293w, http:\/\/www.musical-today.de\/wp-content\/uploads\/2024\/01\/qi-addons-for-elementor-placeholder-120x80.png 120w, http:\/\/www.musical-today.de\/wp-content\/uploads\/2024\/01\/qi-addons-for-elementor-placeholder-240x160.png 240w, http:\/\/www.musical-today.de\/wp-content\/uploads\/2024\/01\/qi-addons-for-elementor-placeholder-390x260.png 390w, http:\/\/www.musical-today.de\/wp-content\/uploads\/2024\/01\/qi-addons-for-elementor-placeholder.png 1200w\" sizes=\"(max-width: 500px) 100vw, 500px\" title=\"\"><\/div>\t\t\t<div class=\"lets-info-up-block-wrap\">\r\n\t\t\t\t<div class=\"lets-info-up-block lets-info-up-meta-block\"><div class=\"lets-info-up-meta-title lets-info-up-pretitle font-h\" style=\"color: #8c6d18;\">oRT<\/div><div class=\"lets-info-up-meta-content lets-info-up-title font-b\">Theater Bremen<\/div><\/div><div class=\"lets-info-up-block lets-info-up-meta-block\"><div class=\"lets-info-up-meta-title lets-info-up-pretitle font-h\" style=\"color: #8c6d18;\">von<\/div><div class=\"lets-info-up-meta-content lets-info-up-title font-b\">Martin G. Berger, Jasper Sonne und Michael Ellis Ingram (Musik &amp; Gesangstexte)<br>Martin G. Berger (Buch)<\/div><\/div><div class=\"lets-info-up-block lets-info-up-meta-block\"><div class=\"lets-info-up-meta-title lets-info-up-pretitle font-h\" style=\"color: #8c6d18;\">Regie<\/div><div class=\"lets-info-up-meta-content lets-info-up-title font-b\">Martin G. Berger<\/div><\/div><div class=\"lets-info-up-block lets-info-up-meta-block\"><div class=\"lets-info-up-meta-title lets-info-up-pretitle font-h\" style=\"color: #8c6d18;\">Urauff\u00fchrung<\/div><div class=\"lets-info-up-meta-content lets-info-up-title font-b\">2024<\/div><\/div><div class=\"lets-info-up-block lets-info-up-meta-block\"><div class=\"lets-info-up-meta-title lets-info-up-pretitle font-h\" style=\"color: #8c6d18;\">INFOS<\/div><div class=\"lets-info-up-meta-content lets-info-up-title font-b\"><a href=\"https:\/\/theaterbremen.de\/de_DE\/programm\/der-35-mai.1361856#events\" data-type=\"link\" target=\"_blank\" rel=\"noopener noreferrer nofollow\">www.theaterbremen.de<\/a><\/div><\/div>\t\t\t<\/div>\r\n\t\t\t<\/div>\r\n\t\t<\/div>\r\n\t\t\n\n\n<p><strong>\u201eDer 35. Mai\u201c nach Erich K\u00e4stners Roman bleibt zu oberfl\u00e4chlich<\/strong><\/p>\n\n\n\n<p>Die Latte reichlich hoch gelegt hat der Regisseur selbst: Das neue K\u00e4stner-Musical \u201eDer 35. Mai\u201c sei eine Hommage an die gro\u00dfen Meisterwerke des Genres von \u201eHello, Dolly!\u201c bis \u201eMary Poppins\u201c, verk\u00fcndete Martin G. Berger schon vor der Urauff\u00fchrung im Bremer Theater am Goetheplatz. Sozusagen \u201eSupercalifragilisticexpialigetisch!\u201c, um es mit dem erw\u00e4hnten ber\u00fchmtesten Kinderm\u00e4dchen der Welt zu formulieren \u2026<\/p>\n\n\n\n<p>Doch wer nach den Sternen greift, kann eben auch rasch auf dem harten B\u00fchnenboden landen \u2013 und das nicht allein, weil im Gegensatz zum erw\u00e4hnten Vergleich die Tanznummern in der Hansestadt Welten von klassischen Broadway-Shows entfernt sind. Nein, es ist vor allem die Musik, f\u00fcr die ein Team aus Berger, Jasper Sonne und Michael Ellis Ingram verantwortlich zeichnet. Sie will einfach kaum Spuren hinterlassen: hier ein Zitat, dort eine Nachahmung, dazwischen Wohlbekanntes und -erprobtes aus Oper und Musical (ohne indes wirklich zum Ohrwurm zu taugen). Trotz mancher Anlehnung an die 1920er Jahre klingt das insgesamt eher funktional als wirklich spritzig. Die Bremer Philharmoniker unter Stefan Klingele m\u00fchen sich im Hintergrund der halbrunden (Variet\u00e9-)B\u00fchne redlich, doch auch sie verm\u00f6gen aus dieser Musik keine wirklichen Charakterisierungen oder gar Analysen der Figuren zu schaffen.<\/p>\n\n\n<div  class=\"tpgb-wrap-956d14_8711  tpgb-wrap-fw \"  ><div id=\"956d14_8711\" class=\"tpgb-block-956d14_8711 tpgb-relative-block tpgb-gallery-list tpgb-metro gallery-style-2 hover-image-style-1   \" data-style=\"style-2\" data-id=\"956d14_8711\" data-layout=\"metro\" data-fancy-option='{\"loop\":false,\"thumb\":\"no\",\"infobar\":true,\"arrows\":true,\"transitionEffect\":\"slide\",\"button\":[\"close\"]}' data-splide='\"\"' data-metroAttr= '{\"metro_col\":3,\"tab_metro_col\":3,\"mobile_metro_col\":3,\"metro_style\":\"style-1\",\"tab_metro_style\":\"style-1\",\"mobile_metro_style\":\"style-1\"}' ><div class=\"tpgb-row post-loop-inner \"><div class=\"grid-item metro-item-0    tpgb-metro-1  tpgb-tab-metro-1  tpgb-mobile-metro-1 \"><a href=\"https:\/\/www.musical-today.de\/wp-content\/uploads\/2024\/11\/35_Mai_11_Elisa-Birkenheier-oben-Musicalensemble_Foto-Joerg-Landsberg-scaled.jpg\" class=\"tpgb-gallery-list-content tpgb-trans-easeinout\" data-fancybox=\"956d14_8711\" data-caption=\"Foto: J\u00f6rg Landsberg\" aria-label=\"Foto: J\u00f6rg Landsberg\" target=\"_blank\" rel=\"noopener noreferrer nofollow\"><div class=\"post-content-image\"><div class=\"tpgb-metro-gallery-image\" style=\"background: url(http:\/\/www.musical-today.de\/wp-content\/uploads\/2024\/11\/35_Mai_11_Elisa-Birkenheier-oben-Musicalensemble_Foto-Joerg-Landsberg-scaled.jpg);\"><\/div><\/div><div class=\"post-content-center\"><div class=\"post-zoom-icon\"><div class=\"meta-search-icon\"><span><img decoding=\"async\" class=\"fancy-img\" src=\"http:\/\/www.musical-today.de\/wp-content\/uploads\/2024\/11\/35_Mai_11_Elisa-Birkenheier-oben-Musicalensemble_Foto-Joerg-Landsberg-scaled.jpg\" alt=\"Media Image1\" title=\"\"><i class=\"fas fa-search-plus pop-icon\"><\/i><\/span><\/div><\/div><div class=\"post-content-bottom\"><p class=\"post-title tpgb-trans-easeinout\">Foto: J\u00f6rg Landsberg<\/p><\/div><\/div><\/a><\/div><div class=\"grid-item metro-item-1    tpgb-metro-2  tpgb-tab-metro-2  tpgb-mobile-metro-2 \"><a href=\"https:\/\/www.musical-today.de\/wp-content\/uploads\/2024\/11\/35_Mai_2_Dietrich-Gottschalk-Schmitt-Heinrich-Fagerfjaell-Musicalensemble_Foto-Joerg-Landsberg-scaled.jpg\" class=\"tpgb-gallery-list-content tpgb-trans-easeinout\" data-fancybox=\"956d14_8711\" data-caption=\"Foto: J\u00f6rg Landsberg\" aria-label=\"Foto: J\u00f6rg Landsberg\" target=\"_blank\" rel=\"noopener noreferrer nofollow\"><div class=\"post-content-image\"><div class=\"tpgb-metro-gallery-image\" style=\"background: url(http:\/\/www.musical-today.de\/wp-content\/uploads\/2024\/11\/35_Mai_2_Dietrich-Gottschalk-Schmitt-Heinrich-Fagerfjaell-Musicalensemble_Foto-Joerg-Landsberg-scaled.jpg);\"><\/div><\/div><div class=\"post-content-center\"><div class=\"post-zoom-icon\"><div class=\"meta-search-icon\"><span><img decoding=\"async\" class=\"fancy-img\" src=\"http:\/\/www.musical-today.de\/wp-content\/uploads\/2024\/11\/35_Mai_2_Dietrich-Gottschalk-Schmitt-Heinrich-Fagerfjaell-Musicalensemble_Foto-Joerg-Landsberg-scaled.jpg\" alt=\"Media Image2\" title=\"\"><i class=\"fas fa-search-plus pop-icon\"><\/i><\/span><\/div><\/div><div class=\"post-content-bottom\"><p class=\"post-title tpgb-trans-easeinout\">Foto: J\u00f6rg Landsberg<\/p><\/div><\/div><\/a><\/div><div class=\"grid-item metro-item-2    tpgb-metro-3  tpgb-tab-metro-3  tpgb-mobile-metro-3 \"><a href=\"https:\/\/www.musical-today.de\/wp-content\/uploads\/2024\/11\/35_Mai_7_Gottschalk-Schmitt-Heinrich-Mayer-Dietrich-Musicalensemble_Foto-Joerg-Landsberg-scaled.jpg\" class=\"tpgb-gallery-list-content tpgb-trans-easeinout\" data-fancybox=\"956d14_8711\" data-caption=\"Foto: J\u00f6rg Landsberg\" aria-label=\"Foto: J\u00f6rg Landsberg\" target=\"_blank\" rel=\"noopener noreferrer nofollow\"><div class=\"post-content-image\"><div class=\"tpgb-metro-gallery-image\" style=\"background: url(http:\/\/www.musical-today.de\/wp-content\/uploads\/2024\/11\/35_Mai_7_Gottschalk-Schmitt-Heinrich-Mayer-Dietrich-Musicalensemble_Foto-Joerg-Landsberg-scaled.jpg);\"><\/div><\/div><div class=\"post-content-center\"><div class=\"post-zoom-icon\"><div class=\"meta-search-icon\"><span><img decoding=\"async\" class=\"fancy-img\" src=\"http:\/\/www.musical-today.de\/wp-content\/uploads\/2024\/11\/35_Mai_7_Gottschalk-Schmitt-Heinrich-Mayer-Dietrich-Musicalensemble_Foto-Joerg-Landsberg-scaled.jpg\" alt=\"Media Image3\" title=\"\"><i class=\"fas fa-search-plus pop-icon\"><\/i><\/span><\/div><\/div><div class=\"post-content-bottom\"><p class=\"post-title tpgb-trans-easeinout\">Foto: J\u00f6rg Landsberg<\/p><\/div><\/div><\/a><\/div><\/div><\/div><\/div>\n\n\n<p>Erich K\u00e4stner aber unterscheidet sich nun einmal von der \u201eMary Poppins\u201c-Schriftstellerin P.L. Travers, denn er hat einfach mehr zu bieten als nur eine fantasievolle Geschichte mit einer Botschaft (was etwas Wunderbares sein kann). Und das ger\u00e4t hier in Bremen bei der Urauff\u00fchrung des Musicals schon mal in die M\u00fchlen aus Bilderreigen, Gesang und Tanz. Vor allem taugt es aber nicht f\u00fcr jene espritvolle Leichtigkeit, die das Genre gemeinhin funkeln l\u00e4sst. Auch wenn die Handlung im ersten Moment genau nach Musical klingt: Schlie\u00dflich ist der 35. Mai ein super Tag, wo einfach alles geht \u2013 selbst ein fantasiereicher Deutschaufsatz \u00fcber ferne Welten f\u00fcr einen eher n\u00fcchternen Mathe-Streber wie Konrad. Und so startet der Mustersch\u00fcler (Claudio Gottschalk-Schmitt vermag sich aus der anf\u00e4nglichen Verklemmtheit seiner Rolle nicht so wirklich zu l\u00f6sen) mit seinem schr\u00e4gen Apotheker-Onkel Ringelhuth (Christoph Heinrich bl\u00fcht nicht nur stimmlich auf) sowie dem sprechenden und swingenden Zirkuspferd Nero Caballo (in jeder Hinsicht voller Charme und Witz: Stefanie Dietrich) durch den heimischen Kleiderschrank eine Reise in fantastische Weltregionen. Durchs Schlaraffenland, eine Ritterburg, die \u201eVerkehrte Welt\u201c und Elektropolis geht es schlie\u00dflich in die S\u00fcdsee.<\/p>\n\n\n\n<p>Letztere ist in diesem Theater ein glitzernder Nachtclub samt Showtreppe und Dragqueen: nur eines von Sarah-Katharina Karls zahlreichen fantasievollen B\u00fchnenbildern. \u201eHier ist egal, was man glaubt \u2013 in der S\u00fcdsee ist alles erlaubt.\u201c Inklusive reichlich Glamour, pittoresken Kost\u00fcmen (Esther Bialas), gro\u00dfen Showgesten, Lichtzauber und leider auch manch allzu wohlfeiler, woker Botschaft. Auf der Strecke bleiben in diesem oberfl\u00e4chlichen Kontrastprogramm der Weltenwanderung dagegen einige tiefsinnigere Gedanken des Autors. Aber vielleicht taugt daf\u00fcr auch einfach das Musical-Genre nicht, das eher von simplen Geschichten mit einer klaren Botschaft lebt und vor allem unterhalten will, das eben auf leichte Konsumierbarkeit aus ist. K\u00e4stner indes war immer mehr als \u201enur\u201c ein gl\u00e4nzender Unterhaltungsautor.<\/p>\n\n\n\n<hr class=\"wp-block-separator has-alpha-channel-opacity is-style-dots\"\/>\n\n\n\n<p class=\"has-small-font-size\">Musikalische Leitung: Stefan Klingele \u2022 Choreografie: Marie-Christin Zeisset \u2022 B\u00fchne: Sarah-Katharina Karl \u2022 Kost\u00fcme: Esther Bialas \u2022 Licht: Marius Lorenzen \u2022 Sounddesign: Charel Bourkel \u2022 Video: Stefan K\u00fcck \u2022 Chor: Karl Bernewitz \u2022 Mit: Claudio Gottschalk-Schmitt (Konrad), Christoph Heinrich (Onkel Ringelhuth), Stefanie Dietrich (Nero Caballo), Arvid Fagerfj\u00e4ll (Herr Br\u00fcckner\/Karl der Gro\u00dfe\/Mama Rabenaas), Ian Spinetti (Kussmann\/August der Starke\/Zukunftsmann), Fabian D\u00fcberg (Herr Waffelbruch\/Fu\u00dfballmann\/Hannibal\/Zukunftsmensch 2), &nbsp;Elisa Birkenheier (Frau Borgmeier\/Hauptsoldatin), Ulrike Mayer (Pr\u00e4sident Seidelbast\/Fleischermeisterin Sauertopf\/Zukunftsmensch 1), Wolfgang von Borries (Julius C\u00e4sar), Yosuke Kodama (Napoleon) u.a. \u2022 Opernchor des Theaters Bremen \u2022 Bremer Philharmoniker<\/p>\n\n\n\n<p class=\"has-small-font-size\">Aufmacherfoto: J\u00f6rg Landsberg<\/p>\n","protected":false},"excerpt":{"rendered":"<p>\u201eDer 35. Mai\u201c nach Erich K\u00e4stners Roman bleibt zu oberfl\u00e4chlich Die Latte reichlich hoch gelegt hat der Regisseur selbst: Das neue K\u00e4stner-Musical \u201eDer 35. Mai\u201c sei eine Hommage an die gro\u00dfen Meisterwerke des Genres von \u201eHello, Dolly!\u201c bis \u201eMary Poppins\u201c, verk\u00fcndete Martin G. Berger schon vor der Urauff\u00fchrung im Bremer Theater am Goetheplatz. Sozusagen \u201eSupercalifragilisticexpialigetisch!\u201c, um es mit dem erw\u00e4hnten ber\u00fchmtesten Kinderm\u00e4dchen der Welt zu formulieren \u2026 Doch wer nach den Sternen greift, kann eben auch rasch auf dem harten [&hellip;]<\/p>\n","protected":false},"author":36,"featured_media":8718,"comment_status":"closed","ping_status":"closed","sticky":false,"template":"","format":"standard","meta":{"tpgb_global_settings":"","footnotes":""},"categories":[34],"tags":[],"class_list":["post-8711","post","type-post","status-publish","format-standard","has-post-thumbnail","hentry","category-bremen"],"tpgb_featured_images":{"full":["http:\/\/www.musical-today.de\/wp-content\/uploads\/2024\/11\/35_Mai_13_Stefanie-Dietrich-Claudio-Gottschalk-Schmitt_Foto-Joerg-Landsberg-scaled.jpg",2560,1708,false],"tp-image-grid":["http:\/\/www.musical-today.de\/wp-content\/uploads\/2024\/11\/35_Mai_13_Stefanie-Dietrich-Claudio-Gottschalk-Schmitt_Foto-Joerg-Landsberg-700x700.jpg",700,700,true],"thumbnail":["http:\/\/www.musical-today.de\/wp-content\/uploads\/2024\/11\/35_Mai_13_Stefanie-Dietrich-Claudio-Gottschalk-Schmitt_Foto-Joerg-Landsberg-600x400.jpg",600,400,true],"medium":["http:\/\/www.musical-today.de\/wp-content\/uploads\/2024\/11\/35_Mai_13_Stefanie-Dietrich-Claudio-Gottschalk-Schmitt_Foto-Joerg-Landsberg-1200x800.jpg",1200,800,true],"medium_large":["http:\/\/www.musical-today.de\/wp-content\/uploads\/2024\/11\/35_Mai_13_Stefanie-Dietrich-Claudio-Gottschalk-Schmitt_Foto-Joerg-Landsberg-949x633.jpg",770,514,true],"large":["http:\/\/www.musical-today.de\/wp-content\/uploads\/2024\/11\/35_Mai_13_Stefanie-Dietrich-Claudio-Gottschalk-Schmitt_Foto-Joerg-Landsberg-1920x1281.jpg",1139,760,true],"default":"http:\/\/www.musical-today.de\/wp-content\/plugins\/the-plus-addons-for-block-editor\/assets\/images\/tpgb-placeholder.jpg"},"tpgb_post_meta_info":{"get_date":"06.11.2024","get_modified_date":"15.04.2025","category_list":{"category":[{"term_id":34,"name":"Bremen","slug":"bremen","term_group":0,"term_taxonomy_id":34,"taxonomy":"category","description":"","parent":19,"count":2,"filter":"raw","term_order":"12"}],"post_tag":false,"post_format":false},"author_name":"Christoph Forsthoff","author_url":"http:\/\/www.musical-today.de\/en\/autor\/christophforsthoff\/","author_email":"temporary-removeFM60NosPo3lWRXT@tmp.com","author_website":"","author_description":"war Ressortleiter, Textchef und Blattmacher, u.a. bei der Financial Times Deutschland. Seit 2001 betreibt der Cello-Liebhaber sein netzwerk Redaktionsb\u00fcro und arbeitet als Kulturjournalist f\u00fcr Medien in Deutschland, \u00d6sterreich, Luxemburg und der Schweiz. Seine Liebe zu Mecklenburg-Vorpommern und den dortigen Festspielen m\u00fcndete 2010 in der Gr\u00fcndung des Forsthoff-Cellofonds.","author_facebook":"","author_twitter":"","author_instagram":"","author_role":["author"],"author_firstname":"Christoph","author_lastname":"Forsthoff","user_login":"christophforsthoff","author_avatar":"<img src=\"http:\/\/www.musical-today.de\/wp-content\/uploads\/2024\/03\/Autor_Forsthoff-293x293.jpg\" width=\"200\" height=\"200\" alt=\"Christoph Forsthoff\" class=\"avatar avatar-200 wp-user-avatar wp-user-avatar-200 alignnone photo\" \/>","author_avatar_url":"http:\/\/www.musical-today.de\/wp-content\/uploads\/2024\/03\/Autor_Forsthoff.jpg","comment_count":0,"post_likes":0,"post_views":0},"tpgb_post_category":{"category":"<a href=\"http:\/\/www.musical-today.de\/en\/deutschland\/bremen\/\" alt=\"Bremen\"  class=\"category-bremen\">Bremen<\/a> "},"_links":{"self":[{"href":"http:\/\/www.musical-today.de\/en\/wp-json\/wp\/v2\/posts\/8711","targetHints":{"allow":["GET"]}}],"collection":[{"href":"http:\/\/www.musical-today.de\/en\/wp-json\/wp\/v2\/posts"}],"about":[{"href":"http:\/\/www.musical-today.de\/en\/wp-json\/wp\/v2\/types\/post"}],"author":[{"embeddable":true,"href":"http:\/\/www.musical-today.de\/en\/wp-json\/wp\/v2\/users\/36"}],"replies":[{"embeddable":true,"href":"http:\/\/www.musical-today.de\/en\/wp-json\/wp\/v2\/comments?post=8711"}],"version-history":[{"count":0,"href":"http:\/\/www.musical-today.de\/en\/wp-json\/wp\/v2\/posts\/8711\/revisions"}],"wp:featuredmedia":[{"embeddable":true,"href":"http:\/\/www.musical-today.de\/en\/wp-json\/wp\/v2\/media\/8718"}],"wp:attachment":[{"href":"http:\/\/www.musical-today.de\/en\/wp-json\/wp\/v2\/media?parent=8711"}],"wp:term":[{"taxonomy":"category","embeddable":true,"href":"http:\/\/www.musical-today.de\/en\/wp-json\/wp\/v2\/categories?post=8711"},{"taxonomy":"post_tag","embeddable":true,"href":"http:\/\/www.musical-today.de\/en\/wp-json\/wp\/v2\/tags?post=8711"}],"curies":[{"name":"wp","href":"https:\/\/api.w.org\/{rel}","templated":true}]}}