{"id":8789,"date":"2024-11-13T15:45:56","date_gmt":"2024-11-13T14:45:56","guid":{"rendered":"https:\/\/www.musical-today.de\/?p=8789"},"modified":"2025-04-15T14:28:19","modified_gmt":"2025-04-15T12:28:19","slug":"muenster-der-teufel-und-die-diva","status":"publish","type":"post","link":"http:\/\/www.musical-today.de\/en\/muenster-der-teufel-und-die-diva\/","title":{"rendered":"Der Teufel und die Diva"},"content":{"rendered":"<div class=\"lets-info-up-wrap  lets-info-up--right lets-info-up--m-1 lets-info-up-skin-3 lets-info-up--side lets-info-up-58328\" style=\"background:#fafafa; color: #616161\">\t\t\t<div class=\"lets-info-up\">\r\n\t\t\t<div class=\"lets-info-up-fi\"><img decoding=\"async\" width=\"500\" height=\"333\" src=\"http:\/\/www.musical-today.de\/wp-content\/uploads\/2024\/01\/qi-addons-for-elementor-placeholder-500x333.png\" class=\"attachment-lets-info-up-d1 size-lets-info-up-d1\" alt=\"|\" srcset=\"http:\/\/www.musical-today.de\/wp-content\/uploads\/2024\/01\/qi-addons-for-elementor-placeholder-500x333.png 500w, http:\/\/www.musical-today.de\/wp-content\/uploads\/2024\/01\/qi-addons-for-elementor-placeholder-300x200.png 300w, http:\/\/www.musical-today.de\/wp-content\/uploads\/2024\/01\/qi-addons-for-elementor-placeholder-1024x683.png 1024w, http:\/\/www.musical-today.de\/wp-content\/uploads\/2024\/01\/qi-addons-for-elementor-placeholder-883x589.png 883w, http:\/\/www.musical-today.de\/wp-content\/uploads\/2024\/01\/qi-addons-for-elementor-placeholder-18x12.png 18w, http:\/\/www.musical-today.de\/wp-content\/uploads\/2024\/01\/qi-addons-for-elementor-placeholder-360x240.png 360w, http:\/\/www.musical-today.de\/wp-content\/uploads\/2024\/01\/qi-addons-for-elementor-placeholder-1155x770.png 1155w, http:\/\/www.musical-today.de\/wp-content\/uploads\/2024\/01\/qi-addons-for-elementor-placeholder-370x247.png 370w, http:\/\/www.musical-today.de\/wp-content\/uploads\/2024\/01\/qi-addons-for-elementor-placeholder-770x513.png 770w, http:\/\/www.musical-today.de\/wp-content\/uploads\/2024\/01\/qi-addons-for-elementor-placeholder-293x195.png 293w, http:\/\/www.musical-today.de\/wp-content\/uploads\/2024\/01\/qi-addons-for-elementor-placeholder-120x80.png 120w, http:\/\/www.musical-today.de\/wp-content\/uploads\/2024\/01\/qi-addons-for-elementor-placeholder-240x160.png 240w, http:\/\/www.musical-today.de\/wp-content\/uploads\/2024\/01\/qi-addons-for-elementor-placeholder-390x260.png 390w, http:\/\/www.musical-today.de\/wp-content\/uploads\/2024\/01\/qi-addons-for-elementor-placeholder.png 1200w\" sizes=\"(max-width: 500px) 100vw, 500px\" title=\"\"><\/div>\t\t\t<div class=\"lets-info-up-block-wrap\">\r\n\t\t\t\t<div class=\"lets-info-up-block lets-info-up-meta-block\"><div class=\"lets-info-up-meta-title lets-info-up-pretitle font-h\" style=\"color: #8c6d18;\">oRT<\/div><div class=\"lets-info-up-meta-content lets-info-up-title font-b\">Wolfgang Borchert Theater M\u00fcnster<\/div><\/div><div class=\"lets-info-up-block lets-info-up-meta-block\"><div class=\"lets-info-up-meta-title lets-info-up-pretitle font-h\" style=\"color: #8c6d18;\">von<\/div><div class=\"lets-info-up-meta-content lets-info-up-title font-b\">Fred Breinersdorfer und Katja R\u00f6der<\/div><\/div><div class=\"lets-info-up-block lets-info-up-meta-block\"><div class=\"lets-info-up-meta-title lets-info-up-pretitle font-h\" style=\"color: #8c6d18;\">Regie<\/div><div class=\"lets-info-up-meta-content lets-info-up-title font-b\">Luisa Guarro<\/div><\/div><div class=\"lets-info-up-block lets-info-up-meta-block\"><div class=\"lets-info-up-meta-title lets-info-up-pretitle font-h\" style=\"color: #8c6d18;\">Urauff\u00fchrunG<\/div><div class=\"lets-info-up-meta-content lets-info-up-title font-b\">2013<\/div><\/div><div class=\"lets-info-up-block lets-info-up-meta-block\"><div class=\"lets-info-up-meta-title lets-info-up-pretitle font-h\" style=\"color: #8c6d18;\">INFOS<\/div><div class=\"lets-info-up-meta-content lets-info-up-title font-b\"><a href=\"https:\/\/www.wolfgang-borchert-theater.de\/stuecke\/der-teufel-und-die-diva.html\" data-type=\"link\" target=\"_blank\" rel=\"noopener noreferrer nofollow\">www.wolfgang-borchert-theater.de<\/a><\/div><\/div>\t\t\t<\/div>\r\n\t\t\t<\/div>\r\n\t\t<\/div>\r\n\t\t\n\n\n<p><strong>\u201eDer Teufel und die Diva\u201c \u2013 eine Hommage an Hildegard Knef<\/strong><\/p>\n\n\n\n<p>Das im angesagten Ausgehviertel des M\u00fcnsteraner Hafens gelegene Wolfgang Borchert Theater mit seinen 150 Pl\u00e4tzen und einer angegliederten, heimeligen Kneipe bietet genau die passende Atmosph\u00e4re f\u00fcr eine Hommage an jene K\u00fcnstlerin, die Ella Fitzgerald einst liebevoll-bewundernd als \u201eBeste S\u00e4ngerin ohne Stimme\u201c geadelt hatte: Hildegard Knef.<\/p>\n\n\n\n<p>Das B\u00fchnenbild von \u201eDer Teufel und die Diva\u201c ist in schwarz-wei\u00dfen T\u00f6nen gehalten. Rechts t\u00fcrmen sich wei\u00dfe Quader und W\u00fcrfel zu einer vierstufigen Pyramide, in der die Accessoires der letzten gro\u00dfen Diva Deutschlands schlummern. Am linken B\u00fchnenrand sitzt am schwarzen Klavier die ganz in schwarz gekleidete, famose Pianistin Stephanie Rave. Mit der singenden S\u00e4ge versetzt sie das Publikum in eine morbide Stimmung, die an Bernard Herrmanns unheimliche Kl\u00e4nge in Alfred Hitchcocks \u201ePsycho\u201c erinnert. Denn es ist der 1. Februar 2002, der Todestag der 1925 geborenen, international erfolgreichen Schauspielerin, Chansons\u00e4ngerin und Buchautorin Hildegard Knef. Doch die an einer Lungenentz\u00fcndung gestorbene Kettenraucherin w\u00e4hnt sich in ihrem wei\u00dfen Nachtgewand noch immer im Krankenhaus: \u201eEin K\u00f6nigreich f\u00fcr eine Zigarette!\u201c<\/p>\n\n\n<div  class=\"tpgb-wrap-956d14_8789  tpgb-wrap-fw \"  ><div id=\"956d14_8789\" class=\"tpgb-block-956d14_8789 tpgb-relative-block tpgb-gallery-list tpgb-metro gallery-style-2 hover-image-style-1   \" data-style=\"style-2\" data-id=\"956d14_8789\" data-layout=\"metro\" data-fancy-option='{\"loop\":false,\"thumb\":\"no\",\"infobar\":true,\"arrows\":true,\"transitionEffect\":\"slide\",\"button\":[\"close\"]}' data-splide='\"\"' data-metroAttr= '{\"metro_col\":3,\"tab_metro_col\":3,\"mobile_metro_col\":3,\"metro_style\":\"style-1\",\"tab_metro_style\":\"style-1\",\"mobile_metro_style\":\"style-1\"}' ><div class=\"tpgb-row post-loop-inner \"><div class=\"grid-item metro-item-0    tpgb-metro-1  tpgb-tab-metro-1  tpgb-mobile-metro-1 \"><a href=\"https:\/\/www.musical-today.de\/wp-content\/uploads\/2024\/11\/15_DER_TEUFEL_UND_DIE_DIVA_Langmajer_Kunder_c_Ritter.jpg\" class=\"tpgb-gallery-list-content tpgb-trans-easeinout\" data-fancybox=\"956d14_8789\" data-caption=\"Foto: Laura Ritter\" aria-label=\"Foto: Laura Ritter\" target=\"_blank\" rel=\"noopener noreferrer nofollow\"><div class=\"post-content-image\"><div class=\"tpgb-metro-gallery-image\" style=\"background: url(http:\/\/www.musical-today.de\/wp-content\/uploads\/2024\/11\/15_DER_TEUFEL_UND_DIE_DIVA_Langmajer_Kunder_c_Ritter.jpg);\"><\/div><\/div><div class=\"post-content-center\"><div class=\"post-zoom-icon\"><div class=\"meta-search-icon\"><span><img decoding=\"async\" class=\"fancy-img\" src=\"http:\/\/www.musical-today.de\/wp-content\/uploads\/2024\/11\/15_DER_TEUFEL_UND_DIE_DIVA_Langmajer_Kunder_c_Ritter.jpg\" alt=\"Media Image1\" title=\"\"><i class=\"fas fa-search-plus pop-icon\"><\/i><\/span><\/div><\/div><div class=\"post-content-bottom\"><p class=\"post-title tpgb-trans-easeinout\">Foto: Laura Ritter<\/p><\/div><\/div><\/a><\/div><div class=\"grid-item metro-item-1    tpgb-metro-2  tpgb-tab-metro-2  tpgb-mobile-metro-2 \"><a href=\"https:\/\/www.musical-today.de\/wp-content\/uploads\/2024\/11\/27_DER_TEUFEL_UND_DIE_DIVA_Rave_Kunder_Langmajer_c_Ritter.jpg\" class=\"tpgb-gallery-list-content tpgb-trans-easeinout\" data-fancybox=\"956d14_8789\" data-caption=\"Foto: Laura Ritter\" aria-label=\"Foto: Laura Ritter\" target=\"_blank\" rel=\"noopener noreferrer nofollow\"><div class=\"post-content-image\"><div class=\"tpgb-metro-gallery-image\" style=\"background: url(http:\/\/www.musical-today.de\/wp-content\/uploads\/2024\/11\/27_DER_TEUFEL_UND_DIE_DIVA_Rave_Kunder_Langmajer_c_Ritter.jpg);\"><\/div><\/div><div class=\"post-content-center\"><div class=\"post-zoom-icon\"><div class=\"meta-search-icon\"><span><img decoding=\"async\" class=\"fancy-img\" src=\"http:\/\/www.musical-today.de\/wp-content\/uploads\/2024\/11\/27_DER_TEUFEL_UND_DIE_DIVA_Rave_Kunder_Langmajer_c_Ritter.jpg\" alt=\"Media Image2\" title=\"\"><i class=\"fas fa-search-plus pop-icon\"><\/i><\/span><\/div><\/div><div class=\"post-content-bottom\"><p class=\"post-title tpgb-trans-easeinout\">Foto: Laura Ritter<\/p><\/div><\/div><\/a><\/div><div class=\"grid-item metro-item-2    tpgb-metro-3  tpgb-tab-metro-3  tpgb-mobile-metro-3 \"><a href=\"https:\/\/www.musical-today.de\/wp-content\/uploads\/2024\/11\/30_DER_TEUFEL_UND_DIE_DIVA_Langmajer_c_Ritter.jpg\" class=\"tpgb-gallery-list-content tpgb-trans-easeinout\" data-fancybox=\"956d14_8789\" data-caption=\"Foto: Laura Ritter\" aria-label=\"Foto: Laura Ritter\" target=\"_blank\" rel=\"noopener noreferrer nofollow\"><div class=\"post-content-image\"><div class=\"tpgb-metro-gallery-image\" style=\"background: url(http:\/\/www.musical-today.de\/wp-content\/uploads\/2024\/11\/30_DER_TEUFEL_UND_DIE_DIVA_Langmajer_c_Ritter.jpg);\"><\/div><\/div><div class=\"post-content-center\"><div class=\"post-zoom-icon\"><div class=\"meta-search-icon\"><span><img decoding=\"async\" class=\"fancy-img\" src=\"http:\/\/www.musical-today.de\/wp-content\/uploads\/2024\/11\/30_DER_TEUFEL_UND_DIE_DIVA_Langmajer_c_Ritter.jpg\" alt=\"Media Image3\" title=\"\"><i class=\"fas fa-search-plus pop-icon\"><\/i><\/span><\/div><\/div><div class=\"post-content-bottom\"><p class=\"post-title tpgb-trans-easeinout\">Foto: Laura Ritter<\/p><\/div><\/div><\/a><\/div><\/div><\/div><\/div>\n\n\n<p>Ihr Wunsch wird ihr prompt von einem pl\u00f6tzlich aus dem Fahrstuhl auftauchenden jungen Mann erf\u00fcllt, der sich schon bald als Herrscher der Finsternis entpuppt. Er schl\u00e4gt ihr einen Handel vor: ewiger Ruhm und Spa\u00df im Austausch gegen ihre Seele, wenn sie mit ihm im Fahrstuhl nach unten in die H\u00f6lle f\u00e4hrt. Die Alternative w\u00e4re die Fahrt nach oben, in den Himmel, wo sie nur Langeweile erwarten w\u00fcrde und alles vergessen w\u00e4re. Doch bis sie sich entscheidet, haben Fred Breinersdorfer und Katja R\u00f6der, die Autoren des 2013 in Hamburg uraufgef\u00fchrten Werkes, dem Teufel (Niclas Kunder) noch einen Parforceritt durch Hildes Biografie ins Textbuch geschrieben, den die Knef mit ihren Liedern begleitet.<\/p>\n\n\n\n<p>In ihrer Rolle gelingt es Ivana Langmajer von Anfang an, die Balance zwischen eigener Interpretation und unaufdringlichen Ankl\u00e4ngen an die \u201erauchige\u201c Stimmlage der Chansons\u00e4ngerin zu finden. Da sie sich \u2013 pr\u00e4zise gef\u00fchrt durch Luisa Guarros Regiehand \u2013 ganz auf ihre charismatische B\u00fchnenpr\u00e4senz verl\u00e4sst, wird sie nie zu einem Abziehbild der Knef. So ber\u00fchrt sie mit dem melancholischen \u201eLass mich bei dir sein\u201c genauso, wie sie mit dem frech-ironischen \u201eIch brauch\u2019 Tapetenwechsel\u201c ein L\u00e4cheln auf die Lippen zaubert. Die nach ihrem Studium an der Schule des Theaters \u201eDer Keller\u201c in K\u00f6ln mit dem \u201ePUCK\u201c als beste Nachwuchsschauspielerin ausgezeichnete Ivana Langmajer beweist hier, dass sie auch im Genre Musical, bzw. seinen Art-Verwandten, ihre Frau steht \u2013 das macht neugierig darauf, sie auch mal in einer gro\u00dfen Musicalrolle auf der B\u00fchne zu sehen.<\/p>\n\n\n\n<p>Bei Niclas Kunder merkt man noch die fehlende Erfahrung eines Schauspiel-Novizen (Abschluss 2023). Mit seinem jungenhaften Charme rettet er sich aber \u00fcber kleine Unsicherheiten hinweg, immer kollegial unterst\u00fctzt von seiner Partnerin, die ihn nie im Regen stehen l\u00e4sst oder sich in den Vordergrund spielt. Und da Kunder sich gesanglich nicht beweisen muss, kann er sich ganz auf die Pr\u00e4sentation der H\u00f6he- und Tiefpunkte im Leben der auch als \u201eBotschafterin Deutschlands\u201c verehrten Hildegard Knef beschr\u00e4nken.<\/p>\n\n\n\n<p>So wird \u201eDer Teufel und die Diva\u201c zu einer unterhaltsamen, mit Liedern garnierten B\u00fchnenbiografie, die uns die neben Marlene Dietrich wohl einzige deutsche Diva in der Film- und Chanson-Geschichte authentisch erleben l\u00e4sst. Ein einziger Wermutstropfen f\u00e4llt in die ansonsten sehenswerte Auff\u00fchrung: Die f\u00fcr Inszenierung, Kost\u00fcme und B\u00fchnenbild verantwortliche Luisa Guarro hat (vor lauter Arbeits\u00fcberlastung?) irgendwie vergessen, dem Musical zu geben, was dem Musical geb\u00fchrt \u2013 es erklingt kein Song aus Cole Porters \u201eSilk Stockings\u201c (1955). Immerhin war Hildegard Knef doch die erste Deutsche, die am Broadway in einem Musical die Hauptrolle gespielt hat!<\/p>\n\n\n\n<hr class=\"wp-block-separator has-alpha-channel-opacity is-style-dots\"\/>\n\n\n\n<p class=\"has-small-font-size\">Musikalische Leitung: Stephanie Rave \u2022 Regie und Ausstattung: Luisa Guarro \u2022 Licht: Paco Summonte \u2022 Mit: Ivana Langmajer (Hildegard Knef), Niclas Kunder (Mephisto, Stimme)<\/p>\n\n\n\n<p class=\"has-small-font-size\">Aufmacherfoto: Laura Ritter<\/p>\n","protected":false},"excerpt":{"rendered":"<p>\u201eDer Teufel und die Diva\u201c \u2013 eine Hommage an Hildegard Knef Das im angesagten Ausgehviertel des M\u00fcnsteraner Hafens gelegene Wolfgang Borchert Theater mit seinen 150 Pl\u00e4tzen und einer angegliederten, heimeligen Kneipe bietet genau die passende Atmosph\u00e4re f\u00fcr eine Hommage an jene K\u00fcnstlerin, die Ella Fitzgerald einst liebevoll-bewundernd als \u201eBeste S\u00e4ngerin ohne Stimme\u201c geadelt hatte: Hildegard Knef. Das B\u00fchnenbild von \u201eDer Teufel und die Diva\u201c ist in schwarz-wei\u00dfen T\u00f6nen gehalten. Rechts t\u00fcrmen sich wei\u00dfe Quader und W\u00fcrfel zu einer vierstufigen Pyramide, [&hellip;]<\/p>\n","protected":false},"author":15,"featured_media":8790,"comment_status":"closed","ping_status":"closed","sticky":false,"template":"","format":"standard","meta":{"tpgb_global_settings":"","footnotes":""},"categories":[201],"tags":[],"class_list":["post-8789","post","type-post","status-publish","format-standard","has-post-thumbnail","hentry","category-muenster"],"tpgb_featured_images":{"full":["http:\/\/www.musical-today.de\/wp-content\/uploads\/2024\/11\/02_DER_TEUFEL_UND_DIE_DIVA_Langmajer_Kunder_c_Ritter.jpg",2000,1333,false],"tp-image-grid":["http:\/\/www.musical-today.de\/wp-content\/uploads\/2024\/11\/02_DER_TEUFEL_UND_DIE_DIVA_Langmajer_Kunder_c_Ritter-700x700.jpg",700,700,true],"thumbnail":["http:\/\/www.musical-today.de\/wp-content\/uploads\/2024\/11\/02_DER_TEUFEL_UND_DIE_DIVA_Langmajer_Kunder_c_Ritter-600x400.jpg",600,400,true],"medium":["http:\/\/www.musical-today.de\/wp-content\/uploads\/2024\/11\/02_DER_TEUFEL_UND_DIE_DIVA_Langmajer_Kunder_c_Ritter-1200x800.jpg",1200,800,true],"medium_large":["http:\/\/www.musical-today.de\/wp-content\/uploads\/2024\/11\/02_DER_TEUFEL_UND_DIE_DIVA_Langmajer_Kunder_c_Ritter-949x633.jpg",770,514,true],"large":["http:\/\/www.musical-today.de\/wp-content\/uploads\/2024\/11\/02_DER_TEUFEL_UND_DIE_DIVA_Langmajer_Kunder_c_Ritter-1920x1280.jpg",1139,759,true],"default":"http:\/\/www.musical-today.de\/wp-content\/plugins\/the-plus-addons-for-block-editor\/assets\/images\/tpgb-placeholder.jpg"},"tpgb_post_meta_info":{"get_date":"13.11.2024","get_modified_date":"15.04.2025","category_list":{"category":[{"term_id":201,"name":"M\u00fcnster","slug":"muenster","term_group":0,"term_taxonomy_id":201,"taxonomy":"category","description":"","parent":19,"count":3,"filter":"raw","term_order":"70"}],"post_tag":false,"post_format":false},"author_name":"Rolf-R\u00fcdiger Hamacher","author_url":"http:\/\/www.musical-today.de\/en\/autor\/rhamacher\/","author_email":"online222@musical-today.de","author_website":"","author_description":"studierte nach einer Buchh\u00e4ndlerlehre Sozialarbeit. Anschlie\u00dfend war er Regieassistent am Theater und Volont\u00e4r bei einer Filmproduktionsfirma. Seit 1971 schreibt er Kritiken (Film, Theater, Musik, Literatur, Musicals) f\u00fcr Tageszeitungen und Fachmagazine und war Dozent f\u00fcr Medienp\u00e4dagogik und Filmgeschichte. Eigen-Zitat: \u201eMeine Frau ist der Film, meine Geliebte das Musical.\u201c","author_facebook":"","author_twitter":"","author_instagram":"","author_role":["author"],"author_firstname":"Rolf-R\u00fcdiger","author_lastname":"Hamacher","user_login":"rhamacher","author_avatar":"<img src=\"http:\/\/www.musical-today.de\/wp-content\/uploads\/2024\/03\/Rolf-Ruediger-Hamacher-293x293.jpg\" width=\"200\" height=\"200\" alt=\"Rolf-R\u00fcdiger Hamacher\" class=\"avatar avatar-200 wp-user-avatar wp-user-avatar-200 alignnone photo\" \/>","author_avatar_url":"http:\/\/www.musical-today.de\/wp-content\/uploads\/2024\/03\/Rolf-Ruediger-Hamacher.jpg","comment_count":0,"post_likes":0,"post_views":0},"tpgb_post_category":{"category":"<a href=\"http:\/\/www.musical-today.de\/en\/deutschland\/muenster\/\" alt=\"M\u00fcnster\"  class=\"category-muenster\">M\u00fcnster<\/a> "},"_links":{"self":[{"href":"http:\/\/www.musical-today.de\/en\/wp-json\/wp\/v2\/posts\/8789","targetHints":{"allow":["GET"]}}],"collection":[{"href":"http:\/\/www.musical-today.de\/en\/wp-json\/wp\/v2\/posts"}],"about":[{"href":"http:\/\/www.musical-today.de\/en\/wp-json\/wp\/v2\/types\/post"}],"author":[{"embeddable":true,"href":"http:\/\/www.musical-today.de\/en\/wp-json\/wp\/v2\/users\/15"}],"replies":[{"embeddable":true,"href":"http:\/\/www.musical-today.de\/en\/wp-json\/wp\/v2\/comments?post=8789"}],"version-history":[{"count":0,"href":"http:\/\/www.musical-today.de\/en\/wp-json\/wp\/v2\/posts\/8789\/revisions"}],"wp:featuredmedia":[{"embeddable":true,"href":"http:\/\/www.musical-today.de\/en\/wp-json\/wp\/v2\/media\/8790"}],"wp:attachment":[{"href":"http:\/\/www.musical-today.de\/en\/wp-json\/wp\/v2\/media?parent=8789"}],"wp:term":[{"taxonomy":"category","embeddable":true,"href":"http:\/\/www.musical-today.de\/en\/wp-json\/wp\/v2\/categories?post=8789"},{"taxonomy":"post_tag","embeddable":true,"href":"http:\/\/www.musical-today.de\/en\/wp-json\/wp\/v2\/tags?post=8789"}],"curies":[{"name":"wp","href":"https:\/\/api.w.org\/{rel}","templated":true}]}}