{"id":9246,"date":"2024-12-09T18:30:27","date_gmt":"2024-12-09T17:30:27","guid":{"rendered":"https:\/\/www.musical-today.de\/?p=9246"},"modified":"2025-04-15T14:28:19","modified_gmt":"2025-04-15T12:28:19","slug":"meiningen-jekyll-hyde","status":"publish","type":"post","link":"http:\/\/www.musical-today.de\/en\/meiningen-jekyll-hyde\/","title":{"rendered":"Jekyll &amp; Hyde"},"content":{"rendered":"<div class=\"lets-info-up-wrap  lets-info-up--right lets-info-up--m-1 lets-info-up-skin-3 lets-info-up--side lets-info-up-86197\" style=\"background:#fafafa; color: #616161\">\t\t\t<div class=\"lets-info-up\">\r\n\t\t\t<div class=\"lets-info-up-fi\"><img decoding=\"async\" width=\"500\" height=\"375\" src=\"http:\/\/www.musical-today.de\/wp-content\/uploads\/visual-portfolio\/placeholder-500x375.png\" class=\"attachment-lets-info-up-d1 size-lets-info-up-d1\" alt=\"|\" srcset=\"http:\/\/www.musical-today.de\/wp-content\/uploads\/visual-portfolio\/placeholder-500x375.png 500w, http:\/\/www.musical-today.de\/wp-content\/uploads\/visual-portfolio\/placeholder-300x225.png 300w, http:\/\/www.musical-today.de\/wp-content\/uploads\/visual-portfolio\/placeholder-1024x767.png 1024w, http:\/\/www.musical-today.de\/wp-content\/uploads\/visual-portfolio\/placeholder-883x662.png 883w, http:\/\/www.musical-today.de\/wp-content\/uploads\/visual-portfolio\/placeholder-16x12.png 16w, http:\/\/www.musical-today.de\/wp-content\/uploads\/visual-portfolio\/placeholder-800x600.png 800w, http:\/\/www.musical-today.de\/wp-content\/uploads\/visual-portfolio\/placeholder.png 1201w\" sizes=\"(max-width: 500px) 100vw, 500px\" title=\"\"><\/div>\t\t\t<div class=\"lets-info-up-block-wrap\">\r\n\t\t\t\t<div class=\"lets-info-up-block lets-info-up-meta-block\"><div class=\"lets-info-up-meta-title lets-info-up-pretitle font-h\" style=\"color: #8c6d18;\">Ort<\/div><div class=\"lets-info-up-meta-content lets-info-up-title font-b\">Staatstheater Meiningen<\/div><\/div><div class=\"lets-info-up-block lets-info-up-meta-block\"><div class=\"lets-info-up-meta-title lets-info-up-pretitle font-h\" style=\"color: #8c6d18;\">VON<\/div><div class=\"lets-info-up-meta-content lets-info-up-title font-b\">Frank Wildhorn (Musik)<br>Leslie Bricusse (Buch und Gesangstexte)<\/div><\/div><div class=\"lets-info-up-block lets-info-up-meta-block\"><div class=\"lets-info-up-meta-title lets-info-up-pretitle font-h\" style=\"color: #8c6d18;\">Regie<\/div><div class=\"lets-info-up-meta-content lets-info-up-title font-b\">Cusch Jung<\/div><\/div><div class=\"lets-info-up-block lets-info-up-meta-block\"><div class=\"lets-info-up-meta-title lets-info-up-pretitle font-h\" style=\"color: #8c6d18;\">Urauff\u00fchrung<\/div><div class=\"lets-info-up-meta-content lets-info-up-title font-b\">1990<\/div><\/div><div class=\"lets-info-up-block lets-info-up-meta-block\"><div class=\"lets-info-up-meta-title lets-info-up-pretitle font-h\" style=\"color: #8c6d18;\">INFOS<\/div><div class=\"lets-info-up-meta-content lets-info-up-title font-b\"><a href=\"https:\/\/www.staatstheater-meiningen.de\/produktionen\/jekyll-hyde.html\" target=\"_blank\" rel=\"noopener noreferrer nofollow\">www.staatstheater-meiningen.de<\/a><\/div><\/div>\t\t\t<\/div>\r\n\t\t\t<\/div>\r\n\t\t<\/div>\r\n\t\t\n\n\n<p><strong>Im Dauerbrenner \u201eJekyll &amp; Hyde\u201c wird wieder gemordet<\/strong><\/p>\n\n\n\n<p>Nach der Urauff\u00fchrung in Houston\/Texas 1990 lief Frank Wildhorns Musical \u201eJekyll &amp; Hyde\u201c ganze vier Jahre am New Yorker Broadway. Auch in Europa hat es l\u00e4ngst einen sicheren Platz im Repertoire kleinerer H\u00e4user. Schlie\u00dflich geht es um die dunkle Seite der menschlichen Natur \u2013 und darum, was passieren kann, wenn der Mensch dem Sch\u00f6pfer ins Handwerk pfuscht. Der Plot ist also aktueller denn je.<\/p>\n\n\n\n<p>Im Zentrum steht Dr. Henry Jekyll. Dem wird ein Antrag auf Bewilligung von Mitteln (bzw. eines lebenden Probanden) f\u00fcr seine Forschungen im Grenzbereich der menschlichen Psyche abgelehnt. Aus der Perspektive des Antragstellers wirken die Herren und die eine Dame der Kommission zwar borniert; nachvollziehbar sind ihre Gr\u00fcnde dennoch.<\/p>\n\n\n\n<p>Zugleich steht Jekylls Hochzeit mit Lisa Carew bevor, der Tochter des Chefs der Kommission. In einer Mischung aus wissenschaftlichem Forscherdrang, jugendlicher Hitzk\u00f6pfigkeit und allzu menschlich prickelnder Neugier auf die eigenen dunklen Seiten startet Jekyll schlie\u00dflich in seinem Labor einen geheimen Selbstversuch. Er verwandelt sich erst dosiert und dann unkontrolliert in jenen Edward Hyde, der seine \u201eGegner\u201c aus der Kommission der Reihe nach umbringt &#8230;<\/p>\n\n\n<div  class=\"tpgb-wrap-956d14_9246  tpgb-wrap-fw \"  ><div id=\"956d14_9246\" class=\"tpgb-block-956d14_9246 tpgb-relative-block tpgb-gallery-list tpgb-metro gallery-style-2 hover-image-style-1   \" data-style=\"style-2\" data-id=\"956d14_9246\" data-layout=\"metro\" data-fancy-option='{\"loop\":false,\"thumb\":\"no\",\"infobar\":true,\"arrows\":true,\"transitionEffect\":\"slide\",\"button\":[\"close\"]}' data-splide='\"\"' data-metroAttr= '{\"metro_col\":3,\"tab_metro_col\":3,\"mobile_metro_col\":3,\"metro_style\":\"style-1\",\"tab_metro_style\":\"style-1\",\"mobile_metro_style\":\"style-1\"}' ><div class=\"tpgb-row post-loop-inner \"><div class=\"grid-item metro-item-0    tpgb-metro-1  tpgb-tab-metro-1  tpgb-mobile-metro-1 \"><a href=\"https:\/\/www.musical-today.de\/wp-content\/uploads\/2024\/12\/17-Jekyll-and-Hyde__P-06-12-2024__Anna-Langner-Mitte-Opernchor__Foto-Christina-Iberl-scaled.jpg\" class=\"tpgb-gallery-list-content tpgb-trans-easeinout\" data-fancybox=\"956d14_9246\" data-caption=\"Foto: Christina Iberl\" aria-label=\"Foto: Christina Iberl\" target=\"_blank\" rel=\"noopener noreferrer nofollow\"><div class=\"post-content-image\"><div class=\"tpgb-metro-gallery-image\" style=\"background: url(http:\/\/www.musical-today.de\/wp-content\/uploads\/2024\/12\/17-Jekyll-and-Hyde__P-06-12-2024__Anna-Langner-Mitte-Opernchor__Foto-Christina-Iberl-scaled.jpg);\"><\/div><\/div><div class=\"post-content-center\"><div class=\"post-zoom-icon\"><div class=\"meta-search-icon\"><span><img decoding=\"async\" class=\"fancy-img\" src=\"http:\/\/www.musical-today.de\/wp-content\/uploads\/2024\/12\/17-Jekyll-and-Hyde__P-06-12-2024__Anna-Langner-Mitte-Opernchor__Foto-Christina-Iberl-scaled.jpg\" alt=\"Media Image1\" title=\"\"><i class=\"fas fa-search-plus pop-icon\"><\/i><\/span><\/div><\/div><div class=\"post-content-bottom\"><p class=\"post-title tpgb-trans-easeinout\">Foto: Christina Iberl<\/p><\/div><\/div><\/a><\/div><div class=\"grid-item metro-item-1    tpgb-metro-2  tpgb-tab-metro-2  tpgb-mobile-metro-2 \"><a href=\"https:\/\/www.musical-today.de\/wp-content\/uploads\/2024\/12\/16-Jekyll-and-Hyde__P-06-12-2024__Florian-Minnerop-Anna-Langner-Mitte-Opernchor__Foto-Christina-Iberl-scaled.jpg\" class=\"tpgb-gallery-list-content tpgb-trans-easeinout\" data-fancybox=\"956d14_9246\" data-caption=\"Foto: Christina Iberl\" aria-label=\"Foto: Christina Iberl\" target=\"_blank\" rel=\"noopener noreferrer nofollow\"><div class=\"post-content-image\"><div class=\"tpgb-metro-gallery-image\" style=\"background: url(http:\/\/www.musical-today.de\/wp-content\/uploads\/2024\/12\/16-Jekyll-and-Hyde__P-06-12-2024__Florian-Minnerop-Anna-Langner-Mitte-Opernchor__Foto-Christina-Iberl-scaled.jpg);\"><\/div><\/div><div class=\"post-content-center\"><div class=\"post-zoom-icon\"><div class=\"meta-search-icon\"><span><img decoding=\"async\" class=\"fancy-img\" src=\"http:\/\/www.musical-today.de\/wp-content\/uploads\/2024\/12\/16-Jekyll-and-Hyde__P-06-12-2024__Florian-Minnerop-Anna-Langner-Mitte-Opernchor__Foto-Christina-Iberl-scaled.jpg\" alt=\"Media Image2\" title=\"\"><i class=\"fas fa-search-plus pop-icon\"><\/i><\/span><\/div><\/div><div class=\"post-content-bottom\"><p class=\"post-title tpgb-trans-easeinout\">Foto: Christina Iberl<\/p><\/div><\/div><\/a><\/div><div class=\"grid-item metro-item-2    tpgb-metro-3  tpgb-tab-metro-3  tpgb-mobile-metro-3 \"><a href=\"https:\/\/www.musical-today.de\/wp-content\/uploads\/2024\/12\/27-Jekyll-and-Hyde__P-06-12-2024__Florian-Minnerop__Foto-Christina-Iberl-scaled.jpg\" class=\"tpgb-gallery-list-content tpgb-trans-easeinout\" data-fancybox=\"956d14_9246\" data-caption=\"Foto: Christina Iberl\" aria-label=\"Foto: Christina Iberl\" target=\"_blank\" rel=\"noopener noreferrer nofollow\"><div class=\"post-content-image\"><div class=\"tpgb-metro-gallery-image\" style=\"background: url(http:\/\/www.musical-today.de\/wp-content\/uploads\/2024\/12\/27-Jekyll-and-Hyde__P-06-12-2024__Florian-Minnerop__Foto-Christina-Iberl-scaled.jpg);\"><\/div><\/div><div class=\"post-content-center\"><div class=\"post-zoom-icon\"><div class=\"meta-search-icon\"><span><img decoding=\"async\" class=\"fancy-img\" src=\"http:\/\/www.musical-today.de\/wp-content\/uploads\/2024\/12\/27-Jekyll-and-Hyde__P-06-12-2024__Florian-Minnerop__Foto-Christina-Iberl-scaled.jpg\" alt=\"Media Image3\" title=\"\"><i class=\"fas fa-search-plus pop-icon\"><\/i><\/span><\/div><\/div><div class=\"post-content-bottom\"><p class=\"post-title tpgb-trans-easeinout\">Foto: Christina Iberl<\/p><\/div><\/div><\/a><\/div><\/div><\/div><\/div>\n\n\n<p>In seiner Meininger Neuinszenierung redet sich Cusch Jung nicht auf eine boulevardeske Salonkom\u00f6die heraus, sondern nimmt die Sache tod- bzw. mordsernst. Imponierende Pfeiler, Portale, Nebelmaschinen und eine perfekt atmosph\u00e4rische Lichtregie sorgen f\u00fcr Londoner Nebeld\u00fcsternis, die Kost\u00fcme f\u00fcr Zeitgeist und reichlich Rotlicht f\u00fcr anr\u00fcchiges Tabledance- und Bordell-Ambiente. Hier spreizen sich die spie\u00dfigen Upperclass-Typen der Kommission (von Lord und Lady \u00fcber General bis Bischof) sowie die proletarischen Underdogs. Der von Roman David Rothenaicher einstudierte Chor folgt mit Lust der Choreografie von Jung. Auch der dosierte SM-Look um die allemal lasziv auftrumpfende Lucy passt wohldosiert dazu. In dieser Rolle als Geliebte und Opfer von Hyde setzt Anna Langner als Gast den Standard als Musical-Allrounderin. Wobei sich im Duett von Lucy und Lisa auch Ensemblemitglied Sara-Maria Saalmann in der Rolle von Jekylls Braut als Musicalbegabung von Rang outet.<\/p>\n\n\n\n<p>Mit dem Wildhorn-Musical ist Meiningen auf der sicheren Seite. \u201eJekyll &amp; Hyde\u201c bietet die genretypische musikalische Melange von balladesker Song-Romantik bis zum zackig hingerockten Chor-Parlando, immer wieder aufgelockert mit originellen Instrumentensoli. Kens Lui und die Meininger Hofkapelle machen daraus einen s\u00fcffigen Sound, der durchaus z\u00fcndet. Aber auch im Ganzen als sozusagen seri\u00f6se Musiktheater-Version funktioniert das ganz fabelhaft.<\/p>\n\n\n\n<p>Noch dazu, wenn man so ein spielfreudiges Ensemble und mit Florian Minnerop und Benjamin Sommerfeld als Doppelbesetzung f\u00fcr die Titelpartie mit ihren zwei Namen und Seiten gleich zwei wandlungsf\u00e4hige Musicalprofis zur Verf\u00fcgung hat. Wer den einen erlebt hat, der darf auch auf den anderen gespannt sein. Aus dem \u00fcbrigen Ensemble g\u00f6nnt die Regie auch Marianne Schechtel eine furiose Verwandlung. Am Tage im Habitus eine \u00fcberkandidelte Lady Beaconsfield, beweist sie nachts als Nellie Format im Rotlicht-Milieu. Bei der Hochzeitsszene denkt man f\u00fcr Momente, dass alles gut wird. Doch pl\u00f6tzlich wirkt die Verwandlung wie ein Anfall und wirft Jekyll zu Boden. Utterson gelingt es nicht, den verlorenen Freund zu erl\u00f6sen. Der wirft sich mit letzter Kraft selbst in dessen Degen. So geht der Abend als imponierendes Gesamtkunstwerk der makabren Art durchs Ziel.<\/p>\n\n\n\n<hr class=\"wp-block-separator has-alpha-channel-opacity is-style-dots\"\/>\n\n\n\n<p class=\"has-small-font-size\">Musikalische Leitung: Kens Lui \u2022 Regie und Choreografie: Cusch Jung \u2022 B\u00fchne: Karin Fritz \u2022 Kost\u00fcme: Sven Bindseil \u2022 Chor: Roman David Rothenaicher \u2022 Mit: Florian Minnerop\/Benjamin Sommerfeld (Dr. Henry Jekyll\/Edward Hyde), Anna Langner (Lucy Harris), Sara-Maria Saalmann (Lisa Carew), Cusch Jung (John Utterson), Shin Taniguchi (Sir Danvers Carew), Marianne Schechtel (Lady Beaconsfield\/Nellie), Johannes Mooser (Bischof von Basingstoke), Andreas Kalmbach (Lord Savage), Steffen K\u00f6llner (Simon Stride\/Spider), Matthias Richter (Poole), Silvio Wild (Sir Archibald Proops), Horst Arnold (General Lord Glossop), Tarik Akman (Priester), Sang-Seon Won (Bissett) u.a. \u2022 Chor des Staatstheaters Meiningen \u2022 Meininger Hofkapelle<\/p>\n\n\n\n<p class=\"has-small-font-size\">Aufmacherfoto: Christina Iberl<\/p>\n","protected":false},"excerpt":{"rendered":"<p>Im Dauerbrenner \u201eJekyll &amp; Hyde\u201c wird wieder gemordet Nach der Urauff\u00fchrung in Houston\/Texas 1990 lief Frank Wildhorns Musical \u201eJekyll &amp; Hyde\u201c ganze vier Jahre am New Yorker Broadway. Auch in Europa hat es l\u00e4ngst einen sicheren Platz im Repertoire kleinerer H\u00e4user. Schlie\u00dflich geht es um die dunkle Seite der menschlichen Natur \u2013 und darum, was passieren kann, wenn der Mensch dem Sch\u00f6pfer ins Handwerk pfuscht. Der Plot ist also aktueller denn je. Im Zentrum steht Dr. Henry Jekyll. Dem wird [&hellip;]<\/p>\n","protected":false},"author":44,"featured_media":9241,"comment_status":"closed","ping_status":"closed","sticky":false,"template":"","format":"standard","meta":{"tpgb_global_settings":"","footnotes":""},"categories":[203],"tags":[],"class_list":["post-9246","post","type-post","status-publish","format-standard","has-post-thumbnail","hentry","category-meiningen"],"tpgb_featured_images":{"full":["http:\/\/www.musical-today.de\/wp-content\/uploads\/2024\/12\/23-Jekyll-and-Hyde__P-06-12-2024__Anna-Langner-Florian-Minnerop__Foto-Christina-Iberl-scaled.jpg",2560,1707,false],"tp-image-grid":["http:\/\/www.musical-today.de\/wp-content\/uploads\/2024\/12\/23-Jekyll-and-Hyde__P-06-12-2024__Anna-Langner-Florian-Minnerop__Foto-Christina-Iberl-700x700.jpg",700,700,true],"thumbnail":["http:\/\/www.musical-today.de\/wp-content\/uploads\/2024\/12\/23-Jekyll-and-Hyde__P-06-12-2024__Anna-Langner-Florian-Minnerop__Foto-Christina-Iberl-600x400.jpg",600,400,true],"medium":["http:\/\/www.musical-today.de\/wp-content\/uploads\/2024\/12\/23-Jekyll-and-Hyde__P-06-12-2024__Anna-Langner-Florian-Minnerop__Foto-Christina-Iberl-1200x800.jpg",1200,800,true],"medium_large":["http:\/\/www.musical-today.de\/wp-content\/uploads\/2024\/12\/23-Jekyll-and-Hyde__P-06-12-2024__Anna-Langner-Florian-Minnerop__Foto-Christina-Iberl-949x633.jpg",770,514,true],"large":["http:\/\/www.musical-today.de\/wp-content\/uploads\/2024\/12\/23-Jekyll-and-Hyde__P-06-12-2024__Anna-Langner-Florian-Minnerop__Foto-Christina-Iberl-1920x1280.jpg",1139,759,true],"default":"http:\/\/www.musical-today.de\/wp-content\/plugins\/the-plus-addons-for-block-editor\/assets\/images\/tpgb-placeholder.jpg"},"tpgb_post_meta_info":{"get_date":"09.12.2024","get_modified_date":"15.04.2025","category_list":{"category":[{"term_id":203,"name":"Meiningen","slug":"meiningen","term_group":0,"term_taxonomy_id":203,"taxonomy":"category","description":"","parent":19,"count":1,"filter":"raw","term_order":"67"}],"post_tag":false,"post_format":false},"author_name":"Dr. Joachim Lange","author_url":"http:\/\/www.musical-today.de\/en\/autor\/joachimlange\/","author_email":"temporary-removeq47W7zszT2mAxi8@tmp.com","author_website":"","author_description":"lebt in Halle an der Saale. Er studierte und promovierte an der Martin-Luther-Universit\u00e4t Halle-Wittenberg. Seine Leidenschaft f\u00fcr Musiktheater und Schauspiel wurde fr\u00fch geweckt, u.a. durch Regiearbeiten von Herz, Berghaus, Kupfer und Konwitschny. Seit Beginn der neunziger Jahre arbeitet er als freier Kulturjournalist.","author_facebook":"","author_twitter":"","author_instagram":"","author_role":["author"],"author_firstname":"Dr. Joachim","author_lastname":"Lange","user_login":"joachimlange","author_avatar":"<img src=\"http:\/\/www.musical-today.de\/wp-content\/uploads\/2024\/03\/Autor_Lange-293x293.jpg\" width=\"200\" height=\"200\" alt=\"Dr. Joachim Lange\" class=\"avatar avatar-200 wp-user-avatar wp-user-avatar-200 alignnone photo\" \/>","author_avatar_url":"http:\/\/www.musical-today.de\/wp-content\/uploads\/2024\/03\/Autor_Lange.jpg","comment_count":0,"post_likes":0,"post_views":0},"tpgb_post_category":{"category":"<a href=\"http:\/\/www.musical-today.de\/en\/deutschland\/meiningen\/\" alt=\"Meiningen\"  class=\"category-meiningen\">Meiningen<\/a> "},"_links":{"self":[{"href":"http:\/\/www.musical-today.de\/en\/wp-json\/wp\/v2\/posts\/9246","targetHints":{"allow":["GET"]}}],"collection":[{"href":"http:\/\/www.musical-today.de\/en\/wp-json\/wp\/v2\/posts"}],"about":[{"href":"http:\/\/www.musical-today.de\/en\/wp-json\/wp\/v2\/types\/post"}],"author":[{"embeddable":true,"href":"http:\/\/www.musical-today.de\/en\/wp-json\/wp\/v2\/users\/44"}],"replies":[{"embeddable":true,"href":"http:\/\/www.musical-today.de\/en\/wp-json\/wp\/v2\/comments?post=9246"}],"version-history":[{"count":0,"href":"http:\/\/www.musical-today.de\/en\/wp-json\/wp\/v2\/posts\/9246\/revisions"}],"wp:featuredmedia":[{"embeddable":true,"href":"http:\/\/www.musical-today.de\/en\/wp-json\/wp\/v2\/media\/9241"}],"wp:attachment":[{"href":"http:\/\/www.musical-today.de\/en\/wp-json\/wp\/v2\/media?parent=9246"}],"wp:term":[{"taxonomy":"category","embeddable":true,"href":"http:\/\/www.musical-today.de\/en\/wp-json\/wp\/v2\/categories?post=9246"},{"taxonomy":"post_tag","embeddable":true,"href":"http:\/\/www.musical-today.de\/en\/wp-json\/wp\/v2\/tags?post=9246"}],"curies":[{"name":"wp","href":"https:\/\/api.w.org\/{rel}","templated":true}]}}