{"id":9507,"date":"2025-01-20T16:10:58","date_gmt":"2025-01-20T15:10:58","guid":{"rendered":"https:\/\/www.musical-today.de\/?p=9507"},"modified":"2025-04-15T14:28:19","modified_gmt":"2025-04-15T12:28:19","slug":"hof-hedwig-and-the-angry-inch","status":"publish","type":"post","link":"http:\/\/www.musical-today.de\/en\/hof-hedwig-and-the-angry-inch\/","title":{"rendered":"Hedwig and the Angry Inch"},"content":{"rendered":"<div class=\"lets-info-up-wrap  lets-info-up--right lets-info-up--m-1 lets-info-up-skin-3 lets-info-up--side lets-info-up-90340\" style=\"background:#fafafa; color: #616161\">\t\t\t<div class=\"lets-info-up\">\r\n\t\t\t<div class=\"lets-info-up-fi\"><img decoding=\"async\" width=\"500\" height=\"333\" src=\"http:\/\/www.musical-today.de\/wp-content\/uploads\/2024\/01\/qi-addons-for-elementor-placeholder-500x333.png\" class=\"attachment-lets-info-up-d1 size-lets-info-up-d1\" alt=\"|\" srcset=\"http:\/\/www.musical-today.de\/wp-content\/uploads\/2024\/01\/qi-addons-for-elementor-placeholder-500x333.png 500w, http:\/\/www.musical-today.de\/wp-content\/uploads\/2024\/01\/qi-addons-for-elementor-placeholder-300x200.png 300w, http:\/\/www.musical-today.de\/wp-content\/uploads\/2024\/01\/qi-addons-for-elementor-placeholder-1024x683.png 1024w, http:\/\/www.musical-today.de\/wp-content\/uploads\/2024\/01\/qi-addons-for-elementor-placeholder-883x589.png 883w, http:\/\/www.musical-today.de\/wp-content\/uploads\/2024\/01\/qi-addons-for-elementor-placeholder-18x12.png 18w, http:\/\/www.musical-today.de\/wp-content\/uploads\/2024\/01\/qi-addons-for-elementor-placeholder-360x240.png 360w, http:\/\/www.musical-today.de\/wp-content\/uploads\/2024\/01\/qi-addons-for-elementor-placeholder-1155x770.png 1155w, http:\/\/www.musical-today.de\/wp-content\/uploads\/2024\/01\/qi-addons-for-elementor-placeholder-370x247.png 370w, http:\/\/www.musical-today.de\/wp-content\/uploads\/2024\/01\/qi-addons-for-elementor-placeholder-770x513.png 770w, http:\/\/www.musical-today.de\/wp-content\/uploads\/2024\/01\/qi-addons-for-elementor-placeholder-293x195.png 293w, http:\/\/www.musical-today.de\/wp-content\/uploads\/2024\/01\/qi-addons-for-elementor-placeholder-120x80.png 120w, http:\/\/www.musical-today.de\/wp-content\/uploads\/2024\/01\/qi-addons-for-elementor-placeholder-240x160.png 240w, http:\/\/www.musical-today.de\/wp-content\/uploads\/2024\/01\/qi-addons-for-elementor-placeholder-390x260.png 390w, http:\/\/www.musical-today.de\/wp-content\/uploads\/2024\/01\/qi-addons-for-elementor-placeholder.png 1200w\" sizes=\"(max-width: 500px) 100vw, 500px\" title=\"\"><\/div>\t\t\t<div class=\"lets-info-up-block-wrap\">\r\n\t\t\t\t<div class=\"lets-info-up-block lets-info-up-meta-block\"><div class=\"lets-info-up-meta-title lets-info-up-pretitle font-h\" style=\"color: #8c6d18;\">oRT<\/div><div class=\"lets-info-up-meta-content lets-info-up-title font-b\">Theater Hof<\/div><\/div><div class=\"lets-info-up-block lets-info-up-meta-block\"><div class=\"lets-info-up-meta-title lets-info-up-pretitle font-h\" style=\"color: #8c6d18;\">von<\/div><div class=\"lets-info-up-meta-content lets-info-up-title font-b\">John Cameron Mitchell (Buch)<br>Stephen Trask (Musik und Gesangstexte)<\/div><\/div><div class=\"lets-info-up-block lets-info-up-meta-block\"><div class=\"lets-info-up-meta-title lets-info-up-pretitle font-h\" style=\"color: #8c6d18;\">Regie<\/div><div class=\"lets-info-up-meta-content lets-info-up-title font-b\">Timo Rad\u00fcnz<\/div><\/div><div class=\"lets-info-up-block lets-info-up-meta-block\"><div class=\"lets-info-up-meta-title lets-info-up-pretitle font-h\" style=\"color: #8c6d18;\">Urauff\u00fchrung<\/div><div class=\"lets-info-up-meta-content lets-info-up-title font-b\">1998<\/div><\/div><div class=\"lets-info-up-block lets-info-up-meta-block\"><div class=\"lets-info-up-meta-title lets-info-up-pretitle font-h\" style=\"color: #8c6d18;\">INFOS<\/div><div class=\"lets-info-up-meta-content lets-info-up-title font-b\"><a href=\"https:\/\/www.theater-hof.de\/spielplan\/stuecke\/detail\/hedwig-and-the-angry-inch\" target=\"_blank\" rel=\"noreferrer noopener\">www.theater-hof.de<\/a><\/div><\/div>\t\t\t<\/div>\r\n\t\t\t<\/div>\r\n\t\t<\/div>\r\n\t\t\n\n\n<p><strong>Das Kultst\u00fcck \u201eHedwig and the Angry Inch\u201c setzt ein starkes Pl\u00e4doyer f\u00fcr Toleranz<\/strong><\/p>\n\n\n\n<p>Beim Einlass herrscht schon rege Gesch\u00e4ftigkeit auf der Vorb\u00fchne. Die Musiker*innen gehen zu ihren Instrumenten und spielen sich ein. Hedwig betrachtet die Location ihres Konzerts, Ehemann Yitzhak hilft, checkt die Mikrofone, telefoniert. All das versetzt das Publikum schon vor Beginn des eigentlichen St\u00fcckes in die Situation und l\u00e4sst es aktiven Teil davon werden. Das zieht sich auch im weiteren Verlauf durch den Abend: Rock-S\u00e4ngerin Hedwig gibt ein Konzert im Hofer Theater und plaudert zwischen den Songs immer wieder aus ihrem bewegten Leben \u2013 das Publikum wird durch (teils auch provakante) Kommentare mit einbezogen.<\/p>\n\n\n\n<p>So erfahren die Zuschauer*innen, dass Hedwig als Hansel in der DDR geboren wurde und ein amerikanischer GI sich in sie verliebte und anbot, sie zu heiraten, um ihm damit in die USA folgen zu k\u00f6nnen. Die geschlechtsangleichende Operation wurde durch einen betrunkenen Arzt verpfuscht \u2013 zur\u00fcck blieb ein \u201eAngry Inch\u201c, der Hedwig auch weiterhin an ihr vormaliges Geschlecht erinnert. Die Ehe scheiterte nach kurzer Zeit und die musik-affine Hedwig lernte Tommy kennen. F\u00fcr ihn schrieb sie Songs und verhalf ihm zum gro\u00dfen Ruhm. Aber auch diese Beziehung zerbrach, Tommy reklamierte die Lieder als seine eigenen und lie\u00df Hedwig sitzen. Sie verlor jedoch nicht die Hoffnung, dennoch ihre bessere H\u00e4lfte zu finden. So tingelte sie weiter als S\u00e4ngerin durch die Lande und lernte ihren jetzigen Ehemann Yitzhak kennen, der als Dragqueen in ihrem Vorprogramm auftrat. Mittlerweile k\u00fcmmert Yitzhak sich um den Ablauf ihrer Konzerte und erduldet selbstlos s\u00e4mtliche Schikanen, die Hedwig ihm entgegenbringt &#8230;<\/p>\n\n\n<div  class=\"tpgb-wrap-956d14_9507  tpgb-wrap-fw \"  ><div id=\"956d14_9507\" class=\"tpgb-block-956d14_9507 tpgb-relative-block tpgb-gallery-list tpgb-metro gallery-style-2 hover-image-style-1   \" data-style=\"style-2\" data-id=\"956d14_9507\" data-layout=\"metro\" data-fancy-option='{\"loop\":false,\"thumb\":\"no\",\"infobar\":true,\"arrows\":true,\"transitionEffect\":\"slide\",\"button\":[\"close\"]}' data-splide='\"\"' data-metroAttr= '{\"metro_col\":3,\"tab_metro_col\":3,\"mobile_metro_col\":3,\"metro_style\":\"style-1\",\"tab_metro_style\":\"style-1\",\"mobile_metro_style\":\"style-1\"}' ><div class=\"tpgb-row post-loop-inner \"><div class=\"grid-item metro-item-0    tpgb-metro-1  tpgb-tab-metro-1  tpgb-mobile-metro-1 \"><a href=\"https:\/\/www.musical-today.de\/wp-content\/uploads\/2025\/01\/5576-e1737322723293.jpg\" class=\"tpgb-gallery-list-content tpgb-trans-easeinout\" data-fancybox=\"956d14_9507\" data-caption=\"Foto: H. Dietz Fotografie\" aria-label=\"Foto: H. Dietz Fotografie\" target=\"_blank\" rel=\"noopener noreferrer nofollow\"><div class=\"post-content-image\"><div class=\"tpgb-metro-gallery-image\" style=\"background: url(http:\/\/www.musical-today.de\/wp-content\/uploads\/2025\/01\/5576-e1737322723293.jpg);\"><\/div><\/div><div class=\"post-content-center\"><div class=\"post-zoom-icon\"><div class=\"meta-search-icon\"><span><img decoding=\"async\" class=\"fancy-img\" src=\"http:\/\/www.musical-today.de\/wp-content\/uploads\/2025\/01\/5576-e1737322723293.jpg\" alt=\"Media Image1\" title=\"\"><i class=\"fas fa-search-plus pop-icon\"><\/i><\/span><\/div><\/div><div class=\"post-content-bottom\"><p class=\"post-title tpgb-trans-easeinout\">Foto: H. Dietz Fotografie<\/p><\/div><\/div><\/a><\/div><div class=\"grid-item metro-item-1    tpgb-metro-2  tpgb-tab-metro-2  tpgb-mobile-metro-2 \"><a href=\"https:\/\/www.musical-today.de\/wp-content\/uploads\/2025\/01\/3880-e1737322900357.jpg\" class=\"tpgb-gallery-list-content tpgb-trans-easeinout\" data-fancybox=\"956d14_9507\" data-caption=\"Foto: H. Dietz Fotografie\" aria-label=\"Foto: H. Dietz Fotografie\" target=\"_blank\" rel=\"noopener noreferrer nofollow\"><div class=\"post-content-image\"><div class=\"tpgb-metro-gallery-image\" style=\"background: url(http:\/\/www.musical-today.de\/wp-content\/uploads\/2025\/01\/3880-e1737322900357.jpg);\"><\/div><\/div><div class=\"post-content-center\"><div class=\"post-zoom-icon\"><div class=\"meta-search-icon\"><span><img decoding=\"async\" class=\"fancy-img\" src=\"http:\/\/www.musical-today.de\/wp-content\/uploads\/2025\/01\/3880-e1737322900357.jpg\" alt=\"Media Image2\" title=\"\"><i class=\"fas fa-search-plus pop-icon\"><\/i><\/span><\/div><\/div><div class=\"post-content-bottom\"><p class=\"post-title tpgb-trans-easeinout\">Foto: H. Dietz Fotografie<\/p><\/div><\/div><\/a><\/div><div class=\"grid-item metro-item-2    tpgb-metro-3  tpgb-tab-metro-3  tpgb-mobile-metro-3 \"><a href=\"https:\/\/www.musical-today.de\/wp-content\/uploads\/2025\/01\/3970-e1737322852662.jpg\" class=\"tpgb-gallery-list-content tpgb-trans-easeinout\" data-fancybox=\"956d14_9507\" data-caption=\"Foto: H. Dietz Fotografie\" aria-label=\"Foto: H. Dietz Fotografie\" target=\"_blank\" rel=\"noopener noreferrer nofollow\"><div class=\"post-content-image\"><div class=\"tpgb-metro-gallery-image\" style=\"background: url(http:\/\/www.musical-today.de\/wp-content\/uploads\/2025\/01\/3970-e1737322852662.jpg);\"><\/div><\/div><div class=\"post-content-center\"><div class=\"post-zoom-icon\"><div class=\"meta-search-icon\"><span><img decoding=\"async\" class=\"fancy-img\" src=\"http:\/\/www.musical-today.de\/wp-content\/uploads\/2025\/01\/3970-e1737322852662.jpg\" alt=\"Media Image3\" title=\"\"><i class=\"fas fa-search-plus pop-icon\"><\/i><\/span><\/div><\/div><div class=\"post-content-bottom\"><p class=\"post-title tpgb-trans-easeinout\">Foto: H. Dietz Fotografie<\/p><\/div><\/div><\/a><\/div><\/div><\/div><\/div>\n\n\n<p>Das St\u00fcck \u2013 durch seine Struktur nat\u00fcrlich kein traditionelles Book Musical \u2013 zeigt immer wieder neue Aspekte von Hedwigs Pers\u00f6nlichkeit. Ihr Gem\u00fctszustand schwankt zwischen Ausgelassenheit und tiefster Trauer, zwischen Verachtung f\u00fcr ihre Mitmenschen und ehrlicher Anteilnahme am Schicksal anderer. All dies vermittelt Hauptdarstellerin AMY \u00fcberzeugend. Man merkt, dass sie die Partie bereits mehrfach gespielt und die Titelrolle verinnerlicht hat. Auch auf stimmlicher Ebene kann sie \u00fcberzeugen, sowohl in den rockigen Passagen als auch w\u00e4hrend der ruhigen Momente.<\/p>\n\n\n\n<p>Cornelia L\u00f6hr zeigt als Yitzhak eine unterw\u00fcrfige Person, die vieles von Hedwig erdulden muss, das ertr\u00e4gt und dennoch daf\u00fcr sorgt, dass Hedwigs Leben funktioniert. L\u00f6hr kann sowohl in den Duett-Passagen mit AMY als auch w\u00e4hrend der wenigen solistischen Momente die Wandlungsf\u00e4higkeit ihrer Stimme unter Beweis stellen. Die Musiker*innen von Hedwigs vierk\u00f6pfiger Band (am Premierenabend Amy Brinkman-Davis, Oliver Schmidt, Ralf Wunschelmeier und Harry Tr\u00f6ger) liefern unter der musikalischen Leitung von Michael Falk den jeweils passenden Sound, der trotz entsprechendem Hinweis vor Beginn der Vorstellung nie zu laut ger\u00e4t.<\/p>\n\n\n\n<p>Bewusst hat das Theater Hof als G\u00e4ste f\u00fcr diese Produktion ein queeres Team engagiert. Neben trans* Frau AMY zeichnet Timo Rad\u00fcnz (nicht-bin\u00e4r) sowohl f\u00fcr Regie als auch Ausstattung und Videoprojektionen verantwortlich. Die Inszenierung verortet das Geschehen konkret im Theater Hof, wo Hedwig ihr Konzert gibt, und der gegen\u00fcberliegenden Freiheitshalle, in der zur gleichen Zeit Tommy auftritt. Die Ausstattung ist \u00e4sthetisch in den 90er Jahren angesiedelt, wodurch die Benutzung von Smartphones allerdings etwas komisch wirkt. Mit viel Tempo f\u00fchrt Rad\u00fcnz seine Darsteller*innen durch den Abend, es wird nicht langweilig und das Publikum trotz aller humorvollen Momente zum Nachdenken angeregt.<\/p>\n\n\n\n<p>Am Ende werden verschiedene Zitate von trans* Personen eingeblendet, die ihre Situation in der Gesellschaft beschreiben und zeigen, dass immer noch ein weiter Weg zu gehen ist. Diese Produktion tr\u00e4gt auf jeden Fall mit einem starken Pl\u00e4doyer f\u00fcr Toleranz dazu bei.<\/p>\n\n\n\n<hr class=\"wp-block-separator has-alpha-channel-opacity is-style-dots\"\/>\n\n\n\n<p class=\"has-small-font-size\">Musikalische Leitung: Michael Falk \u2022 Regie, Ausstattung und Video: Timo Rad\u00fcnz \u2022 Licht: J\u00fcrgen Burger \u2022 Mit: AMY (Hedwig), Cornelia L\u00f6hr (Yitzhak), Timo Rad\u00fcnz (Stimme Tommy) \u2022 Band: Amy Brinkman-Davis (Klavierdirektion), Oliver Schmidt (Gitarre), Ralf Wunschelmeier (Bass), Harry Tr\u00f6ger (Drums)<\/p>\n\n\n\n<p class=\"has-small-font-size\">Aufmacherfoto: H. Dietz Fotografie<\/p>\n","protected":false},"excerpt":{"rendered":"<p>Das Kultst\u00fcck \u201eHedwig and the Angry Inch\u201c setzt ein starkes Pl\u00e4doyer f\u00fcr Toleranz Beim Einlass herrscht schon rege Gesch\u00e4ftigkeit auf der Vorb\u00fchne. Die Musiker*innen gehen zu ihren Instrumenten und spielen sich ein. Hedwig betrachtet die Location ihres Konzerts, Ehemann Yitzhak hilft, checkt die Mikrofone, telefoniert. All das versetzt das Publikum schon vor Beginn des eigentlichen St\u00fcckes in die Situation und l\u00e4sst es aktiven Teil davon werden. Das zieht sich auch im weiteren Verlauf durch den Abend: Rock-S\u00e4ngerin Hedwig gibt ein [&hellip;]<\/p>\n","protected":false},"author":22,"featured_media":9497,"comment_status":"closed","ping_status":"closed","sticky":false,"template":"","format":"standard","meta":{"tpgb_global_settings":"","footnotes":""},"categories":[74],"tags":[],"class_list":["post-9507","post","type-post","status-publish","format-standard","has-post-thumbnail","hentry","category-hof"],"tpgb_featured_images":{"full":["http:\/\/www.musical-today.de\/wp-content\/uploads\/2025\/01\/3996-e1737322796661.jpg",2244,1496,false],"tp-image-grid":["http:\/\/www.musical-today.de\/wp-content\/uploads\/2025\/01\/3996-e1737322796661-700x700.jpg",700,700,true],"thumbnail":["http:\/\/www.musical-today.de\/wp-content\/uploads\/2025\/01\/3996-e1737322796661-600x400.jpg",600,400,true],"medium":["http:\/\/www.musical-today.de\/wp-content\/uploads\/2025\/01\/3996-e1737322796661-1200x800.jpg",1200,800,true],"medium_large":["http:\/\/www.musical-today.de\/wp-content\/uploads\/2025\/01\/3996-e1737322796661-949x633.jpg",770,514,true],"large":["http:\/\/www.musical-today.de\/wp-content\/uploads\/2025\/01\/3996-e1737322796661-1920x1280.jpg",1139,759,true],"default":"http:\/\/www.musical-today.de\/wp-content\/plugins\/the-plus-addons-for-block-editor\/assets\/images\/tpgb-placeholder.jpg"},"tpgb_post_meta_info":{"get_date":"20.01.2025","get_modified_date":"15.04.2025","category_list":{"category":[{"term_id":74,"name":"Hof","slug":"hof","term_group":0,"term_taxonomy_id":74,"taxonomy":"category","description":"","parent":19,"count":6,"filter":"raw","term_order":"52"}],"post_tag":false,"post_format":false},"author_name":"Dr. Thomas Schramm","author_url":"http:\/\/www.musical-today.de\/en\/autor\/thomasschramm\/","author_email":"online92883@musical-today.de","author_website":"","author_description":"wurde in Oberfranken geboren, studierte Theaterwissenschaften an der Universit\u00e4t Bayreuth und verfasste dort seine Dissertation zum Thema \u201eTolkiens \u201aDer Herr der Ringe\u2018: Roman \u2013 Film \u2013 Musical\u201c. Nach mehreren Jahren als Regieassistent und Spielleiter in M\u00fcnchen ist er nun im administrativen Bereich eines Opernfestivals t\u00e4tig.","author_facebook":"","author_twitter":"","author_instagram":"","author_role":["author"],"author_firstname":"Dr. Thomas","author_lastname":"Schramm","user_login":"thomasschramm","author_avatar":"<img src=\"http:\/\/www.musical-today.de\/wp-content\/uploads\/2024\/03\/Dr.-Thomas-Schramm-293x293.jpeg\" width=\"200\" height=\"200\" alt=\"Dr. Thomas Schramm\" class=\"avatar avatar-200 wp-user-avatar wp-user-avatar-200 alignnone photo\" \/>","author_avatar_url":"http:\/\/www.musical-today.de\/wp-content\/uploads\/2024\/03\/Dr.-Thomas-Schramm.jpeg","comment_count":0,"post_likes":0,"post_views":0},"tpgb_post_category":{"category":"<a href=\"http:\/\/www.musical-today.de\/en\/deutschland\/hof\/\" alt=\"Hof\"  class=\"category-hof\">Hof<\/a> "},"_links":{"self":[{"href":"http:\/\/www.musical-today.de\/en\/wp-json\/wp\/v2\/posts\/9507","targetHints":{"allow":["GET"]}}],"collection":[{"href":"http:\/\/www.musical-today.de\/en\/wp-json\/wp\/v2\/posts"}],"about":[{"href":"http:\/\/www.musical-today.de\/en\/wp-json\/wp\/v2\/types\/post"}],"author":[{"embeddable":true,"href":"http:\/\/www.musical-today.de\/en\/wp-json\/wp\/v2\/users\/22"}],"replies":[{"embeddable":true,"href":"http:\/\/www.musical-today.de\/en\/wp-json\/wp\/v2\/comments?post=9507"}],"version-history":[{"count":0,"href":"http:\/\/www.musical-today.de\/en\/wp-json\/wp\/v2\/posts\/9507\/revisions"}],"wp:featuredmedia":[{"embeddable":true,"href":"http:\/\/www.musical-today.de\/en\/wp-json\/wp\/v2\/media\/9497"}],"wp:attachment":[{"href":"http:\/\/www.musical-today.de\/en\/wp-json\/wp\/v2\/media?parent=9507"}],"wp:term":[{"taxonomy":"category","embeddable":true,"href":"http:\/\/www.musical-today.de\/en\/wp-json\/wp\/v2\/categories?post=9507"},{"taxonomy":"post_tag","embeddable":true,"href":"http:\/\/www.musical-today.de\/en\/wp-json\/wp\/v2\/tags?post=9507"}],"curies":[{"name":"wp","href":"https:\/\/api.w.org\/{rel}","templated":true}]}}