{"id":9590,"date":"2025-02-04T09:52:21","date_gmt":"2025-02-04T08:52:21","guid":{"rendered":"https:\/\/www.musical-today.de\/?p=9590"},"modified":"2025-04-15T14:28:19","modified_gmt":"2025-04-15T12:28:19","slug":"salzburg-skiverliebt","status":"publish","type":"post","link":"http:\/\/www.musical-today.de\/en\/salzburg-skiverliebt\/","title":{"rendered":"Skiverliebt"},"content":{"rendered":"<div class=\"lets-info-up-wrap  lets-info-up--right lets-info-up--m-1 lets-info-up-skin-3 lets-info-up--side lets-info-up-19010\" style=\"background:#fafafa; color: #616161\">\t\t\t<div class=\"lets-info-up\">\r\n\t\t\t<div class=\"lets-info-up-fi\"><img decoding=\"async\" width=\"500\" height=\"333\" src=\"http:\/\/www.musical-today.de\/wp-content\/uploads\/2024\/01\/qi-addons-for-elementor-placeholder-500x333.png\" class=\"attachment-lets-info-up-d1 size-lets-info-up-d1\" alt=\"|\" srcset=\"http:\/\/www.musical-today.de\/wp-content\/uploads\/2024\/01\/qi-addons-for-elementor-placeholder-500x333.png 500w, http:\/\/www.musical-today.de\/wp-content\/uploads\/2024\/01\/qi-addons-for-elementor-placeholder-300x200.png 300w, http:\/\/www.musical-today.de\/wp-content\/uploads\/2024\/01\/qi-addons-for-elementor-placeholder-1024x683.png 1024w, http:\/\/www.musical-today.de\/wp-content\/uploads\/2024\/01\/qi-addons-for-elementor-placeholder-883x589.png 883w, http:\/\/www.musical-today.de\/wp-content\/uploads\/2024\/01\/qi-addons-for-elementor-placeholder-18x12.png 18w, http:\/\/www.musical-today.de\/wp-content\/uploads\/2024\/01\/qi-addons-for-elementor-placeholder-360x240.png 360w, http:\/\/www.musical-today.de\/wp-content\/uploads\/2024\/01\/qi-addons-for-elementor-placeholder-1155x770.png 1155w, http:\/\/www.musical-today.de\/wp-content\/uploads\/2024\/01\/qi-addons-for-elementor-placeholder-370x247.png 370w, http:\/\/www.musical-today.de\/wp-content\/uploads\/2024\/01\/qi-addons-for-elementor-placeholder-770x513.png 770w, http:\/\/www.musical-today.de\/wp-content\/uploads\/2024\/01\/qi-addons-for-elementor-placeholder-293x195.png 293w, http:\/\/www.musical-today.de\/wp-content\/uploads\/2024\/01\/qi-addons-for-elementor-placeholder-120x80.png 120w, http:\/\/www.musical-today.de\/wp-content\/uploads\/2024\/01\/qi-addons-for-elementor-placeholder-240x160.png 240w, http:\/\/www.musical-today.de\/wp-content\/uploads\/2024\/01\/qi-addons-for-elementor-placeholder-390x260.png 390w, http:\/\/www.musical-today.de\/wp-content\/uploads\/2024\/01\/qi-addons-for-elementor-placeholder.png 1200w\" sizes=\"(max-width: 500px) 100vw, 500px\" title=\"\"><\/div>\t\t\t<div class=\"lets-info-up-block-wrap\">\r\n\t\t\t\t<div class=\"lets-info-up-block lets-info-up-meta-block\"><div class=\"lets-info-up-meta-title lets-info-up-pretitle font-h\" style=\"color: #8c6d18;\">oRT<\/div><div class=\"lets-info-up-meta-content lets-info-up-title font-b\">Salzburger Landestheater<\/div><\/div><div class=\"lets-info-up-block lets-info-up-meta-block\"><div class=\"lets-info-up-meta-title lets-info-up-pretitle font-h\" style=\"color: #8c6d18;\">von<\/div><div class=\"lets-info-up-meta-content lets-info-up-title font-b\">Anna Lukasser-Weitlaner (Buch)<br>Martin Lingnau (Musik)<br>Frank Ramond (Gesangstexte)<\/div><\/div><div class=\"lets-info-up-block lets-info-up-meta-block\"><div class=\"lets-info-up-meta-title lets-info-up-pretitle font-h\" style=\"color: #8c6d18;\">Regie<\/div><div class=\"lets-info-up-meta-content lets-info-up-title font-b\">Andreas Gergen<\/div><\/div><div class=\"lets-info-up-block lets-info-up-meta-block\"><div class=\"lets-info-up-meta-title lets-info-up-pretitle font-h\" style=\"color: #8c6d18;\">Urauff\u00fchrung<\/div><div class=\"lets-info-up-meta-content lets-info-up-title font-b\">2025<\/div><\/div><div class=\"lets-info-up-block lets-info-up-meta-block\"><div class=\"lets-info-up-meta-title lets-info-up-pretitle font-h\" style=\"color: #8c6d18;\">INFOS<\/div><div class=\"lets-info-up-meta-content lets-info-up-title font-b\"><a href=\"https:\/\/www.salzburger-landestheater.at\/de\/produktionen\/skiverliebt-zwei-brettln-die-die-welt-bedeuten.html\" target=\"_blank\" rel=\"noopener noreferrer nofollow\">www.salzburger-landestheater.at<\/a><\/div><\/div>\t\t\t<\/div>\r\n\t\t\t<\/div>\r\n\t\t<\/div>\r\n\t\t\n\n\n<p><strong>Mit viel Tempo auf die B\u00fchne\/Piste: das rundum gelungene Pop-Revue-Operetten-Singspiel-Musical (!) \u201eSkiverliebt\u201c<\/strong><\/p>\n\n\n\n<p>Wie \u00d6sterreich bei der heimischen Ski-WM abschneidet, ist am Tag der Premiere noch nicht abzusehen. Mit einem eigens komponierten Auftragswerk liegt das Salzburger Landestheater in Sachen Rahmenprogramm aber bereits ganz weit vorne: \u201eSkiverliebt\u201c, das sind rasante, farbenfrohe und skurrile drei Stunden beste Unterhaltung.<\/p>\n\n\n\n<p>Da ist zum einen die vielschichtige Komposition von Martin Lingnau, die sich augenzwinkernd an jedem verf\u00fcgbaren musikalischen \u00d6sterreich-Klischee bedient. Frech und in atemberaubendem Tempo wird man von dieser musikalischen Mixtur durch die Genres \u201egeschleudert\u201c wie ein Skifahrer um die Stangen. Man jodelt, schuhplattelt, walzert und r\u00fchrt zu Tr\u00e4nen, nur um sich Sekunden sp\u00e4ter auf einer Apr\u00e8s-Ski-Party wiederzufinden. Das Mozarteumorchester, der Chor und das Ballett des Salzburger Landestheaters unter Tobias Meichsner haben sp\u00fcrbaren Spa\u00df an diesem \u201eRitt\u201c, flankiert vom fast unersch\u00f6pflichen Ideenreichtum von Regisseur Andreas Gergen. Ausgesprochen besonders sind Christian Floerens fantasievolle B\u00fchnenideen, deren Witz und Farbigkeit mit den knalligen Kost\u00fcmen von Johanna Lakner f\u00fcr einige Aha-Momente sorgen.<\/p>\n\n\n<div  class=\"tpgb-wrap-956d14_9590  tpgb-wrap-fw \"  ><div id=\"956d14_9590\" class=\"tpgb-block-956d14_9590 tpgb-relative-block tpgb-gallery-list tpgb-metro gallery-style-2 hover-image-style-1   \" data-style=\"style-2\" data-id=\"956d14_9590\" data-layout=\"metro\" data-fancy-option='{\"loop\":false,\"thumb\":\"no\",\"infobar\":true,\"arrows\":true,\"transitionEffect\":\"slide\",\"button\":[\"close\"]}' data-splide='\"\"' data-metroAttr= '{\"metro_col\":3,\"tab_metro_col\":3,\"mobile_metro_col\":3,\"metro_style\":\"style-1\",\"tab_metro_style\":\"style-1\",\"mobile_metro_style\":\"style-1\"}' ><div class=\"tpgb-row post-loop-inner \"><div class=\"grid-item metro-item-0    tpgb-metro-1  tpgb-tab-metro-1  tpgb-mobile-metro-1 \"><a href=\"https:\/\/www.musical-today.de\/wp-content\/uploads\/2025\/02\/037_Anna-Barbara-Bonatto-und-Anna-Rosa-Doeller_Skiverliebt_\u00a9SLT-Tobias-Witzgall_LT1_1183-scaled.jpg\" class=\"tpgb-gallery-list-content tpgb-trans-easeinout\" data-fancybox=\"956d14_9590\" data-caption=\"Foto: SLT\/Tobias Witzgall\" aria-label=\"Foto: SLT\/Tobias Witzgall\" target=\"_blank\" rel=\"noopener noreferrer nofollow\"><div class=\"post-content-image\"><div class=\"tpgb-metro-gallery-image\" style=\"background: url(http:\/\/www.musical-today.de\/wp-content\/uploads\/2025\/02\/037_Anna-Barbara-Bonatto-und-Anna-Rosa-Doeller_Skiverliebt_\u00a9SLT-Tobias-Witzgall_LT1_1183-scaled.jpg);\"><\/div><\/div><div class=\"post-content-center\"><div class=\"post-zoom-icon\"><div class=\"meta-search-icon\"><span><img decoding=\"async\" class=\"fancy-img\" src=\"http:\/\/www.musical-today.de\/wp-content\/uploads\/2025\/02\/037_Anna-Barbara-Bonatto-und-Anna-Rosa-Doeller_Skiverliebt_\u00a9SLT-Tobias-Witzgall_LT1_1183-scaled.jpg\" alt=\"Media Image1\" title=\"\"><i class=\"fas fa-search-plus pop-icon\"><\/i><\/span><\/div><\/div><div class=\"post-content-bottom\"><p class=\"post-title tpgb-trans-easeinout\">Foto: SLT\/Tobias Witzgall<\/p><\/div><\/div><\/a><\/div><div class=\"grid-item metro-item-1    tpgb-metro-2  tpgb-tab-metro-2  tpgb-mobile-metro-2 \"><a href=\"https:\/\/www.musical-today.de\/wp-content\/uploads\/2025\/02\/018_Patrizia-Unger_Skiverliebt_\u00a9SLT-Tobias-Witzgall_LT1_9493-Bearbeitet-scaled.jpg\" class=\"tpgb-gallery-list-content tpgb-trans-easeinout\" data-fancybox=\"956d14_9590\" data-caption=\"Foto: SLT\/Tobias Witzgall\" aria-label=\"Foto: SLT\/Tobias Witzgall\" target=\"_blank\" rel=\"noopener noreferrer nofollow\"><div class=\"post-content-image\"><div class=\"tpgb-metro-gallery-image\" style=\"background: url(http:\/\/www.musical-today.de\/wp-content\/uploads\/2025\/02\/018_Patrizia-Unger_Skiverliebt_\u00a9SLT-Tobias-Witzgall_LT1_9493-Bearbeitet-scaled.jpg);\"><\/div><\/div><div class=\"post-content-center\"><div class=\"post-zoom-icon\"><div class=\"meta-search-icon\"><span><img decoding=\"async\" class=\"fancy-img\" src=\"http:\/\/www.musical-today.de\/wp-content\/uploads\/2025\/02\/018_Patrizia-Unger_Skiverliebt_\u00a9SLT-Tobias-Witzgall_LT1_9493-Bearbeitet-scaled.jpg\" alt=\"Media Image2\" title=\"\"><i class=\"fas fa-search-plus pop-icon\"><\/i><\/span><\/div><\/div><div class=\"post-content-bottom\"><p class=\"post-title tpgb-trans-easeinout\">Foto: SLT\/Tobias Witzgall<\/p><\/div><\/div><\/a><\/div><div class=\"grid-item metro-item-2    tpgb-metro-3  tpgb-tab-metro-3  tpgb-mobile-metro-3 \"><a href=\"https:\/\/www.musical-today.de\/wp-content\/uploads\/2025\/02\/048_Ensemble_Skiverliebt_\u00a9SLT-Tobias-Witzgall_LT2_3826-scaled.jpg\" class=\"tpgb-gallery-list-content tpgb-trans-easeinout\" data-fancybox=\"956d14_9590\" data-caption=\"Foto: SLT\/Tobias Witzgall\" aria-label=\"Foto: SLT\/Tobias Witzgall\" target=\"_blank\" rel=\"noopener noreferrer nofollow\"><div class=\"post-content-image\"><div class=\"tpgb-metro-gallery-image\" style=\"background: url(http:\/\/www.musical-today.de\/wp-content\/uploads\/2025\/02\/048_Ensemble_Skiverliebt_\u00a9SLT-Tobias-Witzgall_LT2_3826-scaled.jpg);\"><\/div><\/div><div class=\"post-content-center\"><div class=\"post-zoom-icon\"><div class=\"meta-search-icon\"><span><img decoding=\"async\" class=\"fancy-img\" src=\"http:\/\/www.musical-today.de\/wp-content\/uploads\/2025\/02\/048_Ensemble_Skiverliebt_\u00a9SLT-Tobias-Witzgall_LT2_3826-scaled.jpg\" alt=\"Media Image3\" title=\"\"><i class=\"fas fa-search-plus pop-icon\"><\/i><\/span><\/div><\/div><div class=\"post-content-bottom\"><p class=\"post-title tpgb-trans-easeinout\">Foto: SLT\/Tobias Witzgall<\/p><\/div><\/div><\/a><\/div><\/div><\/div><\/div>\n\n\n<p>Wen wundert\u2019s da noch, dass auch die Geschichte selbst ein Tempo vorlegt wie ein Abfahrtslauf: Mit gleich 4,5 Liebespaaren wartet das Buch von Anna Lukasser-Weitlaner auf. Da w\u00e4re zun\u00e4chst \u00d6sterreichs \u201eGoldhoffnung\u201c, Skirennl\u00e4uferin Anna Maier (Paraderolle f\u00fcr das 24-j\u00e4hrige Riesentalent Anna Rosa D\u00f6ller). Sie entliebt sich von Freund und Trainer Franz Nicht (ebenfalls gro\u00dfartig: Timotheus Hollweg, auch erst 25!), um sich ganz zuckers\u00fc\u00df mit ihrem \u201eAnjo de Neve\u201c, der brasilianischen Konkurrentin Camilla Senna da Silvia zu outen (durch Anna B\u00e1rbara Bonatto ideal besetzt).<\/p>\n\n\n\n<p>Eine unverkennbare Reminiszenz an das \u201eWei\u00dfe R\u00f6ssl\u201c ist die zweite Paargeschichte zwischen Hotelbetreiberin Jessica Maier, gleichzeitig Annas Mutter, und ihrem Angestellten \u2013 ja, genau \u2013 Leopold. Mit \u201eHerzen im Schnee\u201c erobert sich Chansonier Georg Clementi in dieser Rolle singend neben der Gunst \u201eseiner\u201c Wirtin Larissa Enzi auch gleich noch die des Publikums.<\/p>\n\n\n\n<p>Zum Dritten w\u00e4re da die brillant zugespitzte Figur von B\u00fcrgermeister und Tausendsassa Johann \u201eJoe\u201c Oberbichler alias Alfons Haider, der mit einer Wundert\u00fcte an Wortwitz, schillernder Pr\u00e4senz und einer \u201eSchau ma mal, dann seh\u2019 ma scho\u201c-Philosophie Garant f\u00fcr wahre \u00d6sterreich-Momente ist. Sein kontrastierendes Alter Ego: die schrullige Umweltsch\u00fctzerin Fiona Grafenreiter, Retterin einer bedrohten Tierart, die sich ausgerechnet auf der Weltcup-Abfahrtspiste Zw\u00f6lferkogel niedergelassen haben soll. Hier findet sich zum Happy End, was urspr\u00fcnglich gar nicht zusammengeh\u00f6rte: Der \u201eUnkenblitzer\u201c wird mit Kaiserschmarrn vom Skihang ins eigene Schutzreservoir vertrieben und Fiona sitzt beim WM-Lauf \u201eviel lieber\u201c neben Arnold Schwarzenegger auf der Ehrentrib\u00fcne als beim Bundeskanzler. Liedtexter Frank Ramond macht aus dem urkomischen \u201eUnkenblitzer-Solo\u201c von Patrizia Unger einen Highlight-Song \u2013 die Ohrwurm-Dichte ist ohnehin beeindruckend.<\/p>\n\n\n\n<p>Und dann gibt es zu guter Letzt den zwischendurch verlassenen Liebhaber Franz Nicht, der sich mit der norddeutschen Journalistin Hannah Kleinhampel-Huckriede tr\u00f6stet. Die Burgenl\u00e4nderin Caroline Hat spielt die personifizierte Klischee-Deutsche mit Bravour, Dialogautor Johannes Gl\u00fcck schreibt ihr und den \u00fcbrigen Protagonisten feinsinnige Pointen auf den Leib, die vom deutsch-\u00f6sterreichischen Saalpublikum gleicherma\u00dfen goutiert werden. Wenn Skistar Anna kurz vor ihrem alles entscheidenden Lauf verschwindet und man (als allerschlimmste Option) bef\u00fcrchten muss, dass sie jetzt \u201ezum DSV\u201c gewechselt ist, ist das \u201eDeutschen-Bashing\u201c vom Feinsten. Gro\u00dfartig! Zwar kein Paar, aber unbedingt erw\u00e4hnenswert: Manuel Mairhofer als hinrei\u00dfend \u00fcberzeichneter Tiroler \u201eAntiheld\u201c Peppi Unterberger, der f\u00fcr DJ-\u00d6tzi-Momente sorgt und auch sonst vor nicht viel zur\u00fcckschreckt. Ohne zu viel vorwegzunehmen: Am Ende wird alles gut. Und es gibt Gold f\u00fcr \u00d6sterreich \u2013 hochverdient!<\/p>\n\n\n\n<hr class=\"wp-block-separator has-alpha-channel-opacity is-style-dots\"\/>\n\n\n\n<p class=\"has-small-font-size\">Musikalische Leitung: Tobias Meichsner <a>\u2022<\/a> Choreografie: Jonathan Huor \u2022 B\u00fchne: Christian Floeren \u2022 Kost\u00fcme: Johanna Lakner \u2022 Video: Andreas \u201eIvo\u201c Ivancsics \u2022 Licht: Richard Schlager \u2022 Ton: Susanne Gasselsberger und Markus Kortschak \u2022 Choreinstudierung: Mario El Fakih \u2022 Mit: Anna Rosa D\u00f6ller (Anna Maier), Timotheus Hollweg (Franz Nicht), Alfons Haider (Johann \u201eJoe\u201c Oberbichler), Anna B\u00e1rbara Bonatto (Camilla Senna da Silva), Georg Clementi (Leopold Brunner), Patrizia Unger (Fiona Grafenreiter), Larissa Enzi (Jessica Maier), Carolina Hat (Hannah Kleinhampel-Huckriede), Manuel Mairhofer (Peppi Unterberger) u.a. \u2022 Ballett und Chor des Salzburger Landestheaters \u2022 Mozarteumorchester Salzburg<\/p>\n\n\n\n<p class=\"has-small-font-size\">Aufmacherfoto: SLT\/Tobias Witzgall<\/p>\n","protected":false},"excerpt":{"rendered":"<p>Mit viel Tempo auf die B\u00fchne\/Piste: das rundum gelungene Pop-Revue-Operetten-Singspiel-Musical (!) \u201eSkiverliebt\u201c Wie \u00d6sterreich bei der heimischen Ski-WM abschneidet, ist am Tag der Premiere noch nicht abzusehen. Mit einem eigens komponierten Auftragswerk liegt das Salzburger Landestheater in Sachen Rahmenprogramm aber bereits ganz weit vorne: \u201eSkiverliebt\u201c, das sind rasante, farbenfrohe und skurrile drei Stunden beste Unterhaltung. Da ist zum einen die vielschichtige Komposition von Martin Lingnau, die sich augenzwinkernd an jedem verf\u00fcgbaren musikalischen \u00d6sterreich-Klischee bedient. Frech und in atemberaubendem Tempo wird [&hellip;]<\/p>\n","protected":false},"author":10,"featured_media":9566,"comment_status":"closed","ping_status":"closed","sticky":false,"template":"","format":"standard","meta":{"tpgb_global_settings":"","footnotes":""},"categories":[142],"tags":[],"class_list":["post-9590","post","type-post","status-publish","format-standard","has-post-thumbnail","hentry","category-salzburg"],"tpgb_featured_images":{"full":["http:\/\/www.musical-today.de\/wp-content\/uploads\/2025\/02\/034_Alfons-Haider-und-Ballett_Skiverliebt_\u00a9SLT-Tobias-Witzgall_LT2_1628-Bearbeitet-scaled.jpg",2560,1703,false],"tp-image-grid":["http:\/\/www.musical-today.de\/wp-content\/uploads\/2025\/02\/034_Alfons-Haider-und-Ballett_Skiverliebt_\u00a9SLT-Tobias-Witzgall_LT2_1628-Bearbeitet-700x700.jpg",700,700,true],"thumbnail":["http:\/\/www.musical-today.de\/wp-content\/uploads\/2025\/02\/034_Alfons-Haider-und-Ballett_Skiverliebt_\u00a9SLT-Tobias-Witzgall_LT2_1628-Bearbeitet-600x399.jpg",600,399,true],"medium":["http:\/\/www.musical-today.de\/wp-content\/uploads\/2025\/02\/034_Alfons-Haider-und-Ballett_Skiverliebt_\u00a9SLT-Tobias-Witzgall_LT2_1628-Bearbeitet-1200x798.jpg",1200,798,true],"medium_large":["http:\/\/www.musical-today.de\/wp-content\/uploads\/2025\/02\/034_Alfons-Haider-und-Ballett_Skiverliebt_\u00a9SLT-Tobias-Witzgall_LT2_1628-Bearbeitet-949x631.jpg",770,512,true],"large":["http:\/\/www.musical-today.de\/wp-content\/uploads\/2025\/02\/034_Alfons-Haider-und-Ballett_Skiverliebt_\u00a9SLT-Tobias-Witzgall_LT2_1628-Bearbeitet-1920x1277.jpg",1139,758,true],"default":"http:\/\/www.musical-today.de\/wp-content\/plugins\/the-plus-addons-for-block-editor\/assets\/images\/tpgb-placeholder.jpg"},"tpgb_post_meta_info":{"get_date":"04.02.2025","get_modified_date":"15.04.2025","category_list":{"category":[{"term_id":142,"name":"Salzburg","slug":"salzburg","term_group":0,"term_taxonomy_id":142,"taxonomy":"category","description":"","parent":114,"count":7,"filter":"raw","term_order":"10"}],"post_tag":false,"post_format":false},"author_name":"Iris Steiner","author_url":"http:\/\/www.musical-today.de\/en\/autor\/isteiner\/","author_email":"is@musical-today.de","author_website":"","author_description":"<b> Chefredakteurin<\/b>","author_facebook":"","author_twitter":"","author_instagram":"","author_role":["author","redaktionsteam"],"author_firstname":"Iris","author_lastname":"Steiner","user_login":"isteiner","author_avatar":"<img src=\"http:\/\/www.musical-today.de\/wp-content\/uploads\/2024\/03\/Autor_Steiner_c_Daniel_Biskup-200x200.jpg\" width=\"200\" height=\"200\" alt=\"Iris Steiner\" class=\"avatar avatar-200 wp-user-avatar wp-user-avatar-200 alignnone photo\" \/>","author_avatar_url":"http:\/\/www.musical-today.de\/wp-content\/uploads\/2024\/03\/Autor_Steiner_c_Daniel_Biskup.jpg","comment_count":0,"post_likes":0,"post_views":0},"tpgb_post_category":{"category":"<a href=\"http:\/\/www.musical-today.de\/en\/oesterreich\/salzburg\/\" alt=\"Salzburg\"  class=\"category-salzburg\">Salzburg<\/a> "},"_links":{"self":[{"href":"http:\/\/www.musical-today.de\/en\/wp-json\/wp\/v2\/posts\/9590","targetHints":{"allow":["GET"]}}],"collection":[{"href":"http:\/\/www.musical-today.de\/en\/wp-json\/wp\/v2\/posts"}],"about":[{"href":"http:\/\/www.musical-today.de\/en\/wp-json\/wp\/v2\/types\/post"}],"author":[{"embeddable":true,"href":"http:\/\/www.musical-today.de\/en\/wp-json\/wp\/v2\/users\/10"}],"replies":[{"embeddable":true,"href":"http:\/\/www.musical-today.de\/en\/wp-json\/wp\/v2\/comments?post=9590"}],"version-history":[{"count":0,"href":"http:\/\/www.musical-today.de\/en\/wp-json\/wp\/v2\/posts\/9590\/revisions"}],"wp:featuredmedia":[{"embeddable":true,"href":"http:\/\/www.musical-today.de\/en\/wp-json\/wp\/v2\/media\/9566"}],"wp:attachment":[{"href":"http:\/\/www.musical-today.de\/en\/wp-json\/wp\/v2\/media?parent=9590"}],"wp:term":[{"taxonomy":"category","embeddable":true,"href":"http:\/\/www.musical-today.de\/en\/wp-json\/wp\/v2\/categories?post=9590"},{"taxonomy":"post_tag","embeddable":true,"href":"http:\/\/www.musical-today.de\/en\/wp-json\/wp\/v2\/tags?post=9590"}],"curies":[{"name":"wp","href":"https:\/\/api.w.org\/{rel}","templated":true}]}}