{"id":10071,"date":"2025-03-31T14:38:20","date_gmt":"2025-03-31T12:38:20","guid":{"rendered":"https:\/\/www.musical-today.de\/?p=10071"},"modified":"2025-04-15T14:28:19","modified_gmt":"2025-04-15T12:28:19","slug":"gelsenkirchen-der-mann-von-la-mancha","status":"publish","type":"post","link":"https:\/\/www.musical-today.de\/en\/gelsenkirchen-der-mann-von-la-mancha\/","title":{"rendered":"Der Mann von La Mancha"},"content":{"rendered":"<div class=\"lets-info-up-wrap  lets-info-up--right lets-info-up--m-1 lets-info-up-skin-3 lets-info-up--side lets-info-up-96911\" style=\"background:#fafafa; color: #616161\">\t\t\t<div class=\"lets-info-up\">\r\n\t\t\t<div class=\"lets-info-up-fi\"><img decoding=\"async\" width=\"500\" height=\"333\" src=\"https:\/\/www.musical-today.de\/wp-content\/uploads\/2024\/01\/qi-addons-for-elementor-placeholder-500x333.png\" class=\"attachment-lets-info-up-d1 size-lets-info-up-d1\" alt=\"|\" srcset=\"https:\/\/www.musical-today.de\/wp-content\/uploads\/2024\/01\/qi-addons-for-elementor-placeholder-500x333.png 500w, https:\/\/www.musical-today.de\/wp-content\/uploads\/2024\/01\/qi-addons-for-elementor-placeholder-300x200.png 300w, https:\/\/www.musical-today.de\/wp-content\/uploads\/2024\/01\/qi-addons-for-elementor-placeholder-1024x683.png 1024w, https:\/\/www.musical-today.de\/wp-content\/uploads\/2024\/01\/qi-addons-for-elementor-placeholder-883x589.png 883w, https:\/\/www.musical-today.de\/wp-content\/uploads\/2024\/01\/qi-addons-for-elementor-placeholder-18x12.png 18w, https:\/\/www.musical-today.de\/wp-content\/uploads\/2024\/01\/qi-addons-for-elementor-placeholder-360x240.png 360w, https:\/\/www.musical-today.de\/wp-content\/uploads\/2024\/01\/qi-addons-for-elementor-placeholder-1155x770.png 1155w, https:\/\/www.musical-today.de\/wp-content\/uploads\/2024\/01\/qi-addons-for-elementor-placeholder-370x247.png 370w, https:\/\/www.musical-today.de\/wp-content\/uploads\/2024\/01\/qi-addons-for-elementor-placeholder-770x513.png 770w, https:\/\/www.musical-today.de\/wp-content\/uploads\/2024\/01\/qi-addons-for-elementor-placeholder-293x195.png 293w, https:\/\/www.musical-today.de\/wp-content\/uploads\/2024\/01\/qi-addons-for-elementor-placeholder-120x80.png 120w, https:\/\/www.musical-today.de\/wp-content\/uploads\/2024\/01\/qi-addons-for-elementor-placeholder-240x160.png 240w, https:\/\/www.musical-today.de\/wp-content\/uploads\/2024\/01\/qi-addons-for-elementor-placeholder-390x260.png 390w, https:\/\/www.musical-today.de\/wp-content\/uploads\/2024\/01\/qi-addons-for-elementor-placeholder.png 1200w\" sizes=\"(max-width: 500px) 100vw, 500px\" title=\"\"><\/div>\t\t\t<div class=\"lets-info-up-block-wrap\">\r\n\t\t\t\t<div class=\"lets-info-up-block lets-info-up-meta-block\"><div class=\"lets-info-up-meta-title lets-info-up-pretitle font-h\" style=\"color: #8c6d18;\">oRT<\/div><div class=\"lets-info-up-meta-content lets-info-up-title font-b\">Musiktheater im Revier<\/div><\/div><div class=\"lets-info-up-block lets-info-up-meta-block\"><div class=\"lets-info-up-meta-title lets-info-up-pretitle font-h\" style=\"color: #8c6d18;\">von<\/div><div class=\"lets-info-up-meta-content lets-info-up-title font-b\">Mitch Leigh (Musik)<br>Dale Wasserman (Buch)<br>Joe Darion (Gesangstexte)<\/div><\/div><div class=\"lets-info-up-block lets-info-up-meta-block\"><div class=\"lets-info-up-meta-title lets-info-up-pretitle font-h\" style=\"color: #8c6d18;\">Regie<\/div><div class=\"lets-info-up-meta-content lets-info-up-title font-b\">Carsten Kirchmeier<\/div><\/div><div class=\"lets-info-up-block lets-info-up-meta-block\"><div class=\"lets-info-up-meta-title lets-info-up-pretitle font-h\" style=\"color: #8c6d18;\">Urauff\u00fchrung<\/div><div class=\"lets-info-up-meta-content lets-info-up-title font-b\">1965<\/div><\/div><div class=\"lets-info-up-block lets-info-up-meta-block\"><div class=\"lets-info-up-meta-title lets-info-up-pretitle font-h\" style=\"color: #8c6d18;\">INFOS<\/div><div class=\"lets-info-up-meta-content lets-info-up-title font-b\"><a href=\"https:\/\/musiktheater-im-revier.de\/de\/performance\/2024-25\/der-mann-von-la-mancha\" data-type=\"link\" target=\"_blank\" rel=\"noopener noreferrer nofollow\">www.musiktheater-im-revier.de<\/a><\/div><\/div>\t\t\t<\/div>\r\n\t\t\t<\/div>\r\n\t\t<\/div>\r\n\t\t\n\n\n<p><strong>\u201eDer Mann von La Mancha\u201c als minimalistisches Kammerspiel<\/strong><\/p>\n\n\n\n<p>Es ist ein Wagnis, was Carsten Kirchmeier da auf die B\u00fchne des Musiktheaters im Revier bringt. Die Figur des Don Quijote, des Ritters von der traurigen Gestalt, kennt wirklich jeder von klein auf. Und wer im Vorfeld der Premiere des \u201eMann von La Mancha\u201c im Internet mal ein wenig googelt, was ihn bei diesem Musical erwarten k\u00f6nnte, sieht von anderen Produktionen ausschlie\u00dflich bunte Bilder mit pr\u00e4chtigen Kost\u00fcmen und jeder Menge Folklore, st\u00f6\u00dft vielleicht auf entsprechende Videoclips mit jeder Menge Tanz oder hat noch die opulente, aber gefloppte Verfilmung von 1972 im Kopf. Wer das erwartet, wird entt\u00e4uscht, denn von all dem bietet Kirchmeier in Gelsenkirchen nichts. Seine Fassung ist ein minimalistisches Kammerspiel mit Gesang und Orchester, es spielt die Neue Philharmonie Westfalen.<\/p>\n\n\n\n<p>Bekanntlich ist das Musical ein St\u00fcck im St\u00fcck. Die Rahmenhandlung nutzt die Tatsache, dass Dichter und Schauspieler Cervantes (1547\u20131616) w\u00e4hrend der Spanischen Inquisition einmal im Knast landete. Dort nehmen ihm die Mith\u00e4ftlinge alles Hab und Gut ab, auch das Manuskript f\u00fcr sein Opus magnum. Um zu beweisen, dass \u201eDon Quijote\u201c sein geistiges Eigentum ist, spielt er es mit ihnen durch \u2013 in Gelsenkirchen ist der Anlass dagegen, dass er sich auf diese Weise des Vorwurfs erwehren will, ein schlechter Dichter zu ein. Die \u00fcbrigen Gefangenen, normalerweise allesamt in zeitgem\u00e4\u00dfen Kost\u00fcmen des ausgehenden 16. Jahrhunderts, schl\u00fcpfen dabei in die verschiedenen Rollen.<\/p>\n\n\n<div  class=\"tpgb-wrap-956d14_10071  tpgb-wrap-fw \"  ><div id=\"956d14_10071\" class=\"tpgb-block-956d14_10071 tpgb-relative-block tpgb-gallery-list tpgb-metro gallery-style-2 hover-image-style-1   \" data-style=\"style-2\" data-id=\"956d14_10071\" data-layout=\"metro\" data-fancy-option='{\"loop\":false,\"thumb\":\"no\",\"infobar\":true,\"arrows\":true,\"transitionEffect\":\"slide\",\"button\":[\"close\"]}' data-splide='\"\"' data-metroAttr= '{\"metro_col\":3,\"tab_metro_col\":3,\"mobile_metro_col\":3,\"metro_style\":\"style-1\",\"tab_metro_style\":\"style-1\",\"mobile_metro_style\":\"style-1\"}' ><div class=\"tpgb-row post-loop-inner \"><div class=\"grid-item metro-item-0    tpgb-metro-1  tpgb-tab-metro-1  tpgb-mobile-metro-1 \"><a href=\"https:\/\/www.musical-today.de\/wp-content\/uploads\/2025\/03\/Der-Mann-von-La-Mancha006-scaled.jpg\" class=\"tpgb-gallery-list-content tpgb-trans-easeinout\" data-fancybox=\"956d14_10071\" data-caption=\"Foto: Pedro Malinowski\" aria-label=\"Foto: Pedro Malinowski\"><div class=\"post-content-image\"><div class=\"tpgb-metro-gallery-image\" style=\"background: url(https:\/\/www.musical-today.de\/wp-content\/uploads\/2025\/03\/Der-Mann-von-La-Mancha006-scaled.jpg);\"><\/div><\/div><div class=\"post-content-center\"><div class=\"post-zoom-icon\"><div class=\"meta-search-icon\"><span><img decoding=\"async\" class=\"fancy-img\" src=\"https:\/\/www.musical-today.de\/wp-content\/uploads\/2025\/03\/Der-Mann-von-La-Mancha006-scaled.jpg\" alt=\"Media Image1\" title=\"\"><i class=\"fas fa-search-plus pop-icon\"><\/i><\/span><\/div><\/div><div class=\"post-content-bottom\"><p class=\"post-title tpgb-trans-easeinout\">Foto: Pedro Malinowski<\/p><\/div><\/div><\/a><\/div><div class=\"grid-item metro-item-1    tpgb-metro-2  tpgb-tab-metro-2  tpgb-mobile-metro-2 \"><a href=\"https:\/\/www.musical-today.de\/wp-content\/uploads\/2025\/03\/Der-Mann-von-La-Mancha004-scaled.jpg\" class=\"tpgb-gallery-list-content tpgb-trans-easeinout\" data-fancybox=\"956d14_10071\" data-caption=\"Foto: Pedro Malinowski\" aria-label=\"Foto: Pedro Malinowski\"><div class=\"post-content-image\"><div class=\"tpgb-metro-gallery-image\" style=\"background: url(https:\/\/www.musical-today.de\/wp-content\/uploads\/2025\/03\/Der-Mann-von-La-Mancha004-scaled.jpg);\"><\/div><\/div><div class=\"post-content-center\"><div class=\"post-zoom-icon\"><div class=\"meta-search-icon\"><span><img decoding=\"async\" class=\"fancy-img\" src=\"https:\/\/www.musical-today.de\/wp-content\/uploads\/2025\/03\/Der-Mann-von-La-Mancha004-scaled.jpg\" alt=\"Media Image2\" title=\"\"><i class=\"fas fa-search-plus pop-icon\"><\/i><\/span><\/div><\/div><div class=\"post-content-bottom\"><p class=\"post-title tpgb-trans-easeinout\">Foto: Pedro Malinowski<\/p><\/div><\/div><\/a><\/div><div class=\"grid-item metro-item-2    tpgb-metro-3  tpgb-tab-metro-3  tpgb-mobile-metro-3 \"><a href=\"https:\/\/www.musical-today.de\/wp-content\/uploads\/2025\/03\/Der-Mann-von-La-Mancha001-scaled.jpg\" class=\"tpgb-gallery-list-content tpgb-trans-easeinout\" data-fancybox=\"956d14_10071\" data-caption=\"Foto: Pedro Malinowski\" aria-label=\"Foto: Pedro Malinowski\"><div class=\"post-content-image\"><div class=\"tpgb-metro-gallery-image\" style=\"background: url(https:\/\/www.musical-today.de\/wp-content\/uploads\/2025\/03\/Der-Mann-von-La-Mancha001-scaled.jpg);\"><\/div><\/div><div class=\"post-content-center\"><div class=\"post-zoom-icon\"><div class=\"meta-search-icon\"><span><img decoding=\"async\" class=\"fancy-img\" src=\"https:\/\/www.musical-today.de\/wp-content\/uploads\/2025\/03\/Der-Mann-von-La-Mancha001-scaled.jpg\" alt=\"Media Image3\" title=\"\"><i class=\"fas fa-search-plus pop-icon\"><\/i><\/span><\/div><\/div><div class=\"post-content-bottom\"><p class=\"post-title tpgb-trans-easeinout\">Foto: Pedro Malinowski<\/p><\/div><\/div><\/a><\/div><\/div><\/div><\/div>\n\n\n<p>Kirchmeier nun versetzt das St\u00fcck in die Gegenwart, in einen n\u00fcchternen, heruntergekommenen Zellentrakt. Alle Darsteller tragen identische Overalls, einteilige H\u00e4ftlingskleidung, die W\u00e4chter treten als schwarz uniformierte Schl\u00e4gertruppe auf. Schauwerte bei den Kost\u00fcmen fallen also schon einmal weg. Gegenwartsbez\u00fcge findet man dennoch nicht, kann sie allenfalls hineininterpretieren in das echte Cervantes-Zitat \u201eTatsachen sind die Feinde der Wahrheit\u201c, bei dem ein Raunen durch den Saal geht, denn es k\u00f6nnte auch von Putin oder Trump stammen. Einen zu erwartenden Verweis auf den Kampf gegen \u201eWindm\u00fchlen der Schande\u201c gibt es dagegen nicht.<\/p>\n\n\n\n<p>Cervantes verwandelt sich auch nicht auf der B\u00fchne durch Make-up, Per\u00fccke und angeklebtes B\u00e4rtchen in den alternden Edelmann. Der 34-j\u00e4hrige \u00f6sterreich-slowenische Bass Philipp Kranjc, f\u00fcr den das Musiktheater das St\u00fcck eigens inszeniert hat, bleibt so jung und ungeschminkt, wie er tats\u00e4chlich ist, setzt sich einen Kochtopf als Helm auf, nimmt einen verbeulten M\u00fclleimerdeckel als Schild und einen Besen als Lanze. Eine lange wei\u00dfe Unterhose ersetzt die Stola des Padre, der vermutlich lustigste Einfall der Inszenierung. Getanzt wird ebenfalls nicht. Umso mehr sind also die schauspielerischen Leistungen und der Gesang gefragt.<\/p>\n\n\n\n<p>Hier punktet die Inszenierung auf voller Linie. Kranjcs umwerfender Bass ist eine Wohltat. Sein Cervantes l\u00e4sst seinen Don Quijote nie zur Witzfigur verkommen, da er ihn als Seelenverwandten betrachtet. Kranjc bekommt den ersten Szenenapplaus, noch bevor er die B\u00fchne betritt, aufgrund der Ansage, dass er trotz einer schweren Rippenverletzung auftritt, die er sich zehn Tage vor der Premiere bei den Proben zugezogen hat. Die Kampfszenen muss er daher mit angezogener Handbremse spielen.<\/p>\n\n\n\n<p>F\u00fcr ein wenig Humor ist Benjamin Lee als Cervantes\u2019 Assistent und als Knappe Sancho Panza verantwortlich, aber auch er ist keine komische, sondern eher eine sympathische Figur. Der \u201eGouverneur\u201c, so der Name f\u00fcr den H\u00e4ftling, der im Verlies das Sagen hat, wird mit Anke Sieloff zur Abwechslung nicht m\u00e4nnlich, sondern mit einer zwar kleinen, aber sehr starken Frau besetzt, sodass Elisabeth H\u00fcbert als Aldonza\/Dulcinea nicht die einzige gr\u00f6\u00dfere weibliche Figur bleibt. Kurze Warnung: Das knapp zweist\u00fcndige Werk wird aufgrund der ununterbrochenen Erz\u00e4hlweise grunds\u00e4tzlich am St\u00fcck durchgespielt \u2013 selbst in der Heimat des Schalke 04 gibt es keine Halbzeitpause.<\/p>\n\n\n\n<hr class=\"wp-block-separator has-alpha-channel-opacity is-style-dots\"\/>\n\n\n\n<p class=\"has-small-font-size\">Musikalische Leitung: Mateo Pe\u00f1aloza Cecconi \u2022 Choreografie: Tenald Zace \u2022 B\u00fchne: Katrin Hieronimus \u2022 Kost\u00fcme: Katharina Beth \u2022 Licht: Thomas Ratzinger \u2022 Ton: Jan Wittkowski \u2022 Mit: Philipp Kranjc (Miguel de Cervantes\/Alonso Quijana alias \u201eDon Quijote\u201c), Benjamin Lee (Assistent\/Sancho), Elisabeth H\u00fcbert (Aldonza), Adam Temple-Smith (Padre\/Maultiertreiber), Anke Sieloff (Gouverneur\/Wirtin, Haush\u00e4lterin), Sebastian Seitz (Herzog\/Dr. Carrasco), Nikko Forteza (Barbier\/Maultiertreiber), Marie Ploner (Antonia), Urban Malmberg (Wirt) u.a. \u2022 Neue Philharmonie Westfalen<\/p>\n\n\n\n<p class=\"has-small-font-size\">Aufmacherfoto: Pedro Malinowski<\/p>\n","protected":false},"excerpt":{"rendered":"<p>\u201eDer Mann von La Mancha\u201c als minimalistisches Kammerspiel Es ist ein Wagnis, was Carsten Kirchmeier da auf die B\u00fchne des Musiktheaters im Revier bringt. Die Figur des Don Quijote, des Ritters von der traurigen Gestalt, kennt wirklich jeder von klein auf. Und wer im Vorfeld der Premiere des \u201eMann von La Mancha\u201c im Internet mal ein wenig googelt, was ihn bei diesem Musical erwarten k\u00f6nnte, sieht von anderen Produktionen ausschlie\u00dflich bunte Bilder mit pr\u00e4chtigen Kost\u00fcmen und jeder Menge Folklore, st\u00f6\u00dft [&hellip;]<\/p>\n","protected":false},"author":53,"featured_media":10070,"comment_status":"closed","ping_status":"closed","sticky":false,"template":"","format":"standard","meta":{"tpgb_global_settings":"","footnotes":""},"categories":[61],"tags":[],"class_list":["post-10071","post","type-post","status-publish","format-standard","has-post-thumbnail","hentry","category-gelsenkirchen"],"tpgb_featured_images":{"full":["https:\/\/www.musical-today.de\/wp-content\/uploads\/2025\/03\/Der-Mann-von-La-Mancha011-scaled.jpg",2560,1708,false],"tp-image-grid":["https:\/\/www.musical-today.de\/wp-content\/uploads\/2025\/03\/Der-Mann-von-La-Mancha011-700x700.jpg",700,700,true],"thumbnail":["https:\/\/www.musical-today.de\/wp-content\/uploads\/2025\/03\/Der-Mann-von-La-Mancha011-600x400.jpg",600,400,true],"medium":["https:\/\/www.musical-today.de\/wp-content\/uploads\/2025\/03\/Der-Mann-von-La-Mancha011-1200x800.jpg",1200,800,true],"medium_large":["https:\/\/www.musical-today.de\/wp-content\/uploads\/2025\/03\/Der-Mann-von-La-Mancha011-949x633.jpg",770,514,true],"large":["https:\/\/www.musical-today.de\/wp-content\/uploads\/2025\/03\/Der-Mann-von-La-Mancha011-1920x1281.jpg",1139,760,true],"default":"https:\/\/www.musical-today.de\/wp-content\/plugins\/the-plus-addons-for-block-editor\/assets\/images\/tpgb-placeholder.jpg"},"tpgb_post_meta_info":{"get_date":"31.03.2025","get_modified_date":"15.04.2025","category_list":{"category":[{"term_id":61,"name":"Gelsenkirchen","slug":"gelsenkirchen","term_group":0,"term_taxonomy_id":61,"taxonomy":"category","description":"","parent":19,"count":5,"filter":"raw","term_order":"38"}],"post_tag":false,"post_format":false},"author_name":"Klaus Bunte","author_url":"https:\/\/www.musical-today.de\/en\/autor\/klausbunte\/","author_email":"online-kb@musical-today.de","author_website":"","author_description":"","author_facebook":"","author_twitter":"","author_instagram":"","author_role":["author"],"author_firstname":"Klaus","author_lastname":"Bunte","user_login":"klausbunte","author_avatar":"<img src=\"https:\/\/www.musical-today.de\/wp-content\/uploads\/2024\/03\/434034552_122093726612266069_5386620108228489486_n-293x293.jpg\" width=\"200\" height=\"200\" alt=\"Klaus Bunte\" class=\"avatar avatar-200 wp-user-avatar wp-user-avatar-200 alignnone photo\" \/>","author_avatar_url":"https:\/\/www.musical-today.de\/wp-content\/uploads\/2024\/03\/434034552_122093726612266069_5386620108228489486_n.jpg","comment_count":0,"post_likes":0,"post_views":0},"tpgb_post_category":{"category":"<a href=\"https:\/\/www.musical-today.de\/en\/deutschland\/gelsenkirchen\/\" alt=\"Gelsenkirchen\"  class=\"category-gelsenkirchen\">Gelsenkirchen<\/a> "},"_links":{"self":[{"href":"https:\/\/www.musical-today.de\/en\/wp-json\/wp\/v2\/posts\/10071","targetHints":{"allow":["GET"]}}],"collection":[{"href":"https:\/\/www.musical-today.de\/en\/wp-json\/wp\/v2\/posts"}],"about":[{"href":"https:\/\/www.musical-today.de\/en\/wp-json\/wp\/v2\/types\/post"}],"author":[{"embeddable":true,"href":"https:\/\/www.musical-today.de\/en\/wp-json\/wp\/v2\/users\/53"}],"replies":[{"embeddable":true,"href":"https:\/\/www.musical-today.de\/en\/wp-json\/wp\/v2\/comments?post=10071"}],"version-history":[{"count":0,"href":"https:\/\/www.musical-today.de\/en\/wp-json\/wp\/v2\/posts\/10071\/revisions"}],"wp:featuredmedia":[{"embeddable":true,"href":"https:\/\/www.musical-today.de\/en\/wp-json\/wp\/v2\/media\/10070"}],"wp:attachment":[{"href":"https:\/\/www.musical-today.de\/en\/wp-json\/wp\/v2\/media?parent=10071"}],"wp:term":[{"taxonomy":"category","embeddable":true,"href":"https:\/\/www.musical-today.de\/en\/wp-json\/wp\/v2\/categories?post=10071"},{"taxonomy":"post_tag","embeddable":true,"href":"https:\/\/www.musical-today.de\/en\/wp-json\/wp\/v2\/tags?post=10071"}],"curies":[{"name":"wp","href":"https:\/\/api.w.org\/{rel}","templated":true}]}}