{"id":10087,"date":"2025-03-31T14:47:19","date_gmt":"2025-03-31T12:47:19","guid":{"rendered":"https:\/\/www.musical-today.de\/?p=10087"},"modified":"2025-04-15T14:28:19","modified_gmt":"2025-04-15T12:28:19","slug":"hildesheim-der-mann-von-la-mancha","status":"publish","type":"post","link":"https:\/\/www.musical-today.de\/en\/hildesheim-der-mann-von-la-mancha\/","title":{"rendered":"Der Mann von La Mancha"},"content":{"rendered":"<div class=\"lets-info-up-wrap  lets-info-up--right lets-info-up--m-1 lets-info-up-skin-3 lets-info-up--side lets-info-up-15099\" style=\"background:#fafafa; color: #616161\">\t\t\t<div class=\"lets-info-up\">\r\n\t\t\t<div class=\"lets-info-up-fi\"><img decoding=\"async\" width=\"500\" height=\"333\" src=\"https:\/\/www.musical-today.de\/wp-content\/uploads\/2024\/01\/qi-addons-for-elementor-placeholder-500x333.png\" class=\"attachment-lets-info-up-d1 size-lets-info-up-d1\" alt=\"|\" srcset=\"https:\/\/www.musical-today.de\/wp-content\/uploads\/2024\/01\/qi-addons-for-elementor-placeholder-500x333.png 500w, https:\/\/www.musical-today.de\/wp-content\/uploads\/2024\/01\/qi-addons-for-elementor-placeholder-300x200.png 300w, https:\/\/www.musical-today.de\/wp-content\/uploads\/2024\/01\/qi-addons-for-elementor-placeholder-1024x683.png 1024w, https:\/\/www.musical-today.de\/wp-content\/uploads\/2024\/01\/qi-addons-for-elementor-placeholder-883x589.png 883w, https:\/\/www.musical-today.de\/wp-content\/uploads\/2024\/01\/qi-addons-for-elementor-placeholder-18x12.png 18w, https:\/\/www.musical-today.de\/wp-content\/uploads\/2024\/01\/qi-addons-for-elementor-placeholder-360x240.png 360w, https:\/\/www.musical-today.de\/wp-content\/uploads\/2024\/01\/qi-addons-for-elementor-placeholder-1155x770.png 1155w, https:\/\/www.musical-today.de\/wp-content\/uploads\/2024\/01\/qi-addons-for-elementor-placeholder-370x247.png 370w, https:\/\/www.musical-today.de\/wp-content\/uploads\/2024\/01\/qi-addons-for-elementor-placeholder-770x513.png 770w, https:\/\/www.musical-today.de\/wp-content\/uploads\/2024\/01\/qi-addons-for-elementor-placeholder-293x195.png 293w, https:\/\/www.musical-today.de\/wp-content\/uploads\/2024\/01\/qi-addons-for-elementor-placeholder-120x80.png 120w, https:\/\/www.musical-today.de\/wp-content\/uploads\/2024\/01\/qi-addons-for-elementor-placeholder-240x160.png 240w, https:\/\/www.musical-today.de\/wp-content\/uploads\/2024\/01\/qi-addons-for-elementor-placeholder-390x260.png 390w, https:\/\/www.musical-today.de\/wp-content\/uploads\/2024\/01\/qi-addons-for-elementor-placeholder.png 1200w\" sizes=\"(max-width: 500px) 100vw, 500px\" title=\"\"><\/div>\t\t\t<div class=\"lets-info-up-block-wrap\">\r\n\t\t\t\t<div class=\"lets-info-up-block lets-info-up-meta-block\"><div class=\"lets-info-up-meta-title lets-info-up-pretitle font-h\" style=\"color: #8c6d18;\">oRT<\/div><div class=\"lets-info-up-meta-content lets-info-up-title font-b\">Theater f\u00fcr Niedersachsen<\/div><\/div><div class=\"lets-info-up-block lets-info-up-meta-block\"><div class=\"lets-info-up-meta-title lets-info-up-pretitle font-h\" style=\"color: #8c6d18;\">von<\/div><div class=\"lets-info-up-meta-content lets-info-up-title font-b\">Mitch Leigh (Musik)<br>Dale Wasserman (Buch)<br>Joe Darion (Gesangstexte)<\/div><\/div><div class=\"lets-info-up-block lets-info-up-meta-block\"><div class=\"lets-info-up-meta-title lets-info-up-pretitle font-h\" style=\"color: #8c6d18;\">Regie<\/div><div class=\"lets-info-up-meta-content lets-info-up-title font-b\">Anette Leistenschneider<\/div><\/div><div class=\"lets-info-up-block lets-info-up-meta-block\"><div class=\"lets-info-up-meta-title lets-info-up-pretitle font-h\" style=\"color: #8c6d18;\">Urauff\u00fchrung<\/div><div class=\"lets-info-up-meta-content lets-info-up-title font-b\">1965<\/div><\/div><div class=\"lets-info-up-block lets-info-up-meta-block\"><div class=\"lets-info-up-meta-title lets-info-up-pretitle font-h\" style=\"color: #8c6d18;\">INFOS<\/div><div class=\"lets-info-up-meta-content lets-info-up-title font-b\"><a href=\"https:\/\/tfn-online.de\/programm\/produktion\/der-mann-von-la-mancha\" target=\"_blank\" rel=\"noopener noreferrer nofollow\">www.mein-theater.live<\/a><\/div><\/div>\t\t\t<\/div>\r\n\t\t\t<\/div>\r\n\t\t<\/div>\r\n\t\t\n\n\n<p><strong>St\u00fcrmischer Jubel f\u00fcr den \u201eMann von La Mancha\u201c<\/strong><\/p>\n\n\n\n<p>\u201eTatsachen, mein lieber Sancho, sind die Feinde der Wahrheit.\u201c Mit diesen Worten erkennt Don Quijote im Musical \u201eDer Mann von La Mancha\u201c sein komplettes Scheitern im Bem\u00fchen, die Welt als edler Ritter retten zu k\u00f6nnen. In seiner Wahrnehmung h\u00e4lt er eine M\u00fchle f\u00fcr ein zu bek\u00e4mpfendes Ungeheuer, sieht in einer heruntergekommenen Kneipe ein Schloss und nimmt die missbrauchte und gedem\u00fctigte Hure Aldonza als anbetungsw\u00fcrdige reine Jungfer Dulcinea wahr. Solche Szenen erz\u00e4hlen auch Nachdenkliches \u00fcber unterschiedliche Wahrnehmungen der Realit\u00e4t. Dass man derartige philosophischen Fragen auf unterhaltsame Weise \u00fcberzeugend auf die B\u00fchne bringen kann, ist zurzeit am Theater f\u00fcr Niedersachsen zu sehen. In Hildesheim erlebt das Musical eine st\u00fcrmisch umjubelte Premiere.<\/p>\n\n\n\n<p>Regisseurin Anette Leistenschneider gestaltet mit einem in allen Rollen hervorragend disponierten Ensemble einen Musicalabend auf sehr hohem Niveau. Wir sehen den Schriftsteller Cervantes im Kerker der Inquisition, umringt von \u00fcblen Mitgefangenen, die ihn berauben und ihm auch sein Buch \u201eDon Quijote\u201c wegnehmen \u2013 sie bezweifeln, dass er es geschrieben hat. Cervantes verteidigt seine Autorenschaft mit einer improvisierten Erz\u00e4hlung der Geschichte und macht die anderen dabei zu Mitspielenden. Und los geht es mit dem Theater im Theater.<\/p>\n\n\n<div  class=\"tpgb-wrap-956d14_10087  tpgb-wrap-fw \"  ><div id=\"956d14_10087\" class=\"tpgb-block-956d14_10087 tpgb-relative-block tpgb-gallery-list tpgb-metro gallery-style-2 hover-image-style-1   \" data-style=\"style-2\" data-id=\"956d14_10087\" data-layout=\"metro\" data-fancy-option='{\"loop\":false,\"thumb\":\"no\",\"infobar\":true,\"arrows\":true,\"transitionEffect\":\"slide\",\"button\":[\"close\"]}' data-splide='\"\"' data-metroAttr= '{\"metro_col\":3,\"tab_metro_col\":3,\"mobile_metro_col\":3,\"metro_style\":\"style-1\",\"tab_metro_style\":\"style-1\",\"mobile_metro_style\":\"style-1\"}' ><div class=\"tpgb-row post-loop-inner \"><div class=\"grid-item metro-item-0    tpgb-metro-1  tpgb-tab-metro-1  tpgb-mobile-metro-1 \"><a href=\"https:\/\/www.musical-today.de\/wp-content\/uploads\/2025\/03\/tfn_112_mann_von_la_mancha_timmueller-scaled.jpg\" class=\"tpgb-gallery-list-content tpgb-trans-easeinout\" data-fancybox=\"956d14_10087\" data-caption=\"Foto: Tim M\u00fcller\" aria-label=\"Foto: Tim M\u00fcller\"><div class=\"post-content-image\"><div class=\"tpgb-metro-gallery-image\" style=\"background: url(https:\/\/www.musical-today.de\/wp-content\/uploads\/2025\/03\/tfn_112_mann_von_la_mancha_timmueller-scaled.jpg);\"><\/div><\/div><div class=\"post-content-center\"><div class=\"post-zoom-icon\"><div class=\"meta-search-icon\"><span><img decoding=\"async\" class=\"fancy-img\" src=\"https:\/\/www.musical-today.de\/wp-content\/uploads\/2025\/03\/tfn_112_mann_von_la_mancha_timmueller-scaled.jpg\" alt=\"Media Image1\" title=\"\"><i class=\"fas fa-search-plus pop-icon\"><\/i><\/span><\/div><\/div><div class=\"post-content-bottom\"><p class=\"post-title tpgb-trans-easeinout\">Foto: Tim M\u00fcller<\/p><\/div><\/div><\/a><\/div><div class=\"grid-item metro-item-1    tpgb-metro-2  tpgb-tab-metro-2  tpgb-mobile-metro-2 \"><a href=\"https:\/\/www.musical-today.de\/wp-content\/uploads\/2025\/03\/tfn_088_mann_von_la_mancha_timmueller-scaled.jpg\" class=\"tpgb-gallery-list-content tpgb-trans-easeinout\" data-fancybox=\"956d14_10087\" data-caption=\"Foto: Tim M\u00fcller\" aria-label=\"Foto: Tim M\u00fcller\"><div class=\"post-content-image\"><div class=\"tpgb-metro-gallery-image\" style=\"background: url(https:\/\/www.musical-today.de\/wp-content\/uploads\/2025\/03\/tfn_088_mann_von_la_mancha_timmueller-scaled.jpg);\"><\/div><\/div><div class=\"post-content-center\"><div class=\"post-zoom-icon\"><div class=\"meta-search-icon\"><span><img decoding=\"async\" class=\"fancy-img\" src=\"https:\/\/www.musical-today.de\/wp-content\/uploads\/2025\/03\/tfn_088_mann_von_la_mancha_timmueller-scaled.jpg\" alt=\"Media Image2\" title=\"\"><i class=\"fas fa-search-plus pop-icon\"><\/i><\/span><\/div><\/div><div class=\"post-content-bottom\"><p class=\"post-title tpgb-trans-easeinout\">Foto: Tim M\u00fcller<\/p><\/div><\/div><\/a><\/div><div class=\"grid-item metro-item-2    tpgb-metro-3  tpgb-tab-metro-3  tpgb-mobile-metro-3 \"><a href=\"https:\/\/www.musical-today.de\/wp-content\/uploads\/2025\/03\/tfn_181_mann_von_la_mancha_timmueller-scaled.jpg\" class=\"tpgb-gallery-list-content tpgb-trans-easeinout\" data-fancybox=\"956d14_10087\" data-caption=\"Foto: Tim M\u00fcller\" aria-label=\"Foto: Tim M\u00fcller\"><div class=\"post-content-image\"><div class=\"tpgb-metro-gallery-image\" style=\"background: url(https:\/\/www.musical-today.de\/wp-content\/uploads\/2025\/03\/tfn_181_mann_von_la_mancha_timmueller-scaled.jpg);\"><\/div><\/div><div class=\"post-content-center\"><div class=\"post-zoom-icon\"><div class=\"meta-search-icon\"><span><img decoding=\"async\" class=\"fancy-img\" src=\"https:\/\/www.musical-today.de\/wp-content\/uploads\/2025\/03\/tfn_181_mann_von_la_mancha_timmueller-scaled.jpg\" alt=\"Media Image3\" title=\"\"><i class=\"fas fa-search-plus pop-icon\"><\/i><\/span><\/div><\/div><div class=\"post-content-bottom\"><p class=\"post-title tpgb-trans-easeinout\">Foto: Tim M\u00fcller<\/p><\/div><\/div><\/a><\/div><\/div><\/div><\/div>\n\n\n<p>Als Gl\u00fccksfall f\u00fcr die Rolle des Cervantes bzw. Don Quijote erweist sich Karsten Oliver W\u00f6llm. Statur, Sprache, Stimme und Spiel setzt er mit weit gefasster Gestaltungskraft ein und treibt die Figur des Ritters von der traurigen Gestalt authentisch durch alle H\u00f6hen und Tiefen seines Erlebens. Wunderbar h\u00e4lt er gegen alle ihn umtobende Realit\u00e4t seine schw\u00e4rmerische Naivit\u00e4t durch. Ersch\u00fctternd dann sein Zusammenbruch, als er vom Spiegelritter mit der Realit\u00e4t konfrontiert wird. Mit seiner nat\u00fcrlich sitzenden, gro\u00dfen Stimme f\u00fcllt er die Songs mit \u00fcberzeugendem Klang.<\/p>\n\n\n\n<p>Zur Seite steht ihm der quicklebendige, k\u00f6rpersprachlich bewegliche und pr\u00e4chtig singende Samuel Jonathan Bertz als Sancho Panza. Er ist in Verzweiflung und Ironie ein ad\u00e4quater Counterpart zu seinem Herrn. Katharina Wollmann als Aldonza bzw. Dulcinea hat vor allem in den dramatischen Szenen des St\u00fcckes ihre ganz gro\u00dfen Momente. Unvergesslich, mit welcher darstellerischen Wucht sie nach einer brutalen sexuellen Attacke von drei Maultiertreibern, seelisch zerst\u00f6rt und k\u00f6rperlich verletzt, Don Quijote mit ihrer eigenen Realit\u00e4t konfrontiert. Das geht unter die Haut. In den Songs entfaltet sie die volle Kraft ihrer Mezzo-Lage, und wie z\u00e4rtlich ber\u00fchrend begleitet sie den Ritter am Sterbebett!<\/p>\n\n\n\n<p>Die Regie baut einen guten Wechsel von intimen Duetten und Terzetten zu lebendig angelegten Ensemble-Szenen. Dabei passt Choreografin Katharina Glas die mediterran inspirierten, flotten Tanzszenen geschickt in den begrenzten Raum des Verlieses ein. Das hat Anna Siegrot als eine Art \u00fcberdimensionalen Zylinder gestaltet, der mit einfachen Handgriffen vergittert werden kann und nach oben hin offen ist. Von dort t\u00f6nt ab und zu bedrohlich die Stimme der Inquisition herunter, f\u00e4llt Licht in das Dunkel und senkt sich zum Schluss bedr\u00fcckend ein schwarzes Riesenkreuz herab.<\/p>\n\n\n\n<p>Bei diesem Musical halten sich gesprochene Dialoge und Songs etwa im Gleichgewicht. Die spanisch grundierten Rhythmen und Harmonien werden von der Band, die Andreas Unsicker fachkundig vom Klavier aus leitet, ins Mischpult der Tontechnik gespielt. Von dort dauert es allerdings recht lange, bis den Stimmen des Ensembles gen\u00fcgend akustischer Raum gegeben wird. Nach der Pause stimmt es dann.<\/p>\n\n\n\n<p>Insgesamt erlebt man eine faszinierende, preisverd\u00e4chtige Version dieses Musicals, die eine Reise nach Hildesheim lohnend macht. Das Musical ist \u00fcbrigens Teil einer spannenden Quijote-Trilogie, zu der die Oper \u201eDon Chisciotte\u201c von Manuel Garc\u00eda und das Schauspiel \u201eDon Quijote\u201c von Rebekka Kricheldorf geh\u00f6ren. Alle drei Inszenierungen sollten im gleichen B\u00fchnenbild stattfinden, was aufgeht \u2013 Respekt!<\/p>\n\n\n\n<hr class=\"wp-block-separator has-alpha-channel-opacity is-style-dots\"\/>\n\n\n\n<p class=\"has-small-font-size\">Musikalische Leitung: Andreas Unsicker \u2022 Choreografie: Katharina Glas \u2022 B\u00fchne: Anna Siegrot \u2022 Kost\u00fcme: Patrizia Bitterich \u2022 Mit: Karsten Oliver W\u00f6llm (Cervantes\/Alonso Quijana\/Don Quijote), Samuel Jonathan Bertz (Diener\/Sancho), Katharina Wollmann (Aldonza), Daniel Wernecke (Gouverneur\/Wirt),\u00a0 J\u00fcrgen Brehm (Herzog\/Dr. Carrasco\/Spiegelritter), \u00d6mer \u00d6rgey (Anselmo\/Stimme des Hauptmanns der Inquisition), Jack Lukas (Pedro\/Esel\/Padre), Elisabeth K\u00f6stner (Juan\/Pferd\/Barbier), Luc\u00eda Bernadas Cavallini (Fermina\/Antonia), Silke Dubilier (Maria\/Haush\u00e4lterin) \u2022 Band<\/p>\n\n\n\n<p class=\"has-small-font-size\">Aufmacherfoto: Tim M\u00fcller<\/p>\n","protected":false},"excerpt":{"rendered":"<p>St\u00fcrmischer Jubel f\u00fcr den \u201eMann von La Mancha\u201c \u201eTatsachen, mein lieber Sancho, sind die Feinde der Wahrheit.\u201c Mit diesen Worten erkennt Don Quijote im Musical \u201eDer Mann von La Mancha\u201c sein komplettes Scheitern im Bem\u00fchen, die Welt als edler Ritter retten zu k\u00f6nnen. In seiner Wahrnehmung h\u00e4lt er eine M\u00fchle f\u00fcr ein zu bek\u00e4mpfendes Ungeheuer, sieht in einer heruntergekommenen Kneipe ein Schloss und nimmt die missbrauchte und gedem\u00fctigte Hure Aldonza als anbetungsw\u00fcrdige reine Jungfer Dulcinea wahr. Solche Szenen erz\u00e4hlen auch [&hellip;]<\/p>\n","protected":false},"author":24,"featured_media":10076,"comment_status":"closed","ping_status":"closed","sticky":false,"template":"","format":"standard","meta":{"tpgb_global_settings":"","footnotes":""},"categories":[73],"tags":[],"class_list":["post-10087","post","type-post","status-publish","format-standard","has-post-thumbnail","hentry","category-hildesheim"],"tpgb_featured_images":{"full":["https:\/\/www.musical-today.de\/wp-content\/uploads\/2025\/03\/tfn_021_mann_von_la_mancha_timmueller-scaled.jpg",2560,1707,false],"tp-image-grid":["https:\/\/www.musical-today.de\/wp-content\/uploads\/2025\/03\/tfn_021_mann_von_la_mancha_timmueller-700x700.jpg",700,700,true],"thumbnail":["https:\/\/www.musical-today.de\/wp-content\/uploads\/2025\/03\/tfn_021_mann_von_la_mancha_timmueller-600x400.jpg",600,400,true],"medium":["https:\/\/www.musical-today.de\/wp-content\/uploads\/2025\/03\/tfn_021_mann_von_la_mancha_timmueller-1200x800.jpg",1200,800,true],"medium_large":["https:\/\/www.musical-today.de\/wp-content\/uploads\/2025\/03\/tfn_021_mann_von_la_mancha_timmueller-949x633.jpg",770,514,true],"large":["https:\/\/www.musical-today.de\/wp-content\/uploads\/2025\/03\/tfn_021_mann_von_la_mancha_timmueller-1920x1280.jpg",1139,759,true],"default":"https:\/\/www.musical-today.de\/wp-content\/plugins\/the-plus-addons-for-block-editor\/assets\/images\/tpgb-placeholder.jpg"},"tpgb_post_meta_info":{"get_date":"31.03.2025","get_modified_date":"15.04.2025","category_list":{"category":[{"term_id":73,"name":"Hildesheim","slug":"hildesheim","term_group":0,"term_taxonomy_id":73,"taxonomy":"category","description":"","parent":19,"count":9,"filter":"raw","term_order":"51"}],"post_tag":false,"post_format":false},"author_name":"Claus-Ulrich Heinke","author_url":"https:\/\/www.musical-today.de\/en\/autor\/clausulrichheinke\/","author_email":"online92488@musical-today.de","author_website":"","author_description":"ist Theologe, Musiker und Journalist. Nach Berufsstationen als Pastor, Fernsehjournalist (ARD, ZDF, DW u.a.), Programmkoordinator Privatfernsehen (EKD), Intendant der Kulturkirche St. Jakobi Hildesheim und \u00d6ffentlichkeitsbeauftragter ist er aktuell als freier Journalist, Dirigent, Kulturmanager und \u2013politiker sowie als k\u00fcnstlerischer Leiter der SingAkademie Niedersachsen t\u00e4tig.","author_facebook":"","author_twitter":"","author_instagram":"","author_role":["author"],"author_firstname":"Claus-Ulrich","author_lastname":"Heinke","user_login":"chheinke","author_avatar":"<img src=\"https:\/\/www.musical-today.de\/wp-content\/uploads\/2024\/03\/Autor_Heinke-293x293.jpg\" width=\"200\" height=\"200\" alt=\"Claus-Ulrich Heinke\" class=\"avatar avatar-200 wp-user-avatar wp-user-avatar-200 alignnone photo\" \/>","author_avatar_url":"https:\/\/www.musical-today.de\/wp-content\/uploads\/2024\/03\/Autor_Heinke.jpg","comment_count":0,"post_likes":0,"post_views":0},"tpgb_post_category":{"category":"<a href=\"https:\/\/www.musical-today.de\/en\/deutschland\/hildesheim\/\" alt=\"Hildesheim\"  class=\"category-hildesheim\">Hildesheim<\/a> "},"_links":{"self":[{"href":"https:\/\/www.musical-today.de\/en\/wp-json\/wp\/v2\/posts\/10087","targetHints":{"allow":["GET"]}}],"collection":[{"href":"https:\/\/www.musical-today.de\/en\/wp-json\/wp\/v2\/posts"}],"about":[{"href":"https:\/\/www.musical-today.de\/en\/wp-json\/wp\/v2\/types\/post"}],"author":[{"embeddable":true,"href":"https:\/\/www.musical-today.de\/en\/wp-json\/wp\/v2\/users\/24"}],"replies":[{"embeddable":true,"href":"https:\/\/www.musical-today.de\/en\/wp-json\/wp\/v2\/comments?post=10087"}],"version-history":[{"count":0,"href":"https:\/\/www.musical-today.de\/en\/wp-json\/wp\/v2\/posts\/10087\/revisions"}],"wp:featuredmedia":[{"embeddable":true,"href":"https:\/\/www.musical-today.de\/en\/wp-json\/wp\/v2\/media\/10076"}],"wp:attachment":[{"href":"https:\/\/www.musical-today.de\/en\/wp-json\/wp\/v2\/media?parent=10087"}],"wp:term":[{"taxonomy":"category","embeddable":true,"href":"https:\/\/www.musical-today.de\/en\/wp-json\/wp\/v2\/categories?post=10087"},{"taxonomy":"post_tag","embeddable":true,"href":"https:\/\/www.musical-today.de\/en\/wp-json\/wp\/v2\/tags?post=10087"}],"curies":[{"name":"wp","href":"https:\/\/api.w.org\/{rel}","templated":true}]}}