{"id":10293,"date":"2025-04-18T00:56:52","date_gmt":"2025-04-17T22:56:52","guid":{"rendered":"https:\/\/www.musical-today.de\/?p=10293"},"modified":"2025-04-18T00:56:56","modified_gmt":"2025-04-17T22:56:56","slug":"wuppertal-die-sieben-todsunden","status":"publish","type":"post","link":"https:\/\/www.musical-today.de\/en\/wuppertal-die-sieben-todsunden\/","title":{"rendered":"Die sieben Tods\u00fcnden"},"content":{"rendered":"<div class=\"lets-info-up-wrap  lets-info-up--right lets-info-up--m-1 lets-info-up-skin-3 lets-info-up--side lets-info-up-43157\" style=\"background:#fafafa; color: #616161\">\t\t\t<div class=\"lets-info-up\">\r\n\t\t\t<div class=\"lets-info-up-fi\"><img decoding=\"async\" width=\"500\" height=\"375\" src=\"https:\/\/www.musical-today.de\/wp-content\/uploads\/visual-portfolio\/placeholder-500x375.png\" class=\"attachment-lets-info-up-d1 size-lets-info-up-d1\" alt=\"|\" srcset=\"https:\/\/www.musical-today.de\/wp-content\/uploads\/visual-portfolio\/placeholder-500x375.png 500w, https:\/\/www.musical-today.de\/wp-content\/uploads\/visual-portfolio\/placeholder-300x225.png 300w, https:\/\/www.musical-today.de\/wp-content\/uploads\/visual-portfolio\/placeholder-1024x767.png 1024w, https:\/\/www.musical-today.de\/wp-content\/uploads\/visual-portfolio\/placeholder-883x662.png 883w, https:\/\/www.musical-today.de\/wp-content\/uploads\/visual-portfolio\/placeholder-16x12.png 16w, https:\/\/www.musical-today.de\/wp-content\/uploads\/visual-portfolio\/placeholder-800x600.png 800w, https:\/\/www.musical-today.de\/wp-content\/uploads\/visual-portfolio\/placeholder.png 1201w\" sizes=\"(max-width: 500px) 100vw, 500px\" title=\"\"><\/div>\t\t\t<div class=\"lets-info-up-block-wrap\">\r\n\t\t\t\t<div class=\"lets-info-up-block lets-info-up-meta-block\"><div class=\"lets-info-up-meta-title lets-info-up-pretitle font-h\" style=\"color: #8c6d18;\">Ort<\/div><div class=\"lets-info-up-meta-content lets-info-up-title font-b\">Tanztheater Wuppertal Pina Bausch\/Terrain Boris Charmatz<\/div><\/div><div class=\"lets-info-up-block lets-info-up-meta-block\"><div class=\"lets-info-up-meta-title lets-info-up-pretitle font-h\" style=\"color: #8c6d18;\">VON<\/div><div class=\"lets-info-up-meta-content lets-info-up-title font-b\">Tanzabend von Pina Bausch<br>Kurt Weill (Musik)<br>Bertolt Brecht (Text)<\/div><\/div><div class=\"lets-info-up-block lets-info-up-meta-block\"><div class=\"lets-info-up-meta-title lets-info-up-pretitle font-h\" style=\"color: #8c6d18;\">Regie<\/div><div class=\"lets-info-up-meta-content lets-info-up-title font-b\">Pina Bausch<\/div><\/div><div class=\"lets-info-up-block lets-info-up-meta-block\"><div class=\"lets-info-up-meta-title lets-info-up-pretitle font-h\" style=\"color: #8c6d18;\">Urauff\u00fchrung<\/div><div class=\"lets-info-up-meta-content lets-info-up-title font-b\">1976<\/div><\/div><div class=\"lets-info-up-block lets-info-up-meta-block\"><div class=\"lets-info-up-meta-title lets-info-up-pretitle font-h\" style=\"color: #8c6d18;\">INFOS<\/div><div class=\"lets-info-up-meta-content lets-info-up-title font-b\"><a href=\"https:\/\/www.pina-bausch.de\/de\/plays\/17\/die-sieben-todsunden\" data-type=\"link\" target=\"_blank\" rel=\"noopener noreferrer nofollow\">www.pina-bausch.de<\/a><\/div><\/div>\t\t\t<\/div>\r\n\t\t\t<\/div>\r\n\t\t<\/div>\r\n\t\t\n\n\n<p><strong>Pina Bauschs kongeniale Weill-Apotheose mit Ute Lemper<\/strong><\/p>\n\n\n\n<p>Die Wiederaufnahme dieser zweiteiligen Produktion von Kurt Weills \u201eDie sieben Tods\u00fcnden\u201c mit der Weill-Kompilation \u201eF\u00fcrchtet euch nicht\u201c ist einfach wunderbar. Pina Bausch, von der in Wuppertal alle ohne Nachnamen sprechen, zeigte bei der Urauff\u00fchrung von \u201eDie sieben Tods\u00fcnden\u201c im Juni 1976 in Sachen Emanzipation, affirmative Queerness und Systemkritik mindestens so viel Engagement wie die Kulturszene heute. Cancel Culture aber geh\u00f6rte nicht zu ihrem Vokabular.<\/p>\n\n\n\n<p>In kaum einer Wiederaufnahme von Opern- und Ballettinszenierungen aus dem 20. Jahrhundert sind so viele Mitwirkende der ersten Generationen dabei wie beim noch immer f\u00fcr Gastspiele weltweit gefragten Tanztheater Wuppertal \u2013 lange vor den Gegenwartsinitiativen war Pina Bausch authentisch gegen Age Shaming und Age Blaming. Noch immer erkennt man in der Kompanie vertraute Gesichter von Auff\u00fchrungsfotos aus den 1990ern und aus Wim Wenders\u2019 Filmdokumentation \u201ePina\u201c (2011). Das auf der Hinterb\u00fchne sitzende Sinfonieorchester Wuppertal kennt seinen Weill und die Arrangements aus dem Effeff. Jan Michael Horstmann hat mit fast schon telepathischer Energie den synergetischen Puls, er wirkt am Pult wie ein Teil der Choreografie.<\/p>\n\n\n<div  class=\"tpgb-wrap-956d14_10293  tpgb-wrap-fw \"  ><div id=\"956d14_10293\" class=\"tpgb-block-956d14_10293 tpgb-relative-block tpgb-gallery-list tpgb-metro gallery-style-2 hover-image-style-1   \" data-style=\"style-2\" data-id=\"956d14_10293\" data-layout=\"metro\" data-fancy-option='{\"loop\":false,\"thumb\":\"no\",\"infobar\":true,\"arrows\":true,\"transitionEffect\":\"slide\",\"button\":[\"close\"]}' data-splide='\"\"' data-metroAttr= '{\"metro_col\":3,\"tab_metro_col\":3,\"mobile_metro_col\":3,\"metro_style\":\"style-1\",\"tab_metro_style\":\"style-1\",\"mobile_metro_style\":\"style-1\"}' ><div class=\"tpgb-row post-loop-inner \"><div class=\"grid-item metro-item-0    tpgb-metro-1  tpgb-tab-metro-1  tpgb-mobile-metro-1 \"><a href=\"https:\/\/www.musical-today.de\/wp-content\/uploads\/2025\/04\/33A7670-scaled.jpg\" class=\"tpgb-gallery-list-content tpgb-trans-easeinout\" data-fancybox=\"956d14_10293\" data-caption=\"Foto: Ursula Kaufmann\" aria-label=\"Foto: Ursula Kaufmann\"><div class=\"post-content-image\"><div class=\"tpgb-metro-gallery-image\" style=\"background: url(https:\/\/www.musical-today.de\/wp-content\/uploads\/2025\/04\/33A7670-scaled.jpg);\"><\/div><\/div><div class=\"post-content-center\"><div class=\"post-zoom-icon\"><div class=\"meta-search-icon\"><span><img decoding=\"async\" class=\"fancy-img\" src=\"https:\/\/www.musical-today.de\/wp-content\/uploads\/2025\/04\/33A7670-scaled.jpg\" alt=\"Media Image1\" title=\"\"><i class=\"fas fa-search-plus pop-icon\"><\/i><\/span><\/div><\/div><div class=\"post-content-bottom\"><p class=\"post-title tpgb-trans-easeinout\">Foto: Ursula Kaufmann<\/p><\/div><\/div><\/a><\/div><div class=\"grid-item metro-item-1    tpgb-metro-2  tpgb-tab-metro-2  tpgb-mobile-metro-2 \"><a href=\"https:\/\/www.musical-today.de\/wp-content\/uploads\/2025\/04\/003_7015.jpg\" class=\"tpgb-gallery-list-content tpgb-trans-easeinout\" data-fancybox=\"956d14_10293\" data-caption=\"Foto: Zerrin Aydin-Herwegh\" aria-label=\"Foto: Zerrin Aydin-Herwegh\"><div class=\"post-content-image\"><div class=\"tpgb-metro-gallery-image\" style=\"background: url(https:\/\/www.musical-today.de\/wp-content\/uploads\/2025\/04\/003_7015.jpg);\"><\/div><\/div><div class=\"post-content-center\"><div class=\"post-zoom-icon\"><div class=\"meta-search-icon\"><span><img decoding=\"async\" class=\"fancy-img\" src=\"https:\/\/www.musical-today.de\/wp-content\/uploads\/2025\/04\/003_7015.jpg\" alt=\"Media Image2\" title=\"\"><i class=\"fas fa-search-plus pop-icon\"><\/i><\/span><\/div><\/div><div class=\"post-content-bottom\"><p class=\"post-title tpgb-trans-easeinout\">Foto: Zerrin Aydin-Herwegh<\/p><\/div><\/div><\/a><\/div><div class=\"grid-item metro-item-2    tpgb-metro-3  tpgb-tab-metro-3  tpgb-mobile-metro-3 \"><a href=\"https:\/\/www.musical-today.de\/wp-content\/uploads\/2025\/04\/GP-11.4.2025-Die-Sieben-Todsuenden-by-Evangelos-Rodoulis-low-res-10.jpg\" class=\"tpgb-gallery-list-content tpgb-trans-easeinout\" data-fancybox=\"956d14_10293\" data-caption=\"Foto: Evangelos Rodoulis\" aria-label=\"Foto: Evangelos Rodoulis\"><div class=\"post-content-image\"><div class=\"tpgb-metro-gallery-image\" style=\"background: url(https:\/\/www.musical-today.de\/wp-content\/uploads\/2025\/04\/GP-11.4.2025-Die-Sieben-Todsuenden-by-Evangelos-Rodoulis-low-res-10.jpg);\"><\/div><\/div><div class=\"post-content-center\"><div class=\"post-zoom-icon\"><div class=\"meta-search-icon\"><span><img decoding=\"async\" class=\"fancy-img\" src=\"https:\/\/www.musical-today.de\/wp-content\/uploads\/2025\/04\/GP-11.4.2025-Die-Sieben-Todsuenden-by-Evangelos-Rodoulis-low-res-10.jpg\" alt=\"Media Image3\" title=\"\"><i class=\"fas fa-search-plus pop-icon\"><\/i><\/span><\/div><\/div><div class=\"post-content-bottom\"><p class=\"post-title tpgb-trans-easeinout\">Foto: Evangelos Rodoulis<\/p><\/div><\/div><\/a><\/div><\/div><\/div><\/div>\n\n\n<p>Die in diese Produktion kongenial eingebundene Ute Lemper findet hier zu ihren Musical-Anf\u00e4ngen zur\u00fcck: Schon mit Beginn von \u201eDie sieben Tods\u00fcnden\u201c \u2013 da richtet sie einen Spot auf \u201eihre Schwester\u201c Anna II \u2013 ist sie ein Blickfang. Lemper und Stephanie Troyak ziehen unsichtbare F\u00e4den zwischen sich, Troyak als die sich im kapitalistischen Wertsch\u00f6pfungs- und Verschlei\u00dfprozess zerst\u00f6rende Ware Frau und Lemper als deren manipulatives Medium. Ute Lemper zeigt in diesem Totaltheater-Biotop ganz gro\u00dfe Klasse, gerade weil sie hier keine One-Woman-Show betreiben und keine solit\u00e4re Diva-Exklusivit\u00e4t vor sich hertragen muss. Mit der Tanzkompanie bildet Lemper je nach Anforderungen eine intensive Einheit oder einen dramatisch sinnf\u00e4lligen Konterpart zu ihr. Bertolt Brecht und Kurt Weill ereignen sich hier statt im Schnodder-Look mit Anzug, wei\u00dfem Kragen und Abendkleid, was nach den wilden 1960ern ein skandalisierender Kunstgriff war.<\/p>\n\n\n\n<p>Die Alle-Alter-Tanzcrew ist wie damals eine aufeinander eingeschworene Masse kraftvoller Individuen, das Familienquartett aus Sergio Augusto, Mark Bowman-Hester, Sebastian Campione und Simon Stricker agiert im Fast-Ganzdunkel mit vokaler St\u00e4rke. Es ist faszinierend, wie immer wieder Schweres das Leichte penetriert, wie Lempers scharfe Konsonanten im Gleichklang von Erscheinung und Bewegungen die Bitternis und Brutalit\u00e4t des Geschehens verdichten.<\/p>\n\n\n\n<p>Perfide Dialektik einer Wissenden: \u201eF\u00fcrchtet euch nicht\u201c ist keineswegs eine heilsgeschichtliche Trostpostille Pinas ins seit der Urauff\u00fchrung noch untr\u00f6stlichere Turbokapitalismus-Jammertal. Tanzdramatische Dialektik herrscht also auch da. Die musikalische Seite pr\u00e4sentiert Weills Evergreens mit rauchig bis samten in alle Glieder fahrender Opulenz. \u201eF\u00fcrchtet euch nicht\u201c singt der adrette Schokoladenonkel zu seinen fast noch kindlichen Partnerinnen, deren Gesichter nach den angedeutet finsteren Kurzbegegnungen versteinern. Dieses \u201eF\u00fcrchtet euch nicht\u201c gilt bei Pina nur f\u00fcr die Bl\u00fctejahre der ersten Lebensh\u00e4lfte, welche durch die aus Tradition emanzipierte Besetzungspolitik des Tanztheaters Wuppertal auf die ersten beiden Lebensdrittel verl\u00e4ngert wird. In diesem Sinne ger\u00e4t die von New York bis Moskau umjubelte Brecht\/Weill-Kompilation des Tanztheaters zu einem alterslosen Beitrag f\u00fcr hedonistische Emanzipations-Utopie. Nur war Pina nicht so naiv zu glauben, dass sich durch Genderpluralismus systemische Benutzungsstrukturen \u00e4ndern. Das gilt auch f\u00fcr Steffen Laube als distinguiertem Grapscher und die sich mit Lust als dekadentes Luder produzierende Melissa Madden Gray. Ihr Goldblond sticht heraus und bringt als sehr heutige Farbe ein bin\u00e4res \u201eI Am What I Am\u201c ins h\u00f6chst aktuelle Spiel aus dem Jahr 1976. Passt doch!<\/p>\n\n\n\n<hr class=\"wp-block-separator has-alpha-channel-opacity is-style-dots\"\/>\n\n\n\n<p class=\"has-small-font-size\">Musikalische Leitung: Jan Michael Horstmann \u2022 Regie und Choreografie: Pina Bausch \u2022 Probenleitung: Josephine Ann Endicott und Julie Shanahan \u2022 Ausstattung: Rolf Borzik \u2022 Mitarbeit: Hans Pop und Marion Cito \u2022 Mit: Ute Lemper (Anna), Stephanie Troyak (Anna II), Sergio Augusto, Mark Bowman-Hester, Sebastian Campione, Simon Stricker (Die Familie), Melissa Madden Gray, Steffen Laube, Erika Skrotzki \u2022 Tanztheater Wuppertal Pina Bausch und G\u00e4ste \u2022 Maki Hayashida (Klavier), Jan Kazda (Gitarre) \u2022 Sinfonieorchester Wuppertal<\/p>\n\n\n\n<p class=\"has-small-font-size\">Aufmacherfoto: Sylvain Guillot<\/p>\n","protected":false},"excerpt":{"rendered":"<p>Pina Bauschs kongeniale Weill-Apotheose mit Ute Lemper Die Wiederaufnahme dieser zweiteiligen Produktion von Kurt Weills \u201eDie sieben Tods\u00fcnden\u201c mit der Weill-Kompilation \u201eF\u00fcrchtet euch nicht\u201c ist einfach wunderbar. Pina Bausch, von der in Wuppertal alle ohne Nachnamen sprechen, zeigte bei der Urauff\u00fchrung von \u201eDie sieben Tods\u00fcnden\u201c im Juni 1976 in Sachen Emanzipation, affirmative Queerness und Systemkritik mindestens so viel Engagement wie die Kulturszene heute. Cancel Culture aber geh\u00f6rte nicht zu ihrem Vokabular. In kaum einer Wiederaufnahme von Opern- und Ballettinszenierungen aus [&hellip;]<\/p>\n","protected":false},"author":34,"featured_media":10277,"comment_status":"closed","ping_status":"closed","sticky":false,"template":"","format":"standard","meta":{"tpgb_global_settings":"","footnotes":""},"categories":[197],"tags":[],"class_list":["post-10293","post","type-post","status-publish","format-standard","has-post-thumbnail","hentry","category-wuppertal"],"tpgb_featured_images":{"full":["https:\/\/www.musical-today.de\/wp-content\/uploads\/2025\/04\/R6I_5773-Enhanced-NR-scaled.jpg",2560,1707,false],"tp-image-grid":["https:\/\/www.musical-today.de\/wp-content\/uploads\/2025\/04\/R6I_5773-Enhanced-NR-700x700.jpg",700,700,true],"thumbnail":["https:\/\/www.musical-today.de\/wp-content\/uploads\/2025\/04\/R6I_5773-Enhanced-NR-600x400.jpg",600,400,true],"medium":["https:\/\/www.musical-today.de\/wp-content\/uploads\/2025\/04\/R6I_5773-Enhanced-NR-1200x800.jpg",1200,800,true],"medium_large":["https:\/\/www.musical-today.de\/wp-content\/uploads\/2025\/04\/R6I_5773-Enhanced-NR-949x633.jpg",770,514,true],"large":["https:\/\/www.musical-today.de\/wp-content\/uploads\/2025\/04\/R6I_5773-Enhanced-NR-1920x1280.jpg",1139,759,true],"default":"https:\/\/www.musical-today.de\/wp-content\/plugins\/the-plus-addons-for-block-editor\/assets\/images\/tpgb-placeholder.jpg"},"tpgb_post_meta_info":{"get_date":"18.04.2025","get_modified_date":"18.04.2025","category_list":{"category":[{"term_id":197,"name":"Wuppertal","slug":"wuppertal","term_group":0,"term_taxonomy_id":197,"taxonomy":"category","description":"","parent":19,"count":3,"filter":"raw","term_order":"100"}],"post_tag":false,"post_format":false},"author_name":"Roland H. Dippel","author_url":"https:\/\/www.musical-today.de\/en\/autor\/rolandhdippel\/","author_email":"temporary-removeco4qisvj4L3F9dg@tmp.com","author_website":"","author_description":"ist als Autor, Dramaturg und Kulturvermittler dem Theater seit seinem Studium an der LMU M\u00fcnchen verbunden. Neben Festanstellungen in Augsburg, Hof, Osnabr\u00fcck, Rostock, St. Gallen und Zwickau war er, ausgehend von seinem Schwerpunkt Musiktheater, an vielen Projekten aller Sparten und Neuer Musik beteiligt. Wissenschaftliche Schwerpunkte sind Operette und Musical der DDR sowie das Volksschauspiel im Alpenraum.","author_facebook":"","author_twitter":"","author_instagram":"","author_role":["author"],"author_firstname":"Roland H.","author_lastname":"Dippel","user_login":"rolanddippel","author_avatar":"<img src=\"https:\/\/www.musical-today.de\/wp-content\/uploads\/2024\/03\/Autor_Dippel-200x200.jpg\" width=\"200\" height=\"200\" alt=\"Roland H. Dippel\" class=\"avatar avatar-200 wp-user-avatar wp-user-avatar-200 alignnone photo\" \/>","author_avatar_url":"https:\/\/www.musical-today.de\/wp-content\/uploads\/2024\/03\/Autor_Dippel.jpg","comment_count":0,"post_likes":0,"post_views":0},"tpgb_post_category":{"category":"<a href=\"https:\/\/www.musical-today.de\/en\/deutschland\/wuppertal\/\" alt=\"Wuppertal\"  class=\"category-wuppertal\">Wuppertal<\/a> "},"_links":{"self":[{"href":"https:\/\/www.musical-today.de\/en\/wp-json\/wp\/v2\/posts\/10293","targetHints":{"allow":["GET"]}}],"collection":[{"href":"https:\/\/www.musical-today.de\/en\/wp-json\/wp\/v2\/posts"}],"about":[{"href":"https:\/\/www.musical-today.de\/en\/wp-json\/wp\/v2\/types\/post"}],"author":[{"embeddable":true,"href":"https:\/\/www.musical-today.de\/en\/wp-json\/wp\/v2\/users\/34"}],"replies":[{"embeddable":true,"href":"https:\/\/www.musical-today.de\/en\/wp-json\/wp\/v2\/comments?post=10293"}],"version-history":[{"count":0,"href":"https:\/\/www.musical-today.de\/en\/wp-json\/wp\/v2\/posts\/10293\/revisions"}],"wp:featuredmedia":[{"embeddable":true,"href":"https:\/\/www.musical-today.de\/en\/wp-json\/wp\/v2\/media\/10277"}],"wp:attachment":[{"href":"https:\/\/www.musical-today.de\/en\/wp-json\/wp\/v2\/media?parent=10293"}],"wp:term":[{"taxonomy":"category","embeddable":true,"href":"https:\/\/www.musical-today.de\/en\/wp-json\/wp\/v2\/categories?post=10293"},{"taxonomy":"post_tag","embeddable":true,"href":"https:\/\/www.musical-today.de\/en\/wp-json\/wp\/v2\/tags?post=10293"}],"curies":[{"name":"wp","href":"https:\/\/api.w.org\/{rel}","templated":true}]}}