{"id":10298,"date":"2025-04-18T01:08:26","date_gmt":"2025-04-17T23:08:26","guid":{"rendered":"https:\/\/www.musical-today.de\/?p=10298"},"modified":"2025-04-23T16:04:41","modified_gmt":"2025-04-23T14:04:41","slug":"zuerich-fascht-normal","status":"publish","type":"post","link":"https:\/\/www.musical-today.de\/en\/zuerich-fascht-normal\/","title":{"rendered":"Fascht Normal"},"content":{"rendered":"<div class=\"lets-info-up-wrap  lets-info-up--right lets-info-up--m-1 lets-info-up-skin-3 lets-info-up--side lets-info-up-41894\" style=\"background:#fafafa; color: #616161\">\t\t\t<div class=\"lets-info-up\">\r\n\t\t\t<div class=\"lets-info-up-fi\"><img decoding=\"async\" width=\"500\" height=\"333\" src=\"https:\/\/www.musical-today.de\/wp-content\/uploads\/2024\/01\/qi-addons-for-elementor-placeholder-500x333.png\" class=\"attachment-lets-info-up-d1 size-lets-info-up-d1\" alt=\"|\" srcset=\"https:\/\/www.musical-today.de\/wp-content\/uploads\/2024\/01\/qi-addons-for-elementor-placeholder-500x333.png 500w, https:\/\/www.musical-today.de\/wp-content\/uploads\/2024\/01\/qi-addons-for-elementor-placeholder-300x200.png 300w, https:\/\/www.musical-today.de\/wp-content\/uploads\/2024\/01\/qi-addons-for-elementor-placeholder-1024x683.png 1024w, https:\/\/www.musical-today.de\/wp-content\/uploads\/2024\/01\/qi-addons-for-elementor-placeholder-883x589.png 883w, https:\/\/www.musical-today.de\/wp-content\/uploads\/2024\/01\/qi-addons-for-elementor-placeholder-18x12.png 18w, https:\/\/www.musical-today.de\/wp-content\/uploads\/2024\/01\/qi-addons-for-elementor-placeholder-360x240.png 360w, https:\/\/www.musical-today.de\/wp-content\/uploads\/2024\/01\/qi-addons-for-elementor-placeholder-1155x770.png 1155w, https:\/\/www.musical-today.de\/wp-content\/uploads\/2024\/01\/qi-addons-for-elementor-placeholder-370x247.png 370w, https:\/\/www.musical-today.de\/wp-content\/uploads\/2024\/01\/qi-addons-for-elementor-placeholder-770x513.png 770w, https:\/\/www.musical-today.de\/wp-content\/uploads\/2024\/01\/qi-addons-for-elementor-placeholder-293x195.png 293w, https:\/\/www.musical-today.de\/wp-content\/uploads\/2024\/01\/qi-addons-for-elementor-placeholder-120x80.png 120w, https:\/\/www.musical-today.de\/wp-content\/uploads\/2024\/01\/qi-addons-for-elementor-placeholder-240x160.png 240w, https:\/\/www.musical-today.de\/wp-content\/uploads\/2024\/01\/qi-addons-for-elementor-placeholder-390x260.png 390w, https:\/\/www.musical-today.de\/wp-content\/uploads\/2024\/01\/qi-addons-for-elementor-placeholder.png 1200w\" sizes=\"(max-width: 500px) 100vw, 500px\" title=\"\"><\/div>\t\t\t<div class=\"lets-info-up-block-wrap\">\r\n\t\t\t\t<div class=\"lets-info-up-block lets-info-up-meta-block\"><div class=\"lets-info-up-meta-title lets-info-up-pretitle font-h\" style=\"color: #8c6d18;\">oRT<\/div><div class=\"lets-info-up-meta-content lets-info-up-title font-b\">Verein Kulturbogen (Theater im Seefeld)<\/div><\/div><div class=\"lets-info-up-block lets-info-up-meta-block\"><div class=\"lets-info-up-meta-title lets-info-up-pretitle font-h\" style=\"color: #8c6d18;\">von<\/div><div class=\"lets-info-up-meta-content lets-info-up-title font-b\">Tom Kitt (Musik)<br>Brian Yorkey (Buch und Gesangstexte)<\/div><\/div><div class=\"lets-info-up-block lets-info-up-meta-block\"><div class=\"lets-info-up-meta-title lets-info-up-pretitle font-h\" style=\"color: #8c6d18;\">Regie<\/div><div class=\"lets-info-up-meta-content lets-info-up-title font-b\">Livio Beyeler<\/div><\/div><div class=\"lets-info-up-block lets-info-up-meta-block\"><div class=\"lets-info-up-meta-title lets-info-up-pretitle font-h\" style=\"color: #8c6d18;\">Urauff\u00fchrung<\/div><div class=\"lets-info-up-meta-content lets-info-up-title font-b\">2008<\/div><\/div><div class=\"lets-info-up-block lets-info-up-meta-block\"><div class=\"lets-info-up-meta-title lets-info-up-pretitle font-h\" style=\"color: #8c6d18;\">INFOS<\/div><div class=\"lets-info-up-meta-content lets-info-up-title font-b\"><a href=\"https:\/\/www.kulturbogen.ch\" data-type=\"link\" target=\"_blank\" rel=\"noopener noreferrer nofollow\">www.kulturbogen.ch<\/a><\/div><\/div>\t\t\t<\/div>\r\n\t\t\t<\/div>\r\n\t\t<\/div>\r\n\t\t\n\n\n<p><strong>\u201eFascht Normal\u201c auf dem schmalen Grat zwischen Licht und Dunkel<\/strong><\/p>\n\n\n\n<p>Mit der schweizerdeutschen Erstauff\u00fchrung von \u201eFascht Normal\u201c (Original: \u201eNext to Normal\u201c) gelingt dem jungen Theater im Seefeld eine ber\u00fchrende, fast intime Produktion. Die Inszenierung des Pulitzer-Preis-gekr\u00f6nten Musicals erz\u00e4hlt die Geschichte einer Mutter, die an einer bipolaren St\u00f6rung leidet, und deren Auswirkungen auf ihre Familie.&nbsp;&nbsp;<\/p>\n\n\n\n<p>Regisseur Livio Beyeler hat eine gelungene schweizerdeutsche \u00dcbersetzung geschaffen. Sie verleiht dem St\u00fcck Authentizit\u00e4t und N\u00e4he. Die Dialoge klingen nat\u00fcrlich und emotional, ohne den musikalischen Fluss zu st\u00f6ren. Im zweiten Akt verliert die Inszenierung etwas an Tempo. Die Videoprojektionen setzen zwar neue Akzente, dynamisieren das Geschehen aber nicht durchg\u00e4ngig. Insgesamt bleibt aber der Eindruck einer sprachlich und dramaturgisch starken Umsetzung. Der kleine Theatersaal und die geschickte Nutzung des B\u00fchnenraums schaffen zudem eine N\u00e4he, die konfrontiert und zu Herzen geht.&nbsp;<\/p>\n\n\n<div  class=\"tpgb-wrap-956d14_10298  tpgb-wrap-fw \"  ><div id=\"956d14_10298\" class=\"tpgb-block-956d14_10298 tpgb-relative-block tpgb-gallery-list tpgb-metro gallery-style-2 hover-image-style-1   \" data-style=\"style-2\" data-id=\"956d14_10298\" data-layout=\"metro\" data-fancy-option='{\"loop\":false,\"thumb\":\"no\",\"infobar\":true,\"arrows\":true,\"transitionEffect\":\"slide\",\"button\":[\"close\"]}' data-splide='\"\"' data-metroAttr= '{\"metro_col\":3,\"tab_metro_col\":3,\"mobile_metro_col\":3,\"metro_style\":\"style-1\",\"tab_metro_style\":\"style-1\",\"mobile_metro_style\":\"style-1\"}' ><div class=\"tpgb-row post-loop-inner \"><div class=\"grid-item metro-item-0    tpgb-metro-1  tpgb-tab-metro-1  tpgb-mobile-metro-1 \"><a href=\"https:\/\/www.musical-today.de\/wp-content\/uploads\/2025\/04\/fascht-normal-next-to-normal_5-1-scaled.jpg\" class=\"tpgb-gallery-list-content tpgb-trans-easeinout\" data-fancybox=\"956d14_10298\" data-caption=\"Foto: Helen Ree\" aria-label=\"Foto: Helen Ree\"><div class=\"post-content-image\"><div class=\"tpgb-metro-gallery-image\" style=\"background: url(https:\/\/www.musical-today.de\/wp-content\/uploads\/2025\/04\/fascht-normal-next-to-normal_5-1-scaled.jpg);\"><\/div><\/div><div class=\"post-content-center\"><div class=\"post-zoom-icon\"><div class=\"meta-search-icon\"><span><img decoding=\"async\" class=\"fancy-img\" src=\"https:\/\/www.musical-today.de\/wp-content\/uploads\/2025\/04\/fascht-normal-next-to-normal_5-1-scaled.jpg\" alt=\"Media Image1\" title=\"\"><i class=\"fas fa-search-plus pop-icon\"><\/i><\/span><\/div><\/div><div class=\"post-content-bottom\"><p class=\"post-title tpgb-trans-easeinout\">Foto: Helen Ree<\/p><\/div><\/div><\/a><\/div><div class=\"grid-item metro-item-1    tpgb-metro-2  tpgb-tab-metro-2  tpgb-mobile-metro-2 \"><a href=\"https:\/\/www.musical-today.de\/wp-content\/uploads\/2025\/04\/fascht-normal-next-to-normal_6-1-scaled.jpg\" class=\"tpgb-gallery-list-content tpgb-trans-easeinout\" data-fancybox=\"956d14_10298\" data-caption=\"Foto: Helen Ree\" aria-label=\"Foto: Helen Ree\"><div class=\"post-content-image\"><div class=\"tpgb-metro-gallery-image\" style=\"background: url(https:\/\/www.musical-today.de\/wp-content\/uploads\/2025\/04\/fascht-normal-next-to-normal_6-1-scaled.jpg);\"><\/div><\/div><div class=\"post-content-center\"><div class=\"post-zoom-icon\"><div class=\"meta-search-icon\"><span><img decoding=\"async\" class=\"fancy-img\" src=\"https:\/\/www.musical-today.de\/wp-content\/uploads\/2025\/04\/fascht-normal-next-to-normal_6-1-scaled.jpg\" alt=\"Media Image2\" title=\"\"><i class=\"fas fa-search-plus pop-icon\"><\/i><\/span><\/div><\/div><div class=\"post-content-bottom\"><p class=\"post-title tpgb-trans-easeinout\">Foto: Helen Ree<\/p><\/div><\/div><\/a><\/div><div class=\"grid-item metro-item-2    tpgb-metro-3  tpgb-tab-metro-3  tpgb-mobile-metro-3 \"><a href=\"https:\/\/www.musical-today.de\/wp-content\/uploads\/2025\/04\/fascht-normal-next-to-normal_7-1-scaled.jpg\" class=\"tpgb-gallery-list-content tpgb-trans-easeinout\" data-fancybox=\"956d14_10298\" data-caption=\"Foto: Helen Ree\" aria-label=\"Foto: Helen Ree\"><div class=\"post-content-image\"><div class=\"tpgb-metro-gallery-image\" style=\"background: url(https:\/\/www.musical-today.de\/wp-content\/uploads\/2025\/04\/fascht-normal-next-to-normal_7-1-scaled.jpg);\"><\/div><\/div><div class=\"post-content-center\"><div class=\"post-zoom-icon\"><div class=\"meta-search-icon\"><span><img decoding=\"async\" class=\"fancy-img\" src=\"https:\/\/www.musical-today.de\/wp-content\/uploads\/2025\/04\/fascht-normal-next-to-normal_7-1-scaled.jpg\" alt=\"Media Image3\" title=\"\"><i class=\"fas fa-search-plus pop-icon\"><\/i><\/span><\/div><\/div><div class=\"post-content-bottom\"><p class=\"post-title tpgb-trans-easeinout\">Foto: Helen Ree<\/p><\/div><\/div><\/a><\/div><\/div><\/div><\/div>\n\n\n<p>Dies umso mehr, als das kleine Ensemble Schauspielkunst mit Tiefgang bietet. Susanne Kunz als Diana beeindruckt mit ihrer Darstellung der bipolaren Mutter. Die Extreme zwischen Euphorie und Verzweiflung meistert sie mit \u00fcberzeugender Empathie. Ihre tiefen Stimmlagen bestechen durch ein warmes, samtiges Timbre. Flavio Baltermia brilliert als Ehemann Dan zwischen Verdr\u00e4ngung und Hilflosigkeit. Seine stimmliche Pr\u00e4senz ist kraftvoll und wunderbar dynamisch, sein Spiel ber\u00fchrend und nuanciert. Joel Goldenberger als toter Sohn Gabriel bewegt sich souver\u00e4n zwischen realer Figur und projiziertem Phantom. Seine B\u00fchnenpr\u00e4senz und seine eindringliche Stimme passen ideal zu dieser ambivalenten Rolle. Deliah Stuker als Tochter Natalie und Lucca Kleimann als Henry bilden ein ber\u00fchrendes Gegenpaar zu Diana und Dan. Beide \u00fcberzeugen schauspielerisch und stimmlich mit perfekter Dynamik und sch\u00f6nem Timbre. Stuker spr\u00fcht vor jugendlicher Energie, Kleimann bringt charmante Leichtigkeit in das emotionsgeladene Geschehen. Flavio Dal Molin schlie\u00dflich verk\u00f6rpert die verschiedenen \u00c4rzte solide. Allerdings h\u00e4tte eine abwechslungsreichere \u00e4u\u00dfere Gestaltung seiner Figuren Dianas therapeutische Odyssee noch deutlicher werden lassen.&nbsp;&nbsp;<\/p>\n\n\n\n<p>Was Gabor Nemeth auf der kleinen B\u00fchne erschafft, ist bemerkenswert: Er verwandelt den begrenzten Raum in sieben verschiedene Schaupl\u00e4tze. Die zweigeschossige Konstruktion integriert nicht nur die Spielfl\u00e4che, sondern auf der oberen Ebene auch die Band. Besonders originell ist der Fadenvorhang. Er trennt den Wohnraum ab und dient gleichzeitig als Projektionsfl\u00e4che \u2013 ein visuell und konzeptionell innovativer Kniff. \u00dcberhaupt ist der dramaturgische Einsatz einzelner B\u00fchnenelemente eindr\u00fccklich: Das energische Wegsto\u00dfen des B\u00fchnenmoduls, das die Arztpraxen darstellt, als Diana sich gegen weitere Therapiema\u00dfnahmen entscheidet, ist eines der starken Bilder, die im Ged\u00e4chtnis bleiben.&nbsp;&nbsp;<\/p>\n\n\n\n<p>Die Kost\u00fcme von Nicola Leibacher unterst\u00fctzen das Motto des St\u00fcckes: Sie sind \u201efast normal\u201c \u2013 allt\u00e4glich und unpr\u00e4tenti\u00f6s. Die sparsam eingesetzten Choreografien von Debi Kiener \u2013 oft im Stil des Robot Dance \u2013 f\u00fcgen sich stimmig in die Inszenierung ein. Das Lichtdesign von Monika Krzesniask spielt eine tragende Rolle: Wechsel zwischen grellen Spots und sanften \u00dcberg\u00e4ngen strukturieren die Orts- und Szenenwechsel und unterstreichen Dianas emotionale Befindlichkeiten.&nbsp;<\/p>\n\n\n\n<p>Musikalisch getragen wird das St\u00fcck von einer sechsk\u00f6pfigen Liveband unter der Leitung von Nils Fraser. Sie bewegt sich virtuos zwischen rockigen, jazzigen und melancholisch-vertr\u00e4umten Klangwelten. Die Arrangements sind perfekt auf die emotionale Dramaturgie abgestimmt und unterst\u00fctzen die Darstellenden, ohne zu dominieren.&nbsp;&nbsp;<\/p>\n\n\n\n<p>Mit \u201eFascht Normal\u201c wagt sich das Theater im Seefeld an ein psychologisch vielschichtiges St\u00fcck. Getragen von einem tollen Ensemble, einer eindringlichen Inszenierung und einer gef\u00fchlvollen musikalischen Umsetzung, entsteht ein Abend, der bewegt und nachwirkt.&nbsp;<\/p>\n\n\n\n<hr class=\"wp-block-separator has-alpha-channel-opacity is-style-dots\"\/>\n\n\n\n<p class=\"has-small-font-size\">Musikalische Leitung: Nils Fraser \u2022 Choreografie: Debi Kiener \u2022 B\u00fchne: Gabor Nemeth \u2022 Kost\u00fcme: Nicola Leibacher \u2022 Videografie: Elena Astashova und Kamil Goerlich \u2022 Lichtdesign: Monika Krzesniask \u2022 Sounddesign: Reto Knaus \u2022 Mit: Susanne Kunz (Diana), Deliah Stuker (Natalie), Flavio Baltermia (Dan), Joel Goldenberger (Gabe), Flavio Dal Molin (\u00c4rzte), Lucca Kleimann (Henry)<\/p>\n\n\n\n<p class=\"has-small-font-size\">Aufmacherfoto: Helen Ree<\/p>\n\n\n\n<p><\/p>\n","protected":false},"excerpt":{"rendered":"<p>\u201eFascht Normal\u201c auf dem schmalen Grat zwischen Licht und Dunkel Mit der schweizerdeutschen Erstauff\u00fchrung von \u201eFascht Normal\u201c (Original: \u201eNext to Normal\u201c) gelingt dem jungen Theater im Seefeld eine ber\u00fchrende, fast intime Produktion. Die Inszenierung des Pulitzer-Preis-gekr\u00f6nten Musicals erz\u00e4hlt die Geschichte einer Mutter, die an einer bipolaren St\u00f6rung leidet, und deren Auswirkungen auf ihre Familie.&nbsp;&nbsp; Regisseur Livio Beyeler hat eine gelungene schweizerdeutsche \u00dcbersetzung geschaffen. Sie verleiht dem St\u00fcck Authentizit\u00e4t und N\u00e4he. Die Dialoge klingen nat\u00fcrlich und emotional, ohne den musikalischen Fluss [&hellip;]<\/p>\n","protected":false},"author":13,"featured_media":10285,"comment_status":"closed","ping_status":"closed","sticky":false,"template":"","format":"standard","meta":{"tpgb_global_settings":"","footnotes":""},"categories":[194],"tags":[],"class_list":["post-10298","post","type-post","status-publish","format-standard","has-post-thumbnail","hentry","category-zuerich"],"tpgb_featured_images":{"full":["https:\/\/www.musical-today.de\/wp-content\/uploads\/2025\/04\/fascht-normal-next-to-normal_1-1-scaled.jpg",2560,1706,false],"tp-image-grid":["https:\/\/www.musical-today.de\/wp-content\/uploads\/2025\/04\/fascht-normal-next-to-normal_1-1-700x700.jpg",700,700,true],"thumbnail":["https:\/\/www.musical-today.de\/wp-content\/uploads\/2025\/04\/fascht-normal-next-to-normal_1-1-600x400.jpg",600,400,true],"medium":["https:\/\/www.musical-today.de\/wp-content\/uploads\/2025\/04\/fascht-normal-next-to-normal_1-1-1200x800.jpg",1200,800,true],"medium_large":["https:\/\/www.musical-today.de\/wp-content\/uploads\/2025\/04\/fascht-normal-next-to-normal_1-1-949x633.jpg",770,514,true],"large":["https:\/\/www.musical-today.de\/wp-content\/uploads\/2025\/04\/fascht-normal-next-to-normal_1-1-1920x1280.jpg",1139,759,true],"default":"https:\/\/www.musical-today.de\/wp-content\/plugins\/the-plus-addons-for-block-editor\/assets\/images\/tpgb-placeholder.jpg"},"tpgb_post_meta_info":{"get_date":"18.04.2025","get_modified_date":"23.04.2025","category_list":{"category":[{"term_id":194,"name":"Z\u00fcrich","slug":"zuerich","term_group":0,"term_taxonomy_id":194,"taxonomy":"category","description":"","parent":115,"count":6,"filter":"raw","term_order":"8"}],"post_tag":false,"post_format":false},"author_name":"Susanne Weber","author_url":"https:\/\/www.musical-today.de\/en\/autor\/susanneweber\/","author_email":"online55@musical-today.de","author_website":"","author_description":"entdeckte bei einem Opernbesuch mit ihrer Gro\u00dfmutter und sp\u00e4ter als Geigerin in einer Schulmusicalproduktion schon als Jugendliche ihre Liebe zum Musiktheater. Seitdem hat sie diese Faszination nicht mehr losgelassen. Urspr\u00fcnglich studierte sie Sprachen, aktuell arbeitet sie als Chief of Staff am Schweizer Hauptsitz eines amerikanischen IT-Unternehmens.","author_facebook":"","author_twitter":"","author_instagram":"","author_role":["author"],"author_firstname":"Susanne","author_lastname":"Weber","user_login":"susanneweber","author_avatar":"<img src=\"https:\/\/www.musical-today.de\/wp-content\/uploads\/2024\/03\/Susanne-Weber1-293x293.jpg\" width=\"200\" height=\"200\" alt=\"Susanne Weber\" class=\"avatar avatar-200 wp-user-avatar wp-user-avatar-200 alignnone photo\" \/>","author_avatar_url":"https:\/\/www.musical-today.de\/wp-content\/uploads\/2024\/03\/Susanne-Weber1.jpg","comment_count":0,"post_likes":0,"post_views":0},"tpgb_post_category":{"category":"<a href=\"https:\/\/www.musical-today.de\/en\/schweiz\/zuerich\/\" alt=\"Z\u00fcrich\"  class=\"category-zuerich\">Z\u00fcrich<\/a> "},"_links":{"self":[{"href":"https:\/\/www.musical-today.de\/en\/wp-json\/wp\/v2\/posts\/10298","targetHints":{"allow":["GET"]}}],"collection":[{"href":"https:\/\/www.musical-today.de\/en\/wp-json\/wp\/v2\/posts"}],"about":[{"href":"https:\/\/www.musical-today.de\/en\/wp-json\/wp\/v2\/types\/post"}],"author":[{"embeddable":true,"href":"https:\/\/www.musical-today.de\/en\/wp-json\/wp\/v2\/users\/13"}],"replies":[{"embeddable":true,"href":"https:\/\/www.musical-today.de\/en\/wp-json\/wp\/v2\/comments?post=10298"}],"version-history":[{"count":0,"href":"https:\/\/www.musical-today.de\/en\/wp-json\/wp\/v2\/posts\/10298\/revisions"}],"wp:featuredmedia":[{"embeddable":true,"href":"https:\/\/www.musical-today.de\/en\/wp-json\/wp\/v2\/media\/10285"}],"wp:attachment":[{"href":"https:\/\/www.musical-today.de\/en\/wp-json\/wp\/v2\/media?parent=10298"}],"wp:term":[{"taxonomy":"category","embeddable":true,"href":"https:\/\/www.musical-today.de\/en\/wp-json\/wp\/v2\/categories?post=10298"},{"taxonomy":"post_tag","embeddable":true,"href":"https:\/\/www.musical-today.de\/en\/wp-json\/wp\/v2\/tags?post=10298"}],"curies":[{"name":"wp","href":"https:\/\/api.w.org\/{rel}","templated":true}]}}