{"id":11353,"date":"2025-04-29T17:31:47","date_gmt":"2025-04-29T15:31:47","guid":{"rendered":"https:\/\/www.musical-today.de\/?p=11353"},"modified":"2025-04-29T17:31:48","modified_gmt":"2025-04-29T15:31:48","slug":"kassel-school-of-rock","status":"publish","type":"post","link":"https:\/\/www.musical-today.de\/en\/kassel-school-of-rock\/","title":{"rendered":"School of Rock"},"content":{"rendered":"<div class=\"lets-info-up-wrap  lets-info-up--right lets-info-up--m-1 lets-info-up-skin-3 lets-info-up--side lets-info-up-39216\" style=\"background:#fafafa; color: #616161\">\t\t\t<div class=\"lets-info-up\">\r\n\t\t\t<div class=\"lets-info-up-fi\"><img decoding=\"async\" width=\"500\" height=\"333\" src=\"https:\/\/www.musical-today.de\/wp-content\/uploads\/2024\/01\/qi-addons-for-elementor-placeholder-500x333.png\" class=\"attachment-lets-info-up-d1 size-lets-info-up-d1\" alt=\"|\" srcset=\"https:\/\/www.musical-today.de\/wp-content\/uploads\/2024\/01\/qi-addons-for-elementor-placeholder-500x333.png 500w, https:\/\/www.musical-today.de\/wp-content\/uploads\/2024\/01\/qi-addons-for-elementor-placeholder-300x200.png 300w, https:\/\/www.musical-today.de\/wp-content\/uploads\/2024\/01\/qi-addons-for-elementor-placeholder-1024x683.png 1024w, https:\/\/www.musical-today.de\/wp-content\/uploads\/2024\/01\/qi-addons-for-elementor-placeholder-883x589.png 883w, https:\/\/www.musical-today.de\/wp-content\/uploads\/2024\/01\/qi-addons-for-elementor-placeholder-18x12.png 18w, https:\/\/www.musical-today.de\/wp-content\/uploads\/2024\/01\/qi-addons-for-elementor-placeholder-360x240.png 360w, https:\/\/www.musical-today.de\/wp-content\/uploads\/2024\/01\/qi-addons-for-elementor-placeholder-1155x770.png 1155w, https:\/\/www.musical-today.de\/wp-content\/uploads\/2024\/01\/qi-addons-for-elementor-placeholder-370x247.png 370w, https:\/\/www.musical-today.de\/wp-content\/uploads\/2024\/01\/qi-addons-for-elementor-placeholder-770x513.png 770w, https:\/\/www.musical-today.de\/wp-content\/uploads\/2024\/01\/qi-addons-for-elementor-placeholder-293x195.png 293w, https:\/\/www.musical-today.de\/wp-content\/uploads\/2024\/01\/qi-addons-for-elementor-placeholder-120x80.png 120w, https:\/\/www.musical-today.de\/wp-content\/uploads\/2024\/01\/qi-addons-for-elementor-placeholder-240x160.png 240w, https:\/\/www.musical-today.de\/wp-content\/uploads\/2024\/01\/qi-addons-for-elementor-placeholder-390x260.png 390w, https:\/\/www.musical-today.de\/wp-content\/uploads\/2024\/01\/qi-addons-for-elementor-placeholder.png 1200w\" sizes=\"(max-width: 500px) 100vw, 500px\" title=\"\"><\/div>\t\t\t<div class=\"lets-info-up-block-wrap\">\r\n\t\t\t\t<div class=\"lets-info-up-block lets-info-up-meta-block\"><div class=\"lets-info-up-meta-title lets-info-up-pretitle font-h\" style=\"color: #8c6d18;\">oRT<\/div><div class=\"lets-info-up-meta-content lets-info-up-title font-b\">Staatstheater Kassel <\/div><\/div><div class=\"lets-info-up-block lets-info-up-meta-block\"><div class=\"lets-info-up-meta-title lets-info-up-pretitle font-h\" style=\"color: #8c6d18;\">von<\/div><div class=\"lets-info-up-meta-content lets-info-up-title font-b\">Andrew Lloyd Webber (Musik)<br>Julian Fellowes (Buch)<br>Glenn Slater (Gesangstexte)<\/div><\/div><div class=\"lets-info-up-block lets-info-up-meta-block\"><div class=\"lets-info-up-meta-title lets-info-up-pretitle font-h\" style=\"color: #8c6d18;\">Regie<\/div><div class=\"lets-info-up-meta-content lets-info-up-title font-b\">Marlene Pawlak<\/div><\/div><div class=\"lets-info-up-block lets-info-up-meta-block\"><div class=\"lets-info-up-meta-title lets-info-up-pretitle font-h\" style=\"color: #8c6d18;\">Urauff\u00fchrung<\/div><div class=\"lets-info-up-meta-content lets-info-up-title font-b\">2015<\/div><\/div><div class=\"lets-info-up-block lets-info-up-meta-block\"><div class=\"lets-info-up-meta-title lets-info-up-pretitle font-h\" style=\"color: #8c6d18;\">INFOS<\/div><div class=\"lets-info-up-meta-content lets-info-up-title font-b\"><a href=\"https:\/\/www.staatstheater-kassel.de\/play\/schoolofrock-3157\" target=\"_blank\" data-type=\"link\" rel=\"noreferrer noopener\">www.staatstheater-kassel.de<\/a><\/div><\/div>\t\t\t<\/div>\r\n\t\t\t<\/div>\r\n\t\t<\/div>\r\n\t\t\n\n\n<p><strong>Talentierter Nachwuchs in Andrew Lloyd Webbers \u201eSchool of Rock\u201c<\/strong><\/p>\n\n\n\n<p>\u201eSchool of Rock\u201c ist ein musikalisch ungew\u00f6hnliches Werk von Andrew Lloyd Webber. 14 Bandsongs hat er f\u00fcr die B\u00fchnenadaption geschrieben. Es geht um einen vermeintlichen Aushilfslehrer, der den verw\u00f6hnten Kindern Rock statt Mathe beibringt. Nach der deutschsprachigen Erstauff\u00fchrung in Linz (2023) gibt es seit M\u00e4rz die erste (Amateur-)Auff\u00fchrung in Osnabr\u00fcck und jetzt die erste Staatstheater-Produktion in Kassel. Hier hat man bereits gute Erfahrung mit St\u00fccken, bei denen der hauseigene Kinderchor \u201eCantamus\u201c integriert wird. Dieser Chor und die Solisten wurden hervorragend von der Leiterin Fiona Luisa und Peter Schedding einstudiert. Man vergisst schnell, dass hier Sch\u00fclerinnen und Sch\u00fcler singen, die morgens in der Schule waren und einmal die Woche zur Probe kommen. 50 Kinder wirken mit und begeistern durch sensationelles Talent in dem St\u00fcck nach dem Filmdrehbuch von Mike White und dem Musicalbuch von Julian Fellowes. Die Gesangstexte von Glenn Slater erklingen in der sehr guten \u00dcbersetzung von Timothy Roller.<\/p>\n\n\n<div  class=\"tpgb-wrap-956d14_11353  tpgb-wrap-fw \"  ><div id=\"956d14_11353\" class=\"tpgb-block-956d14_11353 tpgb-relative-block tpgb-gallery-list tpgb-metro gallery-style-2 hover-image-style-1   \" data-style=\"style-2\" data-id=\"956d14_11353\" data-layout=\"metro\" data-fancy-option='{\"loop\":false,\"thumb\":\"no\",\"infobar\":true,\"arrows\":true,\"transitionEffect\":\"slide\",\"button\":[\"close\"]}' data-splide='\"\"' data-metroAttr= '{\"metro_col\":3,\"tab_metro_col\":3,\"mobile_metro_col\":3,\"metro_style\":\"style-1\",\"tab_metro_style\":\"style-1\",\"mobile_metro_style\":\"style-1\"}' ><div class=\"tpgb-row post-loop-inner \"><div class=\"grid-item metro-item-0    tpgb-metro-1  tpgb-tab-metro-1  tpgb-mobile-metro-1 \"><a href=\"https:\/\/www.musical-today.de\/wp-content\/uploads\/2025\/04\/SIG8817-scaled.jpg\" class=\"tpgb-gallery-list-content tpgb-trans-easeinout\" data-fancybox=\"956d14_11353\" data-caption=\"Foto: Martin Sigmund\" aria-label=\"Foto: Martin Sigmund\"><div class=\"post-content-image\"><div class=\"tpgb-metro-gallery-image\" style=\"background: url(https:\/\/www.musical-today.de\/wp-content\/uploads\/2025\/04\/SIG8817-scaled.jpg);\"><\/div><\/div><div class=\"post-content-center\"><div class=\"post-zoom-icon\"><div class=\"meta-search-icon\"><span><img decoding=\"async\" class=\"fancy-img\" src=\"https:\/\/www.musical-today.de\/wp-content\/uploads\/2025\/04\/SIG8817-scaled.jpg\" alt=\"Media Image1\" title=\"\"><i class=\"fas fa-search-plus pop-icon\"><\/i><\/span><\/div><\/div><div class=\"post-content-bottom\"><p class=\"post-title tpgb-trans-easeinout\">Foto: Martin Sigmund<\/p><\/div><\/div><\/a><\/div><div class=\"grid-item metro-item-1    tpgb-metro-2  tpgb-tab-metro-2  tpgb-mobile-metro-2 \"><a href=\"https:\/\/www.musical-today.de\/wp-content\/uploads\/2025\/04\/SIG7944-scaled.jpg\" class=\"tpgb-gallery-list-content tpgb-trans-easeinout\" data-fancybox=\"956d14_11353\" data-caption=\"Foto: Martin Sigmund\" aria-label=\"Foto: Martin Sigmund\"><div class=\"post-content-image\"><div class=\"tpgb-metro-gallery-image\" style=\"background: url(https:\/\/www.musical-today.de\/wp-content\/uploads\/2025\/04\/SIG7944-scaled.jpg);\"><\/div><\/div><div class=\"post-content-center\"><div class=\"post-zoom-icon\"><div class=\"meta-search-icon\"><span><img decoding=\"async\" class=\"fancy-img\" src=\"https:\/\/www.musical-today.de\/wp-content\/uploads\/2025\/04\/SIG7944-scaled.jpg\" alt=\"Media Image2\" title=\"\"><i class=\"fas fa-search-plus pop-icon\"><\/i><\/span><\/div><\/div><div class=\"post-content-bottom\"><p class=\"post-title tpgb-trans-easeinout\">Foto: Martin Sigmund<\/p><\/div><\/div><\/a><\/div><div class=\"grid-item metro-item-2    tpgb-metro-3  tpgb-tab-metro-3  tpgb-mobile-metro-3 \"><a href=\"https:\/\/www.musical-today.de\/wp-content\/uploads\/2025\/04\/SIG3344-scaled.jpg\" class=\"tpgb-gallery-list-content tpgb-trans-easeinout\" data-fancybox=\"956d14_11353\" data-caption=\"Foto: Martin Sigmund\" aria-label=\"Foto: Martin Sigmund\"><div class=\"post-content-image\"><div class=\"tpgb-metro-gallery-image\" style=\"background: url(https:\/\/www.musical-today.de\/wp-content\/uploads\/2025\/04\/SIG3344-scaled.jpg);\"><\/div><\/div><div class=\"post-content-center\"><div class=\"post-zoom-icon\"><div class=\"meta-search-icon\"><span><img decoding=\"async\" class=\"fancy-img\" src=\"https:\/\/www.musical-today.de\/wp-content\/uploads\/2025\/04\/SIG3344-scaled.jpg\" alt=\"Media Image3\" title=\"\"><i class=\"fas fa-search-plus pop-icon\"><\/i><\/span><\/div><\/div><div class=\"post-content-bottom\"><p class=\"post-title tpgb-trans-easeinout\">Foto: Martin Sigmund<\/p><\/div><\/div><\/a><\/div><\/div><\/div><\/div>\n\n\n<p>Die hervorragende Profiband sitzt im h\u00f6henverstellbaren Orchestergraben auf der B\u00fchne. Damit wird immer auch eine direkte N\u00e4he zu den Darstellern m\u00f6glich und es ist sehr sch\u00f6n, wenn die Kinder mit ihren Live-Instrumenten auf der B\u00fchne mit der Band im Graben interagieren. Peter Schedding bietet einen hervorragenden Musicalsound und f\u00fchrt alle Beteiligten mit pr\u00e4zisem Dirigat durch das nie langweilige St\u00fcck. Schedding und Regisseurin Marlene Pawlak ist ihre Leidenschaft und Professionalit\u00e4t im Umgang mit dem Nachwuchs anzumerken. Pawlak schafft schnelle \u00dcberg\u00e4nge, gibt den Sch\u00fclerinnen und Sch\u00fclern, aber auch den in kleinen Rollen aktiven Statisten viel Freiheit und f\u00fchrt alles sehr stringent zusammen. Die Live-Videobilder von Victoria Koberstein nutzen die auf der Raumb\u00fchne installierten Leinw\u00e4nde und Bildschirme f\u00fcr Detailaufnahmen.<\/p>\n\n\n\n<p>B\u00fchnenbildner Wolf Gutjahr muss die schon l\u00e4nger als Einheitsb\u00fchnenbild auf die Opernhausb\u00fchne gebaute \u201eRaumb\u00fchne\u201c aus Ger\u00fcstelementen nutzen, die er mit Buchstaben und Worten verkleidet, was sich auch auf dem B\u00fchnenboden fortsetzt. Bandinstrumente stehen auf Podesten und sind f\u00fcr rasche Verwandlungen ebenso rollbar wie Schultische und ein Sofa, das die WG andeutet, wo Dewey bei seinen Freunden wohnt. Kost\u00fcmbildnerin Anna Rudolph gelingt es, die bunten Alltagsklamotten der Kinder auf uniformiert wirkende Variationen bei den Eltern, ganz in Grau, und eine t\u00fcrkisfarbene Lehrerschaft treffen zu lassen.<\/p>\n\n\n\n<p>Vertretungslehrer Dewey Finn wird von G\u00fcnther Harder sensationell dargestellt. Er strahlt mit seinen gr\u00fcn gef\u00e4rbten Haaren und dem Pullunder ebenso Skurrilit\u00e4t aus wie Menschenliebe und \u00dcberzeugungskraft. Harder bringt eigene Band-Erfahrung mit, was seine schauspielerische und gesangliche Leistung so besonders macht. Wie er mit weit aufgerissenen Augen \u00fcber die B\u00fchne jagt, macht richtig Laune. Nele Neugebauer stellt Schulleiterin Rosalie Mullins wunderbar wandlungsf\u00e4hig dar und bietet in gef\u00fchlvoll vorgetragenen musikalischen Stellen G\u00e4nsehautmomente. Auch als Choreografin war sie an der Produktion beteiligt \u2013 dabei f\u00e4llt positiv auf, dass sie nicht nur sehr musikalische Massenszenen auf die B\u00fchne bringt, sondern den Kindern choreografisch auch individuelle Momente und das Zeigen von St\u00e4rke erm\u00f6glicht. Deweys Freund Ned Schneebly wird von Justin Hibbeler ebenso \u00fcberzeichnet und unterhaltsam dargestellt wie dessen Freundin Patty di Marco von Janina Steinbach.<\/p>\n\n\n\n<p>Wenig \u00fcberzeugend ist das f\u00fcr ein Musical zu dezente Licht, etwa wenn bei den Rockst\u00fccken ein paar Moving-Heads-Scheinwerfer gedreht werden, als sei man bei einer Kellerparty der Sch\u00fcler. Es sieht imposant aus, wenn die kompletten Beleuchtungsbr\u00fccken heruntergefahren werden, aber man nutzt die M\u00f6glichkeiten des Scheinwerfer-Arsenals nicht. Am Ende funkelt auf, wie es h\u00e4tte aussehen k\u00f6nnen, wenn die \u2013 w\u00e4hrend des St\u00fcckes teilweise auch auf der B\u00fchne sitzenden Zuschauer \u2013 als Statisten beim Bandwettbewerb im grellen Scheinwerferlicht stehen und Nebel Theatermagie erm\u00f6glicht.<\/p>\n\n\n\n<hr class=\"wp-block-separator has-alpha-channel-opacity is-style-dots\"\/>\n\n\n\n<p class=\"has-small-font-size\">Musikalische Leitung: Peter Schedding \u2022 Choreografie: Nele Neugebauer \u2022 B\u00fchne: Wolf Gutjahr \u2022 Kost\u00fcme: Anna Rudolph \u2022 Video-Regie: Victoria Koberstein \u2022 Licht: Holger Tschersich \u2022 Einstudierung CANTAMUS-Chor: Fiona Luisa und Peter Schedding \u2022 Mit: G\u00fcnther Harder (Dewey Finn), Justin Hibbeler (Ned Schneebly\/Herr Green), Nele Neugebauer (Rosalie Mullins), Janina Steinbach (Patty di Marco\/Frau Bingham) u.a. \u2022 CANTAMUS \u2013 Chor des Staatstheaters Kassel<\/p>\n\n\n\n<p class=\"has-small-font-size\">Aufmacherfoto: Martin Sigmund<\/p>\n","protected":false},"excerpt":{"rendered":"<p>Talentierter Nachwuchs in Andrew Lloyd Webbers \u201eSchool of Rock\u201c \u201eSchool of Rock\u201c ist ein musikalisch ungew\u00f6hnliches Werk von Andrew Lloyd Webber. 14 Bandsongs hat er f\u00fcr die B\u00fchnenadaption geschrieben. Es geht um einen vermeintlichen Aushilfslehrer, der den verw\u00f6hnten Kindern Rock statt Mathe beibringt. Nach der deutschsprachigen Erstauff\u00fchrung in Linz (2023) gibt es seit M\u00e4rz die erste (Amateur-)Auff\u00fchrung in Osnabr\u00fcck und jetzt die erste Staatstheater-Produktion in Kassel. Hier hat man bereits gute Erfahrung mit St\u00fccken, bei denen der hauseigene Kinderchor \u201eCantamus\u201c [&hellip;]<\/p>\n","protected":false},"author":5,"featured_media":11354,"comment_status":"closed","ping_status":"closed","sticky":false,"template":"","format":"standard","meta":{"tpgb_global_settings":"","footnotes":""},"categories":[157],"tags":[],"class_list":["post-11353","post","type-post","status-publish","format-standard","has-post-thumbnail","hentry","category-kassel"],"tpgb_featured_images":{"full":["https:\/\/www.musical-today.de\/wp-content\/uploads\/2025\/04\/SIG3201-scaled.jpg",2560,1707,false],"tp-image-grid":["https:\/\/www.musical-today.de\/wp-content\/uploads\/2025\/04\/SIG3201-700x700.jpg",700,700,true],"thumbnail":["https:\/\/www.musical-today.de\/wp-content\/uploads\/2025\/04\/SIG3201-600x400.jpg",600,400,true],"medium":["https:\/\/www.musical-today.de\/wp-content\/uploads\/2025\/04\/SIG3201-1200x800.jpg",1200,800,true],"medium_large":["https:\/\/www.musical-today.de\/wp-content\/uploads\/2025\/04\/SIG3201-770x513.jpg",770,513,true],"large":["https:\/\/www.musical-today.de\/wp-content\/uploads\/2025\/04\/SIG3201-1920x1280.jpg",1139,759,true],"default":"https:\/\/www.musical-today.de\/wp-content\/plugins\/the-plus-addons-for-block-editor\/assets\/images\/tpgb-placeholder.jpg"},"tpgb_post_meta_info":{"get_date":"29.04.2025","get_modified_date":"29.04.2025","category_list":{"category":[{"term_id":157,"name":"Kassel","slug":"kassel","term_group":0,"term_taxonomy_id":157,"taxonomy":"category","description":"","parent":19,"count":7,"filter":"raw","term_order":"55"}],"post_tag":false,"post_format":false},"author_name":"Marcus Leitschuh","author_url":"https:\/\/www.musical-today.de\/en\/autor\/mleitschuh\/","author_email":"admin@valentinboesing.de","author_website":"","author_description":"studierte Germanistik und Theologie und arbeitet als Rektor mit Schultheater-Erfahrung. Lange war er Mitarbeiter der Zeitschrift \u201emusicals\u201c f\u00fcr Nord-Ost-Hessen und S\u00fcdniedersachsen. Er ist kulturpolitisch u.a. im documenta-Aufsichtsrat aktiv, wie auch Projektleiter Kultur der Elisabethkirche Kassel. Au\u00dferdem ist er immer wieder als Theaterfachmann Interviewpartner. Das Musical sieht er als untersch\u00e4tzte Form des Musiktheaters.\r\n(Foto: Dr. Arnulf M\u00fcller)","author_facebook":"","author_twitter":"","author_instagram":"","author_role":["author"],"author_firstname":"Marcus","author_lastname":"Leitschuh","user_login":"mleitschuh","author_avatar":"<img src=\"https:\/\/www.musical-today.de\/wp-content\/uploads\/2024\/03\/Marcus-Leitschuh-c-Dr.-Arnulf-Mueller-293x293.jpg\" width=\"200\" height=\"200\" alt=\"Marcus Leitschuh\" class=\"avatar avatar-200 wp-user-avatar wp-user-avatar-200 alignnone photo\" \/>","author_avatar_url":"https:\/\/www.musical-today.de\/wp-content\/uploads\/2024\/03\/Marcus-Leitschuh-c-Dr.-Arnulf-Mueller.jpg","comment_count":0,"post_likes":0,"post_views":0},"tpgb_post_category":{"category":"<a href=\"https:\/\/www.musical-today.de\/en\/deutschland\/kassel\/\" alt=\"Kassel\"  class=\"category-kassel\">Kassel<\/a> "},"_links":{"self":[{"href":"https:\/\/www.musical-today.de\/en\/wp-json\/wp\/v2\/posts\/11353","targetHints":{"allow":["GET"]}}],"collection":[{"href":"https:\/\/www.musical-today.de\/en\/wp-json\/wp\/v2\/posts"}],"about":[{"href":"https:\/\/www.musical-today.de\/en\/wp-json\/wp\/v2\/types\/post"}],"author":[{"embeddable":true,"href":"https:\/\/www.musical-today.de\/en\/wp-json\/wp\/v2\/users\/5"}],"replies":[{"embeddable":true,"href":"https:\/\/www.musical-today.de\/en\/wp-json\/wp\/v2\/comments?post=11353"}],"version-history":[{"count":0,"href":"https:\/\/www.musical-today.de\/en\/wp-json\/wp\/v2\/posts\/11353\/revisions"}],"wp:featuredmedia":[{"embeddable":true,"href":"https:\/\/www.musical-today.de\/en\/wp-json\/wp\/v2\/media\/11354"}],"wp:attachment":[{"href":"https:\/\/www.musical-today.de\/en\/wp-json\/wp\/v2\/media?parent=11353"}],"wp:term":[{"taxonomy":"category","embeddable":true,"href":"https:\/\/www.musical-today.de\/en\/wp-json\/wp\/v2\/categories?post=11353"},{"taxonomy":"post_tag","embeddable":true,"href":"https:\/\/www.musical-today.de\/en\/wp-json\/wp\/v2\/tags?post=11353"}],"curies":[{"name":"wp","href":"https:\/\/api.w.org\/{rel}","templated":true}]}}