{"id":11533,"date":"2025-05-02T15:12:36","date_gmt":"2025-05-02T13:12:36","guid":{"rendered":"https:\/\/www.musical-today.de\/?p=11533"},"modified":"2025-05-02T15:12:54","modified_gmt":"2025-05-02T13:12:54","slug":"fuessen-freischutz-seele-fur-seele","status":"publish","type":"post","link":"https:\/\/www.musical-today.de\/en\/fuessen-freischutz-seele-fur-seele\/","title":{"rendered":"Freisch\u00fctz \u2013 Seele f\u00fcr Seele"},"content":{"rendered":"<div class=\"lets-info-up-wrap  lets-info-up--right lets-info-up--m-1 lets-info-up-skin-3 lets-info-up--side lets-info-up-70869\" style=\"background:#fafafa; color: #616161\">\t\t\t<div class=\"lets-info-up\">\r\n\t\t\t<div class=\"lets-info-up-fi\"><img decoding=\"async\" width=\"500\" height=\"333\" src=\"https:\/\/www.musical-today.de\/wp-content\/uploads\/2024\/01\/qi-addons-for-elementor-placeholder-500x333.png\" class=\"attachment-lets-info-up-d1 size-lets-info-up-d1\" alt=\"|\" srcset=\"https:\/\/www.musical-today.de\/wp-content\/uploads\/2024\/01\/qi-addons-for-elementor-placeholder-500x333.png 500w, https:\/\/www.musical-today.de\/wp-content\/uploads\/2024\/01\/qi-addons-for-elementor-placeholder-300x200.png 300w, https:\/\/www.musical-today.de\/wp-content\/uploads\/2024\/01\/qi-addons-for-elementor-placeholder-1024x683.png 1024w, https:\/\/www.musical-today.de\/wp-content\/uploads\/2024\/01\/qi-addons-for-elementor-placeholder-883x589.png 883w, https:\/\/www.musical-today.de\/wp-content\/uploads\/2024\/01\/qi-addons-for-elementor-placeholder-18x12.png 18w, https:\/\/www.musical-today.de\/wp-content\/uploads\/2024\/01\/qi-addons-for-elementor-placeholder-360x240.png 360w, https:\/\/www.musical-today.de\/wp-content\/uploads\/2024\/01\/qi-addons-for-elementor-placeholder-1155x770.png 1155w, https:\/\/www.musical-today.de\/wp-content\/uploads\/2024\/01\/qi-addons-for-elementor-placeholder-370x247.png 370w, https:\/\/www.musical-today.de\/wp-content\/uploads\/2024\/01\/qi-addons-for-elementor-placeholder-770x513.png 770w, https:\/\/www.musical-today.de\/wp-content\/uploads\/2024\/01\/qi-addons-for-elementor-placeholder-293x195.png 293w, https:\/\/www.musical-today.de\/wp-content\/uploads\/2024\/01\/qi-addons-for-elementor-placeholder-120x80.png 120w, https:\/\/www.musical-today.de\/wp-content\/uploads\/2024\/01\/qi-addons-for-elementor-placeholder-240x160.png 240w, https:\/\/www.musical-today.de\/wp-content\/uploads\/2024\/01\/qi-addons-for-elementor-placeholder-390x260.png 390w, https:\/\/www.musical-today.de\/wp-content\/uploads\/2024\/01\/qi-addons-for-elementor-placeholder.png 1200w\" sizes=\"(max-width: 500px) 100vw, 500px\" title=\"\"><\/div>\t\t\t<div class=\"lets-info-up-block-wrap\">\r\n\t\t\t\t<div class=\"lets-info-up-block lets-info-up-meta-block\"><div class=\"lets-info-up-meta-title lets-info-up-pretitle font-h\" style=\"color: #8c6d18;\">oRT<\/div><div class=\"lets-info-up-meta-content lets-info-up-title font-b\">Festspielhaus Neuschwanstein (F\u00fcssen)<\/div><\/div><div class=\"lets-info-up-block lets-info-up-meta-block\"><div class=\"lets-info-up-meta-title lets-info-up-pretitle font-h\" style=\"color: #8c6d18;\">von<\/div><div class=\"lets-info-up-meta-content lets-info-up-title font-b\">Frank Nimsgern (Musik)<br>Birgit Simmler (Buch und Gesangstexte)<\/div><\/div><div class=\"lets-info-up-block lets-info-up-meta-block\"><div class=\"lets-info-up-meta-title lets-info-up-pretitle font-h\" style=\"color: #8c6d18;\">Regie<\/div><div class=\"lets-info-up-meta-content lets-info-up-title font-b\">Birgit Simmler und Tim Zimmermann<\/div><\/div><div class=\"lets-info-up-block lets-info-up-meta-block\"><div class=\"lets-info-up-meta-title lets-info-up-pretitle font-h\" style=\"color: #8c6d18;\">Urauff\u00fchrung<\/div><div class=\"lets-info-up-meta-content lets-info-up-title font-b\">2025<\/div><\/div><div class=\"lets-info-up-block lets-info-up-meta-block\"><div class=\"lets-info-up-meta-title lets-info-up-pretitle font-h\" style=\"color: #8c6d18;\">INFOS<\/div><div class=\"lets-info-up-meta-content lets-info-up-title font-b\"><a href=\"https:\/\/das-festspielhaus.de\/programm\/freischuetz-das-musical\/\" target=\"_blank\" data-type=\"link\" rel=\"noreferrer noopener\">www.das-festspielhaus.de<\/a><br><a href=\"https:\/\/www.luisenburg-aktuell.de\/programm\/seele-fuer-seele\/\" target=\"_blank\" rel=\"noopener noreferrer nofollow\">www.luisenburg-aktuell.de<\/a><\/div><\/div>\t\t\t<\/div>\r\n\t\t\t<\/div>\r\n\t\t<\/div>\r\n\t\t\n\n\n<p><strong>Frank Nimsgerns \u201edritter Streich\u201c wird zum bunt-poppigen S\u00e4ngerspektakel<\/strong><\/p>\n\n\n\n<p>Wer sich von diesem Abend gr\u00f6\u00dfere Parallelen mit der gleichnamigen romantischen Oper von Carl Maria von Weber erhofft hat, wird entt\u00e4uscht sein. Nach dem \u201eRing des Nibelungen\u201c und der \u201eZauberfl\u00f6te\u201c ist das dritte Musical von Frank Nimsgern auf Basis eines ber\u00fchmten Opernstoffes vergleichsweise am weitesten vom Original entfernt.<\/p>\n\n\n\n<p>Was inhaltlich bleibt, ist der Mythos rund um magische Freikugeln, die Engel Samiel \u2013 genannt Sam \u2013 vom Teufel erh\u00e4lt. Librettistin Birgit Simmler, die auch Regie f\u00fchrt, verlegt ihre Geschichte um Mord, Verf\u00fchrung, Liebe und den ber\u00fchmten teuflischen Pakt auf einen Jahrmarkt in den 1930ern. Dort hat ein Kommissar mysteri\u00f6se Morde im Zusammenhang mit der Zaubershow \u201eSeele f\u00fcr Seele\u201c und ihren magischen Kugeln aufzukl\u00e4ren. Ein junges Paar, Karin und Adam, Inhaber einer Achterbahn, ger\u00e4t in den Sog dieser Ermittlungen \u2013 und immer st\u00e4rker in den Strudel von Eifersucht, Betrug und der \u00fcbernat\u00fcrlichen Kr\u00e4fte der Magier Sam, Ma\u00ebstra und Lilly.<\/p>\n\n\n<div  class=\"tpgb-wrap-956d14_11533  tpgb-wrap-fw \"  ><div id=\"956d14_11533\" class=\"tpgb-block-956d14_11533 tpgb-relative-block tpgb-gallery-list tpgb-metro gallery-style-2 hover-image-style-1   \" data-style=\"style-2\" data-id=\"956d14_11533\" data-layout=\"metro\" data-fancy-option='{\"loop\":false,\"thumb\":\"no\",\"infobar\":true,\"arrows\":true,\"transitionEffect\":\"slide\",\"button\":[\"close\"]}' data-splide='\"\"' data-metroAttr= '{\"metro_col\":3,\"tab_metro_col\":3,\"mobile_metro_col\":3,\"metro_style\":\"style-1\",\"tab_metro_style\":\"style-1\",\"mobile_metro_style\":\"style-1\"}' ><div class=\"tpgb-row post-loop-inner \"><div class=\"grid-item metro-item-0    tpgb-metro-1  tpgb-tab-metro-1  tpgb-mobile-metro-1 \"><a href=\"https:\/\/www.musical-today.de\/wp-content\/uploads\/2025\/05\/2Y9A3377-scaled.jpg\" class=\"tpgb-gallery-list-content tpgb-trans-easeinout\" data-fancybox=\"956d14_11533\" data-caption=\"Foto: Michael B\u00f6hml\u00e4nder\" aria-label=\"Foto: Michael B\u00f6hml\u00e4nder\"><div class=\"post-content-image\"><div class=\"tpgb-metro-gallery-image\" style=\"background: url(https:\/\/www.musical-today.de\/wp-content\/uploads\/2025\/05\/2Y9A3377-scaled.jpg);\"><\/div><\/div><div class=\"post-content-center\"><div class=\"post-zoom-icon\"><div class=\"meta-search-icon\"><span><img decoding=\"async\" class=\"fancy-img\" src=\"https:\/\/www.musical-today.de\/wp-content\/uploads\/2025\/05\/2Y9A3377-scaled.jpg\" alt=\"Media Image1\" title=\"\"><i class=\"fas fa-search-plus pop-icon\"><\/i><\/span><\/div><\/div><div class=\"post-content-bottom\"><p class=\"post-title tpgb-trans-easeinout\">Foto: Michael B\u00f6hml\u00e4nder<\/p><\/div><\/div><\/a><\/div><div class=\"grid-item metro-item-1    tpgb-metro-2  tpgb-tab-metro-2  tpgb-mobile-metro-2 \"><a href=\"https:\/\/www.musical-today.de\/wp-content\/uploads\/2025\/05\/2Y9A3237-scaled.jpg\" class=\"tpgb-gallery-list-content tpgb-trans-easeinout\" data-fancybox=\"956d14_11533\" data-caption=\"Foto: Michael B\u00f6hml\u00e4nder\" aria-label=\"Foto: Michael B\u00f6hml\u00e4nder\"><div class=\"post-content-image\"><div class=\"tpgb-metro-gallery-image\" style=\"background: url(https:\/\/www.musical-today.de\/wp-content\/uploads\/2025\/05\/2Y9A3237-scaled.jpg);\"><\/div><\/div><div class=\"post-content-center\"><div class=\"post-zoom-icon\"><div class=\"meta-search-icon\"><span><img decoding=\"async\" class=\"fancy-img\" src=\"https:\/\/www.musical-today.de\/wp-content\/uploads\/2025\/05\/2Y9A3237-scaled.jpg\" alt=\"Media Image2\" title=\"\"><i class=\"fas fa-search-plus pop-icon\"><\/i><\/span><\/div><\/div><div class=\"post-content-bottom\"><p class=\"post-title tpgb-trans-easeinout\">Foto: Michael B\u00f6hml\u00e4nder<\/p><\/div><\/div><\/a><\/div><div class=\"grid-item metro-item-2    tpgb-metro-3  tpgb-tab-metro-3  tpgb-mobile-metro-3 \"><a href=\"https:\/\/www.musical-today.de\/wp-content\/uploads\/2025\/05\/2Y9A1931-scaled.jpg\" class=\"tpgb-gallery-list-content tpgb-trans-easeinout\" data-fancybox=\"956d14_11533\" data-caption=\"Foto: Michael B\u00f6hml\u00e4nder\" aria-label=\"Foto: Michael B\u00f6hml\u00e4nder\"><div class=\"post-content-image\"><div class=\"tpgb-metro-gallery-image\" style=\"background: url(https:\/\/www.musical-today.de\/wp-content\/uploads\/2025\/05\/2Y9A1931-scaled.jpg);\"><\/div><\/div><div class=\"post-content-center\"><div class=\"post-zoom-icon\"><div class=\"meta-search-icon\"><span><img decoding=\"async\" class=\"fancy-img\" src=\"https:\/\/www.musical-today.de\/wp-content\/uploads\/2025\/05\/2Y9A1931-scaled.jpg\" alt=\"Media Image3\" title=\"\"><i class=\"fas fa-search-plus pop-icon\"><\/i><\/span><\/div><\/div><div class=\"post-content-bottom\"><p class=\"post-title tpgb-trans-easeinout\">Foto: Michael B\u00f6hml\u00e4nder<\/p><\/div><\/div><\/a><\/div><\/div><\/div><\/div>\n\n\n<p>Musikalisch setzt Komponist Nimsgern auch in seiner dritten Opernadaption \u2013 diesmal eine Kooperation zwischen dem Festspielhaus Neuschwanstein und den Luisenburg-Festspielen Wunsiedel \u2013 insgesamt auf rockig-symphonischen, gitarren-lastigen Sound. Einige der 15 Musiknummern, die zur Premiere auch als Soundtrack erschienen sind, haben Ohrwurmcharakter, der Mix zwischen gef\u00fchlvollen Balladen und fetzigen Rocknummern gelingt. Trotzdem mag sich ein musikalischer Spannungsbogen im Sinne eines Musiktheater-Gesamtwerks nicht so recht einstellen.<\/p>\n\n\n\n<p>Was bleibt, ist in musikalischer Hinsicht eine \u2013 starke! \u2013 Nummernrevue. Die Songtexte von Birgit Simmler sind einpr\u00e4gsam, sie \u201einszenieren\u201c gekonnt Nimsgerns Lieder und fungieren oft als emotionale Showstopper der Handlung. Leider ist Simmlers Libretto nicht ganz so klar strukturiert, manchmal \u201everfransen\u201c sich einzelne Handlungsstr\u00e4nge oder gehen im Gesamtgemenge der vielschichtigen Story unter. Einige Stellen \u2013 besonders im ersten Akt \u2013 haben dar\u00fcber hinaus ein paar Dialog-L\u00e4ngen.<\/p>\n\n\n\n<p>Aber das ist alles halb so schlimm, wenn man so eine Cast hat! Allen voran der mexikanische Rock-Tenor Dante S\u00e1enz als \u201egefallener Engel\u201c Sam, der stimmlich und mit einer unglaublichen k\u00f6rperlichen Power die gro\u00dfe F\u00fcssener B\u00fchne vollkommen einnimmt. Dazu kommen Anna-Sophie Weidinger in ihrer rundum \u00fcberzeugenden Interpretation der naiv-mutigen Karin, deren Verlobter Abel (mit Manuel Karadeniz\u2019 sch\u00f6ner lyrischer Stimme wunderbar kontrastierend besetzt), Anja Backus als rockig-verruchter Powersopran Lilly mit gro\u00dfer B\u00fchnenpr\u00e4senz und AMY in der Rolle der schrillen, stimmgewaltigen Ma\u00ebstra im Glitzergewand einer Domina. Die versteht sogar Karins Mutter, die vergleichsweise biedere Achterbahnbesitzerin Eva (Femke Soetenga), zu verf\u00fchren.<\/p>\n\n\n\n<p>Kommissar Adam in rollenkonform solider Erscheinung und Interpretation von Mischa Mang steht zun\u00e4chst als das \u201eb\u00fcrgerliche Element\u201c inmitten der dunklen Machenschaften. Aber auch seine Figur folgt dem Credo der Geschichte, dass \u201eLiebe immer gewinnt\u201c \u2013 und entpuppt sich als Karins Vater. Ein (weiterer?) Hinweis, dass die Kluft zwischen Gut und B\u00f6se gar nicht so gro\u00df ist, wie es oft scheint?<\/p>\n\n\n\n<p>Ebenfalls sehr gelungen ist Jos\u00e9 Lunas effektvolle Ausstattung, die auch die fantasievolle Choreografie von Stefanie Gr\u00f6ning nahtlos integriert und die Ausnahme-Cast dieser Produktion gekonnt und kitschfrei in der poppig-bunten Jahrmarktswelt des letzten Jahrhunderts verortet.<\/p>\n\n\n\n<hr class=\"wp-block-separator has-alpha-channel-opacity is-style-dots\"\/>\n\n\n\n<p class=\"has-small-font-size\">Musikalische Leitung: Tom\u00e1\u0161 K\u00fcfhaber \u2022 Musical Staging: Tim Zimmermann \u2022 Choreografie: Stefanie Gr\u00f6ning und Selina Kohl \u2022 Ausstattung: Jos\u00e9 Luna \u2022 Lichtdesign: Andreas H\u00f6nig \u2022 Videodesign: Timo Nachbar \u2022 Mit: Anna-Sophie Weidinger (Karin), Dante S\u00e1enz (Sam), Manuel Karadeniz (Abel), Mischa Mang (Adam), Femke Soetenga (Eva), Anja Backus (Lilly), AMY (Ma\u00ebstra) u.a.<\/p>\n\n\n\n<p class=\"has-small-font-size\">Aufmacherfoto: Michael B\u00f6hml\u00e4nder<\/p>\n","protected":false},"excerpt":{"rendered":"<p>Frank Nimsgerns \u201edritter Streich\u201c wird zum bunt-poppigen S\u00e4ngerspektakel Wer sich von diesem Abend gr\u00f6\u00dfere Parallelen mit der gleichnamigen romantischen Oper von Carl Maria von Weber erhofft hat, wird entt\u00e4uscht sein. Nach dem \u201eRing des Nibelungen\u201c und der \u201eZauberfl\u00f6te\u201c ist das dritte Musical von Frank Nimsgern auf Basis eines ber\u00fchmten Opernstoffes vergleichsweise am weitesten vom Original entfernt. Was inhaltlich bleibt, ist der Mythos rund um magische Freikugeln, die Engel Samiel \u2013 genannt Sam \u2013 vom Teufel erh\u00e4lt. Librettistin Birgit Simmler, die [&hellip;]<\/p>\n","protected":false},"author":10,"featured_media":11530,"comment_status":"closed","ping_status":"closed","sticky":false,"template":"","format":"standard","meta":{"tpgb_global_settings":"","footnotes":""},"categories":[190],"tags":[],"class_list":["post-11533","post","type-post","status-publish","format-standard","has-post-thumbnail","hentry","category-fuessen"],"tpgb_featured_images":{"full":["https:\/\/www.musical-today.de\/wp-content\/uploads\/2025\/05\/2Y9A2314-scaled.jpg",2560,1707,false],"tp-image-grid":["https:\/\/www.musical-today.de\/wp-content\/uploads\/2025\/05\/2Y9A2314-700x700.jpg",700,700,true],"thumbnail":["https:\/\/www.musical-today.de\/wp-content\/uploads\/2025\/05\/2Y9A2314-600x400.jpg",600,400,true],"medium":["https:\/\/www.musical-today.de\/wp-content\/uploads\/2025\/05\/2Y9A2314-1200x800.jpg",1200,800,true],"medium_large":["https:\/\/www.musical-today.de\/wp-content\/uploads\/2025\/05\/2Y9A2314-770x513.jpg",770,513,true],"large":["https:\/\/www.musical-today.de\/wp-content\/uploads\/2025\/05\/2Y9A2314-1920x1280.jpg",1139,759,true],"default":"https:\/\/www.musical-today.de\/wp-content\/plugins\/the-plus-addons-for-block-editor\/assets\/images\/tpgb-placeholder.jpg"},"tpgb_post_meta_info":{"get_date":"02.05.2025","get_modified_date":"02.05.2025","category_list":{"category":[{"term_id":190,"name":"F\u00fcssen","slug":"fuessen","term_group":0,"term_taxonomy_id":190,"taxonomy":"category","description":"","parent":19,"count":4,"filter":"raw","term_order":"37"}],"post_tag":false,"post_format":false},"author_name":"Iris Steiner","author_url":"https:\/\/www.musical-today.de\/en\/autor\/isteiner\/","author_email":"is@musical-today.de","author_website":"","author_description":"<b> Chefredakteurin<\/b>","author_facebook":"","author_twitter":"","author_instagram":"","author_role":["author","redaktionsteam"],"author_firstname":"Iris","author_lastname":"Steiner","user_login":"isteiner","author_avatar":"<img src=\"https:\/\/www.musical-today.de\/wp-content\/uploads\/2024\/03\/Autor_Steiner_c_Daniel_Biskup-200x200.jpg\" width=\"200\" height=\"200\" alt=\"Iris Steiner\" class=\"avatar avatar-200 wp-user-avatar wp-user-avatar-200 alignnone photo\" \/>","author_avatar_url":"https:\/\/www.musical-today.de\/wp-content\/uploads\/2024\/03\/Autor_Steiner_c_Daniel_Biskup.jpg","comment_count":0,"post_likes":0,"post_views":0},"tpgb_post_category":{"category":"<a href=\"https:\/\/www.musical-today.de\/en\/deutschland\/fuessen\/\" alt=\"F\u00fcssen\"  class=\"category-fuessen\">F\u00fcssen<\/a> "},"_links":{"self":[{"href":"https:\/\/www.musical-today.de\/en\/wp-json\/wp\/v2\/posts\/11533","targetHints":{"allow":["GET"]}}],"collection":[{"href":"https:\/\/www.musical-today.de\/en\/wp-json\/wp\/v2\/posts"}],"about":[{"href":"https:\/\/www.musical-today.de\/en\/wp-json\/wp\/v2\/types\/post"}],"author":[{"embeddable":true,"href":"https:\/\/www.musical-today.de\/en\/wp-json\/wp\/v2\/users\/10"}],"replies":[{"embeddable":true,"href":"https:\/\/www.musical-today.de\/en\/wp-json\/wp\/v2\/comments?post=11533"}],"version-history":[{"count":0,"href":"https:\/\/www.musical-today.de\/en\/wp-json\/wp\/v2\/posts\/11533\/revisions"}],"wp:featuredmedia":[{"embeddable":true,"href":"https:\/\/www.musical-today.de\/en\/wp-json\/wp\/v2\/media\/11530"}],"wp:attachment":[{"href":"https:\/\/www.musical-today.de\/en\/wp-json\/wp\/v2\/media?parent=11533"}],"wp:term":[{"taxonomy":"category","embeddable":true,"href":"https:\/\/www.musical-today.de\/en\/wp-json\/wp\/v2\/categories?post=11533"},{"taxonomy":"post_tag","embeddable":true,"href":"https:\/\/www.musical-today.de\/en\/wp-json\/wp\/v2\/tags?post=11533"}],"curies":[{"name":"wp","href":"https:\/\/api.w.org\/{rel}","templated":true}]}}