{"id":11704,"date":"2025-05-16T17:58:40","date_gmt":"2025-05-16T15:58:40","guid":{"rendered":"https:\/\/www.musical-today.de\/?p=11704"},"modified":"2025-05-16T17:58:42","modified_gmt":"2025-05-16T15:58:42","slug":"kassel-im-kreis-der-exen","status":"publish","type":"post","link":"https:\/\/www.musical-today.de\/en\/kassel-im-kreis-der-exen\/","title":{"rendered":"Im Kreis der Exen"},"content":{"rendered":"<div class=\"lets-info-up-wrap  lets-info-up--right lets-info-up--m-1 lets-info-up-skin-3 lets-info-up--side lets-info-up-91099\" style=\"background:#fafafa; color: #616161\">\t\t\t<div class=\"lets-info-up\">\r\n\t\t\t<div class=\"lets-info-up-fi\"><img decoding=\"async\" width=\"500\" height=\"333\" src=\"https:\/\/www.musical-today.de\/wp-content\/uploads\/2024\/01\/qi-addons-for-elementor-placeholder-500x333.png\" class=\"attachment-lets-info-up-d1 size-lets-info-up-d1\" alt=\"|\" srcset=\"https:\/\/www.musical-today.de\/wp-content\/uploads\/2024\/01\/qi-addons-for-elementor-placeholder-500x333.png 500w, https:\/\/www.musical-today.de\/wp-content\/uploads\/2024\/01\/qi-addons-for-elementor-placeholder-300x200.png 300w, https:\/\/www.musical-today.de\/wp-content\/uploads\/2024\/01\/qi-addons-for-elementor-placeholder-1024x683.png 1024w, https:\/\/www.musical-today.de\/wp-content\/uploads\/2024\/01\/qi-addons-for-elementor-placeholder-883x589.png 883w, https:\/\/www.musical-today.de\/wp-content\/uploads\/2024\/01\/qi-addons-for-elementor-placeholder-18x12.png 18w, https:\/\/www.musical-today.de\/wp-content\/uploads\/2024\/01\/qi-addons-for-elementor-placeholder-360x240.png 360w, https:\/\/www.musical-today.de\/wp-content\/uploads\/2024\/01\/qi-addons-for-elementor-placeholder-1155x770.png 1155w, https:\/\/www.musical-today.de\/wp-content\/uploads\/2024\/01\/qi-addons-for-elementor-placeholder-370x247.png 370w, https:\/\/www.musical-today.de\/wp-content\/uploads\/2024\/01\/qi-addons-for-elementor-placeholder-770x513.png 770w, https:\/\/www.musical-today.de\/wp-content\/uploads\/2024\/01\/qi-addons-for-elementor-placeholder-293x195.png 293w, https:\/\/www.musical-today.de\/wp-content\/uploads\/2024\/01\/qi-addons-for-elementor-placeholder-120x80.png 120w, https:\/\/www.musical-today.de\/wp-content\/uploads\/2024\/01\/qi-addons-for-elementor-placeholder-240x160.png 240w, https:\/\/www.musical-today.de\/wp-content\/uploads\/2024\/01\/qi-addons-for-elementor-placeholder-390x260.png 390w, https:\/\/www.musical-today.de\/wp-content\/uploads\/2024\/01\/qi-addons-for-elementor-placeholder.png 1200w\" sizes=\"(max-width: 500px) 100vw, 500px\" title=\"\"><\/div>\t\t\t<div class=\"lets-info-up-block-wrap\">\r\n\t\t\t\t<div class=\"lets-info-up-block lets-info-up-meta-block\"><div class=\"lets-info-up-meta-title lets-info-up-pretitle font-h\" style=\"color: #8c6d18;\">oRT<\/div><div class=\"lets-info-up-meta-content lets-info-up-title font-b\">tic \u2013 Das Musicaltheater<\/div><\/div><div class=\"lets-info-up-block lets-info-up-meta-block\"><div class=\"lets-info-up-meta-title lets-info-up-pretitle font-h\" style=\"color: #8c6d18;\">von<\/div><div class=\"lets-info-up-meta-content lets-info-up-title font-b\">Fabian Joel Walter (Buch)<\/div><\/div><div class=\"lets-info-up-block lets-info-up-meta-block\"><div class=\"lets-info-up-meta-title lets-info-up-pretitle font-h\" style=\"color: #8c6d18;\">Regie<\/div><div class=\"lets-info-up-meta-content lets-info-up-title font-b\">Fabian Joel Walter<\/div><\/div><div class=\"lets-info-up-block lets-info-up-meta-block\"><div class=\"lets-info-up-meta-title lets-info-up-pretitle font-h\" style=\"color: #8c6d18;\">Urauff\u00fchrung<\/div><div class=\"lets-info-up-meta-content lets-info-up-title font-b\">2025<\/div><\/div><div class=\"lets-info-up-block lets-info-up-meta-block\"><div class=\"lets-info-up-meta-title lets-info-up-pretitle font-h\" style=\"color: #8c6d18;\">INFOS<\/div><div class=\"lets-info-up-meta-content lets-info-up-title font-b\"><a href=\"https:\/\/www.theaterimcentrum.de\" target=\"_blank\" rel=\"noopener noreferrer nofollow\">www.theaterimcentrum.de<\/a><\/div><\/div>\t\t\t<\/div>\r\n\t\t\t<\/div>\r\n\t\t<\/div>\r\n\t\t\n\n\n<p><strong>Ein ratloser Mann \u201eIm Kreis der Exen\u201c&nbsp;<\/strong><\/p>\n\n\n\n<p>Dennis wird verlassen und die selbstbewusste Nina im Business-Hosenanzug will dar\u00fcber auch gar nicht mit sich reden lassen. Vielmehr will sie sich eine Auszeit g\u00f6nnen und in einem Frauenkreis reden. F\u00fcr den leidenden Dennis bricht nicht nur eine Welt zusammen, er versteht Nina auch einfach nicht. \u00dcber was will sie mit anderen Frauen reden? Wie kann man ihn ohne neuen Lover verlassen? W\u00e4hrenddessen spricht ihm seine vorherige Ex Julia auf Band, die nach mehreren Monaten immer noch unter der Trennung leidet und eine neue Chance will. Als Dennis seiner Nina in den Frauenkreis folgt, ahnt er nicht, welch esoterische Selbsterfahrungs-\u00dcbungen ihn dort erwarten und dass er gleich beide \u201eExen\u201c treffen wird. Damit er von Kursleiterin Serafina \u00fcberhaupt hineingelassen wird, braucht er einen Rollenwechsel: Per\u00fccke, Schminke und ausgestopfter BH machen ihn zur Frau. Was folgt, ist der zu erwartende Galopp durch M\u00e4nner-Frauen-Beziehungsklischees und nat\u00fcrlich ein humorvoller Einblick in die esoterische Selbstfindungsszene. Oder eben in das, was man(n) sich so darunter vorstellt.&nbsp;&nbsp;<\/p>\n\n\n<div  class=\"tpgb-wrap-956d14_11704  tpgb-wrap-fw \"  ><div id=\"956d14_11704\" class=\"tpgb-block-956d14_11704 tpgb-relative-block tpgb-gallery-list tpgb-metro gallery-style-2 hover-image-style-1   \" data-style=\"style-2\" data-id=\"956d14_11704\" data-layout=\"metro\" data-fancy-option='{\"loop\":false,\"thumb\":\"no\",\"infobar\":true,\"arrows\":true,\"transitionEffect\":\"slide\",\"button\":[\"close\"]}' data-splide='\"\"' data-metroAttr= '{\"metro_col\":3,\"tab_metro_col\":3,\"mobile_metro_col\":3,\"metro_style\":\"style-1\",\"tab_metro_style\":\"style-1\",\"mobile_metro_style\":\"style-1\"}' ><div class=\"tpgb-row post-loop-inner \"><div class=\"grid-item metro-item-0    tpgb-metro-1  tpgb-tab-metro-1  tpgb-mobile-metro-1 \"><a href=\"https:\/\/www.musical-today.de\/wp-content\/uploads\/2025\/05\/Im-Kreis-der-Exen-by-Stephan-Drewianka-Print-32-scaled.jpg\" class=\"tpgb-gallery-list-content tpgb-trans-easeinout\" data-fancybox=\"956d14_11704\" data-caption=\"Foto: Stephan Drewianka\" aria-label=\"Foto: Stephan Drewianka\"><div class=\"post-content-image\"><div class=\"tpgb-metro-gallery-image\" style=\"background: url(https:\/\/www.musical-today.de\/wp-content\/uploads\/2025\/05\/Im-Kreis-der-Exen-by-Stephan-Drewianka-Print-32-scaled.jpg);\"><\/div><\/div><div class=\"post-content-center\"><div class=\"post-zoom-icon\"><div class=\"meta-search-icon\"><span><img decoding=\"async\" class=\"fancy-img\" src=\"https:\/\/www.musical-today.de\/wp-content\/uploads\/2025\/05\/Im-Kreis-der-Exen-by-Stephan-Drewianka-Print-32-scaled.jpg\" alt=\"Media Image1\" title=\"\"><i class=\"fas fa-search-plus pop-icon\"><\/i><\/span><\/div><\/div><div class=\"post-content-bottom\"><p class=\"post-title tpgb-trans-easeinout\">Foto: Stephan Drewianka<\/p><\/div><\/div><\/a><\/div><div class=\"grid-item metro-item-1    tpgb-metro-2  tpgb-tab-metro-2  tpgb-mobile-metro-2 \"><a href=\"https:\/\/www.musical-today.de\/wp-content\/uploads\/2025\/05\/Im-Kreis-der-Exen-by-Stephan-Drewianka-Print-15-scaled.jpg\" class=\"tpgb-gallery-list-content tpgb-trans-easeinout\" data-fancybox=\"956d14_11704\" data-caption=\"Foto: Stephan Drewianka\" aria-label=\"Foto: Stephan Drewianka\"><div class=\"post-content-image\"><div class=\"tpgb-metro-gallery-image\" style=\"background: url(https:\/\/www.musical-today.de\/wp-content\/uploads\/2025\/05\/Im-Kreis-der-Exen-by-Stephan-Drewianka-Print-15-scaled.jpg);\"><\/div><\/div><div class=\"post-content-center\"><div class=\"post-zoom-icon\"><div class=\"meta-search-icon\"><span><img decoding=\"async\" class=\"fancy-img\" src=\"https:\/\/www.musical-today.de\/wp-content\/uploads\/2025\/05\/Im-Kreis-der-Exen-by-Stephan-Drewianka-Print-15-scaled.jpg\" alt=\"Media Image2\" title=\"\"><i class=\"fas fa-search-plus pop-icon\"><\/i><\/span><\/div><\/div><div class=\"post-content-bottom\"><p class=\"post-title tpgb-trans-easeinout\">Foto: Stephan Drewianka<\/p><\/div><\/div><\/a><\/div><div class=\"grid-item metro-item-2    tpgb-metro-3  tpgb-tab-metro-3  tpgb-mobile-metro-3 \"><a href=\"https:\/\/www.musical-today.de\/wp-content\/uploads\/2025\/05\/Im-Kreis-der-Exen-by-Stephan-Drewianka-Print-13-scaled.jpg\" class=\"tpgb-gallery-list-content tpgb-trans-easeinout\" data-fancybox=\"956d14_11704\" data-caption=\"Foto: Stephan Drewianka\" aria-label=\"Foto: Stephan Drewianka\"><div class=\"post-content-image\"><div class=\"tpgb-metro-gallery-image\" style=\"background: url(https:\/\/www.musical-today.de\/wp-content\/uploads\/2025\/05\/Im-Kreis-der-Exen-by-Stephan-Drewianka-Print-13-scaled.jpg);\"><\/div><\/div><div class=\"post-content-center\"><div class=\"post-zoom-icon\"><div class=\"meta-search-icon\"><span><img decoding=\"async\" class=\"fancy-img\" src=\"https:\/\/www.musical-today.de\/wp-content\/uploads\/2025\/05\/Im-Kreis-der-Exen-by-Stephan-Drewianka-Print-13-scaled.jpg\" alt=\"Media Image3\" title=\"\"><i class=\"fas fa-search-plus pop-icon\"><\/i><\/span><\/div><\/div><div class=\"post-content-bottom\"><p class=\"post-title tpgb-trans-easeinout\">Foto: Stephan Drewianka<\/p><\/div><\/div><\/a><\/div><\/div><\/div><\/div>\n\n\n<p>Das sehenswerte B\u00fchnenbild von Oliver Doerr bietet Bambus-Tapete und bespannte Holzraster. Wunderbar, wie Nebel aus einem kleinen M\u00fclleimer mit Klappdeckel quillt, in dessen Dunst dann die Seminarteilnehmerinnen ihre Vergangenheit entsorgen. Geschickt werden aus Sitzkisten Pulte bei einer Gerichtsverhandlung. Es sind immer wieder liebevolle Kleinigkeiten in B\u00fchnenbild und Inszenierung, die zeigen, mit welcher Leidenschaft man mit wenigen Mitteln Theater macht. Fabian Joel Walter hat nicht nur das Buch mit gutem Wortwitz geschrieben, sondern f\u00fchrt auch Regie. Er greift die Tradition des \u201etic\u201c auf, wo oft Boulevardkom\u00f6dien gezeigt werden, die von bekannten Songs unterbrochen werden (\u201eMan\u2019s World\u201c, \u201eIt\u2019s Raining Men\u201c, \u201eM\u00e4nner\u201c etc.). Der Wiedererkennungs- und Mitsingeffekt kommt gut an. An einigen Stellen geht die Handlung etwas schnell voran, so h\u00e4tte man durchaus gerne die Verwandlung von Dennis zur Frau erlebt. Das Happy End kommt nach einer sehr langen weiblichen \u201eGerichtsverhandlung\u201c dann doch sehr rasch.&nbsp;&nbsp;<\/p>\n\n\n\n<p>Jessica Kr\u00fcger \u00fcberzeugt als Nina durch K\u00fchle und leichte Arroganz, sie gibt die passenden Kommentare zur naiven Julia, die Annabelle Nebe grandios verk\u00f6rpert. Aus \u201eStar Wars\u201c-Figur Han Solo wird bei ihr schon mal der \u201eHans\u201c. Es macht Laune, wie sie mit erfrischendem Blick durchs Beziehungsleben t\u00e4nzelt. Angelina Saloniemi komplettiert die Frauenrunde durch die wienernde Seminarleiterin. Bleibt noch Dennis, aus dem \u201eDennise\u201c wird. Samuel Meister nimmt man sein Verlassensein ab und hat gleichzeitig Mitleid, wie ihn die drei Frauen zur Projektionsfl\u00e4che eigener Entt\u00e4uschung machen. Alle vier spielen und singen mit wunderbarer Stimme und schauspielerischem Engagement.&nbsp;&nbsp;<\/p>\n\n\n\n<p>Die musikalische Einstudierung durch Leonie Scharfe macht aus den vier Solistinnen und Solisten manchmal einen mehrstimmigen Chor und dann wieder starke Einzeldarsteller. Das wird auch durch Annika Hoffmanns Choreografie unterst\u00fctzt, ebenso durch die Kost\u00fcme von Michaela Kirschberger, die sich besonders beim esoterischen Gewand der Kursleiterin farbenfroh austoben kann und drei ganz unterschiedliche Frauentypen sichtbar werden l\u00e4sst.&nbsp;<\/p>\n\n\n\n<p>Punktabz\u00fcge gibt es f\u00fcr die nicht immer \u00fcberzeugenden Halbplaybacks, die sehr an Alleinunterhalter erinnern. Das Publikum f\u00fchlt sich bestens unterhalten, spendet Szenenapplaus und steht bei den Zugaben. Gut, dass es diese Theaterfarbe in Nordhessen gibt.&nbsp;<\/p>\n\n\n\n<hr class=\"wp-block-separator has-alpha-channel-opacity is-style-dots\"\/>\n\n\n\n<p class=\"has-small-font-size\">Musikalische Einstudierung: Leonie Scharfe \u2022 Choreografie: Annika Hoffmann \u2022 B\u00fchne: Oliver Doerr \u2022 Kost\u00fcme: Michaela Kirschberger \u2022 Mit: Jessica Kr\u00fcger (Nina), Samuel Meister (Dennis), Annabelle Nebe (Julia), Angelina Saloniemi (Serafina)&nbsp;<\/p>\n\n\n\n<p class=\"has-small-font-size\">Aufmacherfoto: Stephan Drewianka<\/p>\n","protected":false},"excerpt":{"rendered":"<p>Ein ratloser Mann \u201eIm Kreis der Exen\u201c&nbsp; Dennis wird verlassen und die selbstbewusste Nina im Business-Hosenanzug will dar\u00fcber auch gar nicht mit sich reden lassen. Vielmehr will sie sich eine Auszeit g\u00f6nnen und in einem Frauenkreis reden. F\u00fcr den leidenden Dennis bricht nicht nur eine Welt zusammen, er versteht Nina auch einfach nicht. \u00dcber was will sie mit anderen Frauen reden? Wie kann man ihn ohne neuen Lover verlassen? W\u00e4hrenddessen spricht ihm seine vorherige Ex Julia auf Band, die nach [&hellip;]<\/p>\n","protected":false},"author":5,"featured_media":11705,"comment_status":"closed","ping_status":"closed","sticky":false,"template":"","format":"standard","meta":{"tpgb_global_settings":"","footnotes":""},"categories":[157],"tags":[],"class_list":["post-11704","post","type-post","status-publish","format-standard","has-post-thumbnail","hentry","category-kassel"],"tpgb_featured_images":{"full":["https:\/\/www.musical-today.de\/wp-content\/uploads\/2025\/05\/Im-Kreis-der-Exen-by-Stephan-Drewianka-Print-31-scaled.jpg",2560,1707,false],"tp-image-grid":["https:\/\/www.musical-today.de\/wp-content\/uploads\/2025\/05\/Im-Kreis-der-Exen-by-Stephan-Drewianka-Print-31-700x700.jpg",700,700,true],"thumbnail":["https:\/\/www.musical-today.de\/wp-content\/uploads\/2025\/05\/Im-Kreis-der-Exen-by-Stephan-Drewianka-Print-31-600x400.jpg",600,400,true],"medium":["https:\/\/www.musical-today.de\/wp-content\/uploads\/2025\/05\/Im-Kreis-der-Exen-by-Stephan-Drewianka-Print-31-1200x800.jpg",1200,800,true],"medium_large":["https:\/\/www.musical-today.de\/wp-content\/uploads\/2025\/05\/Im-Kreis-der-Exen-by-Stephan-Drewianka-Print-31-770x513.jpg",770,513,true],"large":["https:\/\/www.musical-today.de\/wp-content\/uploads\/2025\/05\/Im-Kreis-der-Exen-by-Stephan-Drewianka-Print-31-1920x1280.jpg",1139,759,true],"default":"https:\/\/www.musical-today.de\/wp-content\/plugins\/the-plus-addons-for-block-editor\/assets\/images\/tpgb-placeholder.jpg"},"tpgb_post_meta_info":{"get_date":"16.05.2025","get_modified_date":"16.05.2025","category_list":{"category":[{"term_id":157,"name":"Kassel","slug":"kassel","term_group":0,"term_taxonomy_id":157,"taxonomy":"category","description":"","parent":19,"count":8,"filter":"raw","term_order":"56"}],"post_tag":false,"post_format":false},"author_name":"Marcus Leitschuh","author_url":"https:\/\/www.musical-today.de\/en\/autor\/mleitschuh\/","author_email":"admin@valentinboesing.de","author_website":"","author_description":"studierte Germanistik und Theologie und arbeitet als Rektor mit Schultheater-Erfahrung. Lange war er Mitarbeiter der Zeitschrift \u201emusicals\u201c f\u00fcr Nord-Ost-Hessen und S\u00fcdniedersachsen. Er ist kulturpolitisch u.a. im documenta-Aufsichtsrat aktiv, wie auch Projektleiter Kultur der Elisabethkirche Kassel. Au\u00dferdem ist er immer wieder als Theaterfachmann Interviewpartner. Das Musical sieht er als untersch\u00e4tzte Form des Musiktheaters.\r\n(Foto: Dr. Arnulf M\u00fcller)","author_facebook":"","author_twitter":"","author_instagram":"","author_role":["author"],"author_firstname":"Marcus","author_lastname":"Leitschuh","user_login":"mleitschuh","author_avatar":"<img src=\"https:\/\/www.musical-today.de\/wp-content\/uploads\/2024\/03\/Marcus-Leitschuh-c-Dr.-Arnulf-Mueller-293x293.jpg\" width=\"200\" height=\"200\" alt=\"Marcus Leitschuh\" class=\"avatar avatar-200 wp-user-avatar wp-user-avatar-200 alignnone photo\" \/>","author_avatar_url":"https:\/\/www.musical-today.de\/wp-content\/uploads\/2024\/03\/Marcus-Leitschuh-c-Dr.-Arnulf-Mueller.jpg","comment_count":0,"post_likes":0,"post_views":0},"tpgb_post_category":{"category":"<a href=\"https:\/\/www.musical-today.de\/en\/deutschland\/kassel\/\" alt=\"Kassel\"  class=\"category-kassel\">Kassel<\/a> "},"_links":{"self":[{"href":"https:\/\/www.musical-today.de\/en\/wp-json\/wp\/v2\/posts\/11704","targetHints":{"allow":["GET"]}}],"collection":[{"href":"https:\/\/www.musical-today.de\/en\/wp-json\/wp\/v2\/posts"}],"about":[{"href":"https:\/\/www.musical-today.de\/en\/wp-json\/wp\/v2\/types\/post"}],"author":[{"embeddable":true,"href":"https:\/\/www.musical-today.de\/en\/wp-json\/wp\/v2\/users\/5"}],"replies":[{"embeddable":true,"href":"https:\/\/www.musical-today.de\/en\/wp-json\/wp\/v2\/comments?post=11704"}],"version-history":[{"count":0,"href":"https:\/\/www.musical-today.de\/en\/wp-json\/wp\/v2\/posts\/11704\/revisions"}],"wp:featuredmedia":[{"embeddable":true,"href":"https:\/\/www.musical-today.de\/en\/wp-json\/wp\/v2\/media\/11705"}],"wp:attachment":[{"href":"https:\/\/www.musical-today.de\/en\/wp-json\/wp\/v2\/media?parent=11704"}],"wp:term":[{"taxonomy":"category","embeddable":true,"href":"https:\/\/www.musical-today.de\/en\/wp-json\/wp\/v2\/categories?post=11704"},{"taxonomy":"post_tag","embeddable":true,"href":"https:\/\/www.musical-today.de\/en\/wp-json\/wp\/v2\/tags?post=11704"}],"curies":[{"name":"wp","href":"https:\/\/api.w.org\/{rel}","templated":true}]}}