{"id":11744,"date":"2025-05-19T19:22:42","date_gmt":"2025-05-19T17:22:42","guid":{"rendered":"https:\/\/www.musical-today.de\/?p=11744"},"modified":"2025-05-19T19:23:59","modified_gmt":"2025-05-19T17:23:59","slug":"solingen-carousel","status":"publish","type":"post","link":"https:\/\/www.musical-today.de\/en\/solingen-carousel\/","title":{"rendered":"Carousel"},"content":{"rendered":"<div class=\"lets-info-up-wrap  lets-info-up--right lets-info-up--m-1 lets-info-up-skin-3 lets-info-up--side lets-info-up-46530\" style=\"background:#fafafa; color: #616161\">\t\t\t<div class=\"lets-info-up\">\r\n\t\t\t<div class=\"lets-info-up-fi\"><img decoding=\"async\" width=\"500\" height=\"333\" src=\"https:\/\/www.musical-today.de\/wp-content\/uploads\/2024\/01\/qi-addons-for-elementor-placeholder-500x333.png\" class=\"attachment-lets-info-up-d1 size-lets-info-up-d1\" alt=\"|\" srcset=\"https:\/\/www.musical-today.de\/wp-content\/uploads\/2024\/01\/qi-addons-for-elementor-placeholder-500x333.png 500w, https:\/\/www.musical-today.de\/wp-content\/uploads\/2024\/01\/qi-addons-for-elementor-placeholder-300x200.png 300w, https:\/\/www.musical-today.de\/wp-content\/uploads\/2024\/01\/qi-addons-for-elementor-placeholder-1024x683.png 1024w, https:\/\/www.musical-today.de\/wp-content\/uploads\/2024\/01\/qi-addons-for-elementor-placeholder-883x589.png 883w, https:\/\/www.musical-today.de\/wp-content\/uploads\/2024\/01\/qi-addons-for-elementor-placeholder-18x12.png 18w, https:\/\/www.musical-today.de\/wp-content\/uploads\/2024\/01\/qi-addons-for-elementor-placeholder-360x240.png 360w, https:\/\/www.musical-today.de\/wp-content\/uploads\/2024\/01\/qi-addons-for-elementor-placeholder-1155x770.png 1155w, https:\/\/www.musical-today.de\/wp-content\/uploads\/2024\/01\/qi-addons-for-elementor-placeholder-370x247.png 370w, https:\/\/www.musical-today.de\/wp-content\/uploads\/2024\/01\/qi-addons-for-elementor-placeholder-770x513.png 770w, https:\/\/www.musical-today.de\/wp-content\/uploads\/2024\/01\/qi-addons-for-elementor-placeholder-293x195.png 293w, https:\/\/www.musical-today.de\/wp-content\/uploads\/2024\/01\/qi-addons-for-elementor-placeholder-120x80.png 120w, https:\/\/www.musical-today.de\/wp-content\/uploads\/2024\/01\/qi-addons-for-elementor-placeholder-240x160.png 240w, https:\/\/www.musical-today.de\/wp-content\/uploads\/2024\/01\/qi-addons-for-elementor-placeholder-390x260.png 390w, https:\/\/www.musical-today.de\/wp-content\/uploads\/2024\/01\/qi-addons-for-elementor-placeholder.png 1200w\" sizes=\"(max-width: 500px) 100vw, 500px\" title=\"\"><\/div>\t\t\t<div class=\"lets-info-up-block-wrap\">\r\n\t\t\t\t<div class=\"lets-info-up-block lets-info-up-meta-block\"><div class=\"lets-info-up-meta-title lets-info-up-pretitle font-h\" style=\"color: #8c6d18;\">oRT<\/div><div class=\"lets-info-up-meta-content lets-info-up-title font-b\">Theater und Konzerthaus Solingen &amp; Folkwang Universit\u00e4t der K\u00fcnste<\/div><\/div><div class=\"lets-info-up-block lets-info-up-meta-block\"><div class=\"lets-info-up-meta-title lets-info-up-pretitle font-h\" style=\"color: #8c6d18;\">von<\/div><div class=\"lets-info-up-meta-content lets-info-up-title font-b\">Richard Rodgers (Musik)<br>Oscar Hammerstein II (Buch &amp; Liedtexte)<\/div><\/div><div class=\"lets-info-up-block lets-info-up-meta-block\"><div class=\"lets-info-up-meta-title lets-info-up-pretitle font-h\" style=\"color: #8c6d18;\">Regie<\/div><div class=\"lets-info-up-meta-content lets-info-up-title font-b\">Kay Link<\/div><\/div><div class=\"lets-info-up-block lets-info-up-meta-block\"><div class=\"lets-info-up-meta-title lets-info-up-pretitle font-h\" style=\"color: #8c6d18;\">Urauff\u00fchrung<\/div><div class=\"lets-info-up-meta-content lets-info-up-title font-b\">1945<\/div><\/div><div class=\"lets-info-up-block lets-info-up-meta-block\"><div class=\"lets-info-up-meta-title lets-info-up-pretitle font-h\" style=\"color: #8c6d18;\">INFOS<\/div><div class=\"lets-info-up-meta-content lets-info-up-title font-b\"><a href=\"https:\/\/theater-solingen.de\/veranstaltung\/carousel-2\/\" target=\"_blank\" rel=\"noopener noreferrer nofollow\">www.theater-solingen.de<\/a><br><a href=\"https:\/\/www.folkwang-uni.de\/home\/hochschule\/vollanzeige\/carousel-youll-never-walk-alone-premiere-am-16-mai-in-solingen-1\" target=\"_blank\" rel=\"noopener noreferrer nofollow\">www.folkwang-uni.de<\/a><\/div><\/div>\t\t\t<\/div>\r\n\t\t\t<\/div>\r\n\t\t<\/div>\r\n\t\t\n\n\n<p><strong>Starke Ensemble-Leistung f\u00fcr \u201eCarousel\u201c<\/strong><\/p>\n\n\n\n<p>\u201eCarousel\u201c ist bereits die f\u00fcnfte gemeinsame Produktion des Theaters Solingen mit der Folkwang Universit\u00e4t der K\u00fcnste. Die \u201eMusicalstars von morgen\u201c, hier in den Hauptrollen der Abschlussjahrgang 2026, zeigen ihr K\u00f6nnen auf der gro\u00dfen B\u00fchne und mit vollem Orchester der Bergischen Symphoniker unter der musikalischen Leitung von Stephan Kanyar. Regie f\u00fchrt Kay Link, die wunderbar aussehende Choreografie stammt von Andrew Chatwick. Alle drei sind Dozenten in Essen und haben in den sechs Wochen vor der Premiere mit den Studierenden viel und eng zusammengearbeitet.<\/p>\n\n\n\n<p>Obwohl das Time Magazin \u201eCarousel\u201c 1994 zum besten Musical des 20. Jahrhundert gew\u00e4hlt hat, wird das Werk von Rodgers &amp; Hammerstein doch recht selten aufgef\u00fchrt. Es mag daran liegen, dass das arienhafte St\u00fcck durchaus Ans\u00e4tze von Oper und Operette hat. Auf der anderen Seite ist die Story so liebevoll und lustig erz\u00e4hlt, dass man in vielen Momenten ein L\u00e4cheln auf den Lippen hat. Hammerstein findet f\u00fcr seine Adaption des B\u00fchnenst\u00fcckes \u201eLiliom\u201c von Ferenc Moln\u00e1r zudem ein vers\u00f6hnlicheres Ende. Der Karussellarbeiter Billy wird bei einem Raub\u00fcberfall erschossen. Julie, seine Frau, die als Fabrikarbeiterin ebenfalls ein sehr geringes Einkommen hat, erwartet zu dem Zeitpunkt ein Kind. Viele Jahre sp\u00e4ter darf der tote Billy nach einer \u201eGerichtsverhandlung\u201c f\u00fcr einen Tag auf die Erde zur\u00fcckkommen. Dort bringt er seiner Tochter, die er nicht mehr kennenlernen durfte, ein Geschenk \u2013 und sowohl Mutter als auch Tochter verstehen.&nbsp;<\/p>\n\n\n<div  class=\"tpgb-wrap-956d14_11744  tpgb-wrap-fw \"  ><div id=\"956d14_11744\" class=\"tpgb-block-956d14_11744 tpgb-relative-block tpgb-gallery-list tpgb-metro gallery-style-2 hover-image-style-1   \" data-style=\"style-2\" data-id=\"956d14_11744\" data-layout=\"metro\" data-fancy-option='{\"loop\":false,\"thumb\":\"no\",\"infobar\":true,\"arrows\":true,\"transitionEffect\":\"slide\",\"button\":[\"close\"]}' data-splide='\"\"' data-metroAttr= '{\"metro_col\":3,\"tab_metro_col\":3,\"mobile_metro_col\":3,\"metro_style\":\"style-1\",\"tab_metro_style\":\"style-1\",\"mobile_metro_style\":\"style-1\"}' ><div class=\"tpgb-row post-loop-inner \"><div class=\"grid-item metro-item-0    tpgb-metro-1  tpgb-tab-metro-1  tpgb-mobile-metro-1 \"><a href=\"https:\/\/www.musical-today.de\/wp-content\/uploads\/2025\/05\/08-Carousel-c-Elisa-Jasse-scaled.jpg\" class=\"tpgb-gallery-list-content tpgb-trans-easeinout\" data-fancybox=\"956d14_11744\" data-caption=\"Foto: Elisa Jasse\" aria-label=\"Foto: Elisa Jasse\"><div class=\"post-content-image\"><div class=\"tpgb-metro-gallery-image\" style=\"background: url(https:\/\/www.musical-today.de\/wp-content\/uploads\/2025\/05\/08-Carousel-c-Elisa-Jasse-scaled.jpg);\"><\/div><\/div><div class=\"post-content-center\"><div class=\"post-zoom-icon\"><div class=\"meta-search-icon\"><span><img decoding=\"async\" class=\"fancy-img\" src=\"https:\/\/www.musical-today.de\/wp-content\/uploads\/2025\/05\/08-Carousel-c-Elisa-Jasse-scaled.jpg\" alt=\"Media Image1\" title=\"\"><i class=\"fas fa-search-plus pop-icon\"><\/i><\/span><\/div><\/div><div class=\"post-content-bottom\"><p class=\"post-title tpgb-trans-easeinout\">Foto: Elisa Jasse<\/p><\/div><\/div><\/a><\/div><div class=\"grid-item metro-item-1    tpgb-metro-2  tpgb-tab-metro-2  tpgb-mobile-metro-2 \"><a href=\"https:\/\/www.musical-today.de\/wp-content\/uploads\/2025\/05\/03-Carousel-c-Elisa-Jasse-scaled.jpg\" class=\"tpgb-gallery-list-content tpgb-trans-easeinout\" data-fancybox=\"956d14_11744\" data-caption=\"Foto: Elisa Jasse\" aria-label=\"Foto: Elisa Jasse\"><div class=\"post-content-image\"><div class=\"tpgb-metro-gallery-image\" style=\"background: url(https:\/\/www.musical-today.de\/wp-content\/uploads\/2025\/05\/03-Carousel-c-Elisa-Jasse-scaled.jpg);\"><\/div><\/div><div class=\"post-content-center\"><div class=\"post-zoom-icon\"><div class=\"meta-search-icon\"><span><img decoding=\"async\" class=\"fancy-img\" src=\"https:\/\/www.musical-today.de\/wp-content\/uploads\/2025\/05\/03-Carousel-c-Elisa-Jasse-scaled.jpg\" alt=\"Media Image2\" title=\"\"><i class=\"fas fa-search-plus pop-icon\"><\/i><\/span><\/div><\/div><div class=\"post-content-bottom\"><p class=\"post-title tpgb-trans-easeinout\">Foto: Elisa Jasse<\/p><\/div><\/div><\/a><\/div><div class=\"grid-item metro-item-2    tpgb-metro-3  tpgb-tab-metro-3  tpgb-mobile-metro-3 \"><a href=\"https:\/\/www.musical-today.de\/wp-content\/uploads\/2025\/05\/07-Carousel-c-Elisa-Jasse-scaled.jpg\" class=\"tpgb-gallery-list-content tpgb-trans-easeinout\" data-fancybox=\"956d14_11744\" data-caption=\"Foto: Elisa Jasse\" aria-label=\"Foto: Elisa Jasse\"><div class=\"post-content-image\"><div class=\"tpgb-metro-gallery-image\" style=\"background: url(https:\/\/www.musical-today.de\/wp-content\/uploads\/2025\/05\/07-Carousel-c-Elisa-Jasse-scaled.jpg);\"><\/div><\/div><div class=\"post-content-center\"><div class=\"post-zoom-icon\"><div class=\"meta-search-icon\"><span><img decoding=\"async\" class=\"fancy-img\" src=\"https:\/\/www.musical-today.de\/wp-content\/uploads\/2025\/05\/07-Carousel-c-Elisa-Jasse-scaled.jpg\" alt=\"Media Image3\" title=\"\"><i class=\"fas fa-search-plus pop-icon\"><\/i><\/span><\/div><\/div><div class=\"post-content-bottom\"><p class=\"post-title tpgb-trans-easeinout\">Foto: Elisa Jasse<\/p><\/div><\/div><\/a><\/div><\/div><\/div><\/div>\n\n\n<p>Lino Kalich (Billy), Anna Teodora Donosa-Danila (Julie) sowie Katalin Rohse (Carrie), Albert Ga\u00dfmann (Enoch) und Timm Moritz Marquardt (Jigger) bilden den Abschlussjahrgang 2026. Der hochgewachsene, dunkel gelockte Kalich machte schon letztes Jahr bei \u201eDas L\u00e4cheln einer Sommernacht\u201c in einer Nebenrolle auf sich aufmerksam und zieht nun alle Blicke auf sich. Gesanglich wie schauspielerisch l\u00e4sst er keine W\u00fcnsche offen und tr\u00e4gt seine Hauptrolle mit Leichtigkeit: die Schmierigkeit des verarmten Frauenhelden wie dann auch die gro\u00dfe Liebe zu seinem ungeborenen Kind. Man darf sehr sicher sein, ihn schon bald auf den gro\u00dfen B\u00fchnen des Landes zu sehen.<\/p>\n\n\n\n<p>Auch die anderen Absolventinnen und Absolventen sind \u2013 wie dankenswerterweise allzumeist \u2013 sehr gut ausgebildet und echte Typen, sodass es eine Freude ist, ihnen den ganzen Abend zuzuschauen. Anna Teodora Donosa-Danila spielt Billys Frau Julie, die seine Launen ertr\u00e4gt und trotz allem zu ihm steht. Nicht zum ersten Mal fallen Katalin Rohse und Albert Ga\u00dfmann neben ihren gesanglichen F\u00e4higkeiten durch ihr komisches Talent auf. Die beiden sorgen f\u00fcr die Lacher des Abends und spielen das so verliebte Paar. Timm Moritz Marquardt ist unangenehm \u2013 nat\u00fcrlich im besten Sinne. Er als B\u00f6sewicht \u00fcberredet Billy dazu, den Raub\u00fcberfall zu begehen. Ebenfalls von ihrer besten Seite zeigt sich Anita Iselin, deren Mrs. Mullin diverse Fahrgesch\u00e4fte auf dem Jahrmarkt besitzt und will, dass Billy dort wieder arbeitet, auch wenn sie ihn zuvor entlassen hatte. Er war das Aush\u00e4ngeschild und der Magnet f\u00fcr Kundinnen. Sie ist herrlich verdreht und gibt sich ganz ihrem Charakter der Schaustellerin hin. Und auch sie liebt Billy \u2026<\/p>\n\n\n\n<p>Das alles spielt \u00fcbrigens nicht in den 1940er Jahren, als das St\u00fcck entstand, sondern wurde von Regisseur Kay Link in den 80er Jahren angesiedelt. So dient ein kleiner Autoscooter beispielsweise als Gef\u00e4hrt f\u00fcr Billy. Das ist witzig, sorgt aber auf der anderen Seite daf\u00fcr, dass es eine gewisse Schere bei Bild und Ton gibt, denn mit dem Pop-Sound der 80er hat das St\u00fcck einfach gar nichts zu tun. Man darf sich schon auf die weiteren Produktionen freuen, wenn die n\u00e4chsten Jahrg\u00e4nge in den gr\u00f6\u00dferen Rollen zu erleben sein werden. Viel Energie, tolle Tanzszenen und wunderbare Ensemble-Szenen sind bei ihnen auch diesmal schon zu bestaunen.<\/p>\n\n\n\n<hr class=\"wp-block-separator has-alpha-channel-opacity is-style-dots\"\/>\n\n\n\n<p class=\"has-small-font-size\">Musikalische Leitung: Stephan Kanyar \u2022 Choreografie: Andrew Chadwick \u2022 Ausstattung: Britta T\u00f6nne \u2022 Video: Nikolay Schr\u00f6der \u2022 Mit: Lino Kalich (Billy Bigelow), Anna Teodora Donosa-Danila (Julie Jordan), Katalin Rohse (Carrie Pipperidge), Albert Ga\u00dfmann (Enoch Snow), Timm Moritz Marquardt (Jigger Craigin), Anita Iselin (Mrs Mullin), Alina Adam (Nettie Fowler), Bernhard Bauer (David Bascombe), Rudolf Schlager (Himmlischer Freund), Susanne Flury (H\u00fcterin der Sterne), Lucia Prader-Pscheidl (Louise), Jan-Marten Gerve (Polizist), Leonard Linzer (Erster Hafenpolizist\/Security Guard), Marie Ploner (Zweiter Hafenpolizist\/Security Guard), Christina Verrieth (Arminy), Tamino Herzog (Enoch Snow Jr.), Rudolf Schlager (Budenbesitzer) u.a. \u2022 Bergische Symphoniker<\/p>\n\n\n\n<p class=\"has-small-font-size\">Aufmacherfoto: Elisa Jasse<\/p>\n","protected":false},"excerpt":{"rendered":"<p>Starke Ensemble-Leistung f\u00fcr \u201eCarousel\u201c \u201eCarousel\u201c ist bereits die f\u00fcnfte gemeinsame Produktion des Theaters Solingen mit der Folkwang Universit\u00e4t der K\u00fcnste. Die \u201eMusicalstars von morgen\u201c, hier in den Hauptrollen der Abschlussjahrgang 2026, zeigen ihr K\u00f6nnen auf der gro\u00dfen B\u00fchne und mit vollem Orchester der Bergischen Symphoniker unter der musikalischen Leitung von Stephan Kanyar. Regie f\u00fchrt Kay Link, die wunderbar aussehende Choreografie stammt von Andrew Chatwick. Alle drei sind Dozenten in Essen und haben in den sechs Wochen vor der Premiere mit [&hellip;]<\/p>\n","protected":false},"author":48,"featured_media":11738,"comment_status":"closed","ping_status":"closed","sticky":false,"template":"","format":"standard","meta":{"tpgb_global_settings":"","footnotes":""},"categories":[155],"tags":[],"class_list":["post-11744","post","type-post","status-publish","format-standard","has-post-thumbnail","hentry","category-solingen"],"tpgb_featured_images":{"full":["https:\/\/www.musical-today.de\/wp-content\/uploads\/2025\/05\/05-Carousel-c-Elisa-Jasse-scaled.jpg",2560,1707,false],"tp-image-grid":["https:\/\/www.musical-today.de\/wp-content\/uploads\/2025\/05\/05-Carousel-c-Elisa-Jasse-700x700.jpg",700,700,true],"thumbnail":["https:\/\/www.musical-today.de\/wp-content\/uploads\/2025\/05\/05-Carousel-c-Elisa-Jasse-600x400.jpg",600,400,true],"medium":["https:\/\/www.musical-today.de\/wp-content\/uploads\/2025\/05\/05-Carousel-c-Elisa-Jasse-1200x800.jpg",1200,800,true],"medium_large":["https:\/\/www.musical-today.de\/wp-content\/uploads\/2025\/05\/05-Carousel-c-Elisa-Jasse-770x513.jpg",770,513,true],"large":["https:\/\/www.musical-today.de\/wp-content\/uploads\/2025\/05\/05-Carousel-c-Elisa-Jasse-1920x1280.jpg",1139,759,true],"default":"https:\/\/www.musical-today.de\/wp-content\/plugins\/the-plus-addons-for-block-editor\/assets\/images\/tpgb-placeholder.jpg"},"tpgb_post_meta_info":{"get_date":"19.05.2025","get_modified_date":"19.05.2025","category_list":{"category":[{"term_id":155,"name":"Solingen","slug":"solingen","term_group":0,"term_taxonomy_id":155,"taxonomy":"category","description":"","parent":19,"count":2,"filter":"raw","term_order":"89"}],"post_tag":false,"post_format":false},"author_name":"Thorsten Wulf","author_url":"https:\/\/www.musical-today.de\/en\/autor\/thorstenwulf\/","author_email":"temporary-removeA4NFvLqOZ1OP6bk@tmp.com","author_website":"","author_description":"lebt in Dortmund und arbeitet deutschlandweit als Trainer f\u00fcr Kommunikation, Konfliktmanagement und F\u00fchrung. In seiner Freizeit leitet er einen Show-Chor, die \u201eChorkenzieher\u201c, die alle zwei Jahre ein neues Programm auf die B\u00fchne bringen. Schon sein Leben lang liebt er Musicals und sch\u00e4tzt die gr\u00f6\u00dfer werdende Vielfalt an Themen und Musikstilen. Seit 2011 rezensiert er aktuelle Shows.","author_facebook":"","author_twitter":"","author_instagram":"","author_role":["author"],"author_firstname":"Thorsten","author_lastname":"Wulf","user_login":"thorstenwulf","author_avatar":"<img src=\"https:\/\/www.musical-today.de\/wp-content\/uploads\/2024\/03\/Thorsten-Wulf-293x293.jpg\" width=\"200\" height=\"200\" alt=\"Thorsten Wulf\" class=\"avatar avatar-200 wp-user-avatar wp-user-avatar-200 alignnone photo\" \/>","author_avatar_url":"https:\/\/www.musical-today.de\/wp-content\/uploads\/2024\/03\/Thorsten-Wulf-scaled.jpg","comment_count":0,"post_likes":0,"post_views":0},"tpgb_post_category":{"category":"<a href=\"https:\/\/www.musical-today.de\/en\/deutschland\/solingen\/\" alt=\"Solingen\"  class=\"category-solingen\">Solingen<\/a> "},"_links":{"self":[{"href":"https:\/\/www.musical-today.de\/en\/wp-json\/wp\/v2\/posts\/11744","targetHints":{"allow":["GET"]}}],"collection":[{"href":"https:\/\/www.musical-today.de\/en\/wp-json\/wp\/v2\/posts"}],"about":[{"href":"https:\/\/www.musical-today.de\/en\/wp-json\/wp\/v2\/types\/post"}],"author":[{"embeddable":true,"href":"https:\/\/www.musical-today.de\/en\/wp-json\/wp\/v2\/users\/48"}],"replies":[{"embeddable":true,"href":"https:\/\/www.musical-today.de\/en\/wp-json\/wp\/v2\/comments?post=11744"}],"version-history":[{"count":0,"href":"https:\/\/www.musical-today.de\/en\/wp-json\/wp\/v2\/posts\/11744\/revisions"}],"wp:featuredmedia":[{"embeddable":true,"href":"https:\/\/www.musical-today.de\/en\/wp-json\/wp\/v2\/media\/11738"}],"wp:attachment":[{"href":"https:\/\/www.musical-today.de\/en\/wp-json\/wp\/v2\/media?parent=11744"}],"wp:term":[{"taxonomy":"category","embeddable":true,"href":"https:\/\/www.musical-today.de\/en\/wp-json\/wp\/v2\/categories?post=11744"},{"taxonomy":"post_tag","embeddable":true,"href":"https:\/\/www.musical-today.de\/en\/wp-json\/wp\/v2\/tags?post=11744"}],"curies":[{"name":"wp","href":"https:\/\/api.w.org\/{rel}","templated":true}]}}