{"id":11748,"date":"2025-05-19T19:29:36","date_gmt":"2025-05-19T17:29:36","guid":{"rendered":"https:\/\/www.musical-today.de\/?p=11748"},"modified":"2025-05-19T19:34:14","modified_gmt":"2025-05-19T17:34:14","slug":"berlin-schroffenstein","status":"publish","type":"post","link":"https:\/\/www.musical-today.de\/en\/berlin-schroffenstein\/","title":{"rendered":"Schroffenstein: In Grund und Boden"},"content":{"rendered":"<div class=\"lets-info-up-wrap  lets-info-up--right lets-info-up--m-1 lets-info-up-skin-3 lets-info-up--side lets-info-up-41724\" style=\"background:#fafafa; color: #616161\">\t\t\t<div class=\"lets-info-up\">\r\n\t\t\t<div class=\"lets-info-up-fi\"><img decoding=\"async\" width=\"500\" height=\"333\" src=\"https:\/\/www.musical-today.de\/wp-content\/uploads\/2024\/01\/qi-addons-for-elementor-placeholder-500x333.png\" class=\"attachment-lets-info-up-d1 size-lets-info-up-d1\" alt=\"|\" srcset=\"https:\/\/www.musical-today.de\/wp-content\/uploads\/2024\/01\/qi-addons-for-elementor-placeholder-500x333.png 500w, https:\/\/www.musical-today.de\/wp-content\/uploads\/2024\/01\/qi-addons-for-elementor-placeholder-300x200.png 300w, https:\/\/www.musical-today.de\/wp-content\/uploads\/2024\/01\/qi-addons-for-elementor-placeholder-1024x683.png 1024w, https:\/\/www.musical-today.de\/wp-content\/uploads\/2024\/01\/qi-addons-for-elementor-placeholder-883x589.png 883w, https:\/\/www.musical-today.de\/wp-content\/uploads\/2024\/01\/qi-addons-for-elementor-placeholder-18x12.png 18w, https:\/\/www.musical-today.de\/wp-content\/uploads\/2024\/01\/qi-addons-for-elementor-placeholder-360x240.png 360w, https:\/\/www.musical-today.de\/wp-content\/uploads\/2024\/01\/qi-addons-for-elementor-placeholder-1155x770.png 1155w, https:\/\/www.musical-today.de\/wp-content\/uploads\/2024\/01\/qi-addons-for-elementor-placeholder-370x247.png 370w, https:\/\/www.musical-today.de\/wp-content\/uploads\/2024\/01\/qi-addons-for-elementor-placeholder-770x513.png 770w, https:\/\/www.musical-today.de\/wp-content\/uploads\/2024\/01\/qi-addons-for-elementor-placeholder-293x195.png 293w, https:\/\/www.musical-today.de\/wp-content\/uploads\/2024\/01\/qi-addons-for-elementor-placeholder-120x80.png 120w, https:\/\/www.musical-today.de\/wp-content\/uploads\/2024\/01\/qi-addons-for-elementor-placeholder-240x160.png 240w, https:\/\/www.musical-today.de\/wp-content\/uploads\/2024\/01\/qi-addons-for-elementor-placeholder-390x260.png 390w, https:\/\/www.musical-today.de\/wp-content\/uploads\/2024\/01\/qi-addons-for-elementor-placeholder.png 1200w\" sizes=\"(max-width: 500px) 100vw, 500px\" title=\"\"><\/div>\t\t\t<div class=\"lets-info-up-block-wrap\">\r\n\t\t\t\t<div class=\"lets-info-up-block lets-info-up-meta-block\"><div class=\"lets-info-up-meta-title lets-info-up-pretitle font-h\" style=\"color: #8c6d18;\">oRT<\/div><div class=\"lets-info-up-meta-content lets-info-up-title font-b\">glanz&amp;krawall (Heimathafen Neuk\u00f6lln)<\/div><\/div><div class=\"lets-info-up-block lets-info-up-meta-block\"><div class=\"lets-info-up-meta-title lets-info-up-pretitle font-h\" style=\"color: #8c6d18;\">von<\/div><div class=\"lets-info-up-meta-content lets-info-up-title font-b\">Sarah Taylor Ellis (Musik)<br>Dennis Depta und Marielle Sterra (Konzept)<\/div><\/div><div class=\"lets-info-up-block lets-info-up-meta-block\"><div class=\"lets-info-up-meta-title lets-info-up-pretitle font-h\" style=\"color: #8c6d18;\">Regie<\/div><div class=\"lets-info-up-meta-content lets-info-up-title font-b\">Marielle Sterra<\/div><\/div><div class=\"lets-info-up-block lets-info-up-meta-block\"><div class=\"lets-info-up-meta-title lets-info-up-pretitle font-h\" style=\"color: #8c6d18;\">Urauff\u00fchrung<\/div><div class=\"lets-info-up-meta-content lets-info-up-title font-b\">2025<\/div><\/div><div class=\"lets-info-up-block lets-info-up-meta-block\"><div class=\"lets-info-up-meta-title lets-info-up-pretitle font-h\" style=\"color: #8c6d18;\">INFOS<\/div><div class=\"lets-info-up-meta-content lets-info-up-title font-b\"><a href=\"https:\/\/heimathafen-neukoelln.de\/events\/schroffenstein-in-grund-und-boden\/\" target=\"_blank\" rel=\"noopener noreferrer nofollow\">www.heimathafen-neukoelln.de<\/a><br><a href=\"https:\/\/www.glanzundkrawall.de\/schroffenstein-in-grund-und-boden\/\" target=\"_blank\" rel=\"noopener noreferrer nofollow\">www.glanzundkrawall.de<\/a><\/div><\/div>\t\t\t<\/div>\r\n\t\t\t<\/div>\r\n\t\t<\/div>\r\n\t\t\n\n\n<p><strong>Kleists \u201eSchroffenstein\u201c als Punk-Oper<\/strong><\/p>\n\n\n\n<p>Sprachwuchtig hangelte sich Heinrich von Kleist (1777-1811) durch komplexe Themen. Kernaussage war die Suche nach idealem Gl\u00fcck, das sich aber stets als tr\u00fcgerisch entpuppt. Aus den Texten sprach Pessimismus, gern intellektuell durchwoben. Der Autor w\u00e4hnte Menschen als instinktgesteuert, gewaltt\u00e4tig, selbsts\u00fcchtig. \u201eFamilie Schroffenstein\u201c nannte er sein erstes Drama. Beim Publikum stie\u00df es auf wenig Gegenliebe, obwohl es Shakespeares \u201eRomeo und Julia\u201c im geistigen Gep\u00e4ck hatte. Nun setzte die Berliner Theatergruppe \u201eglanz&amp;krawall\u201c die sperrige Vorlage auf die Agenda und versucht sie in die Gegenwart zu retten, musikalisch aufgemotzt durch Sarah Taylor Ellis. Im Berliner Heimathafen Neuk\u00f6lln landen sie einen stattlichen Erfolg.<\/p>\n\n\n\n<p>In der Neuauflage \u201eSchroffenstein: In Grund und Boden\u201c geht es tats\u00e4chlich um Besitz, dessen Mehrung und Verteidigung, vor allem jedoch ums Erbe. Im Zentrum steht, wie bei Kleist, eine abgrundtief zerstrittene und wohlhabende Familie, die alles duldet, nur keine Auss\u00f6hnung. Wehe, wenn da unbek\u00fcmmerte Spr\u00f6sslinge mal ausscheren, sich gar verlieben und die gerissenen Bande wieder kitten wollen. Ein absolutes No-Go mit t\u00f6dlichen Konsequenzen, zumal die martialischen Oberh\u00e4upter der gespaltenen Sippe auch noch blanke Angst vor dem sozialen Abstieg umtreibt. Es kracht entsprechend im sozialen Geb\u00e4lk. Das funktioniert am besten im Punk-Format, meinte das Kreativteam und siedelt genau dort seine Adaption an.<\/p>\n\n\n<div  class=\"tpgb-wrap-956d14_11748  tpgb-wrap-fw \"  ><div id=\"956d14_11748\" class=\"tpgb-block-956d14_11748 tpgb-relative-block tpgb-gallery-list tpgb-metro gallery-style-2 hover-image-style-1   \" data-style=\"style-2\" data-id=\"956d14_11748\" data-layout=\"metro\" data-fancy-option='{\"loop\":false,\"thumb\":\"no\",\"infobar\":true,\"arrows\":true,\"transitionEffect\":\"slide\",\"button\":[\"close\"]}' data-splide='\"\"' data-metroAttr= '{\"metro_col\":3,\"tab_metro_col\":3,\"mobile_metro_col\":3,\"metro_style\":\"style-1\",\"tab_metro_style\":\"style-1\",\"mobile_metro_style\":\"style-1\"}' ><div class=\"tpgb-row post-loop-inner \"><div class=\"grid-item metro-item-0    tpgb-metro-1  tpgb-tab-metro-1  tpgb-mobile-metro-1 \"><a href=\"https:\/\/www.musical-today.de\/wp-content\/uploads\/2025\/05\/1_Das-Bier-der-Steuergerechtigke-it.-Rebecca-Thoss_Helmi-Puppen.jpg\" class=\"tpgb-gallery-list-content tpgb-trans-easeinout\" data-fancybox=\"956d14_11748\" data-caption=\"Foto: peter@vanheesen.de\" aria-label=\"Foto: peter@vanheesen.de\"><div class=\"post-content-image\"><div class=\"tpgb-metro-gallery-image\" style=\"background: url(https:\/\/www.musical-today.de\/wp-content\/uploads\/2025\/05\/1_Das-Bier-der-Steuergerechtigke-it.-Rebecca-Thoss_Helmi-Puppen.jpg);\"><\/div><\/div><div class=\"post-content-center\"><div class=\"post-zoom-icon\"><div class=\"meta-search-icon\"><span><img decoding=\"async\" class=\"fancy-img\" src=\"https:\/\/www.musical-today.de\/wp-content\/uploads\/2025\/05\/1_Das-Bier-der-Steuergerechtigke-it.-Rebecca-Thoss_Helmi-Puppen.jpg\" alt=\"Media Image1\" title=\"\"><i class=\"fas fa-search-plus pop-icon\"><\/i><\/span><\/div><\/div><div class=\"post-content-bottom\"><p class=\"post-title tpgb-trans-easeinout\">Foto: peter@vanheesen.de<\/p><\/div><\/div><\/a><\/div><div class=\"grid-item metro-item-1    tpgb-metro-2  tpgb-tab-metro-2  tpgb-mobile-metro-2 \"><a href=\"https:\/\/www.musical-today.de\/wp-content\/uploads\/2025\/05\/1_Monika-Freinberger-Peter-Frost-Ottokar-Agnes.jpg\" class=\"tpgb-gallery-list-content tpgb-trans-easeinout\" data-fancybox=\"956d14_11748\" data-caption=\"Foto: Monika Freinberger\" aria-label=\"Foto: Monika Freinberger\"><div class=\"post-content-image\"><div class=\"tpgb-metro-gallery-image\" style=\"background: url(https:\/\/www.musical-today.de\/wp-content\/uploads\/2025\/05\/1_Monika-Freinberger-Peter-Frost-Ottokar-Agnes.jpg);\"><\/div><\/div><div class=\"post-content-center\"><div class=\"post-zoom-icon\"><div class=\"meta-search-icon\"><span><img decoding=\"async\" class=\"fancy-img\" src=\"https:\/\/www.musical-today.de\/wp-content\/uploads\/2025\/05\/1_Monika-Freinberger-Peter-Frost-Ottokar-Agnes.jpg\" alt=\"Media Image2\" title=\"\"><i class=\"fas fa-search-plus pop-icon\"><\/i><\/span><\/div><\/div><div class=\"post-content-bottom\"><p class=\"post-title tpgb-trans-easeinout\">Foto: Monika Freinberger<\/p><\/div><\/div><\/a><\/div><div class=\"grid-item metro-item-2    tpgb-metro-3  tpgb-tab-metro-3  tpgb-mobile-metro-3 \"><a href=\"https:\/\/www.musical-today.de\/wp-content\/uploads\/2025\/05\/1_TOXIC-LOVE_Peter-Frost.-Monika-Freinberger.jpg\" class=\"tpgb-gallery-list-content tpgb-trans-easeinout\" data-fancybox=\"956d14_11748\" data-caption=\"Foto: Monika Freinberger\" aria-label=\"Foto: Monika Freinberger\"><div class=\"post-content-image\"><div class=\"tpgb-metro-gallery-image\" style=\"background: url(https:\/\/www.musical-today.de\/wp-content\/uploads\/2025\/05\/1_TOXIC-LOVE_Peter-Frost.-Monika-Freinberger.jpg);\"><\/div><\/div><div class=\"post-content-center\"><div class=\"post-zoom-icon\"><div class=\"meta-search-icon\"><span><img decoding=\"async\" class=\"fancy-img\" src=\"https:\/\/www.musical-today.de\/wp-content\/uploads\/2025\/05\/1_TOXIC-LOVE_Peter-Frost.-Monika-Freinberger.jpg\" alt=\"Media Image3\" title=\"\"><i class=\"fas fa-search-plus pop-icon\"><\/i><\/span><\/div><\/div><div class=\"post-content-bottom\"><p class=\"post-title tpgb-trans-easeinout\">Foto: Monika Freinberger<\/p><\/div><\/div><\/a><\/div><\/div><\/div><\/div>\n\n\n<p>Ambitioniert legen Dennis Depta und Marielle Sterra von \u201eglanz&amp;krawall\u201c das Kleist-Ger\u00fcst aus und ihr Konzept an. Dazu weiten sie den Rahmen, schubsen Klimawandel, Neo-Feudalismus und Kapitalismuskritik in die Dialoge, mischen den toxischen Cocktail mit Satire und Realismus. Tats\u00e4chlich kleben einige Klischees an dieser \u201eSchroffenstein\u201c-Fassung; Brechungen sind n\u00f6tig, sie sorgen f\u00fcr rasche Wechsel und dramaturgische Kniffe. Neben echten Figuren \u00fcbernehmen Puppen das Regiment (formidabel: das Helmi Puppentheater), verdichten, entschlacken manchmal allzu \u00fcberladende Botschaften und g\u00f6nnen auch heitere Momente.<\/p>\n\n\n\n<p>Das schrille Musical beginnt fast interaktiv. Die Zuschauer schreiten \u00fcber Kunstrasen, der gerade ausgerollt wird. Die entstehende Landschaft suggeriert eine artifizielle Idylle. Sp\u00e4ter mischt noch ein Motivationscoach mit. Das B\u00fchnenbild von Claus Engel und Francisca Villela schafft eine atmosph\u00e4rische Arena f\u00fcr die Verwerfungen und Bedrohlichkeiten. Die knalligen Kost\u00fcme von Mayan Tuulia Frank folgen konsequent der Punk-Optik, \u00fcberziehen ironisch und bleiben doch im Schick der Zeit. Als Regisseurin laviert Marielle Sterra geschickt zwischen den Ebenen und dr\u00fcckt beim Tempo oft auf die Tube. Monika Freinberger, Cora Peter Frost, Pia H\u00fcttl, Kat Papachristou, Rebecca Tho\u00df, Marieke Wikesjo, Felix Witzlau, Emir Tebatebai und Sarah Taylor Ellis agieren mit Verve und Pr\u00e4zision \u2013 als Spieler, Musiker, Puppenf\u00fchrende. Ihnen gelingen interessante szenische Effekte und ein meist gut getimter Spannungsbogen, den die arrivierte Komponistin Sarah Taylor Ellis als musikalische Leiterin und Mitakteurin energetisch m\u00e4chtig ankurbelt. Ihr robust rockiger, eintrommelnder, insgesamt sehr \u00fcberzeugender Sound im Punk-Zuschnitt kommt beinahe arienhaft daher, eher als Oper denn als Musical. Manchmal purzeln Kleists geschliffene Verse vermutlich bewusst aus dem Takt.<\/p>\n\n\n\n<p>Ein Rastloser war der K\u00fcnstler, stilistisch nirgends richtig einzuordnen, zugleich Vorbote der literarischen Moderne und Wegbereiter des faschistischen F\u00fchrerkults. Das macht ihn angreifbar und ebenfalls aktuell. Die Spuren der originalen Schroffenstein-Familie schl\u00e4ngeln sich glaubhaft in die Gegenwart und die rundum bemerkenswerte, gut geerdete Berliner Produktion offenbart den opulenten Gehalt. Trotzdem bleibt die Frage, wer letztlich Adressat dieser Adaption ist. Die politische Klasse vielleicht oder die Mehrfachmillion\u00e4re in ihren \u00f6komischen Blasen? Oder beschw\u00f6rt das St\u00fcck dem Sp\u00e4tkapitalismus eine d\u00fcster umw\u00f6lkte G\u00f6tterd\u00e4mmerung? Unterhaltend ist die schaurige Saga allemal \u2013 das Publikum reagiert mit klarer Zustimmung.<\/p>\n\n\n\n<hr class=\"wp-block-separator has-alpha-channel-opacity is-style-dots\"\/>\n\n\n\n<p class=\"has-small-font-size\">Musikalische Leitung: Sarah Taylor Ellis \u2022 Choreografie: Berit Jentzsch \u2022 B\u00fchne: Claus Engel und Francisca Villela \u2022 Kost\u00fcme: Mayan Tuulia Frank \u2022 Video: Peta Schickart \u2022 Mit: Sarah Taylor Ellis, Monika Freinberger, Cora Peter Frost, Pia H\u00fcttl, Kat Papachristou, Emir Tebatebai (Helmi Puppentheater), Rebecca Tho\u00df, Marieke Wikesjo, Felix Witzlau<\/p>\n\n\n\n<p class=\"has-small-font-size\">Aufmacherfoto: Monika Freinberger<\/p>\n\n\n\n<p><\/p>\n","protected":false},"excerpt":{"rendered":"<p>Kleists \u201eSchroffenstein\u201c als Punk-Oper Sprachwuchtig hangelte sich Heinrich von Kleist (1777-1811) durch komplexe Themen. Kernaussage war die Suche nach idealem Gl\u00fcck, das sich aber stets als tr\u00fcgerisch entpuppt. Aus den Texten sprach Pessimismus, gern intellektuell durchwoben. Der Autor w\u00e4hnte Menschen als instinktgesteuert, gewaltt\u00e4tig, selbsts\u00fcchtig. \u201eFamilie Schroffenstein\u201c nannte er sein erstes Drama. Beim Publikum stie\u00df es auf wenig Gegenliebe, obwohl es Shakespeares \u201eRomeo und Julia\u201c im geistigen Gep\u00e4ck hatte. Nun setzte die Berliner Theatergruppe \u201eglanz&amp;krawall\u201c die sperrige Vorlage auf die Agenda [&hellip;]<\/p>\n","protected":false},"author":4,"featured_media":11734,"comment_status":"closed","ping_status":"closed","sticky":false,"template":"","format":"standard","meta":{"tpgb_global_settings":"","footnotes":""},"categories":[130],"tags":[],"class_list":["post-11748","post","type-post","status-publish","format-standard","has-post-thumbnail","hentry","category-berlin"],"tpgb_featured_images":{"full":["https:\/\/www.musical-today.de\/wp-content\/uploads\/2025\/05\/1_Kleists-Torbogen_Schlussbild_Monika-Freinberger.jpg",1772,1181,false],"tp-image-grid":["https:\/\/www.musical-today.de\/wp-content\/uploads\/2025\/05\/1_Kleists-Torbogen_Schlussbild_Monika-Freinberger-700x700.jpg",700,700,true],"thumbnail":["https:\/\/www.musical-today.de\/wp-content\/uploads\/2025\/05\/1_Kleists-Torbogen_Schlussbild_Monika-Freinberger-600x400.jpg",600,400,true],"medium":["https:\/\/www.musical-today.de\/wp-content\/uploads\/2025\/05\/1_Kleists-Torbogen_Schlussbild_Monika-Freinberger-1200x800.jpg",1200,800,true],"medium_large":["https:\/\/www.musical-today.de\/wp-content\/uploads\/2025\/05\/1_Kleists-Torbogen_Schlussbild_Monika-Freinberger-770x513.jpg",770,513,true],"large":["https:\/\/www.musical-today.de\/wp-content\/uploads\/2025\/05\/1_Kleists-Torbogen_Schlussbild_Monika-Freinberger.jpg",1139,759,false],"default":"https:\/\/www.musical-today.de\/wp-content\/plugins\/the-plus-addons-for-block-editor\/assets\/images\/tpgb-placeholder.jpg"},"tpgb_post_meta_info":{"get_date":"19.05.2025","get_modified_date":"19.05.2025","category_list":{"category":[{"term_id":130,"name":"Berlin","slug":"berlin","term_group":0,"term_taxonomy_id":130,"taxonomy":"category","description":"","parent":19,"count":27,"filter":"raw","term_order":"9"}],"post_tag":false,"post_format":false},"author_name":"J\u00fcrgen Rickert","author_url":"https:\/\/www.musical-today.de\/en\/autor\/juergenrickert\/","author_email":"maail@valentinboesing.de","author_website":"","author_description":"Redakteur, Journalist, PR-Manager, P\u00e4dagoge. Arbeit in s\u00e4mtlichen Medien, mit Schwerpunkt Musiktheater-Rezensionen. Mitinitiator verschiedener internationaler Formate der UNESCO wie Euro-Arabischer Dialog, Deutsch-Afrikanische Jugendakademie, Climate Action Network. Dramaturgie und Produktionsleitung, z. B. \"Wohin gehst Du\" (Tanzprojekt), \"Gelbe Ohrfeigen\" (ARTE), Entwicklung des mehrfach interkontinental durchgef\u00fchrten Konzepts \"From Head to Heart\" mit szenischen Installationen.","author_facebook":"","author_twitter":"","author_instagram":"","author_role":["redakteur","author","editor","redaktionsteam"],"author_firstname":"J\u00fcrgen","author_lastname":"Rickert","user_login":"hjr","author_avatar":"<img src=\"https:\/\/www.musical-today.de\/wp-content\/uploads\/2024\/01\/cropped-Bildschirmfoto-2024-01-21-um-09.35.54-293x293.jpeg\" width=\"200\" height=\"200\" alt=\"J\u00fcrgen Rickert\" class=\"avatar avatar-200 wp-user-avatar wp-user-avatar-200 alignnone photo\" \/>","author_avatar_url":"https:\/\/www.musical-today.de\/wp-content\/uploads\/2024\/01\/cropped-Bildschirmfoto-2024-01-21-um-09.35.54.jpeg","comment_count":0,"post_likes":0,"post_views":0},"tpgb_post_category":{"category":"<a href=\"https:\/\/www.musical-today.de\/en\/deutschland\/berlin\/\" alt=\"Berlin\"  class=\"category-berlin\">Berlin<\/a> "},"_links":{"self":[{"href":"https:\/\/www.musical-today.de\/en\/wp-json\/wp\/v2\/posts\/11748","targetHints":{"allow":["GET"]}}],"collection":[{"href":"https:\/\/www.musical-today.de\/en\/wp-json\/wp\/v2\/posts"}],"about":[{"href":"https:\/\/www.musical-today.de\/en\/wp-json\/wp\/v2\/types\/post"}],"author":[{"embeddable":true,"href":"https:\/\/www.musical-today.de\/en\/wp-json\/wp\/v2\/users\/4"}],"replies":[{"embeddable":true,"href":"https:\/\/www.musical-today.de\/en\/wp-json\/wp\/v2\/comments?post=11748"}],"version-history":[{"count":0,"href":"https:\/\/www.musical-today.de\/en\/wp-json\/wp\/v2\/posts\/11748\/revisions"}],"wp:featuredmedia":[{"embeddable":true,"href":"https:\/\/www.musical-today.de\/en\/wp-json\/wp\/v2\/media\/11734"}],"wp:attachment":[{"href":"https:\/\/www.musical-today.de\/en\/wp-json\/wp\/v2\/media?parent=11748"}],"wp:term":[{"taxonomy":"category","embeddable":true,"href":"https:\/\/www.musical-today.de\/en\/wp-json\/wp\/v2\/categories?post=11748"},{"taxonomy":"post_tag","embeddable":true,"href":"https:\/\/www.musical-today.de\/en\/wp-json\/wp\/v2\/tags?post=11748"}],"curies":[{"name":"wp","href":"https:\/\/api.w.org\/{rel}","templated":true}]}}