{"id":11999,"date":"2025-06-10T20:05:33","date_gmt":"2025-06-10T18:05:33","guid":{"rendered":"https:\/\/www.musical-today.de\/?p=11999"},"modified":"2025-06-10T20:06:20","modified_gmt":"2025-06-10T18:06:20","slug":"fuessen-der-kleine-horrorladen","status":"publish","type":"post","link":"https:\/\/www.musical-today.de\/en\/fuessen-der-kleine-horrorladen\/","title":{"rendered":"Der kleine Horrorladen"},"content":{"rendered":"<div class=\"lets-info-up-wrap  lets-info-up--right lets-info-up--m-1 lets-info-up-skin-3 lets-info-up--side lets-info-up-26693\" style=\"background:#fafafa; color: #616161\">\t\t\t<div class=\"lets-info-up\">\r\n\t\t\t<div class=\"lets-info-up-fi\"><img decoding=\"async\" width=\"500\" height=\"333\" src=\"https:\/\/www.musical-today.de\/wp-content\/uploads\/2024\/01\/qi-addons-for-elementor-placeholder-500x333.png\" class=\"attachment-lets-info-up-d1 size-lets-info-up-d1\" alt=\"|\" srcset=\"https:\/\/www.musical-today.de\/wp-content\/uploads\/2024\/01\/qi-addons-for-elementor-placeholder-500x333.png 500w, https:\/\/www.musical-today.de\/wp-content\/uploads\/2024\/01\/qi-addons-for-elementor-placeholder-300x200.png 300w, https:\/\/www.musical-today.de\/wp-content\/uploads\/2024\/01\/qi-addons-for-elementor-placeholder-1024x683.png 1024w, https:\/\/www.musical-today.de\/wp-content\/uploads\/2024\/01\/qi-addons-for-elementor-placeholder-883x589.png 883w, https:\/\/www.musical-today.de\/wp-content\/uploads\/2024\/01\/qi-addons-for-elementor-placeholder-18x12.png 18w, https:\/\/www.musical-today.de\/wp-content\/uploads\/2024\/01\/qi-addons-for-elementor-placeholder-360x240.png 360w, https:\/\/www.musical-today.de\/wp-content\/uploads\/2024\/01\/qi-addons-for-elementor-placeholder-1155x770.png 1155w, https:\/\/www.musical-today.de\/wp-content\/uploads\/2024\/01\/qi-addons-for-elementor-placeholder-370x247.png 370w, https:\/\/www.musical-today.de\/wp-content\/uploads\/2024\/01\/qi-addons-for-elementor-placeholder-770x513.png 770w, https:\/\/www.musical-today.de\/wp-content\/uploads\/2024\/01\/qi-addons-for-elementor-placeholder-293x195.png 293w, https:\/\/www.musical-today.de\/wp-content\/uploads\/2024\/01\/qi-addons-for-elementor-placeholder-120x80.png 120w, https:\/\/www.musical-today.de\/wp-content\/uploads\/2024\/01\/qi-addons-for-elementor-placeholder-240x160.png 240w, https:\/\/www.musical-today.de\/wp-content\/uploads\/2024\/01\/qi-addons-for-elementor-placeholder-390x260.png 390w, https:\/\/www.musical-today.de\/wp-content\/uploads\/2024\/01\/qi-addons-for-elementor-placeholder.png 1200w\" sizes=\"(max-width: 500px) 100vw, 500px\" title=\"\"><\/div>\t\t\t<div class=\"lets-info-up-block-wrap\">\r\n\t\t\t\t<div class=\"lets-info-up-block lets-info-up-meta-block\"><div class=\"lets-info-up-meta-title lets-info-up-pretitle font-h\" style=\"color: #8c6d18;\">oRT<\/div><div class=\"lets-info-up-meta-content lets-info-up-title font-b\">Festspielhaus Neuschwanstein<\/div><\/div><div class=\"lets-info-up-block lets-info-up-meta-block\"><div class=\"lets-info-up-meta-title lets-info-up-pretitle font-h\" style=\"color: #8c6d18;\">von<\/div><div class=\"lets-info-up-meta-content lets-info-up-title font-b\">Howard Ashman (Buch und Gesangstexte)<br>Alan Menken (Musik)<\/div><\/div><div class=\"lets-info-up-block lets-info-up-meta-block\"><div class=\"lets-info-up-meta-title lets-info-up-pretitle font-h\" style=\"color: #8c6d18;\">Regie<\/div><div class=\"lets-info-up-meta-content lets-info-up-title font-b\">Dirk Schattner und Benjamin Sahler<\/div><\/div><div class=\"lets-info-up-block lets-info-up-meta-block\"><div class=\"lets-info-up-meta-title lets-info-up-pretitle font-h\" style=\"color: #8c6d18;\">Urauff\u00fchrung<\/div><div class=\"lets-info-up-meta-content lets-info-up-title font-b\">1982<\/div><\/div><div class=\"lets-info-up-block lets-info-up-meta-block\"><div class=\"lets-info-up-meta-title lets-info-up-pretitle font-h\" style=\"color: #8c6d18;\">INFOS<\/div><div class=\"lets-info-up-meta-content lets-info-up-title font-b\"><a href=\"https:\/\/das-festspielhaus.de\/programm\/der-kleine-horrorladen\/\" target=\"_blank\" rel=\"noopener noreferrer nofollow\">www.das-festspielhaus.de<\/a><br><a href=\"https:\/\/www.deutsches-theater.de\/der-kleine-horrorladen\/\" target=\"_blank\" rel=\"noopener noreferrer nofollow\">www.deutsches-theater.de<\/a><\/div><\/div>\t\t\t<\/div>\r\n\t\t\t<\/div>\r\n\t\t<\/div>\r\n\t\t\n\n\n<p><strong>\u201eDer kleine Horrorladen\u201c begeistert mit schwarzem Humor und ungew\u00f6hnlicher \u00c4sthetik<\/strong><\/p>\n\n\n\n<p>Neben \u201eklassischen\u201c Musicals wie \u201eLudwig\u00b2\u201c, \u201eCinderella\u201c und Co. \u00fcberrascht das Festspielhaus Neuschwanstein jetzt mit einer erfrischend unkonventionellen Produktion: \u201eDer kleine Horrorladen\u201c von Alan Menken bringt eine skurrile Handlung, eine geh\u00f6rige Portion schwarzen Humor und jede Menge Sixties-Charme auf die B\u00fchne.<\/p>\n\n\n\n<p>Die Geschichte handelt vom sch\u00fcchternen Seymour, der in einem Blumenladen arbeitet und heimlich in seine Kollegin Audrey verliebt ist. Als er eine r\u00e4tselhafte Pflanze entdeckt, die Menschenfleisch verlangt, ger\u00e4t er in einen gef\u00e4hrlichen Strudel aus Ruhm, Schuld und wachsender Bedrohung. Wie man es aus F\u00fcssen gewohnt ist, \u00fcberzeugt auch diese Inszenierung mit einem durchdachten und detailverliebten B\u00fchnenbild. Die Stra\u00dfen eines gef\u00e4hrlichen Stadtviertels, der Blumenladen von Mr. Mushnik sowie die schr\u00e4ge Zahnarztpraxis liefern die perfekte Kulisse f\u00fcr das schr\u00e4ge Treiben.<\/p>\n\n\n<div  class=\"tpgb-wrap-956d14_11999  tpgb-wrap-fw \"  ><div id=\"956d14_11999\" class=\"tpgb-block-956d14_11999 tpgb-relative-block tpgb-gallery-list tpgb-metro gallery-style-2 hover-image-style-1   \" data-style=\"style-2\" data-id=\"956d14_11999\" data-layout=\"metro\" data-fancy-option='{\"loop\":false,\"thumb\":\"no\",\"infobar\":true,\"arrows\":true,\"transitionEffect\":\"slide\",\"button\":[\"close\"]}' data-splide='\"\"' data-metroAttr= '{\"metro_col\":3,\"tab_metro_col\":3,\"mobile_metro_col\":3,\"metro_style\":\"style-1\",\"tab_metro_style\":\"style-1\",\"mobile_metro_style\":\"style-1\"}' ><div class=\"tpgb-row post-loop-inner \"><div class=\"grid-item metro-item-0    tpgb-metro-1  tpgb-tab-metro-1  tpgb-mobile-metro-1 \"><a href=\"https:\/\/www.musical-today.de\/wp-content\/uploads\/2025\/06\/36-2Y9A8151-scaled.jpg\" class=\"tpgb-gallery-list-content tpgb-trans-easeinout\" data-fancybox=\"956d14_11999\" data-caption=\"Foto: Michael B\u00f6hml\u00e4nder\" aria-label=\"Foto: Michael B\u00f6hml\u00e4nder\"><div class=\"post-content-image\"><div class=\"tpgb-metro-gallery-image\" style=\"background: url(https:\/\/www.musical-today.de\/wp-content\/uploads\/2025\/06\/36-2Y9A8151-scaled.jpg);\"><\/div><\/div><div class=\"post-content-center\"><div class=\"post-zoom-icon\"><div class=\"meta-search-icon\"><span><img decoding=\"async\" class=\"fancy-img\" src=\"https:\/\/www.musical-today.de\/wp-content\/uploads\/2025\/06\/36-2Y9A8151-scaled.jpg\" alt=\"Media Image1\" title=\"\"><i class=\"fas fa-search-plus pop-icon\"><\/i><\/span><\/div><\/div><div class=\"post-content-bottom\"><p class=\"post-title tpgb-trans-easeinout\">Foto: Michael B\u00f6hml\u00e4nder<\/p><\/div><\/div><\/a><\/div><div class=\"grid-item metro-item-1    tpgb-metro-2  tpgb-tab-metro-2  tpgb-mobile-metro-2 \"><a href=\"https:\/\/www.musical-today.de\/wp-content\/uploads\/2025\/06\/11-2Y9A7918-scaled.jpg\" class=\"tpgb-gallery-list-content tpgb-trans-easeinout\" data-fancybox=\"956d14_11999\" data-caption=\"Foto: Michael B\u00f6hml\u00e4nder\" aria-label=\"Foto: Michael B\u00f6hml\u00e4nder\"><div class=\"post-content-image\"><div class=\"tpgb-metro-gallery-image\" style=\"background: url(https:\/\/www.musical-today.de\/wp-content\/uploads\/2025\/06\/11-2Y9A7918-scaled.jpg);\"><\/div><\/div><div class=\"post-content-center\"><div class=\"post-zoom-icon\"><div class=\"meta-search-icon\"><span><img decoding=\"async\" class=\"fancy-img\" src=\"https:\/\/www.musical-today.de\/wp-content\/uploads\/2025\/06\/11-2Y9A7918-scaled.jpg\" alt=\"Media Image2\" title=\"\"><i class=\"fas fa-search-plus pop-icon\"><\/i><\/span><\/div><\/div><div class=\"post-content-bottom\"><p class=\"post-title tpgb-trans-easeinout\">Foto: Michael B\u00f6hml\u00e4nder<\/p><\/div><\/div><\/a><\/div><div class=\"grid-item metro-item-2    tpgb-metro-3  tpgb-tab-metro-3  tpgb-mobile-metro-3 \"><a href=\"https:\/\/www.musical-today.de\/wp-content\/uploads\/2025\/06\/154-G53I3524-scaled.jpg\" class=\"tpgb-gallery-list-content tpgb-trans-easeinout\" data-fancybox=\"956d14_11999\" data-caption=\"Foto: Michael B\u00f6hml\u00e4nder\" aria-label=\"Foto: Michael B\u00f6hml\u00e4nder\"><div class=\"post-content-image\"><div class=\"tpgb-metro-gallery-image\" style=\"background: url(https:\/\/www.musical-today.de\/wp-content\/uploads\/2025\/06\/154-G53I3524-scaled.jpg);\"><\/div><\/div><div class=\"post-content-center\"><div class=\"post-zoom-icon\"><div class=\"meta-search-icon\"><span><img decoding=\"async\" class=\"fancy-img\" src=\"https:\/\/www.musical-today.de\/wp-content\/uploads\/2025\/06\/154-G53I3524-scaled.jpg\" alt=\"Media Image3\" title=\"\"><i class=\"fas fa-search-plus pop-icon\"><\/i><\/span><\/div><\/div><div class=\"post-content-bottom\"><p class=\"post-title tpgb-trans-easeinout\">Foto: Michael B\u00f6hml\u00e4nder<\/p><\/div><\/div><\/a><\/div><\/div><\/div><\/div>\n\n\n<p>Ein echtes Highlight ist zweifelsohne die Audrey II-Pflanze. In mehreren Gr\u00f6\u00dfenstufen \u00fcberzeugt sie optisch und durch die Puppenspieltechnik von Pies Gestalten. Stimmlich zum Leben erweckt wird sie von Oliver Sekula, der \u2013 sonst im Hintergrund \u2013 erst im Finale selbst auf der B\u00fchne stehen darf. Mit soulig-dreckigem Charakter verleiht er der Pflanze den n\u00f6tigen Nachdruck, wenngleich man sich an manchen Stellen aus rein verst\u00e4ndnistechnischen Gr\u00fcnden ein etwas lauteres Mikrofon-Setup gew\u00fcnscht h\u00e4tte.<\/p>\n\n\n\n<p>Als Seymour \u00fcberzeugt Michael Konicek auf ganzer Linie. Schauspielerisch wie gesanglich verk\u00f6rpert er perfekt die Rolle des sch\u00fcchternen Au\u00dfenseiters und wei\u00df das Publikum schnell f\u00fcr sich zu gewinnen. Stefanie Gr\u00f6ning als Audrey pr\u00e4sentiert eine glaubhafte und emotional anr\u00fchrende Figur. Gesanglich passt ihre lyrische Stimme allerdings nicht durchgehend zur soul- und rocklastigen Partitur \u2013 vor allem in den kraftvolleren Nummern fehlt stellenweise der n\u00f6tige Punch. Das Frauen-Trio Angelika Erlacher, Theresa Mandlik und Nicki Burton zeigt als Soul Girls\/Erz\u00e4hlerinnen gelegentlich Unsicherheiten, in ihren Rollen als Crystal, Ronnette und Chiffon brillieren sie daf\u00fcr umso mehr und feuern das sch\u00fcchterne P\u00e4rchen Seymour und Audrey an. Die T\u00e4nzerinnen und T\u00e4nzer gl\u00e4nzen mit einer schwungvollen, dynamischen Choreografie (Stefanie Gr\u00f6ning und Selina Kohl) und Hannes Staffler kann in der Rolle des sadistischen Zahnarztes Orin Scrivello mit gro\u00dfer Gesangs- und Spielfreude und der richtigen Portion Wahnsinn ebenfalls f\u00fcr sich einnehmen.<\/p>\n\n\n\n<p>Begleitet wird das bunte Treiben von einer f\u00fcnfk\u00f6pfigen Band unter der Leitung von Christian Auer. Die Inszenierung von Dirk Schattner und Benjamin Sahler sorgt insgesamt f\u00fcr einen unterhaltsamen Abend. Nicht zuletzt, weil sich die deutsche Fassung ein paar gelungene Anpassungen erlaubt \u2013 lokale Gags inklusive, die beim Publikum gut ankommen und f\u00fcr spontane Lacher sorgen.<\/p>\n\n\n\n<hr class=\"wp-block-separator has-alpha-channel-opacity is-style-dots\"\/>\n\n\n\n<p class=\"has-small-font-size\">Musikalische Leitung: Christian Auer \u2022 Choreografie: Stefanie Gr\u00f6ning und Selina Kohl \u2022 Kost\u00fcme: Franziska W\u00fcst und Svea Knudsen \u2022 Licht: Andi H\u00f6nig \u2022 Mit: Michael Konicek (Seymour), Stefanie Gr\u00f6ning (Audrey), Oliver Sekula (Audrey II), Jens Rainer Kalkmann (Mr. Mushnik), Hannes Staffler (Orin Scrivello u.a.), Angelika Erlacher (Crystal), Theresa Mandlik (Ronnette), Nicki Burton (Chiffon), Pies Gestalten (Puppenspielerin) u.a.<\/p>\n\n\n\n<p class=\"has-small-font-size\">Aufmacherfoto: Michael B\u00f6hml\u00e4nder<\/p>\n","protected":false},"excerpt":{"rendered":"<p>\u201eDer kleine Horrorladen\u201c begeistert mit schwarzem Humor und ungew\u00f6hnlicher \u00c4sthetik Neben \u201eklassischen\u201c Musicals wie \u201eLudwig\u00b2\u201c, \u201eCinderella\u201c und Co. \u00fcberrascht das Festspielhaus Neuschwanstein jetzt mit einer erfrischend unkonventionellen Produktion: \u201eDer kleine Horrorladen\u201c von Alan Menken bringt eine skurrile Handlung, eine geh\u00f6rige Portion schwarzen Humor und jede Menge Sixties-Charme auf die B\u00fchne. Die Geschichte handelt vom sch\u00fcchternen Seymour, der in einem Blumenladen arbeitet und heimlich in seine Kollegin Audrey verliebt ist. Als er eine r\u00e4tselhafte Pflanze entdeckt, die Menschenfleisch verlangt, ger\u00e4t er [&hellip;]<\/p>\n","protected":false},"author":57,"featured_media":12000,"comment_status":"closed","ping_status":"closed","sticky":false,"template":"","format":"standard","meta":{"tpgb_global_settings":"","footnotes":""},"categories":[190],"tags":[],"class_list":["post-11999","post","type-post","status-publish","format-standard","has-post-thumbnail","hentry","category-fuessen"],"tpgb_featured_images":{"full":["https:\/\/www.musical-today.de\/wp-content\/uploads\/2025\/06\/51-2Y9A8281-scaled.jpg",2560,1706,false],"tp-image-grid":["https:\/\/www.musical-today.de\/wp-content\/uploads\/2025\/06\/51-2Y9A8281-700x700.jpg",700,700,true],"thumbnail":["https:\/\/www.musical-today.de\/wp-content\/uploads\/2025\/06\/51-2Y9A8281-600x400.jpg",600,400,true],"medium":["https:\/\/www.musical-today.de\/wp-content\/uploads\/2025\/06\/51-2Y9A8281-1200x800.jpg",1200,800,true],"medium_large":["https:\/\/www.musical-today.de\/wp-content\/uploads\/2025\/06\/51-2Y9A8281-770x513.jpg",770,513,true],"large":["https:\/\/www.musical-today.de\/wp-content\/uploads\/2025\/06\/51-2Y9A8281-1920x1280.jpg",1139,759,true],"default":"https:\/\/www.musical-today.de\/wp-content\/plugins\/the-plus-addons-for-block-editor\/assets\/images\/tpgb-placeholder.jpg"},"tpgb_post_meta_info":{"get_date":"10.06.2025","get_modified_date":"10.06.2025","category_list":{"category":[{"term_id":190,"name":"F\u00fcssen","slug":"fuessen","term_group":0,"term_taxonomy_id":190,"taxonomy":"category","description":"","parent":19,"count":4,"filter":"raw","term_order":"36"}],"post_tag":false,"post_format":false},"author_name":"Nadine Wei\u00df","author_url":"https:\/\/www.musical-today.de\/en\/autor\/nadineweiss\/","author_email":"online-nw@musical-toay.de","author_website":"","author_description":"","author_facebook":"","author_twitter":"","author_instagram":"","author_role":["author","editor","redakteur"],"author_firstname":"Nadine","author_lastname":"Wei\u00df","user_login":"nadineweiss","author_avatar":"<img src=\"https:\/\/www.musical-today.de\/wp-content\/uploads\/2024\/03\/434034552_122093726612266069_5386620108228489486_n-293x293.jpg\" width=\"200\" height=\"200\" alt=\"Nadine Wei\u00df\" class=\"avatar avatar-200 wp-user-avatar wp-user-avatar-200 alignnone photo\" \/>","author_avatar_url":"https:\/\/www.musical-today.de\/wp-content\/uploads\/2024\/03\/434034552_122093726612266069_5386620108228489486_n.jpg","comment_count":0,"post_likes":0,"post_views":0},"tpgb_post_category":{"category":"<a href=\"https:\/\/www.musical-today.de\/en\/deutschland\/fuessen\/\" alt=\"F\u00fcssen\"  class=\"category-fuessen\">F\u00fcssen<\/a> "},"_links":{"self":[{"href":"https:\/\/www.musical-today.de\/en\/wp-json\/wp\/v2\/posts\/11999","targetHints":{"allow":["GET"]}}],"collection":[{"href":"https:\/\/www.musical-today.de\/en\/wp-json\/wp\/v2\/posts"}],"about":[{"href":"https:\/\/www.musical-today.de\/en\/wp-json\/wp\/v2\/types\/post"}],"author":[{"embeddable":true,"href":"https:\/\/www.musical-today.de\/en\/wp-json\/wp\/v2\/users\/57"}],"replies":[{"embeddable":true,"href":"https:\/\/www.musical-today.de\/en\/wp-json\/wp\/v2\/comments?post=11999"}],"version-history":[{"count":0,"href":"https:\/\/www.musical-today.de\/en\/wp-json\/wp\/v2\/posts\/11999\/revisions"}],"wp:featuredmedia":[{"embeddable":true,"href":"https:\/\/www.musical-today.de\/en\/wp-json\/wp\/v2\/media\/12000"}],"wp:attachment":[{"href":"https:\/\/www.musical-today.de\/en\/wp-json\/wp\/v2\/media?parent=11999"}],"wp:term":[{"taxonomy":"category","embeddable":true,"href":"https:\/\/www.musical-today.de\/en\/wp-json\/wp\/v2\/categories?post=11999"},{"taxonomy":"post_tag","embeddable":true,"href":"https:\/\/www.musical-today.de\/en\/wp-json\/wp\/v2\/tags?post=11999"}],"curies":[{"name":"wp","href":"https:\/\/api.w.org\/{rel}","templated":true}]}}