{"id":12137,"date":"2025-06-23T17:38:09","date_gmt":"2025-06-23T15:38:09","guid":{"rendered":"https:\/\/www.musical-today.de\/?p=12137"},"modified":"2025-06-23T17:38:23","modified_gmt":"2025-06-23T15:38:23","slug":"schawebisch-hall-west-side-story","status":"publish","type":"post","link":"https:\/\/www.musical-today.de\/en\/schawebisch-hall-west-side-story\/","title":{"rendered":"West Side Story"},"content":{"rendered":"<div class=\"lets-info-up-wrap  lets-info-up--right lets-info-up--m-1 lets-info-up-skin-3 lets-info-up--side lets-info-up-12429\" style=\"background:#fafafa; color: #616161\">\t\t\t<div class=\"lets-info-up\">\r\n\t\t\t<div class=\"lets-info-up-fi\"><img decoding=\"async\" width=\"500\" height=\"333\" src=\"https:\/\/www.musical-today.de\/wp-content\/uploads\/2024\/01\/qi-addons-for-elementor-placeholder-500x333.png\" class=\"attachment-lets-info-up-d1 size-lets-info-up-d1\" alt=\"|\" srcset=\"https:\/\/www.musical-today.de\/wp-content\/uploads\/2024\/01\/qi-addons-for-elementor-placeholder-500x333.png 500w, https:\/\/www.musical-today.de\/wp-content\/uploads\/2024\/01\/qi-addons-for-elementor-placeholder-300x200.png 300w, https:\/\/www.musical-today.de\/wp-content\/uploads\/2024\/01\/qi-addons-for-elementor-placeholder-1024x683.png 1024w, https:\/\/www.musical-today.de\/wp-content\/uploads\/2024\/01\/qi-addons-for-elementor-placeholder-883x589.png 883w, https:\/\/www.musical-today.de\/wp-content\/uploads\/2024\/01\/qi-addons-for-elementor-placeholder-18x12.png 18w, https:\/\/www.musical-today.de\/wp-content\/uploads\/2024\/01\/qi-addons-for-elementor-placeholder-360x240.png 360w, https:\/\/www.musical-today.de\/wp-content\/uploads\/2024\/01\/qi-addons-for-elementor-placeholder-1155x770.png 1155w, https:\/\/www.musical-today.de\/wp-content\/uploads\/2024\/01\/qi-addons-for-elementor-placeholder-370x247.png 370w, https:\/\/www.musical-today.de\/wp-content\/uploads\/2024\/01\/qi-addons-for-elementor-placeholder-770x513.png 770w, https:\/\/www.musical-today.de\/wp-content\/uploads\/2024\/01\/qi-addons-for-elementor-placeholder-293x195.png 293w, https:\/\/www.musical-today.de\/wp-content\/uploads\/2024\/01\/qi-addons-for-elementor-placeholder-120x80.png 120w, https:\/\/www.musical-today.de\/wp-content\/uploads\/2024\/01\/qi-addons-for-elementor-placeholder-240x160.png 240w, https:\/\/www.musical-today.de\/wp-content\/uploads\/2024\/01\/qi-addons-for-elementor-placeholder-390x260.png 390w, https:\/\/www.musical-today.de\/wp-content\/uploads\/2024\/01\/qi-addons-for-elementor-placeholder.png 1200w\" sizes=\"(max-width: 500px) 100vw, 500px\" title=\"\"><\/div>\t\t\t<div class=\"lets-info-up-block-wrap\">\r\n\t\t\t\t<div class=\"lets-info-up-block lets-info-up-meta-block\"><div class=\"lets-info-up-meta-title lets-info-up-pretitle font-h\" style=\"color: #8c6d18;\">oRT<\/div><div class=\"lets-info-up-meta-content lets-info-up-title font-b\">Freilichtspiele Schw\u00e4bisch Hall<\/div><\/div><div class=\"lets-info-up-block lets-info-up-meta-block\"><div class=\"lets-info-up-meta-title lets-info-up-pretitle font-h\" style=\"color: #8c6d18;\">von<\/div><div class=\"lets-info-up-meta-content lets-info-up-title font-b\">Leonard Bernstein (Musik)<br>Arthur Laurents (Buch)<br>Stephen Sondheim (Gesangstexte)<\/div><\/div><div class=\"lets-info-up-block lets-info-up-meta-block\"><div class=\"lets-info-up-meta-title lets-info-up-pretitle font-h\" style=\"color: #8c6d18;\">Regie<\/div><div class=\"lets-info-up-meta-content lets-info-up-title font-b\">Christian Doll<\/div><\/div><div class=\"lets-info-up-block lets-info-up-meta-block\"><div class=\"lets-info-up-meta-title lets-info-up-pretitle font-h\" style=\"color: #8c6d18;\">Urauff\u00fchrung<\/div><div class=\"lets-info-up-meta-content lets-info-up-title font-b\">1957<\/div><\/div><div class=\"lets-info-up-block lets-info-up-meta-block\"><div class=\"lets-info-up-meta-title lets-info-up-pretitle font-h\" style=\"color: #8c6d18;\">INFOS<\/div><div class=\"lets-info-up-meta-content lets-info-up-title font-b\"><a href=\"https:\/\/www.freilichtspiele-hall.de\/veranstaltung\/west-side-story.html\" target=\"_blank\" rel=\"noopener noreferrer nofollow\">www.freilichtspiele-hall.de<\/a><\/div><\/div>\t\t\t<\/div>\r\n\t\t\t<\/div>\r\n\t\t<\/div>\r\n\t\t\n\n\n<p><strong>Musikalisch fetzig, ansonsten ein wenig brav: die \u201eWest Side Story\u201c komplett in deutscher Sprache<\/strong><\/p>\n\n\n\n<p>Der amerikanische Traum ist auf der Haller Treppe zerbrochen. In riesigen, mehrere Stockwerke hohen Tr\u00fcmmern liegen die Fackel und der Strahlenkranz der Freiheitsstatue auf den ber\u00fchmten Stufen vor St. Michael. Die Hoffnungs-Figur f\u00fcr so viele Einwanderer \u00fcber die Jahrhunderte ist gest\u00fcrzt, symbolischer als in Fabian L\u00fcdickes B\u00fchnenbild kann\u2019s kaum werden. Und sehr viel aufregender wird es auch in der Inszenierung von Christian Doll nicht. Werktreu ist schon recht, aber so ganz brav am Buch entlang muss es vielleicht doch nicht sein.<\/p>\n\n\n\n<p>Die traditionsreichen Freilichtspiele im Hohenlohischen feiern in diesem Jahr ihr 100. Jubil\u00e4um. Daf\u00fcr haben Sponsoren neue St\u00fchle und einen neuen, fest gebauten Orchesterpavillon auf der rechten Empore vor der majest\u00e4tisch aufragenden Kirche gespendet. Heiko Lippmann und sein 20-k\u00f6pfiges, f\u00fcr Open-Air-Verh\u00e4ltnisse wahrlich luxuri\u00f6s besetztes Orchester nutzen ihr neues Domizil f\u00fcr einen dynamisch differenzierten Sound und ziehen vor allem in den lateinamerikanischen Rhythmen immer wieder rasant das Tempo an.<\/p>\n\n\n<div  class=\"tpgb-wrap-956d14_12137  tpgb-wrap-fw \"  ><div id=\"956d14_12137\" class=\"tpgb-block-956d14_12137 tpgb-relative-block tpgb-gallery-list tpgb-metro gallery-style-2 hover-image-style-1   \" data-style=\"style-2\" data-id=\"956d14_12137\" data-layout=\"metro\" data-fancy-option='{\"loop\":false,\"thumb\":\"no\",\"infobar\":true,\"arrows\":true,\"transitionEffect\":\"slide\",\"button\":[\"close\"]}' data-splide='\"\"' data-metroAttr= '{\"metro_col\":3,\"tab_metro_col\":3,\"mobile_metro_col\":3,\"metro_style\":\"style-1\",\"tab_metro_style\":\"style-1\",\"mobile_metro_style\":\"style-1\"}' ><div class=\"tpgb-row post-loop-inner \"><div class=\"grid-item metro-item-0    tpgb-metro-1  tpgb-tab-metro-1  tpgb-mobile-metro-1 \"><a href=\"https:\/\/www.musical-today.de\/wp-content\/uploads\/2025\/06\/Westsidestory-109-scaled.jpg\" class=\"tpgb-gallery-list-content tpgb-trans-easeinout\" data-fancybox=\"956d14_12137\" data-caption=\"Foto: Freilichtspiele Schw\u00e4bisch Hall\/Ufuk Arslan\" aria-label=\"Foto: Freilichtspiele Schw\u00e4bisch Hall\/Ufuk Arslan\"><div class=\"post-content-image\"><div class=\"tpgb-metro-gallery-image\" style=\"background: url(https:\/\/www.musical-today.de\/wp-content\/uploads\/2025\/06\/Westsidestory-109-scaled.jpg);\"><\/div><\/div><div class=\"post-content-center\"><div class=\"post-zoom-icon\"><div class=\"meta-search-icon\"><span><img decoding=\"async\" class=\"fancy-img\" src=\"https:\/\/www.musical-today.de\/wp-content\/uploads\/2025\/06\/Westsidestory-109-scaled.jpg\" alt=\"Media Image1\" title=\"\"><i class=\"fas fa-search-plus pop-icon\"><\/i><\/span><\/div><\/div><div class=\"post-content-bottom\"><p class=\"post-title tpgb-trans-easeinout\">Foto: Freilichtspiele Schw\u00e4bisch Hall\/Ufuk Arslan<\/p><\/div><\/div><\/a><\/div><div class=\"grid-item metro-item-1    tpgb-metro-2  tpgb-tab-metro-2  tpgb-mobile-metro-2 \"><a href=\"https:\/\/www.musical-today.de\/wp-content\/uploads\/2025\/06\/Westsidestory-100b-scaled.jpg\" class=\"tpgb-gallery-list-content tpgb-trans-easeinout\" data-fancybox=\"956d14_12137\" data-caption=\"Foto: Freilichtspiele Schw\u00e4bisch Hall\/Ufuk Arslan\" aria-label=\"Foto: Freilichtspiele Schw\u00e4bisch Hall\/Ufuk Arslan\"><div class=\"post-content-image\"><div class=\"tpgb-metro-gallery-image\" style=\"background: url(https:\/\/www.musical-today.de\/wp-content\/uploads\/2025\/06\/Westsidestory-100b-scaled.jpg);\"><\/div><\/div><div class=\"post-content-center\"><div class=\"post-zoom-icon\"><div class=\"meta-search-icon\"><span><img decoding=\"async\" class=\"fancy-img\" src=\"https:\/\/www.musical-today.de\/wp-content\/uploads\/2025\/06\/Westsidestory-100b-scaled.jpg\" alt=\"Media Image2\" title=\"\"><i class=\"fas fa-search-plus pop-icon\"><\/i><\/span><\/div><\/div><div class=\"post-content-bottom\"><p class=\"post-title tpgb-trans-easeinout\">Foto: Freilichtspiele Schw\u00e4bisch Hall\/Ufuk Arslan<\/p><\/div><\/div><\/a><\/div><div class=\"grid-item metro-item-2    tpgb-metro-3  tpgb-tab-metro-3  tpgb-mobile-metro-3 \"><a href=\"https:\/\/www.musical-today.de\/wp-content\/uploads\/2025\/06\/Westsidestory-76b-scaled.jpg\" class=\"tpgb-gallery-list-content tpgb-trans-easeinout\" data-fancybox=\"956d14_12137\" data-caption=\"Foto: Freilichtspiele Schw\u00e4bisch Hall\/Ufuk Arslan\" aria-label=\"Foto: Freilichtspiele Schw\u00e4bisch Hall\/Ufuk Arslan\"><div class=\"post-content-image\"><div class=\"tpgb-metro-gallery-image\" style=\"background: url(https:\/\/www.musical-today.de\/wp-content\/uploads\/2025\/06\/Westsidestory-76b-scaled.jpg);\"><\/div><\/div><div class=\"post-content-center\"><div class=\"post-zoom-icon\"><div class=\"meta-search-icon\"><span><img decoding=\"async\" class=\"fancy-img\" src=\"https:\/\/www.musical-today.de\/wp-content\/uploads\/2025\/06\/Westsidestory-76b-scaled.jpg\" alt=\"Media Image3\" title=\"\"><i class=\"fas fa-search-plus pop-icon\"><\/i><\/span><\/div><\/div><div class=\"post-content-bottom\"><p class=\"post-title tpgb-trans-easeinout\">Foto: Freilichtspiele Schw\u00e4bisch Hall\/Ufuk Arslan<\/p><\/div><\/div><\/a><\/div><\/div><\/div><\/div>\n\n\n<p>Der erste T\u00e4nzer zitiert gleich die ber\u00fchmte Pose mit dem weit hinaufgekickten Bein, die aus der Er\u00f6ffnungsnummer des damaligen Regisseurs und Choreografen Jerome Robbins stammt. Kaum eine Inszenierung dieses Broadway-Klassikers kommt ohne seine Inspiration aus, auch hier entwickelt Kati Farkas wie das gro\u00dfe Vorbild den Tanz oft aus dem Schlendern heraus. Sie zeigt die T\u00e4nzer immer wieder von der Seite, was die schnelle Bewegung auf den kurzen, steilen Stufen vielleicht einfacher macht. Denn es fehlt absolut an nichts \u2013 nicht am fetzigen Mambo, an den zwei gro\u00dfen Kreisen beim Kennenlern-Tanz im Gym, an weit schwingender Sinnlichkeit f\u00fcr die Puerto Ricaner und einer athletisch-aggressiven, eher in die Vertikale gehenden Choreografie f\u00fcr die Jets. Etwas Augenrunzeln verursacht h\u00f6chstens die gro\u00dfe Traumszene zu \u201eSomewhere\u201c \u2013 aber \u201eSomewhere\u201c wird hier auch gar nicht gesungen, sondern \u201eIrgendwo\u201c, und zwar traumverloren sch\u00f6n von Anybody\u2019s (Mirjam-Magdalena Wershofen).<\/p>\n\n\n\n<p>Die \u201eWest Side Story\u201c geht so oft in englischer Version auf Tournee und ist dann so oft f\u00fcr deutsche Theater gesperrt, dass man den deutschen Text kaum mehr kennt und hier fast etwas fremdelt \u2013 zu bekannt und zu gut sind einfach Stephen Sondheims Original-Lyrics. Das gro\u00dfe, junge Ensemble ist bestens ausgew\u00e4hlt, der Gegensatz zwischen (polnischen) Amerikanern und Latinos wird deutlich, alle Stimmen klingen voll und satt: Malcolm Quinnten Henry als Bernardo, Simon Staiger als Riff und vor allem Amani Robinson als temperamentvolle, geerdete Anita. Ausgerechnet Tony alias Julian Culemann f\u00e4llt ein klein wenig ab \u2013 Leonard Bernsteins Melos ist f\u00fcr einen reich timbrierten, eher von der Oper stammenden Tenor komponiert, dieser Tony klingt einfach arg normal. Und ist ein derart netter, unkompliziert-gutherziger Mensch, dass man ihm den pl\u00f6tzlichen Impuls, Bernardo umzubringen, kaum glauben mag.&nbsp;<\/p>\n\n\n\n<p>Leicht und glockenhell schwingt sich Katia Bischoffs Sopran hinauf, ihre Maria spr\u00fcht vor Jugend und freudiger Erwartung auf das Leben. Allein die gro\u00dfe Liebe zwischen Romeo und Julia von der West Side wirkt hier v\u00f6llig normal, ja fast geflissentlich. Da ist kein Fl\u00fcstern, kein Stocken, kein zartes Pathos in ihren sch\u00f6nen Dialogen, Maria ist nicht scheu, man merkt nichts von der damaligen Erziehung und nichts vom Donnerschlag einer Liebe auf den ersten Blick. Wobei es einfach schwer ist, die erste, wortlose Begegnung der Liebenden aus der gro\u00dfen Menge herauszuleuchten, wenn die Sommernacht um neun Uhr abends noch strahlend hell ist; die coolen Licht- und Nebeleffekte gibt es erst eine Stunde sp\u00e4ter. So bringt diese Auff\u00fchrung der \u201eWest Side Story\u201c bei all ihrer musikalischen und choreografischen Qualit\u00e4t keine wirkliche \u00dcberraschung, sondern \u00fcberzeugt einfach als einer der bleibenden Klassiker des Musiktheaters. Auch nicht schlecht.<\/p>\n\n\n\n<hr class=\"wp-block-separator has-alpha-channel-opacity is-style-dots\"\/>\n\n\n\n<p class=\"has-small-font-size\">Musikalische Leitung: Heiko Lippmann \u2022 Choreografie: Kati Farkas \u2022 Kampfchoreografie: Moritz Fleiter \u2022 B\u00fchne: Fabian L\u00fcdicke \u2022 Kost\u00fcme: Kati Kolb \u2022 Licht: Ralf Wappler \u2022 Sounddesign: Simon H\u00fcging \u2022 Mit: Julian Culemann (Tony), Simon Staiger (Riff), Paul Fruh (Action), Anton Schweizer (A-Rab), John Achim Himmelbauer (Baby), Johannes Summer (Snowboy), Tobias Blinzler (Big Deal), Tayler Davis (Diesel), Kelly Panier (Graziella), Zarah Frola (Velma), Veronika Enders (Minnie), Mirjam-Magdalena Wershofen (Anybody\u2019s), Katia Bischoff (Maria), Amani Robinson (Anita), Malcolm Quinnten Henry (Bernardo), Oliver Aagaard-Williams (Chino), Felipe Ramos (Pepe), Nayim Temine (Indio), David Valls (Luis), Pierpaolo Scida (Anxious), Grace Simmons (Rosalia), Salom\u00e9 Ortiz (Consuelo), Lisa Wissert (Teresita), Liviana Degen (Francisca), Gloria Enchill (Estella), Andrea Matthias Pagani (Doc), Claudius Freyer (Schrank\/Glad Hand), Johannes Sch\u00f6n (Krupke)<\/p>\n\n\n\n<p class=\"has-small-font-size\">Aufmacherfoto: Freilichtspiele Schw\u00e4bisch Hall\/Ufuk Arslan<\/p>\n","protected":false},"excerpt":{"rendered":"<p>Musikalisch fetzig, ansonsten ein wenig brav: die \u201eWest Side Story\u201c komplett in deutscher Sprache Der amerikanische Traum ist auf der Haller Treppe zerbrochen. In riesigen, mehrere Stockwerke hohen Tr\u00fcmmern liegen die Fackel und der Strahlenkranz der Freiheitsstatue auf den ber\u00fchmten Stufen vor St. Michael. Die Hoffnungs-Figur f\u00fcr so viele Einwanderer \u00fcber die Jahrhunderte ist gest\u00fcrzt, symbolischer als in Fabian L\u00fcdickes B\u00fchnenbild kann\u2019s kaum werden. Und sehr viel aufregender wird es auch in der Inszenierung von Christian Doll nicht. Werktreu ist [&hellip;]<\/p>\n","protected":false},"author":19,"featured_media":12127,"comment_status":"closed","ping_status":"closed","sticky":false,"template":"","format":"standard","meta":{"tpgb_global_settings":"","footnotes":""},"categories":[181],"tags":[],"class_list":["post-12137","post","type-post","status-publish","format-standard","has-post-thumbnail","hentry","category-schwaebisch-hall"],"tpgb_featured_images":{"full":["https:\/\/www.musical-today.de\/wp-content\/uploads\/2025\/06\/Westsidestory-29-scaled.jpg",2439,2560,false],"tp-image-grid":["https:\/\/www.musical-today.de\/wp-content\/uploads\/2025\/06\/Westsidestory-29-700x700.jpg",700,700,true],"thumbnail":["https:\/\/www.musical-today.de\/wp-content\/uploads\/2025\/06\/Westsidestory-29-600x630.jpg",600,630,true],"medium":["https:\/\/www.musical-today.de\/wp-content\/uploads\/2025\/06\/Westsidestory-29-1200x1259.jpg",1200,1259,true],"medium_large":["https:\/\/www.musical-today.de\/wp-content\/uploads\/2025\/06\/Westsidestory-29-770x808.jpg",770,808,true],"large":["https:\/\/www.musical-today.de\/wp-content\/uploads\/2025\/06\/Westsidestory-29-1920x2015.jpg",1139,1195,true],"default":"https:\/\/www.musical-today.de\/wp-content\/plugins\/the-plus-addons-for-block-editor\/assets\/images\/tpgb-placeholder.jpg"},"tpgb_post_meta_info":{"get_date":"23.06.2025","get_modified_date":"23.06.2025","category_list":{"category":[{"term_id":181,"name":"Schw\u00e4bisch Hall","slug":"schwaebisch-hall","term_group":0,"term_taxonomy_id":181,"taxonomy":"category","description":"","parent":19,"count":2,"filter":"raw","term_order":"86"}],"post_tag":false,"post_format":false},"author_name":"Angela Reinhardt","author_url":"https:\/\/www.musical-today.de\/en\/autor\/angelareinhardt\/","author_email":"angelareinhardt@aol.com","author_website":"","author_description":"studierte in Stuttgart Germanistik und Romanistik und arbeitet seit 1990 als freie Kulturjournalistin. Sie schreibt vor allem \u00fcber Tanz und ist Mitautorin von B\u00fcchern \u00fcber die Choreografen John Cranko und Marco Goecke sowie \u00fcber den Stuttgarter Ballettintendanten Reid Anderson. Von 1991 bis 2023 war sie regelm\u00e4\u00dfig f\u00fcr die Zeitschrift \u201emusicals\u201c im s\u00fcddeutschen Raum unterwegs.","author_facebook":"","author_twitter":"","author_instagram":"","author_role":["author","editor","redakteur","redaktionsteam"],"author_firstname":"Angela","author_lastname":"Reinhardt","user_login":"angelareinhardt","author_avatar":"<img src=\"https:\/\/www.musical-today.de\/wp-content\/uploads\/2024\/03\/434034552_122093726612266069_5386620108228489486_n-293x293.jpg\" width=\"200\" height=\"200\" alt=\"Angela Reinhardt\" class=\"avatar avatar-200 wp-user-avatar wp-user-avatar-200 alignnone photo\" \/>","author_avatar_url":"https:\/\/www.musical-today.de\/wp-content\/uploads\/2024\/03\/434034552_122093726612266069_5386620108228489486_n.jpg","comment_count":0,"post_likes":0,"post_views":0},"tpgb_post_category":{"category":"<a href=\"https:\/\/www.musical-today.de\/en\/deutschland\/schwaebisch-hall\/\" alt=\"Schw\u00e4bisch Hall\"  class=\"category-schwaebisch-hall\">Schw\u00e4bisch Hall<\/a> "},"_links":{"self":[{"href":"https:\/\/www.musical-today.de\/en\/wp-json\/wp\/v2\/posts\/12137","targetHints":{"allow":["GET"]}}],"collection":[{"href":"https:\/\/www.musical-today.de\/en\/wp-json\/wp\/v2\/posts"}],"about":[{"href":"https:\/\/www.musical-today.de\/en\/wp-json\/wp\/v2\/types\/post"}],"author":[{"embeddable":true,"href":"https:\/\/www.musical-today.de\/en\/wp-json\/wp\/v2\/users\/19"}],"replies":[{"embeddable":true,"href":"https:\/\/www.musical-today.de\/en\/wp-json\/wp\/v2\/comments?post=12137"}],"version-history":[{"count":0,"href":"https:\/\/www.musical-today.de\/en\/wp-json\/wp\/v2\/posts\/12137\/revisions"}],"wp:featuredmedia":[{"embeddable":true,"href":"https:\/\/www.musical-today.de\/en\/wp-json\/wp\/v2\/media\/12127"}],"wp:attachment":[{"href":"https:\/\/www.musical-today.de\/en\/wp-json\/wp\/v2\/media?parent=12137"}],"wp:term":[{"taxonomy":"category","embeddable":true,"href":"https:\/\/www.musical-today.de\/en\/wp-json\/wp\/v2\/categories?post=12137"},{"taxonomy":"post_tag","embeddable":true,"href":"https:\/\/www.musical-today.de\/en\/wp-json\/wp\/v2\/tags?post=12137"}],"curies":[{"name":"wp","href":"https:\/\/api.w.org\/{rel}","templated":true}]}}