{"id":12166,"date":"2025-06-25T00:38:13","date_gmt":"2025-06-24T22:38:13","guid":{"rendered":"https:\/\/www.musical-today.de\/?p=12166"},"modified":"2025-06-27T06:18:18","modified_gmt":"2025-06-27T04:18:18","slug":"schwerin-de-moorkatenoper","status":"publish","type":"post","link":"https:\/\/www.musical-today.de\/en\/schwerin-de-moorkatenoper\/","title":{"rendered":"De Moorkatenoper"},"content":{"rendered":"<div class=\"lets-info-up-wrap  lets-info-up--right lets-info-up--m-1 lets-info-up-skin-3 lets-info-up--side lets-info-up-23919\" style=\"background:#fafafa; color: #616161\">\t\t\t<div class=\"lets-info-up\">\r\n\t\t\t<div class=\"lets-info-up-fi\"><img decoding=\"async\" width=\"500\" height=\"333\" src=\"https:\/\/www.musical-today.de\/wp-content\/uploads\/2024\/01\/qi-addons-for-elementor-placeholder-500x333.png\" class=\"attachment-lets-info-up-d1 size-lets-info-up-d1\" alt=\"|\" srcset=\"https:\/\/www.musical-today.de\/wp-content\/uploads\/2024\/01\/qi-addons-for-elementor-placeholder-500x333.png 500w, https:\/\/www.musical-today.de\/wp-content\/uploads\/2024\/01\/qi-addons-for-elementor-placeholder-300x200.png 300w, https:\/\/www.musical-today.de\/wp-content\/uploads\/2024\/01\/qi-addons-for-elementor-placeholder-1024x683.png 1024w, https:\/\/www.musical-today.de\/wp-content\/uploads\/2024\/01\/qi-addons-for-elementor-placeholder-883x589.png 883w, https:\/\/www.musical-today.de\/wp-content\/uploads\/2024\/01\/qi-addons-for-elementor-placeholder-18x12.png 18w, https:\/\/www.musical-today.de\/wp-content\/uploads\/2024\/01\/qi-addons-for-elementor-placeholder-360x240.png 360w, https:\/\/www.musical-today.de\/wp-content\/uploads\/2024\/01\/qi-addons-for-elementor-placeholder-1155x770.png 1155w, https:\/\/www.musical-today.de\/wp-content\/uploads\/2024\/01\/qi-addons-for-elementor-placeholder-370x247.png 370w, https:\/\/www.musical-today.de\/wp-content\/uploads\/2024\/01\/qi-addons-for-elementor-placeholder-770x513.png 770w, https:\/\/www.musical-today.de\/wp-content\/uploads\/2024\/01\/qi-addons-for-elementor-placeholder-293x195.png 293w, https:\/\/www.musical-today.de\/wp-content\/uploads\/2024\/01\/qi-addons-for-elementor-placeholder-120x80.png 120w, https:\/\/www.musical-today.de\/wp-content\/uploads\/2024\/01\/qi-addons-for-elementor-placeholder-240x160.png 240w, https:\/\/www.musical-today.de\/wp-content\/uploads\/2024\/01\/qi-addons-for-elementor-placeholder-390x260.png 390w, https:\/\/www.musical-today.de\/wp-content\/uploads\/2024\/01\/qi-addons-for-elementor-placeholder.png 1200w\" sizes=\"(max-width: 500px) 100vw, 500px\" title=\"\"><\/div>\t\t\t<div class=\"lets-info-up-block-wrap\">\r\n\t\t\t\t<div class=\"lets-info-up-block lets-info-up-meta-block\"><div class=\"lets-info-up-meta-title lets-info-up-pretitle font-h\" style=\"color: #8c6d18;\">oRT<\/div><div class=\"lets-info-up-meta-content lets-info-up-title font-b\">Mecklenburgisches Staatstheater<\/div><\/div><div class=\"lets-info-up-block lets-info-up-meta-block\"><div class=\"lets-info-up-meta-title lets-info-up-pretitle font-h\" style=\"color: #8c6d18;\">von<\/div><div class=\"lets-info-up-meta-content lets-info-up-title font-b\">Peter Michael (Musik)<br>Gerhard Loew (Buch und Liedtexte)<\/div><\/div><div class=\"lets-info-up-block lets-info-up-meta-block\"><div class=\"lets-info-up-meta-title lets-info-up-pretitle font-h\" style=\"color: #8c6d18;\">Regie<\/div><div class=\"lets-info-up-meta-content lets-info-up-title font-b\">Dirk Audehm<\/div><\/div><div class=\"lets-info-up-block lets-info-up-meta-block\"><div class=\"lets-info-up-meta-title lets-info-up-pretitle font-h\" style=\"color: #8c6d18;\">Urauff\u00fchrung<\/div><div class=\"lets-info-up-meta-content lets-info-up-title font-b\">1978<\/div><\/div><div class=\"lets-info-up-block lets-info-up-meta-block\"><div class=\"lets-info-up-meta-title lets-info-up-pretitle font-h\" style=\"color: #8c6d18;\">INFOS<\/div><div class=\"lets-info-up-meta-content lets-info-up-title font-b\"><a href=\"https:\/\/mecklenburgisches-staatstheater.de\/programm\/de-moorkatenoper.html\" target=\"_blank\" rel=\"noopener noreferrer nofollow\">www.mecklenburgisches-staatstheater.de<\/a><\/div><\/div>\t\t\t<\/div>\r\n\t\t\t<\/div>\r\n\t\t<\/div>\r\n\t\t\n\n\n<p><strong>Ein Kultst\u00fcck auf Plattdeutsch: \u201eDe Moorkatenoper\u201c<\/strong><\/p>\n\n\n\n<p>Traumkulisse eines plattdeutschen Bluesmusical-Sommerabends: Wolkenlos der blaue Himmel \u00fcber dem Freilichtmuseum Schwerin-Mue\u00df, im satten Gr\u00fcn der B\u00e4ume zwitschern die V\u00f6gel, w\u00e4hrend das Publikum sich im weiten Garten vor dem historischen niederdeutschen Langhaus auf Klappst\u00fchlen niedergelassen hat und erwartungsvoll auf Harry Behlaus schlichte K\u00fcchenkulisse vor dem rot-wei\u00dfen Fachwerkbau blickt.<\/p>\n\n\n\n<p>Einen \u201eMordsspa\u00df\u201c verspricht das Programmheft des Mecklenburgischen Staatstheaters f\u00fcr die Neuproduktion \u201eDe Moorkatenoper\u201c \u2013 dabei ist der Ursprungsstoff eine Arme-Leut\u2019-Geschichte, ein St\u00fcck Volkstheater \u00fcber die Auseinandersetzung mit den Gro\u00dfkopferten. Und zwar nicht irgendeines, sondern das erfolgreichste Mundartst\u00fcck der 80er Jahre mit bis heute weit mehr als 1.000 ausverkauften Vorstellungen \u2013 auf Bairisch. Vor bald 50 Jahren schufen Texter Gerhard Loew und Komponist Peter Michael ihre \u201eGrattleroper\u201c um das Schicksal der Bauernfamilie Fischlechner, deren Sohn im Wald durch eine Kugel ums Leben kommt. Doch w\u00e4hrend sich die Eltern in Trauer ergehen, glaubt die Schwester nicht an einen Unfall beim Wildern und findet am Ende mit Hilfe eines Landstreichers den M\u00f6rder in Diensten des herrschenden Grafen.<\/p>\n\n\n<div  class=\"tpgb-wrap-956d14_12166  tpgb-wrap-fw \"  ><div id=\"956d14_12166\" class=\"tpgb-block-956d14_12166 tpgb-relative-block tpgb-gallery-list tpgb-metro gallery-style-2 hover-image-style-1   \" data-style=\"style-2\" data-id=\"956d14_12166\" data-layout=\"metro\" data-fancy-option='{\"loop\":false,\"thumb\":\"no\",\"infobar\":true,\"arrows\":true,\"transitionEffect\":\"slide\",\"button\":[\"close\"]}' data-splide='\"\"' data-metroAttr= '{\"metro_col\":3,\"tab_metro_col\":3,\"mobile_metro_col\":3,\"metro_style\":\"style-1\",\"tab_metro_style\":\"style-1\",\"mobile_metro_style\":\"style-1\"}' ><div class=\"tpgb-row post-loop-inner \"><div class=\"grid-item metro-item-0    tpgb-metro-1  tpgb-tab-metro-1  tpgb-mobile-metro-1 \"><a href=\"https:\/\/www.musical-today.de\/wp-content\/uploads\/2025\/06\/2_Ida-Marie_Brandt-Simon_Grundbacher-Foto-Silke_Winkler-scaled.jpg\" class=\"tpgb-gallery-list-content tpgb-trans-easeinout\" data-fancybox=\"956d14_12166\" data-caption=\"Foto: Silke Winkler\" aria-label=\"Foto: Silke Winkler\"><div class=\"post-content-image\"><div class=\"tpgb-metro-gallery-image\" style=\"background: url(https:\/\/www.musical-today.de\/wp-content\/uploads\/2025\/06\/2_Ida-Marie_Brandt-Simon_Grundbacher-Foto-Silke_Winkler-scaled.jpg);\"><\/div><\/div><div class=\"post-content-center\"><div class=\"post-zoom-icon\"><div class=\"meta-search-icon\"><span><img decoding=\"async\" class=\"fancy-img\" src=\"https:\/\/www.musical-today.de\/wp-content\/uploads\/2025\/06\/2_Ida-Marie_Brandt-Simon_Grundbacher-Foto-Silke_Winkler-scaled.jpg\" alt=\"Media Image1\" title=\"\"><i class=\"fas fa-search-plus pop-icon\"><\/i><\/span><\/div><\/div><div class=\"post-content-bottom\"><p class=\"post-title tpgb-trans-easeinout\">Foto: Silke Winkler<\/p><\/div><\/div><\/a><\/div><div class=\"grid-item metro-item-1    tpgb-metro-2  tpgb-tab-metro-2  tpgb-mobile-metro-2 \"><a href=\"https:\/\/www.musical-today.de\/wp-content\/uploads\/2025\/06\/4_Christoph_Reiche-Simon_Grundbacher_Markus_Sebastian_Wenger-Lemmi_Lembcke-Foto-Silke_Winkler.jpg\" class=\"tpgb-gallery-list-content tpgb-trans-easeinout\" data-fancybox=\"956d14_12166\" data-caption=\"Foto: Silke Winkler\" aria-label=\"Foto: Silke Winkler\"><div class=\"post-content-image\"><div class=\"tpgb-metro-gallery-image\" style=\"background: url(https:\/\/www.musical-today.de\/wp-content\/uploads\/2025\/06\/4_Christoph_Reiche-Simon_Grundbacher_Markus_Sebastian_Wenger-Lemmi_Lembcke-Foto-Silke_Winkler.jpg);\"><\/div><\/div><div class=\"post-content-center\"><div class=\"post-zoom-icon\"><div class=\"meta-search-icon\"><span><img decoding=\"async\" class=\"fancy-img\" src=\"https:\/\/www.musical-today.de\/wp-content\/uploads\/2025\/06\/4_Christoph_Reiche-Simon_Grundbacher_Markus_Sebastian_Wenger-Lemmi_Lembcke-Foto-Silke_Winkler.jpg\" alt=\"Media Image2\" title=\"\"><i class=\"fas fa-search-plus pop-icon\"><\/i><\/span><\/div><\/div><div class=\"post-content-bottom\"><p class=\"post-title tpgb-trans-easeinout\">Foto: Silke Winkler<\/p><\/div><\/div><\/a><\/div><div class=\"grid-item metro-item-2    tpgb-metro-3  tpgb-tab-metro-3  tpgb-mobile-metro-3 \"><a href=\"https:\/\/www.musical-today.de\/wp-content\/uploads\/2025\/06\/De_Moorkatenoper_Ensemble-Foto-Silke_Winkler.jpg\" class=\"tpgb-gallery-list-content tpgb-trans-easeinout\" data-fancybox=\"956d14_12166\" data-caption=\"Foto: Silke Winkler\" aria-label=\"Foto: Silke Winkler\"><div class=\"post-content-image\"><div class=\"tpgb-metro-gallery-image\" style=\"background: url(https:\/\/www.musical-today.de\/wp-content\/uploads\/2025\/06\/De_Moorkatenoper_Ensemble-Foto-Silke_Winkler.jpg);\"><\/div><\/div><div class=\"post-content-center\"><div class=\"post-zoom-icon\"><div class=\"meta-search-icon\"><span><img decoding=\"async\" class=\"fancy-img\" src=\"https:\/\/www.musical-today.de\/wp-content\/uploads\/2025\/06\/De_Moorkatenoper_Ensemble-Foto-Silke_Winkler.jpg\" alt=\"Media Image3\" title=\"\"><i class=\"fas fa-search-plus pop-icon\"><\/i><\/span><\/div><\/div><div class=\"post-content-bottom\"><p class=\"post-title tpgb-trans-easeinout\">Foto: Silke Winkler<\/p><\/div><\/div><\/a><\/div><\/div><\/div><\/div>\n\n\n<p>Ein Stoff, der im S\u00fcden der Republik l\u00e4ngst Kultstatus erlangt hat und \u00fcber die B\u00fchne hinaus auch im Programm der ARD re\u00fcssierte, um dann sogar ins Plattdeutsche \u00fcbersetzt zu werden und seine Erfolgsgeschichte im legend\u00e4ren Hamburger Ohnsorg-Theater als \u201eDe Moorkatenoper\u201c fortzusetzen. Wobei das Original wie auch die norddeutsche Adaption so gar nichts mit Oper zu tun haben, und auch das neu erfundene Genre des Bluesmusicals auf eine falsche Musikf\u00e4hrte f\u00fchrt: Rock und Soul klingen an, Couplets und Volkslied, Jazz, Swing und Klezmer \u2013 und dazwischen immer wieder einmal ein paar Blue Notes.<\/p>\n\n\n\n<p>So nun auch in Mecklenburg, wo Regisseur Dirk Audehm der diesj\u00e4hrigen Schlossfestspiel-Produktion der Fritz-Reuter-B\u00fchne nochmal einen ganz eigenen Slapstick-Touch verpasst hat. Sei es durch den Chor der H\u00fchner auf dem Hof der Familie Niem\u00f6ller, vor den Kopf knallende T\u00fcren in bester Stummfilm-Manier oder historische Anspielungen auf die hier einst herrschenden Herz\u00f6ge und den letzten SED-Politb\u00fcro-Sprecher G\u00fcnter Schabowski. Vordergr\u00fcndig sorgt dies f\u00fcr Lacher, hintersinnig nimmt es dem Werk den bitteren Witz der Arme-Leut\u2019-Geschichte, mit dem das Publikum in einer Sommerinszenierung nicht unbedingt konfrontiert werden m\u00f6chte.<\/p>\n\n\n\n<p>Stattdessen also vor allem Unterhaltung und Heiterkeit: angefangen bei den farbenfrohen Kost\u00fcmen (Christine Jacob), die so gar nichts mit bitterer Armut zu tun haben; \u00fcber die Political Correctness, die den Landstreicher Schabowski \u2013 pardon: Paschinski \u2013 zum ehrenwerten Korbflechter und Kesselflicker werden l\u00e4sst; bis hin zu den von Keyboarder Martin Schelhaas neu arrangierten St\u00fccken der facettenreichen vierk\u00f6pfigen Band, die f\u00fcr keinerlei Misst\u00f6ne in puncto Publikumsstimmung sorgen.<\/p>\n\n\n\n<p>So f\u00e4llt auch nicht weiter auf, dass in dem sechsk\u00f6pfigen Schauspieler-Ensemble kein verborgenes Gesangstalent schlummert, zumal die Fritz-Reuter-Mimen darstellerisch mit Charaktertypen statt Stereotypen zu \u00fcberzeugen wissen. Allen voran Ida-Marie Brandt als Bauerstochter Maleen Niem\u00f6ller, die nicht allein gegen\u00fcber ihrem Verehrer, dem Wildh\u00e4ndler Krischan Keeke (herrlich schmierig: Markus Sebastian Wenger), die Hosen anbeh\u00e4lt: \u201eWo nichts gefunkt hat, kann nichts brennen.\u201c Muss es aber auch nicht, solange die Pointen dieser plattdeutschen Kultst\u00fcck-Variante z\u00fcnden.<\/p>\n\n\n\n<hr class=\"wp-block-separator has-alpha-channel-opacity is-style-dots\"\/>\n\n\n\n<p class=\"has-small-font-size\">Musikalische Leitung: Martin Schelhaas \u2022 Choreografie: Dirk Audehm, Ida-Marie Brandt, Simon Grundbacher und Christoph Reiche \u2022 B\u00fchne: Harry Behlau \u2022 Kost\u00fcme: Christine Jacob \u2022 Mit: Christoph Reiche (Hinnerk Niem\u00f6ller), Kerstin Westphal (Marthe Niem\u00f6ller), Ida-Marie Brandt (Maleen Niem\u00f6ller), Simon Grundbacher (Paschinski), Markus Sebastian Wenger (Krischan Keeke), Lemmi Lembcke (Inspektor Holtk\u00e4mper)<\/p>\n\n\n\n<p class=\"has-small-font-size\">Aufmacherfoto: Silke Winkler<\/p>\n\n\n\n<p><\/p>\n","protected":false},"excerpt":{"rendered":"<p>Ein Kultst\u00fcck auf Plattdeutsch: \u201eDe Moorkatenoper\u201c Traumkulisse eines plattdeutschen Bluesmusical-Sommerabends: Wolkenlos der blaue Himmel \u00fcber dem Freilichtmuseum Schwerin-Mue\u00df, im satten Gr\u00fcn der B\u00e4ume zwitschern die V\u00f6gel, w\u00e4hrend das Publikum sich im weiten Garten vor dem historischen niederdeutschen Langhaus auf Klappst\u00fchlen niedergelassen hat und erwartungsvoll auf Harry Behlaus schlichte K\u00fcchenkulisse vor dem rot-wei\u00dfen Fachwerkbau blickt. Einen \u201eMordsspa\u00df\u201c verspricht das Programmheft des Mecklenburgischen Staatstheaters f\u00fcr die Neuproduktion \u201eDe Moorkatenoper\u201c \u2013 dabei ist der Ursprungsstoff eine Arme-Leut\u2019-Geschichte, ein St\u00fcck Volkstheater \u00fcber die Auseinandersetzung [&hellip;]<\/p>\n","protected":false},"author":36,"featured_media":12145,"comment_status":"closed","ping_status":"closed","sticky":false,"template":"","format":"standard","meta":{"tpgb_global_settings":"","footnotes":""},"categories":[231],"tags":[],"class_list":["post-12166","post","type-post","status-publish","format-standard","has-post-thumbnail","hentry","category-schwerin"],"tpgb_featured_images":{"full":["https:\/\/www.musical-today.de\/wp-content\/uploads\/2025\/06\/1-Ida-Marie_Brandt-Kerstin_Westphal-Foto-Silke_Winkler-scaled.jpg",2560,1751,false],"tp-image-grid":["https:\/\/www.musical-today.de\/wp-content\/uploads\/2025\/06\/1-Ida-Marie_Brandt-Kerstin_Westphal-Foto-Silke_Winkler-700x700.jpg",700,700,true],"thumbnail":["https:\/\/www.musical-today.de\/wp-content\/uploads\/2025\/06\/1-Ida-Marie_Brandt-Kerstin_Westphal-Foto-Silke_Winkler-600x410.jpg",600,410,true],"medium":["https:\/\/www.musical-today.de\/wp-content\/uploads\/2025\/06\/1-Ida-Marie_Brandt-Kerstin_Westphal-Foto-Silke_Winkler-1200x821.jpg",1200,821,true],"medium_large":["https:\/\/www.musical-today.de\/wp-content\/uploads\/2025\/06\/1-Ida-Marie_Brandt-Kerstin_Westphal-Foto-Silke_Winkler-770x527.jpg",770,527,true],"large":["https:\/\/www.musical-today.de\/wp-content\/uploads\/2025\/06\/1-Ida-Marie_Brandt-Kerstin_Westphal-Foto-Silke_Winkler-1920x1314.jpg",1139,780,true],"default":"https:\/\/www.musical-today.de\/wp-content\/plugins\/the-plus-addons-for-block-editor\/assets\/images\/tpgb-placeholder.jpg"},"tpgb_post_meta_info":{"get_date":"25.06.2025","get_modified_date":"27.06.2025","category_list":{"category":[{"term_id":231,"name":"Schwerin","slug":"schwerin","term_group":0,"term_taxonomy_id":231,"taxonomy":"category","description":"","parent":19,"count":1,"filter":"raw","term_order":"89"}],"post_tag":false,"post_format":false},"author_name":"Christoph Forsthoff","author_url":"https:\/\/www.musical-today.de\/en\/autor\/christophforsthoff\/","author_email":"temporary-removeFM60NosPo3lWRXT@tmp.com","author_website":"","author_description":"war Ressortleiter, Textchef und Blattmacher, u.a. bei der Financial Times Deutschland. Seit 2001 betreibt der Cello-Liebhaber sein netzwerk Redaktionsb\u00fcro und arbeitet als Kulturjournalist f\u00fcr Medien in Deutschland, \u00d6sterreich, Luxemburg und der Schweiz. Seine Liebe zu Mecklenburg-Vorpommern und den dortigen Festspielen m\u00fcndete 2010 in der Gr\u00fcndung des Forsthoff-Cellofonds.","author_facebook":"","author_twitter":"","author_instagram":"","author_role":["author"],"author_firstname":"Christoph","author_lastname":"Forsthoff","user_login":"christophforsthoff","author_avatar":"<img src=\"https:\/\/www.musical-today.de\/wp-content\/uploads\/2024\/03\/Autor_Forsthoff-293x293.jpg\" width=\"200\" height=\"200\" alt=\"Christoph Forsthoff\" class=\"avatar avatar-200 wp-user-avatar wp-user-avatar-200 alignnone photo\" \/>","author_avatar_url":"https:\/\/www.musical-today.de\/wp-content\/uploads\/2024\/03\/Autor_Forsthoff.jpg","comment_count":0,"post_likes":0,"post_views":0},"tpgb_post_category":{"category":"<a href=\"https:\/\/www.musical-today.de\/en\/deutschland\/schwerin\/\" alt=\"Schwerin\"  class=\"category-schwerin\">Schwerin<\/a> "},"_links":{"self":[{"href":"https:\/\/www.musical-today.de\/en\/wp-json\/wp\/v2\/posts\/12166","targetHints":{"allow":["GET"]}}],"collection":[{"href":"https:\/\/www.musical-today.de\/en\/wp-json\/wp\/v2\/posts"}],"about":[{"href":"https:\/\/www.musical-today.de\/en\/wp-json\/wp\/v2\/types\/post"}],"author":[{"embeddable":true,"href":"https:\/\/www.musical-today.de\/en\/wp-json\/wp\/v2\/users\/36"}],"replies":[{"embeddable":true,"href":"https:\/\/www.musical-today.de\/en\/wp-json\/wp\/v2\/comments?post=12166"}],"version-history":[{"count":0,"href":"https:\/\/www.musical-today.de\/en\/wp-json\/wp\/v2\/posts\/12166\/revisions"}],"wp:featuredmedia":[{"embeddable":true,"href":"https:\/\/www.musical-today.de\/en\/wp-json\/wp\/v2\/media\/12145"}],"wp:attachment":[{"href":"https:\/\/www.musical-today.de\/en\/wp-json\/wp\/v2\/media?parent=12166"}],"wp:term":[{"taxonomy":"category","embeddable":true,"href":"https:\/\/www.musical-today.de\/en\/wp-json\/wp\/v2\/categories?post=12166"},{"taxonomy":"post_tag","embeddable":true,"href":"https:\/\/www.musical-today.de\/en\/wp-json\/wp\/v2\/tags?post=12166"}],"curies":[{"name":"wp","href":"https:\/\/api.w.org\/{rel}","templated":true}]}}