{"id":12168,"date":"2025-06-25T00:42:00","date_gmt":"2025-06-24T22:42:00","guid":{"rendered":"https:\/\/www.musical-today.de\/?p=12168"},"modified":"2025-06-25T00:52:24","modified_gmt":"2025-06-24T22:52:24","slug":"augsburg-evita","status":"publish","type":"post","link":"https:\/\/www.musical-today.de\/en\/augsburg-evita\/","title":{"rendered":"Evita"},"content":{"rendered":"<div class=\"lets-info-up-wrap  lets-info-up--right lets-info-up--m-1 lets-info-up-skin-3 lets-info-up--side lets-info-up-27469\" style=\"background:#fafafa; color: #616161\">\t\t\t<div class=\"lets-info-up\">\r\n\t\t\t<div class=\"lets-info-up-fi\"><img decoding=\"async\" width=\"500\" height=\"333\" src=\"https:\/\/www.musical-today.de\/wp-content\/uploads\/2024\/01\/qi-addons-for-elementor-placeholder-500x333.png\" class=\"attachment-lets-info-up-d1 size-lets-info-up-d1\" alt=\"|\" srcset=\"https:\/\/www.musical-today.de\/wp-content\/uploads\/2024\/01\/qi-addons-for-elementor-placeholder-500x333.png 500w, https:\/\/www.musical-today.de\/wp-content\/uploads\/2024\/01\/qi-addons-for-elementor-placeholder-300x200.png 300w, https:\/\/www.musical-today.de\/wp-content\/uploads\/2024\/01\/qi-addons-for-elementor-placeholder-1024x683.png 1024w, https:\/\/www.musical-today.de\/wp-content\/uploads\/2024\/01\/qi-addons-for-elementor-placeholder-883x589.png 883w, https:\/\/www.musical-today.de\/wp-content\/uploads\/2024\/01\/qi-addons-for-elementor-placeholder-18x12.png 18w, https:\/\/www.musical-today.de\/wp-content\/uploads\/2024\/01\/qi-addons-for-elementor-placeholder-360x240.png 360w, https:\/\/www.musical-today.de\/wp-content\/uploads\/2024\/01\/qi-addons-for-elementor-placeholder-1155x770.png 1155w, https:\/\/www.musical-today.de\/wp-content\/uploads\/2024\/01\/qi-addons-for-elementor-placeholder-370x247.png 370w, https:\/\/www.musical-today.de\/wp-content\/uploads\/2024\/01\/qi-addons-for-elementor-placeholder-770x513.png 770w, https:\/\/www.musical-today.de\/wp-content\/uploads\/2024\/01\/qi-addons-for-elementor-placeholder-293x195.png 293w, https:\/\/www.musical-today.de\/wp-content\/uploads\/2024\/01\/qi-addons-for-elementor-placeholder-120x80.png 120w, https:\/\/www.musical-today.de\/wp-content\/uploads\/2024\/01\/qi-addons-for-elementor-placeholder-240x160.png 240w, https:\/\/www.musical-today.de\/wp-content\/uploads\/2024\/01\/qi-addons-for-elementor-placeholder-390x260.png 390w, https:\/\/www.musical-today.de\/wp-content\/uploads\/2024\/01\/qi-addons-for-elementor-placeholder.png 1200w\" sizes=\"(max-width: 500px) 100vw, 500px\" title=\"\"><\/div>\t\t\t<div class=\"lets-info-up-block-wrap\">\r\n\t\t\t\t<div class=\"lets-info-up-block lets-info-up-meta-block\"><div class=\"lets-info-up-meta-title lets-info-up-pretitle font-h\" style=\"color: #8c6d18;\">oRT<\/div><div class=\"lets-info-up-meta-content lets-info-up-title font-b\">Staatstheater Augsburg (Freilichtb\u00fchne am Roten Tor)<\/div><\/div><div class=\"lets-info-up-block lets-info-up-meta-block\"><div class=\"lets-info-up-meta-title lets-info-up-pretitle font-h\" style=\"color: #8c6d18;\">von<\/div><div class=\"lets-info-up-meta-content lets-info-up-title font-b\">Andrew Lloyd Webber (Musik)<br>Tim Rice (Gesangstexte)<\/div><\/div><div class=\"lets-info-up-block lets-info-up-meta-block\"><div class=\"lets-info-up-meta-title lets-info-up-pretitle font-h\" style=\"color: #8c6d18;\">Regie<\/div><div class=\"lets-info-up-meta-content lets-info-up-title font-b\">Florian Mahlberg<\/div><\/div><div class=\"lets-info-up-block lets-info-up-meta-block\"><div class=\"lets-info-up-meta-title lets-info-up-pretitle font-h\" style=\"color: #8c6d18;\">Urauff\u00fchrung<\/div><div class=\"lets-info-up-meta-content lets-info-up-title font-b\">1978<\/div><\/div><div class=\"lets-info-up-block lets-info-up-meta-block\"><div class=\"lets-info-up-meta-title lets-info-up-pretitle font-h\" style=\"color: #8c6d18;\">INFOS<\/div><div class=\"lets-info-up-meta-content lets-info-up-title font-b\"><a href=\"https:\/\/staatstheater-augsburg.de\/evita\" target=\"_blank\" rel=\"noopener noreferrer nofollow\">www.staatstheater-augsburg.de<\/a><\/div><\/div>\t\t\t<\/div>\r\n\t\t\t<\/div>\r\n\t\t<\/div>\r\n\t\t\n\n\n<p><strong>Das schwierige Erbe der Eva Per\u00f3n<\/strong><\/p>\n\n\n\n<p>Zwischen Mythos und historischer Realit\u00e4t bewegt sich die Figur Evita: Volksheldin, Pr\u00e4sidentenfrau und tragische M\u00e4rtyrerin. Andrew Lloyd Webbers Musical um Eva Per\u00f3n reiht sich ein in seine Liste spektakul\u00e4rer Megamusicals: \u201eCats\u201c, \u201eJesus Christ Superstar\u201c oder \u201eDas Phantom der Oper\u201c \u2013 beeindruckende B\u00fchnen, dramatische Geschichten und eing\u00e4ngige Melodien. In Augsburg trifft das Argentinien des 20. Jahrhunderts auf die mittelalterliche Kulisse der Freilichtb\u00fchne am Roten Tor. Das Spektakel h\u00e4lt sich allerdings in Grenzen.<\/p>\n\n\n\n<p>\u201eOh What a Circus, oh what a Show\u201c: Erz\u00e4hlfigur Che l\u00e4sst Evita aus dem Sarg auferstehen, als deren Trauerzug die Rampe besteigt. Aus armen Verh\u00e4ltnissen stammend, arbeitet sie sich von Mann zu Mann, bis zur Gattin des Oberst Per\u00f3n, macht ihn zum Pr\u00e4sidenten und sich selbst zur Frau des Volkes. Wie genau ihr das gelingt, bleibt im St\u00fcck genauso offen wie die Frage nach Gut oder B\u00f6se. Intrigen spinnend bahnen sich beide den Weg durch das in Zeitlupe protestierende Volk \u2013 ein sch\u00f6nes Bild. Ansonsten nimmt die Freilichtb\u00fchne die statische Inszenierung nur undankbar an. Spannende Ideen lassen auf sich warten. Nach der Pause taut das Geschehen auf, verliert sich aber im Choreo- und Lichter-Salat der aneinandergereihten Shownummern. Was erst zu wenig war, wird schnell zu viel.<\/p>\n\n\n<div  class=\"tpgb-wrap-956d14_12168  tpgb-wrap-fw \"  ><div id=\"956d14_12168\" class=\"tpgb-block-956d14_12168 tpgb-relative-block tpgb-gallery-list tpgb-metro gallery-style-2 hover-image-style-1   \" data-style=\"style-2\" data-id=\"956d14_12168\" data-layout=\"metro\" data-fancy-option='{\"loop\":false,\"thumb\":\"no\",\"infobar\":true,\"arrows\":true,\"transitionEffect\":\"slide\",\"button\":[\"close\"]}' data-splide='\"\"' data-metroAttr= '{\"metro_col\":3,\"tab_metro_col\":3,\"mobile_metro_col\":3,\"metro_style\":\"style-1\",\"tab_metro_style\":\"style-1\",\"mobile_metro_style\":\"style-1\"}' ><div class=\"tpgb-row post-loop-inner \"><div class=\"grid-item metro-item-0    tpgb-metro-1  tpgb-tab-metro-1  tpgb-mobile-metro-1 \"><a href=\"https:\/\/www.musical-today.de\/wp-content\/uploads\/2025\/06\/evita_foto_jan-pieter_fuhr_4502-1-scaled.jpg\" class=\"tpgb-gallery-list-content tpgb-trans-easeinout\" data-fancybox=\"956d14_12168\" data-caption=\"Foto: Jan-Pieter Fuhr\" aria-label=\"Foto: Jan-Pieter Fuhr\"><div class=\"post-content-image\"><div class=\"tpgb-metro-gallery-image\" style=\"background: url(https:\/\/www.musical-today.de\/wp-content\/uploads\/2025\/06\/evita_foto_jan-pieter_fuhr_4502-1-scaled.jpg);\"><\/div><\/div><div class=\"post-content-center\"><div class=\"post-zoom-icon\"><div class=\"meta-search-icon\"><span><img decoding=\"async\" class=\"fancy-img\" src=\"https:\/\/www.musical-today.de\/wp-content\/uploads\/2025\/06\/evita_foto_jan-pieter_fuhr_4502-1-scaled.jpg\" alt=\"Media Image1\" title=\"\"><i class=\"fas fa-search-plus pop-icon\"><\/i><\/span><\/div><\/div><div class=\"post-content-bottom\"><p class=\"post-title tpgb-trans-easeinout\">Foto: Jan-Pieter Fuhr<\/p><\/div><\/div><\/a><\/div><div class=\"grid-item metro-item-1    tpgb-metro-2  tpgb-tab-metro-2  tpgb-mobile-metro-2 \"><a href=\"https:\/\/www.musical-today.de\/wp-content\/uploads\/2025\/06\/evita_foto_jan-pieter_fuhr_4666-1-scaled.jpg\" class=\"tpgb-gallery-list-content tpgb-trans-easeinout\" data-fancybox=\"956d14_12168\" data-caption=\"Foto: Jan-Pieter Fuhr\" aria-label=\"Foto: Jan-Pieter Fuhr\"><div class=\"post-content-image\"><div class=\"tpgb-metro-gallery-image\" style=\"background: url(https:\/\/www.musical-today.de\/wp-content\/uploads\/2025\/06\/evita_foto_jan-pieter_fuhr_4666-1-scaled.jpg);\"><\/div><\/div><div class=\"post-content-center\"><div class=\"post-zoom-icon\"><div class=\"meta-search-icon\"><span><img decoding=\"async\" class=\"fancy-img\" src=\"https:\/\/www.musical-today.de\/wp-content\/uploads\/2025\/06\/evita_foto_jan-pieter_fuhr_4666-1-scaled.jpg\" alt=\"Media Image2\" title=\"\"><i class=\"fas fa-search-plus pop-icon\"><\/i><\/span><\/div><\/div><div class=\"post-content-bottom\"><p class=\"post-title tpgb-trans-easeinout\">Foto: Jan-Pieter Fuhr<\/p><\/div><\/div><\/a><\/div><div class=\"grid-item metro-item-2    tpgb-metro-3  tpgb-tab-metro-3  tpgb-mobile-metro-3 \"><a href=\"https:\/\/www.musical-today.de\/wp-content\/uploads\/2025\/06\/evita_foto_jan-pieter_fuhr_6181-1-scaled.jpg\" class=\"tpgb-gallery-list-content tpgb-trans-easeinout\" data-fancybox=\"956d14_12168\" data-caption=\"Foto: Jan-Pieter Fuhr\" aria-label=\"Foto: Jan-Pieter Fuhr\"><div class=\"post-content-image\"><div class=\"tpgb-metro-gallery-image\" style=\"background: url(https:\/\/www.musical-today.de\/wp-content\/uploads\/2025\/06\/evita_foto_jan-pieter_fuhr_6181-1-scaled.jpg);\"><\/div><\/div><div class=\"post-content-center\"><div class=\"post-zoom-icon\"><div class=\"meta-search-icon\"><span><img decoding=\"async\" class=\"fancy-img\" src=\"https:\/\/www.musical-today.de\/wp-content\/uploads\/2025\/06\/evita_foto_jan-pieter_fuhr_6181-1-scaled.jpg\" alt=\"Media Image3\" title=\"\"><i class=\"fas fa-search-plus pop-icon\"><\/i><\/span><\/div><\/div><div class=\"post-content-bottom\"><p class=\"post-title tpgb-trans-easeinout\">Foto: Jan-Pieter Fuhr<\/p><\/div><\/div><\/a><\/div><\/div><\/div><\/div>\n\n\n<p>Die Hausfassaden von Buenos Aires geben den Weg frei f\u00fcr die ikonische Balkonszene im wei\u00dfen Kleid und den Welthit \u201eDon\u2019t Cry for Me Argentina\u201c. Der Facettenreichtum der neuen symphonischen Fassung unter Dirigent Sebastiaan van Yperen scheitert an der Tonanlage \u2013 schade. Zum Gesamtbild tr\u00e4gt der energielose Chor nicht gerade bei, dessen Kontinuit\u00e4t lediglich in seiner Asynchronit\u00e4t zur Musik besteht. Daf\u00fcr gehen das Staatsballett und das Ensemble von Young Stage Augsburg mit Energie voran und auch Chorsolist Gerhard Werlitz kann sich als Agust\u00edn Magaldi, Evas erste Stufe der Karriereleiter, h\u00f6ren lassen.<\/p>\n\n\n\n<p>Das Dreiergespann um Evita, Che und Per\u00f3n bilden ein eingespieltes Team, das gemeinsam gegen die Schwunglosigkeit schuftet. Die Attentatsmontage in \u201eJames Bond\u201c-Manier etabliert Per\u00f3n als kaltbl\u00fctigen M\u00f6rder. Alexander Franzen ist dabei anfangs fast zu kraftvoll, zeigt gegen Ende aber die ber\u00fchrend dramatische Seite eines Pr\u00e4sidenten, der mit seiner Frau auch seinen Status verliert. Katja Berg sch\u00fcttet ihr Herz in die komplexe Titelpartie, in der sie bei etwas kopfigen H\u00f6hen vor allem mit warmen Tiefen und kraftvollem Belt \u00fcberzeugt. Ihrer Engelsstimme steht Hannes Stafflers rockiger Che gegen\u00fcber, der, mehr Diener als Erz\u00e4hler, mit undankbaren Aufgaben wie dem Auf- und Abtragen von Requisiten befrachtet wird \u2013 von Staffler elegant und stimmlich souver\u00e4n gemeistert.<\/p>\n\n\n\n<p>Der konzeptionelle Coup des geheimnisvollen M\u00e4dchens La Vida \u2013 Evas junges Alter Ego \u2013 erkl\u00e4rt sich weder im Programmheft noch auf der B\u00fchne und bleibt bis zum Ende ein metaphorisches Mysterium \u2013 wie die Person Evita selbst. Absicht? Vielleicht. Dieselbe Frage stellt sich bei der Kost\u00fcmgestaltung von Nora Johanna Gromer, die statt Historizit\u00e4t eher das Gef\u00fchl zusammengen\u00e4hter Faschings-Reste aus dem Fundus evoziert. So tanzt w\u00e4hrend Ches gelungener Shownummer \u201eSpendengelder flie\u00dfen\u201c das Ensemble in lediglich einseitig bemalten Skelett-Anz\u00fcgen.<\/p>\n\n\n\n<p>Mit fast 50 Jahren auf dem Buckel ist dieser melancholische Stoff vielleicht nicht der geeignetste f\u00fcr Sommer, Sonne, Festspielsaison. Thematische Aktualit\u00e4t l\u00f6st sich in Florian Mahlbergs Inszenierung kaum ein. Nach dem sch\u00f6n-sentimentalen Ende, bei dem Evita zu Che ins vernebelte Jenseits schreitet und Per\u00f3n zur\u00fcckbleibt, z\u00f6gert das Publikum kurz, belohnt den Abend dann aber mit jubelnden Standing Ovations. Ob sich \u201eEvita\u201c als ebenso gro\u00dfer Publikumsliebling herausstellt, wie es sich mit \u201eSister Act\u201c im Vorjahr verhielt? Zur Premiere schwelgt das Publikum eher in der Vergangenheit \u2013 wie auch der Abend selbst.<\/p>\n\n\n\n<hr class=\"wp-block-separator has-alpha-channel-opacity is-style-dots\"\/>\n\n\n\n<p class=\"has-small-font-size\">Musikalische Leitung: Sebastiaan van Yperen \u2022 Choreografie: Ricardo Fernando \u2022 B\u00fchne: Karel Spanhak \u2022 Kost\u00fcme: Nora Johanna Gromer \u2022 Licht: Ron Heinrich \u2022 Choreinstudierung: Katsiaryna Ihnatsyeva-Cadek \u2022 Mit: Katja Berg (Eva Per\u00f3n), Hannes Staffler (Che), Alexander Franzen (Juan Per\u00f3n), Gerhard Werlitz (Agust\u00edn Magaldi), Nina-No\u00eblle Ingiliz O (La Vida) \u2022 Ensemble: Marco Beck, Helena Sturm, Mitglieder Young Stage Augsburg e.V. \u2022 Ballett Augsburg \u2022 Opernchor des Staatstheaters Augsburg, Kinderchor Young Stage e.V. \u2022 Augsburger Philharmoniker<\/p>\n\n\n\n<p class=\"has-small-font-size\">Aufmacherfoto: Jan-Pieter Fuhr<\/p>\n","protected":false},"excerpt":{"rendered":"<p>Das schwierige Erbe der Eva Per\u00f3n Zwischen Mythos und historischer Realit\u00e4t bewegt sich die Figur Evita: Volksheldin, Pr\u00e4sidentenfrau und tragische M\u00e4rtyrerin. Andrew Lloyd Webbers Musical um Eva Per\u00f3n reiht sich ein in seine Liste spektakul\u00e4rer Megamusicals: \u201eCats\u201c, \u201eJesus Christ Superstar\u201c oder \u201eDas Phantom der Oper\u201c \u2013 beeindruckende B\u00fchnen, dramatische Geschichten und eing\u00e4ngige Melodien. In Augsburg trifft das Argentinien des 20. Jahrhunderts auf die mittelalterliche Kulisse der Freilichtb\u00fchne am Roten Tor. Das Spektakel h\u00e4lt sich allerdings in Grenzen. \u201eOh What a [&hellip;]<\/p>\n","protected":false},"author":55,"featured_media":12153,"comment_status":"closed","ping_status":"closed","sticky":false,"template":"","format":"standard","meta":{"tpgb_global_settings":"","footnotes":""},"categories":[175],"tags":[],"class_list":["post-12168","post","type-post","status-publish","format-standard","has-post-thumbnail","hentry","category-augsburg"],"tpgb_featured_images":{"full":["https:\/\/www.musical-today.de\/wp-content\/uploads\/2025\/06\/evita_foto_jan-pieter_fuhr_6328-1-scaled.jpg",2560,1703,false],"tp-image-grid":["https:\/\/www.musical-today.de\/wp-content\/uploads\/2025\/06\/evita_foto_jan-pieter_fuhr_6328-1-700x700.jpg",700,700,true],"thumbnail":["https:\/\/www.musical-today.de\/wp-content\/uploads\/2025\/06\/evita_foto_jan-pieter_fuhr_6328-1-600x399.jpg",600,399,true],"medium":["https:\/\/www.musical-today.de\/wp-content\/uploads\/2025\/06\/evita_foto_jan-pieter_fuhr_6328-1-1200x798.jpg",1200,798,true],"medium_large":["https:\/\/www.musical-today.de\/wp-content\/uploads\/2025\/06\/evita_foto_jan-pieter_fuhr_6328-1-770x512.jpg",770,512,true],"large":["https:\/\/www.musical-today.de\/wp-content\/uploads\/2025\/06\/evita_foto_jan-pieter_fuhr_6328-1-1920x1278.jpg",1139,758,true],"default":"https:\/\/www.musical-today.de\/wp-content\/plugins\/the-plus-addons-for-block-editor\/assets\/images\/tpgb-placeholder.jpg"},"tpgb_post_meta_info":{"get_date":"25.06.2025","get_modified_date":"25.06.2025","category_list":{"category":[{"term_id":175,"name":"Augsburg","slug":"augsburg","term_group":0,"term_taxonomy_id":175,"taxonomy":"category","description":"","parent":19,"count":2,"filter":"raw","term_order":"3"}],"post_tag":false,"post_format":false},"author_name":"Celina Larab","author_url":"https:\/\/www.musical-today.de\/en\/autor\/celinalarab\/","author_email":"online-cl@musical-today.de","author_website":"","author_description":"lebt neben der Liebe zum Musical ihre Leidenschaft als Kritikerin und Theaterinfluencerin auf ihrem Instagram-Kanal <a href=\"https:\/\/www.instagram.com\/thedramaq_een\">@thedramaq_een<\/a> aus. Nach Abschluss ihres Bachelorstudiums der Theaterwissenschaft sowie -praxis auf und hinter der B\u00fchne studiert sie aktuell Dramaturgie im Master an der Bayerischen Theaterakademie August Everding in M\u00fcnchen.","author_facebook":"","author_twitter":"","author_instagram":"","author_role":["author"],"author_firstname":"Celina","author_lastname":"Larab","user_login":"celinalarab","author_avatar":"<img src=\"https:\/\/www.musical-today.de\/wp-content\/uploads\/2024\/09\/Celina-Larab-275x275.jpg\" width=\"200\" height=\"200\" alt=\"Celina Larab\" class=\"avatar avatar-200 wp-user-avatar wp-user-avatar-200 alignnone photo\" \/>","author_avatar_url":"https:\/\/www.musical-today.de\/wp-content\/uploads\/2024\/09\/Celina-Larab.jpg","comment_count":0,"post_likes":0,"post_views":0},"tpgb_post_category":{"category":"<a href=\"https:\/\/www.musical-today.de\/en\/deutschland\/augsburg\/\" alt=\"Augsburg\"  class=\"category-augsburg\">Augsburg<\/a> "},"_links":{"self":[{"href":"https:\/\/www.musical-today.de\/en\/wp-json\/wp\/v2\/posts\/12168","targetHints":{"allow":["GET"]}}],"collection":[{"href":"https:\/\/www.musical-today.de\/en\/wp-json\/wp\/v2\/posts"}],"about":[{"href":"https:\/\/www.musical-today.de\/en\/wp-json\/wp\/v2\/types\/post"}],"author":[{"embeddable":true,"href":"https:\/\/www.musical-today.de\/en\/wp-json\/wp\/v2\/users\/55"}],"replies":[{"embeddable":true,"href":"https:\/\/www.musical-today.de\/en\/wp-json\/wp\/v2\/comments?post=12168"}],"version-history":[{"count":0,"href":"https:\/\/www.musical-today.de\/en\/wp-json\/wp\/v2\/posts\/12168\/revisions"}],"wp:featuredmedia":[{"embeddable":true,"href":"https:\/\/www.musical-today.de\/en\/wp-json\/wp\/v2\/media\/12153"}],"wp:attachment":[{"href":"https:\/\/www.musical-today.de\/en\/wp-json\/wp\/v2\/media?parent=12168"}],"wp:term":[{"taxonomy":"category","embeddable":true,"href":"https:\/\/www.musical-today.de\/en\/wp-json\/wp\/v2\/categories?post=12168"},{"taxonomy":"post_tag","embeddable":true,"href":"https:\/\/www.musical-today.de\/en\/wp-json\/wp\/v2\/tags?post=12168"}],"curies":[{"name":"wp","href":"https:\/\/api.w.org\/{rel}","templated":true}]}}