{"id":12202,"date":"2025-07-01T18:49:12","date_gmt":"2025-07-01T16:49:12","guid":{"rendered":"https:\/\/www.musical-today.de\/?p=12202"},"modified":"2025-07-01T18:49:47","modified_gmt":"2025-07-01T16:49:47","slug":"magdeburg-the-addams-family","status":"publish","type":"post","link":"https:\/\/www.musical-today.de\/en\/magdeburg-the-addams-family\/","title":{"rendered":"The Addams Family"},"content":{"rendered":"<div class=\"lets-info-up-wrap  lets-info-up--right lets-info-up--m-1 lets-info-up-skin-3 lets-info-up--side lets-info-up-26884\" style=\"background:#fafafa; color: #616161\">\t\t\t<div class=\"lets-info-up\">\r\n\t\t\t<div class=\"lets-info-up-fi\"><img decoding=\"async\" width=\"500\" height=\"333\" src=\"https:\/\/www.musical-today.de\/wp-content\/uploads\/2024\/01\/qi-addons-for-elementor-placeholder-500x333.png\" class=\"attachment-lets-info-up-d1 size-lets-info-up-d1\" alt=\"|\" srcset=\"https:\/\/www.musical-today.de\/wp-content\/uploads\/2024\/01\/qi-addons-for-elementor-placeholder-500x333.png 500w, https:\/\/www.musical-today.de\/wp-content\/uploads\/2024\/01\/qi-addons-for-elementor-placeholder-300x200.png 300w, https:\/\/www.musical-today.de\/wp-content\/uploads\/2024\/01\/qi-addons-for-elementor-placeholder-1024x683.png 1024w, https:\/\/www.musical-today.de\/wp-content\/uploads\/2024\/01\/qi-addons-for-elementor-placeholder-883x589.png 883w, https:\/\/www.musical-today.de\/wp-content\/uploads\/2024\/01\/qi-addons-for-elementor-placeholder-18x12.png 18w, https:\/\/www.musical-today.de\/wp-content\/uploads\/2024\/01\/qi-addons-for-elementor-placeholder-360x240.png 360w, https:\/\/www.musical-today.de\/wp-content\/uploads\/2024\/01\/qi-addons-for-elementor-placeholder-1155x770.png 1155w, https:\/\/www.musical-today.de\/wp-content\/uploads\/2024\/01\/qi-addons-for-elementor-placeholder-370x247.png 370w, https:\/\/www.musical-today.de\/wp-content\/uploads\/2024\/01\/qi-addons-for-elementor-placeholder-770x513.png 770w, https:\/\/www.musical-today.de\/wp-content\/uploads\/2024\/01\/qi-addons-for-elementor-placeholder-293x195.png 293w, https:\/\/www.musical-today.de\/wp-content\/uploads\/2024\/01\/qi-addons-for-elementor-placeholder-120x80.png 120w, https:\/\/www.musical-today.de\/wp-content\/uploads\/2024\/01\/qi-addons-for-elementor-placeholder-240x160.png 240w, https:\/\/www.musical-today.de\/wp-content\/uploads\/2024\/01\/qi-addons-for-elementor-placeholder-390x260.png 390w, https:\/\/www.musical-today.de\/wp-content\/uploads\/2024\/01\/qi-addons-for-elementor-placeholder.png 1200w\" sizes=\"(max-width: 500px) 100vw, 500px\" title=\"\"><\/div>\t\t\t<div class=\"lets-info-up-block-wrap\">\r\n\t\t\t\t<div class=\"lets-info-up-block lets-info-up-meta-block\"><div class=\"lets-info-up-meta-title lets-info-up-pretitle font-h\" style=\"color: #8c6d18;\">oRT<\/div><div class=\"lets-info-up-meta-content lets-info-up-title font-b\">Theater Magdeburg (DomplatzOpenAir)<\/div><\/div><div class=\"lets-info-up-block lets-info-up-meta-block\"><div class=\"lets-info-up-meta-title lets-info-up-pretitle font-h\" style=\"color: #8c6d18;\">von<\/div><div class=\"lets-info-up-meta-content lets-info-up-title font-b\">Andrew Lippa (Musik)<br>Marhsall Brickman &amp; Rick Elice (Buch)<\/div><\/div><div class=\"lets-info-up-block lets-info-up-meta-block\"><div class=\"lets-info-up-meta-title lets-info-up-pretitle font-h\" style=\"color: #8c6d18;\">Regie<\/div><div class=\"lets-info-up-meta-content lets-info-up-title font-b\">Felix Seiler<\/div><\/div><div class=\"lets-info-up-block lets-info-up-meta-block\"><div class=\"lets-info-up-meta-title lets-info-up-pretitle font-h\" style=\"color: #8c6d18;\">Urauff\u00fchrunG<\/div><div class=\"lets-info-up-meta-content lets-info-up-title font-b\">2009<\/div><\/div><div class=\"lets-info-up-block lets-info-up-meta-block\"><div class=\"lets-info-up-meta-title lets-info-up-pretitle font-h\" style=\"color: #8c6d18;\">INFOS<\/div><div class=\"lets-info-up-meta-content lets-info-up-title font-b\"><a href=\"https:\/\/www.theater-magdeburg.de\/inszenierungen\/musiktheater\/sz-20242025\/premiere-2425\/the-addams-family\" target=\"_blank\" rel=\"noopener noreferrer nofollow\">www.theater-magdeburg.de<\/a><\/div><\/div>\t\t\t<\/div>\r\n\t\t\t<\/div>\r\n\t\t<\/div>\r\n\t\t\n\n\n<p><strong><strong>\u201eThe Addams Family\u201c open-air auf dem Domplatz<\/strong><\/strong><\/p>\n\n\n\n<p>Comicstrip mit Kultstatus, das schafft die skurril schr\u00e4ge Addams Family seit Jahrzehnten: als Print-Version, TV-Serie oder inzwischen in gelungener Musical-Verpackung. 1938 begann die Erfolgsstory im Magazin \u201eThe New Yorker\u201c, kreiert von Cartoonist Charles Addams. Der skizzierte die Abenteuer um Oberhaupt Gomez. In den 60er Jahren fand das amerikanische Fernsehen mit internationaler Verbreitung erheblichen Gefallen am Plot, es folgten weitere Film- und B\u00fchnenversionen. Eigentlich verbreitet der Stoff puren Nonsens, w\u00e4ren da nicht Parallelen zum wahren Leben und die dramaturgisch pfiffige Mischung aus Horror, Kom\u00f6die und Anz\u00fcglichkeiten. F\u00fcr den Broadway nahmen sich Andrew Lippa (Musik, Liedtexte) sowie die Autoren Marshall Brickman und Rick Elise der am\u00fcsant-gruseligen Sache an und landeten ebenfalls einen Hit, der nun open-air auf dem Domplatz als Inszenierung des Magdeburger Theaters mit toller Cast einen ausgelassenen, deftigen, schaurig sch\u00f6nen und komplett ausverkauften Sommerspa\u00df verspricht.<\/p>\n\n\n<div  class=\"tpgb-wrap-956d14_12202  tpgb-wrap-fw \"  ><div id=\"956d14_12202\" class=\"tpgb-block-956d14_12202 tpgb-relative-block tpgb-gallery-list tpgb-metro gallery-style-2 hover-image-style-1   \" data-style=\"style-2\" data-id=\"956d14_12202\" data-layout=\"metro\" data-fancy-option='{\"loop\":false,\"thumb\":\"no\",\"infobar\":true,\"arrows\":true,\"transitionEffect\":\"slide\",\"button\":[\"close\"]}' data-splide='\"\"' data-metroAttr= '{\"metro_col\":3,\"tab_metro_col\":3,\"mobile_metro_col\":3,\"metro_style\":\"style-1\",\"tab_metro_style\":\"style-1\",\"mobile_metro_style\":\"style-1\"}' ><div class=\"tpgb-row post-loop-inner \"><div class=\"grid-item metro-item-0    tpgb-metro-1  tpgb-tab-metro-1  tpgb-mobile-metro-1 \"><a href=\"https:\/\/www.musical-today.de\/wp-content\/uploads\/2025\/07\/12_TM_The_Addams_Family_Bettina_Moench__Ensemble_Theater_Magdeburg_HPK_291_c_Andreas_Lander-scaled.jpg\" class=\"tpgb-gallery-list-content tpgb-trans-easeinout\" data-fancybox=\"956d14_12202\" data-caption=\"Foto: Andreas Lander\" aria-label=\"Foto: Andreas Lander\"><div class=\"post-content-image\"><div class=\"tpgb-metro-gallery-image\" style=\"background: url(https:\/\/www.musical-today.de\/wp-content\/uploads\/2025\/07\/12_TM_The_Addams_Family_Bettina_Moench__Ensemble_Theater_Magdeburg_HPK_291_c_Andreas_Lander-scaled.jpg);\"><\/div><\/div><div class=\"post-content-center\"><div class=\"post-zoom-icon\"><div class=\"meta-search-icon\"><span><img decoding=\"async\" class=\"fancy-img\" src=\"https:\/\/www.musical-today.de\/wp-content\/uploads\/2025\/07\/12_TM_The_Addams_Family_Bettina_Moench__Ensemble_Theater_Magdeburg_HPK_291_c_Andreas_Lander-scaled.jpg\" alt=\"Media Image1\" title=\"\"><i class=\"fas fa-search-plus pop-icon\"><\/i><\/span><\/div><\/div><div class=\"post-content-bottom\"><p class=\"post-title tpgb-trans-easeinout\">Foto: Andreas Lander<\/p><\/div><\/div><\/a><\/div><div class=\"grid-item metro-item-1    tpgb-metro-2  tpgb-tab-metro-2  tpgb-mobile-metro-2 \"><a href=\"https:\/\/www.musical-today.de\/wp-content\/uploads\/2025\/07\/06_TM_The_Addams_Family_Sandra_Leitner__Luisa_Meloni_HPO_087_c_Andreas_Lander-scaled.jpg\" class=\"tpgb-gallery-list-content tpgb-trans-easeinout\" data-fancybox=\"956d14_12202\" data-caption=\"Foto: Andreas Lander\" aria-label=\"Foto: Andreas Lander\"><div class=\"post-content-image\"><div class=\"tpgb-metro-gallery-image\" style=\"background: url(https:\/\/www.musical-today.de\/wp-content\/uploads\/2025\/07\/06_TM_The_Addams_Family_Sandra_Leitner__Luisa_Meloni_HPO_087_c_Andreas_Lander-scaled.jpg);\"><\/div><\/div><div class=\"post-content-center\"><div class=\"post-zoom-icon\"><div class=\"meta-search-icon\"><span><img decoding=\"async\" class=\"fancy-img\" src=\"https:\/\/www.musical-today.de\/wp-content\/uploads\/2025\/07\/06_TM_The_Addams_Family_Sandra_Leitner__Luisa_Meloni_HPO_087_c_Andreas_Lander-scaled.jpg\" alt=\"Media Image2\" title=\"\"><i class=\"fas fa-search-plus pop-icon\"><\/i><\/span><\/div><\/div><div class=\"post-content-bottom\"><p class=\"post-title tpgb-trans-easeinout\">Foto: Andreas Lander<\/p><\/div><\/div><\/a><\/div><div class=\"grid-item metro-item-2    tpgb-metro-3  tpgb-tab-metro-3  tpgb-mobile-metro-3 \"><a href=\"https:\/\/www.musical-today.de\/wp-content\/uploads\/2025\/07\/04_TM_The_Addams_Family_Mathias_Schlung__Opernchor_Theater_Magdeburg_HPO_042_c_Andreas_Lander-scaled.jpg\" class=\"tpgb-gallery-list-content tpgb-trans-easeinout\" data-fancybox=\"956d14_12202\" data-caption=\"Foto: Andreas Lander\" aria-label=\"Foto: Andreas Lander\"><div class=\"post-content-image\"><div class=\"tpgb-metro-gallery-image\" style=\"background: url(https:\/\/www.musical-today.de\/wp-content\/uploads\/2025\/07\/04_TM_The_Addams_Family_Mathias_Schlung__Opernchor_Theater_Magdeburg_HPO_042_c_Andreas_Lander-scaled.jpg);\"><\/div><\/div><div class=\"post-content-center\"><div class=\"post-zoom-icon\"><div class=\"meta-search-icon\"><span><img decoding=\"async\" class=\"fancy-img\" src=\"https:\/\/www.musical-today.de\/wp-content\/uploads\/2025\/07\/04_TM_The_Addams_Family_Mathias_Schlung__Opernchor_Theater_Magdeburg_HPO_042_c_Andreas_Lander-scaled.jpg\" alt=\"Media Image3\" title=\"\"><i class=\"fas fa-search-plus pop-icon\"><\/i><\/span><\/div><\/div><div class=\"post-content-bottom\"><p class=\"post-title tpgb-trans-easeinout\">Foto: Andreas Lander<\/p><\/div><\/div><\/a><\/div><\/div><\/div><\/div>\n\n\n<p>Im Gegensatz zu manch anderen Freilichtauff\u00fchrungen wird hier richtig geklotzt. Allein das B\u00fchnenbild von Darko Petrovic erweist sich als optische Reizflut mit Lichteffekten (Design: Ingo Joo\u00df) und satten Farben, bevorzugt Schwarz, Blau und Knallrot. Mehrere Treppen und etliche perfekt passende Accessoires vom Sarg \u00fcber Grabsteine bis zur Riesenspinne bringen die Augen fast pausenlos in Wallung. \u00c4hnliches gilt f\u00fcr Kost\u00fcme (Linda Schnabel) und Maske: \u00fcberbordende Fantasie trifft auf schrilles Make-up. So funktioniert das Musical am besten, ohne psychologische Studien oder sozialkritisches Beiwerk. Es geht um reinstes Vergn\u00fcgen, und das ist garantiert.<\/p>\n\n\n\n<p>Was zun\u00e4chst an der Regie liegt. Felix Seiler versteht sein Fach, mobilisiert den Apparat vom ersten Moment an, mei\u00dfelt aus Charakteren k\u00f6stlich verwegene Karikaturen, \u00fcberdreht das Ganze bis zum Siedepunkt und gibt dem Spooky-Affen jede Menge S\u00fc\u00dfstoff. Danny Costellos wirbelnde Choreografie grundiert die Lesart mit einem verbl\u00fcffenden, staunenswerten, oft atemberaubenden Bewegungsvokabular, besonders beim Hand-Ballett im Song \u201eSag die Wahrheit\u201c. Was die beiden kongenial schaffen, befl\u00fcgelt auch die alternierenden Dirigenten Pawe\u0142 Pop\u0142awski\/Davide Rinaldi samt Magdeburger Philharmonie, die derart munter aufspielt, als sei der \u00fcbliche Einsatzort nicht das Opernhaus, sondern der Broadway.<\/p>\n\n\n\n<p>\u201eThe Addams Family\u201c erweist sich als Mischung aus \u201eRocky Horror Show\u201c und \u201eLa Cage aux Folles\u201c: Die spie\u00dfigen Beinekes mit Kleinstadt-Domizil treffen auf die Addams-Freaks, die einen New Yorker Totenacker bewohnen. Provinz und Metropole, das allein wirft schon Probleme auf, im konkreten Fall nat\u00fcrlich noch mehr. Zwischen Streckbank, Pyro-Effekten und morbider Atmosph\u00e4re entspinnt sich ein \u00fcberdrehter Klamauk mit Gothic-Flair, Slapstick, Nebel und dem ber\u00fchmten Eiskalten H\u00e4ndchen inklusive. Herrlich, wenn die biedere Alice (Veronika H\u00f6rmann) pl\u00f6tzlich hysterisch intimste Emotionen offenbart und Ehemann Mal (Fehmi G\u00f6kl\u00fc) knallhart d\u00fcpiert, die schrullige Grandma (April Hailer, im Wechsel mit Lucia Reinhard) ein teuflisches S\u00fcppchen bereitet, der Rollschuh fahrende, grummelig-wortkarge Butler Lurch (Matthias Knaab) final doch singen kann (\u201eTauch ab ins Dunkel\u201c) oder Pugsley (Luisa Meloni) sich unter Starkstrom verlustiert. Zwischen Friedhof und Folterkammer tobt sich das hinrei\u00dfend besetzte Ensemble mit prallster Leidenschaft und Exzentrik zu rockig-lateinamerikanischen Rhythmen aus.<\/p>\n\n\n\n<p>Enrico De Pieri ist Gomez mit den Attit\u00fcden eines italienischen Kn\u00f6deltenors, Bettina M\u00f6nch dessen Gemahlin Morticia als erotischer Vulkan in lasziver Robe, Sandra Leitner die einst nekrophile, nun b\u00fcrgerlich mutierte Tochter Wednesday, Tobias Joch (alternierend mit Lukas Witzel) gef\u00e4llt als unbeholfener Lucas Beineke und Mathias Schlung schlurft als mondverliebter Onkel Fester verwegen androgyn durch die Handlung. Die opulente Produktion marschiert schnurstracks auf den Olymp, mehr Musical geht kaum. Tosender Beifall f\u00fcr alle Beteiligten.<\/p>\n\n\n\n<hr class=\"wp-block-separator has-alpha-channel-opacity is-style-dots\"\/>\n\n\n\n<p class=\"has-small-font-size\">Musikalische Leitung: Pawe\u0142 Pop\u0142awski \u2022 Regie: Felix Seiler \u2022 Choreografie: Danny Costello \u2022 B\u00fchne: Darko Petrovic \u2022 Kost\u00fcme: Linda Schnabel \u2022 Licht: Ingo Joo\u00df \u2022 Mit: Enrico De Pieri (Gomez Addams), Bettina M\u00f6nch (Morticia Addams), Mathias Schlung (Onkel Fester), April Hailer (Grandma), Sandra Leitner (Wednesday Addams), Luisa Meloni (Pugsley Addams), Matthias Knaab (Lurch), Fehmi G\u00f6kl\u00fc (Mal Beineke), Veronika H\u00f6rmann (Alice Beineke) , Tobias Joch (Lucas Beineke) \u2022 Opernchor und Ballett des Theaters Magdeburg \u00a0\u2022 Magdeburgische Philharmonie<br><br>Aufmacherfoto: Andreas Lander<\/p>\n","protected":false},"excerpt":{"rendered":"<p>\u201eThe Addams Family\u201c open-air auf dem Domplatz Comicstrip mit Kultstatus, das schafft die skurril schr\u00e4ge Addams Family seit Jahrzehnten: als Print-Version, TV-Serie oder inzwischen in gelungener Musical-Verpackung. 1938 begann die Erfolgsstory im Magazin \u201eThe New Yorker\u201c, kreiert von Cartoonist Charles Addams. Der skizzierte die Abenteuer um Oberhaupt Gomez. In den 60er Jahren fand das amerikanische Fernsehen mit internationaler Verbreitung erheblichen Gefallen am Plot, es folgten weitere Film- und B\u00fchnenversionen. Eigentlich verbreitet der Stoff puren Nonsens, w\u00e4ren da nicht Parallelen zum [&hellip;]<\/p>\n","protected":false},"author":4,"featured_media":12195,"comment_status":"closed","ping_status":"closed","sticky":false,"template":"","format":"standard","meta":{"tpgb_global_settings":"","footnotes":""},"categories":[163],"tags":[],"class_list":["post-12202","post","type-post","status-publish","format-standard","has-post-thumbnail","hentry","category-magdeburg"],"tpgb_featured_images":{"full":["https:\/\/www.musical-today.de\/wp-content\/uploads\/2025\/07\/11_TM_The_Addams_Family_April_Hailer__Statisterie_HPK_207_c_Andreas_Lander-scaled.jpg",2560,1707,false],"tp-image-grid":["https:\/\/www.musical-today.de\/wp-content\/uploads\/2025\/07\/11_TM_The_Addams_Family_April_Hailer__Statisterie_HPK_207_c_Andreas_Lander-700x700.jpg",700,700,true],"thumbnail":["https:\/\/www.musical-today.de\/wp-content\/uploads\/2025\/07\/11_TM_The_Addams_Family_April_Hailer__Statisterie_HPK_207_c_Andreas_Lander-600x400.jpg",600,400,true],"medium":["https:\/\/www.musical-today.de\/wp-content\/uploads\/2025\/07\/11_TM_The_Addams_Family_April_Hailer__Statisterie_HPK_207_c_Andreas_Lander-1200x800.jpg",1200,800,true],"medium_large":["https:\/\/www.musical-today.de\/wp-content\/uploads\/2025\/07\/11_TM_The_Addams_Family_April_Hailer__Statisterie_HPK_207_c_Andreas_Lander-770x513.jpg",770,513,true],"large":["https:\/\/www.musical-today.de\/wp-content\/uploads\/2025\/07\/11_TM_The_Addams_Family_April_Hailer__Statisterie_HPK_207_c_Andreas_Lander-1920x1280.jpg",1139,759,true],"default":"https:\/\/www.musical-today.de\/wp-content\/plugins\/the-plus-addons-for-block-editor\/assets\/images\/tpgb-placeholder.jpg"},"tpgb_post_meta_info":{"get_date":"01.07.2025","get_modified_date":"01.07.2025","category_list":{"category":[{"term_id":163,"name":"Magdeburg","slug":"magdeburg","term_group":0,"term_taxonomy_id":163,"taxonomy":"category","description":"","parent":19,"count":4,"filter":"raw","term_order":"64"}],"post_tag":false,"post_format":false},"author_name":"J\u00fcrgen Rickert","author_url":"https:\/\/www.musical-today.de\/en\/autor\/juergenrickert\/","author_email":"maail@valentinboesing.de","author_website":"","author_description":"Redakteur, Journalist, PR-Manager, P\u00e4dagoge. Arbeit in s\u00e4mtlichen Medien, mit Schwerpunkt Musiktheater-Rezensionen. Mitinitiator verschiedener internationaler Formate der UNESCO wie Euro-Arabischer Dialog, Deutsch-Afrikanische Jugendakademie, Climate Action Network. Dramaturgie und Produktionsleitung, z. B. \"Wohin gehst Du\" (Tanzprojekt), \"Gelbe Ohrfeigen\" (ARTE), Entwicklung des mehrfach interkontinental durchgef\u00fchrten Konzepts \"From Head to Heart\" mit szenischen Installationen.","author_facebook":"","author_twitter":"","author_instagram":"","author_role":["redakteur","author","editor","redaktionsteam"],"author_firstname":"J\u00fcrgen","author_lastname":"Rickert","user_login":"hjr","author_avatar":"<img src=\"https:\/\/www.musical-today.de\/wp-content\/uploads\/2024\/01\/cropped-Bildschirmfoto-2024-01-21-um-09.35.54-293x293.jpeg\" width=\"200\" height=\"200\" alt=\"J\u00fcrgen Rickert\" class=\"avatar avatar-200 wp-user-avatar wp-user-avatar-200 alignnone photo\" \/>","author_avatar_url":"https:\/\/www.musical-today.de\/wp-content\/uploads\/2024\/01\/cropped-Bildschirmfoto-2024-01-21-um-09.35.54.jpeg","comment_count":0,"post_likes":0,"post_views":0},"tpgb_post_category":{"category":"<a href=\"https:\/\/www.musical-today.de\/en\/deutschland\/magdeburg\/\" alt=\"Magdeburg\"  class=\"category-magdeburg\">Magdeburg<\/a> "},"_links":{"self":[{"href":"https:\/\/www.musical-today.de\/en\/wp-json\/wp\/v2\/posts\/12202","targetHints":{"allow":["GET"]}}],"collection":[{"href":"https:\/\/www.musical-today.de\/en\/wp-json\/wp\/v2\/posts"}],"about":[{"href":"https:\/\/www.musical-today.de\/en\/wp-json\/wp\/v2\/types\/post"}],"author":[{"embeddable":true,"href":"https:\/\/www.musical-today.de\/en\/wp-json\/wp\/v2\/users\/4"}],"replies":[{"embeddable":true,"href":"https:\/\/www.musical-today.de\/en\/wp-json\/wp\/v2\/comments?post=12202"}],"version-history":[{"count":0,"href":"https:\/\/www.musical-today.de\/en\/wp-json\/wp\/v2\/posts\/12202\/revisions"}],"wp:featuredmedia":[{"embeddable":true,"href":"https:\/\/www.musical-today.de\/en\/wp-json\/wp\/v2\/media\/12195"}],"wp:attachment":[{"href":"https:\/\/www.musical-today.de\/en\/wp-json\/wp\/v2\/media?parent=12202"}],"wp:term":[{"taxonomy":"category","embeddable":true,"href":"https:\/\/www.musical-today.de\/en\/wp-json\/wp\/v2\/categories?post=12202"},{"taxonomy":"post_tag","embeddable":true,"href":"https:\/\/www.musical-today.de\/en\/wp-json\/wp\/v2\/tags?post=12202"}],"curies":[{"name":"wp","href":"https:\/\/api.w.org\/{rel}","templated":true}]}}