{"id":12207,"date":"2025-07-03T20:50:59","date_gmt":"2025-07-03T18:50:59","guid":{"rendered":"https:\/\/www.musical-today.de\/?p=12207"},"modified":"2025-07-03T20:51:19","modified_gmt":"2025-07-03T18:51:19","slug":"fuessen-die-weisse-rose","status":"publish","type":"post","link":"https:\/\/www.musical-today.de\/en\/fuessen-die-weisse-rose\/","title":{"rendered":"Die Wei\u00dfe Rose"},"content":{"rendered":"<div class=\"lets-info-up-wrap  lets-info-up--right lets-info-up--m-1 lets-info-up-skin-3 lets-info-up--side lets-info-up-21872\" style=\"background:#fafafa; color: #616161\">\t\t\t<div class=\"lets-info-up\">\r\n\t\t\t<div class=\"lets-info-up-fi\"><img decoding=\"async\" width=\"500\" height=\"333\" src=\"https:\/\/www.musical-today.de\/wp-content\/uploads\/2024\/01\/qi-addons-for-elementor-placeholder-500x333.png\" class=\"attachment-lets-info-up-d1 size-lets-info-up-d1\" alt=\"|\" srcset=\"https:\/\/www.musical-today.de\/wp-content\/uploads\/2024\/01\/qi-addons-for-elementor-placeholder-500x333.png 500w, https:\/\/www.musical-today.de\/wp-content\/uploads\/2024\/01\/qi-addons-for-elementor-placeholder-300x200.png 300w, https:\/\/www.musical-today.de\/wp-content\/uploads\/2024\/01\/qi-addons-for-elementor-placeholder-1024x683.png 1024w, https:\/\/www.musical-today.de\/wp-content\/uploads\/2024\/01\/qi-addons-for-elementor-placeholder-883x589.png 883w, https:\/\/www.musical-today.de\/wp-content\/uploads\/2024\/01\/qi-addons-for-elementor-placeholder-18x12.png 18w, https:\/\/www.musical-today.de\/wp-content\/uploads\/2024\/01\/qi-addons-for-elementor-placeholder-360x240.png 360w, https:\/\/www.musical-today.de\/wp-content\/uploads\/2024\/01\/qi-addons-for-elementor-placeholder-1155x770.png 1155w, https:\/\/www.musical-today.de\/wp-content\/uploads\/2024\/01\/qi-addons-for-elementor-placeholder-370x247.png 370w, https:\/\/www.musical-today.de\/wp-content\/uploads\/2024\/01\/qi-addons-for-elementor-placeholder-770x513.png 770w, https:\/\/www.musical-today.de\/wp-content\/uploads\/2024\/01\/qi-addons-for-elementor-placeholder-293x195.png 293w, https:\/\/www.musical-today.de\/wp-content\/uploads\/2024\/01\/qi-addons-for-elementor-placeholder-120x80.png 120w, https:\/\/www.musical-today.de\/wp-content\/uploads\/2024\/01\/qi-addons-for-elementor-placeholder-240x160.png 240w, https:\/\/www.musical-today.de\/wp-content\/uploads\/2024\/01\/qi-addons-for-elementor-placeholder-390x260.png 390w, https:\/\/www.musical-today.de\/wp-content\/uploads\/2024\/01\/qi-addons-for-elementor-placeholder.png 1200w\" sizes=\"(max-width: 500px) 100vw, 500px\" title=\"\"><\/div>\t\t\t<div class=\"lets-info-up-block-wrap\">\r\n\t\t\t\t<div class=\"lets-info-up-block lets-info-up-meta-block\"><div class=\"lets-info-up-meta-title lets-info-up-pretitle font-h\" style=\"color: #8c6d18;\">oRT<\/div><div class=\"lets-info-up-meta-content lets-info-up-title font-b\">Festspielhaus Neuschwanstein (F\u00fcssen)<\/div><\/div><div class=\"lets-info-up-block lets-info-up-meta-block\"><div class=\"lets-info-up-meta-title lets-info-up-pretitle font-h\" style=\"color: #8c6d18;\">von<\/div><div class=\"lets-info-up-meta-content lets-info-up-title font-b\">Vera Bolten (Buch und Liedtexte)<br>Alex Melcher (Musik, Liedtexte und Arrangements)<\/div><\/div><div class=\"lets-info-up-block lets-info-up-meta-block\"><div class=\"lets-info-up-meta-title lets-info-up-pretitle font-h\" style=\"color: #8c6d18;\">Regie<\/div><div class=\"lets-info-up-meta-content lets-info-up-title font-b\">Vera Bolten<\/div><\/div><div class=\"lets-info-up-block lets-info-up-meta-block\"><div class=\"lets-info-up-meta-title lets-info-up-pretitle font-h\" style=\"color: #8c6d18;\">Urauff\u00fchrung<\/div><div class=\"lets-info-up-meta-content lets-info-up-title font-b\">2025<\/div><\/div><div class=\"lets-info-up-block lets-info-up-meta-block\"><div class=\"lets-info-up-meta-title lets-info-up-pretitle font-h\" style=\"color: #8c6d18;\">INFOS<\/div><div class=\"lets-info-up-meta-content lets-info-up-title font-b\"><a href=\"https:\/\/das-festspielhaus.de\/programm\/die-weisse-rose\" target=\"_blank\" rel=\"noopener noreferrer nofollow\">www.das-festspielhaus.de<\/a><br><a href=\"https:\/\/www.deutsches-theater.de\/die-weisse-rose\" target=\"_blank\" rel=\"noopener noreferrer nofollow\">www.deutsches-theater.de<\/a><\/div><\/div>\t\t\t<\/div>\r\n\t\t\t<\/div>\r\n\t\t<\/div>\r\n\t\t\n\n\n<p><strong>\u201eDie Wei\u00dfe Rose\u201c setzt Musical-Ma\u00dfst\u00e4be<\/strong><\/p>\n\n\n\n<p>Die \u201eWei\u00dfe Rose\u201c als Musical? Kann das gut gehen? Wenn man es macht wie Alex Melcher und Vera Bolten, dann unbedingt. Sechs Jahre haben die beiden an dem Stoff gearbeitet, das Ergebnis ist eine beeindruckende Symbiose aus Originaltexten, historischer Aufarbeitung und \u201eheutiger\u201c Musik, die dem Geschehen einen schonungslos aktuellen Spiegel vorh\u00e4lt. Musiktheater vom Allerfeinsten ist das, was Bolten, die neben dem Buch auch f\u00fcr die Regie verantwortlich zeichnet, auf die minimalistisch-schwarze, fast leere F\u00fcssener Riesenb\u00fchne stellt. Dass man trotzdem zu keiner Zeit den Eindruck hat, dass sie zu gro\u00df ist, zeugt auch von der Qualit\u00e4t der Darstellerinnen und Darsteller: Pr\u00e4senz statt Opulenz.<\/p>\n\n\n\n<p>Erz\u00e4hlt wird die Geschichte der Mitglieder der \u201eWei\u00dfen Rose\u201c ab 1934, ihre Wandlung von gl\u00fchenden Hitler-Anh\u00e4ngern zu mutigen Widerst\u00e4ndlern, deren Freiheitsdrang und Gerechtigkeitssinn selbst unter Lebensgefahr nicht zu unterdr\u00fccken ist. Dabei gelingt dieser Musicalfassung eine emotionale N\u00e4he zu den Protagonisten, die selbst der gleichnamige Erfolgs-Kinofilm von 1982 nicht herstellen konnte. Melchers Musik ordnet sich dem Stoff auf gewisse Weise zwar unter, treibt die Handlung aber gleichzeitig voran und schafft eine subtile, eigene Erz\u00e4hl- und Emotionsebene. Bach-Kl\u00e4nge mischen sich ganz selbstverst\u00e4ndlich mit Rocksongs, Walzersequenzen mit Musicalballaden. Eine Musik, die erfreulicherweise nicht vom Band kommt, sondern von einer siebenk\u00f6pfigen Liveband \u2013 mal mehr, mal weniger sichtbar auf der B\u00fchne platziert. Sie bedient eine zeitlose Klangsprache: passend zur zeitlos-aktuellen Geschichte \u00fcber Menschen, die mit Mut, Verantwortung und Leidenschaft f\u00fcr ihre Werte einstehen.<\/p>\n\n\n<div  class=\"tpgb-wrap-956d14_12207  tpgb-wrap-fw \"  ><div id=\"956d14_12207\" class=\"tpgb-block-956d14_12207 tpgb-relative-block tpgb-gallery-list tpgb-metro gallery-style-2 hover-image-style-1   \" data-style=\"style-2\" data-id=\"956d14_12207\" data-layout=\"metro\" data-fancy-option='{\"loop\":false,\"thumb\":\"no\",\"infobar\":true,\"arrows\":true,\"transitionEffect\":\"slide\",\"button\":[\"close\"]}' data-splide='\"\"' data-metroAttr= '{\"metro_col\":3,\"tab_metro_col\":3,\"mobile_metro_col\":3,\"metro_style\":\"style-1\",\"tab_metro_style\":\"style-1\",\"mobile_metro_style\":\"style-1\"}' ><div class=\"tpgb-row post-loop-inner \"><div class=\"grid-item metro-item-0    tpgb-metro-1  tpgb-tab-metro-1  tpgb-mobile-metro-1 \"><a href=\"https:\/\/www.musical-today.de\/wp-content\/uploads\/2025\/07\/Cast3-Foto_JonasMelcher-min-scaled.jpg\" class=\"tpgb-gallery-list-content tpgb-trans-easeinout\" data-fancybox=\"956d14_12207\" data-caption=\"Foto: Jonas Melcher\" aria-label=\"Foto: Jonas Melcher\"><div class=\"post-content-image\"><div class=\"tpgb-metro-gallery-image\" style=\"background: url(https:\/\/www.musical-today.de\/wp-content\/uploads\/2025\/07\/Cast3-Foto_JonasMelcher-min-scaled.jpg);\"><\/div><\/div><div class=\"post-content-center\"><div class=\"post-zoom-icon\"><div class=\"meta-search-icon\"><span><img decoding=\"async\" class=\"fancy-img\" src=\"https:\/\/www.musical-today.de\/wp-content\/uploads\/2025\/07\/Cast3-Foto_JonasMelcher-min-scaled.jpg\" alt=\"Media Image1\" title=\"\"><i class=\"fas fa-search-plus pop-icon\"><\/i><\/span><\/div><\/div><div class=\"post-content-bottom\"><p class=\"post-title tpgb-trans-easeinout\">Foto: Jonas Melcher<\/p><\/div><\/div><\/a><\/div><div class=\"grid-item metro-item-1    tpgb-metro-2  tpgb-tab-metro-2  tpgb-mobile-metro-2 \"><a href=\"https:\/\/www.musical-today.de\/wp-content\/uploads\/2025\/07\/295-DWR_Festspielhaus-Neuschwanstein_Michael-Boehmlaender_29-06-2025-Datei-5123-scaled.jpg\" class=\"tpgb-gallery-list-content tpgb-trans-easeinout\" data-fancybox=\"956d14_12207\" data-caption=\"Foto: Michael B\u00f6hml\u00e4nder\" aria-label=\"Foto: Michael B\u00f6hml\u00e4nder\"><div class=\"post-content-image\"><div class=\"tpgb-metro-gallery-image\" style=\"background: url(https:\/\/www.musical-today.de\/wp-content\/uploads\/2025\/07\/295-DWR_Festspielhaus-Neuschwanstein_Michael-Boehmlaender_29-06-2025-Datei-5123-scaled.jpg);\"><\/div><\/div><div class=\"post-content-center\"><div class=\"post-zoom-icon\"><div class=\"meta-search-icon\"><span><img decoding=\"async\" class=\"fancy-img\" src=\"https:\/\/www.musical-today.de\/wp-content\/uploads\/2025\/07\/295-DWR_Festspielhaus-Neuschwanstein_Michael-Boehmlaender_29-06-2025-Datei-5123-scaled.jpg\" alt=\"Media Image2\" title=\"\"><i class=\"fas fa-search-plus pop-icon\"><\/i><\/span><\/div><\/div><div class=\"post-content-bottom\"><p class=\"post-title tpgb-trans-easeinout\">Foto: Michael B\u00f6hml\u00e4nder<\/p><\/div><\/div><\/a><\/div><div class=\"grid-item metro-item-2    tpgb-metro-3  tpgb-tab-metro-3  tpgb-mobile-metro-3 \"><a href=\"https:\/\/www.musical-today.de\/wp-content\/uploads\/2025\/07\/270-DWR_Festspielhaus-Neuschwanstein_Michael-Boehmlaender_29-06-2025-Datei-4986-scaled.jpg\" class=\"tpgb-gallery-list-content tpgb-trans-easeinout\" data-fancybox=\"956d14_12207\" data-caption=\"Foto: Michael B\u00f6hml\u00e4nder\" aria-label=\"Foto: Michael B\u00f6hml\u00e4nder\"><div class=\"post-content-image\"><div class=\"tpgb-metro-gallery-image\" style=\"background: url(https:\/\/www.musical-today.de\/wp-content\/uploads\/2025\/07\/270-DWR_Festspielhaus-Neuschwanstein_Michael-Boehmlaender_29-06-2025-Datei-4986-scaled.jpg);\"><\/div><\/div><div class=\"post-content-center\"><div class=\"post-zoom-icon\"><div class=\"meta-search-icon\"><span><img decoding=\"async\" class=\"fancy-img\" src=\"https:\/\/www.musical-today.de\/wp-content\/uploads\/2025\/07\/270-DWR_Festspielhaus-Neuschwanstein_Michael-Boehmlaender_29-06-2025-Datei-4986-scaled.jpg\" alt=\"Media Image3\" title=\"\"><i class=\"fas fa-search-plus pop-icon\"><\/i><\/span><\/div><\/div><div class=\"post-content-bottom\"><p class=\"post-title tpgb-trans-easeinout\">Foto: Michael B\u00f6hml\u00e4nder<\/p><\/div><\/div><\/a><\/div><\/div><\/div><\/div>\n\n\n<p>Dass man in dieser Produktion sprichw\u00f6rtlich \u201ealle sinnlichen Register zieht\u201c, demonstriert auch das B\u00fchnenbild, das eigentlich keines ist, sondern visualisierte Illustrationen (Jens Hahn) von Zeichnungen Sophie Scholls, die eine weitere Facette ihrer Pers\u00f6nlichkeit zeigen. Unbedingt erw\u00e4hnenswert sind auch die bezaubernden Musik-gewordenen \u201eBriefwechsel\u201c zwischen Sophie und ihrem Freund Fritz Hartnagel, die Bolten und Melcher immer wieder klug in die Handlung einstreuen.<\/p>\n\n\n\n<p>Aber was ist bei dieser Produktion eigentlich nicht gro\u00dfartig? Auch Boltens Personenregie, die in weiten Teilen eine Gruppenchoreografie ist, zahlt auf die eine, gro\u00dfe Idee ein: Hier wie damals ist die Gruppe der \u201eStar\u201c. Ein Motor, den die Darsteller ganz offensichtlich zum eigenen Antrieb verinnerlicht haben. Eine gewisse \u201eEhrfurcht\u201c vor ihren Rollenfiguren ist sp\u00fcrbar und selbst beim Schlussapplaus wird auf \u201eeinzelne Vorh\u00e4nge\u201c verzichtet. Wenn man in dieser Runde exzellenter junger Musicaldarstellerinnen und -darsteller \u00fcberhaupt von herausragender Leistung sprechen m\u00f6chte, w\u00e4ren das Friederike Zeidler als Sophie, Adam Demetz als Alexander Schmorell und Jonathan Guth, der mit 22 Jahren lediglich ein Jahr \u00e4lter ist als seine Rollenfigur Hans Scholl bei dessen Hinrichtung. Aber hier ziehen wirklich alle an einem Strang und auch Maximilian Aschenbrenner als Christoph Probst, Julius St\u00f6rmer als Willi Graf, Martin Planz als Robert Scholl und Kurt Huber, Juliette Lapouthe als Inge Scholl, Oliver Natterer als Fritz Hartnagel und Tamara K\u00f6hn als Traute Lafrenz k\u00f6nnen restlos \u00fcberzeugen.<\/p>\n\n\n\n<p>Anfang Juli ist das St\u00fcck am Deutschen Theater M\u00fcnchen zu sehen, danach bis Ende Juli wieder im Festspielhaus Neuschwanstein. Wer es irgendwie schafft, sollte sich diesen Abend nicht entgehen lassen. F\u00fcr alle anderen w\u00fcnscht man sich zumindest einen Live-Mitschnitt. Dem Traum vom Frieden eine Stimme geben: aktueller denn je!<\/p>\n\n\n\n<hr class=\"wp-block-separator has-alpha-channel-opacity is-style-dots\"\/>\n\n\n\n<p class=\"has-small-font-size\">Musical Supervision: Marc Tritschler \u2022 Musikalische Leitung: Johannes Still \u2022 Choreografie: Bart De Clercq \u2022 Illustrationen: Jens Hahn \u2022 Sounddesign: Sven Raff \u2022 Mit: Friederike Zeidler (Sophie Scholl), Jonathan Guth (Hans Scholl), Adam Demetz (Alexander Schmorell u.a.), Maximilian Aschenbrenner (Christoph Probst u.a.), Julius St\u00f6rmer (Willi Graf u.a.), Martin Planz (Robert Scholl\/Kurt Huber), Juliette Lapouthe (Inge Scholl u.a.), Oliver Natterer (Fritz Hartnagel u.a.), Tamara K\u00f6hn (Traute Lafrenz u.a.), Daniel Berger (Gestapo-Beamter\/Gauleiter Giesler\/Roland Freisler u.a.), Claudia Hauf (Magdalena Scholl u.a.) \u2022 Band: Johannes Still (Piano\/Keys), Ariane Volm (Violine), Astrid N\u00e4gele (Cello), Andreas Kurth (Drums), Oliver Poschmann (Bass), Johannes Weik (Gitarre 1), Patrick S\u00fchl (Gitarre 2)<\/p>\n\n\n\n<p class=\"has-small-font-size\">Aufmacherfoto: Jonas Melcher<\/p>\n\n\n\n<p><\/p>\n","protected":false},"excerpt":{"rendered":"<p>\u201eDie Wei\u00dfe Rose\u201c setzt Musical-Ma\u00dfst\u00e4be Die \u201eWei\u00dfe Rose\u201c als Musical? Kann das gut gehen? Wenn man es macht wie Alex Melcher und Vera Bolten, dann unbedingt. Sechs Jahre haben die beiden an dem Stoff gearbeitet, das Ergebnis ist eine beeindruckende Symbiose aus Originaltexten, historischer Aufarbeitung und \u201eheutiger\u201c Musik, die dem Geschehen einen schonungslos aktuellen Spiegel vorh\u00e4lt. Musiktheater vom Allerfeinsten ist das, was Bolten, die neben dem Buch auch f\u00fcr die Regie verantwortlich zeichnet, auf die minimalistisch-schwarze, fast leere F\u00fcssener Riesenb\u00fchne [&hellip;]<\/p>\n","protected":false},"author":10,"featured_media":12208,"comment_status":"closed","ping_status":"closed","sticky":false,"template":"","format":"standard","meta":{"tpgb_global_settings":"","footnotes":""},"categories":[190],"tags":[],"class_list":["post-12207","post","type-post","status-publish","format-standard","has-post-thumbnail","hentry","category-fuessen"],"tpgb_featured_images":{"full":["https:\/\/www.musical-today.de\/wp-content\/uploads\/2025\/07\/Sophie1-Foto_JonasMelcher-scaled.jpg",2560,1707,false],"tp-image-grid":["https:\/\/www.musical-today.de\/wp-content\/uploads\/2025\/07\/Sophie1-Foto_JonasMelcher-700x700.jpg",700,700,true],"thumbnail":["https:\/\/www.musical-today.de\/wp-content\/uploads\/2025\/07\/Sophie1-Foto_JonasMelcher-600x400.jpg",600,400,true],"medium":["https:\/\/www.musical-today.de\/wp-content\/uploads\/2025\/07\/Sophie1-Foto_JonasMelcher-1200x800.jpg",1200,800,true],"medium_large":["https:\/\/www.musical-today.de\/wp-content\/uploads\/2025\/07\/Sophie1-Foto_JonasMelcher-770x513.jpg",770,513,true],"large":["https:\/\/www.musical-today.de\/wp-content\/uploads\/2025\/07\/Sophie1-Foto_JonasMelcher-1920x1280.jpg",1139,759,true],"default":"https:\/\/www.musical-today.de\/wp-content\/plugins\/the-plus-addons-for-block-editor\/assets\/images\/tpgb-placeholder.jpg"},"tpgb_post_meta_info":{"get_date":"03.07.2025","get_modified_date":"03.07.2025","category_list":{"category":[{"term_id":190,"name":"F\u00fcssen","slug":"fuessen","term_group":0,"term_taxonomy_id":190,"taxonomy":"category","description":"","parent":19,"count":4,"filter":"raw","term_order":"36"}],"post_tag":false,"post_format":false},"author_name":"Iris Steiner","author_url":"https:\/\/www.musical-today.de\/en\/autor\/isteiner\/","author_email":"is@musical-today.de","author_website":"","author_description":"<b> Chefredakteurin<\/b>","author_facebook":"","author_twitter":"","author_instagram":"","author_role":["author","redaktionsteam"],"author_firstname":"Iris","author_lastname":"Steiner","user_login":"isteiner","author_avatar":"<img src=\"https:\/\/www.musical-today.de\/wp-content\/uploads\/2024\/03\/Autor_Steiner_c_Daniel_Biskup-200x200.jpg\" width=\"200\" height=\"200\" alt=\"Iris Steiner\" class=\"avatar avatar-200 wp-user-avatar wp-user-avatar-200 alignnone photo\" \/>","author_avatar_url":"https:\/\/www.musical-today.de\/wp-content\/uploads\/2024\/03\/Autor_Steiner_c_Daniel_Biskup.jpg","comment_count":0,"post_likes":0,"post_views":0},"tpgb_post_category":{"category":"<a href=\"https:\/\/www.musical-today.de\/en\/deutschland\/fuessen\/\" alt=\"F\u00fcssen\"  class=\"category-fuessen\">F\u00fcssen<\/a> "},"_links":{"self":[{"href":"https:\/\/www.musical-today.de\/en\/wp-json\/wp\/v2\/posts\/12207","targetHints":{"allow":["GET"]}}],"collection":[{"href":"https:\/\/www.musical-today.de\/en\/wp-json\/wp\/v2\/posts"}],"about":[{"href":"https:\/\/www.musical-today.de\/en\/wp-json\/wp\/v2\/types\/post"}],"author":[{"embeddable":true,"href":"https:\/\/www.musical-today.de\/en\/wp-json\/wp\/v2\/users\/10"}],"replies":[{"embeddable":true,"href":"https:\/\/www.musical-today.de\/en\/wp-json\/wp\/v2\/comments?post=12207"}],"version-history":[{"count":0,"href":"https:\/\/www.musical-today.de\/en\/wp-json\/wp\/v2\/posts\/12207\/revisions"}],"wp:featuredmedia":[{"embeddable":true,"href":"https:\/\/www.musical-today.de\/en\/wp-json\/wp\/v2\/media\/12208"}],"wp:attachment":[{"href":"https:\/\/www.musical-today.de\/en\/wp-json\/wp\/v2\/media?parent=12207"}],"wp:term":[{"taxonomy":"category","embeddable":true,"href":"https:\/\/www.musical-today.de\/en\/wp-json\/wp\/v2\/categories?post=12207"},{"taxonomy":"post_tag","embeddable":true,"href":"https:\/\/www.musical-today.de\/en\/wp-json\/wp\/v2\/tags?post=12207"}],"curies":[{"name":"wp","href":"https:\/\/api.w.org\/{rel}","templated":true}]}}