{"id":12215,"date":"2025-07-07T18:29:39","date_gmt":"2025-07-07T16:29:39","guid":{"rendered":"https:\/\/www.musical-today.de\/?p=12215"},"modified":"2025-07-07T18:44:37","modified_gmt":"2025-07-07T16:44:37","slug":"bad-gandersheim-cabaret","status":"publish","type":"post","link":"https:\/\/www.musical-today.de\/en\/bad-gandersheim-cabaret\/","title":{"rendered":"Cabaret"},"content":{"rendered":"<div class=\"lets-info-up-wrap  lets-info-up--right lets-info-up--m-1 lets-info-up-skin-3 lets-info-up--side lets-info-up-36710\" style=\"background:#fafafa; color: #616161\">\t\t\t<div class=\"lets-info-up\">\r\n\t\t\t<div class=\"lets-info-up-fi\"><img decoding=\"async\" width=\"500\" height=\"333\" src=\"https:\/\/www.musical-today.de\/wp-content\/uploads\/2024\/01\/qi-addons-for-elementor-placeholder-500x333.png\" class=\"attachment-lets-info-up-d1 size-lets-info-up-d1\" alt=\"|\" srcset=\"https:\/\/www.musical-today.de\/wp-content\/uploads\/2024\/01\/qi-addons-for-elementor-placeholder-500x333.png 500w, https:\/\/www.musical-today.de\/wp-content\/uploads\/2024\/01\/qi-addons-for-elementor-placeholder-300x200.png 300w, https:\/\/www.musical-today.de\/wp-content\/uploads\/2024\/01\/qi-addons-for-elementor-placeholder-1024x683.png 1024w, https:\/\/www.musical-today.de\/wp-content\/uploads\/2024\/01\/qi-addons-for-elementor-placeholder-883x589.png 883w, https:\/\/www.musical-today.de\/wp-content\/uploads\/2024\/01\/qi-addons-for-elementor-placeholder-18x12.png 18w, https:\/\/www.musical-today.de\/wp-content\/uploads\/2024\/01\/qi-addons-for-elementor-placeholder-360x240.png 360w, https:\/\/www.musical-today.de\/wp-content\/uploads\/2024\/01\/qi-addons-for-elementor-placeholder-1155x770.png 1155w, https:\/\/www.musical-today.de\/wp-content\/uploads\/2024\/01\/qi-addons-for-elementor-placeholder-370x247.png 370w, https:\/\/www.musical-today.de\/wp-content\/uploads\/2024\/01\/qi-addons-for-elementor-placeholder-770x513.png 770w, https:\/\/www.musical-today.de\/wp-content\/uploads\/2024\/01\/qi-addons-for-elementor-placeholder-293x195.png 293w, https:\/\/www.musical-today.de\/wp-content\/uploads\/2024\/01\/qi-addons-for-elementor-placeholder-120x80.png 120w, https:\/\/www.musical-today.de\/wp-content\/uploads\/2024\/01\/qi-addons-for-elementor-placeholder-240x160.png 240w, https:\/\/www.musical-today.de\/wp-content\/uploads\/2024\/01\/qi-addons-for-elementor-placeholder-390x260.png 390w, https:\/\/www.musical-today.de\/wp-content\/uploads\/2024\/01\/qi-addons-for-elementor-placeholder.png 1200w\" sizes=\"(max-width: 500px) 100vw, 500px\" title=\"\"><\/div>\t\t\t<div class=\"lets-info-up-block-wrap\">\r\n\t\t\t\t<div class=\"lets-info-up-block lets-info-up-meta-block\"><div class=\"lets-info-up-meta-title lets-info-up-pretitle font-h\" style=\"color: #8c6d18;\">oRT<\/div><div class=\"lets-info-up-meta-content lets-info-up-title font-b\">Gandersheimer Domfestspiele<\/div><\/div><div class=\"lets-info-up-block lets-info-up-meta-block\"><div class=\"lets-info-up-meta-title lets-info-up-pretitle font-h\" style=\"color: #8c6d18;\">von<\/div><div class=\"lets-info-up-meta-content lets-info-up-title font-b\">Joe Masteroff (Buch)<br>John Kander (Musik)<br>Fred Ebb (Gesangstexte)<\/div><\/div><div class=\"lets-info-up-block lets-info-up-meta-block\"><div class=\"lets-info-up-meta-title lets-info-up-pretitle font-h\" style=\"color: #8c6d18;\">Regie<\/div><div class=\"lets-info-up-meta-content lets-info-up-title font-b\">Achim Lenz<\/div><\/div><div class=\"lets-info-up-block lets-info-up-meta-block\"><div class=\"lets-info-up-meta-title lets-info-up-pretitle font-h\" style=\"color: #8c6d18;\">Urauff\u00fchrunG<\/div><div class=\"lets-info-up-meta-content lets-info-up-title font-b\">1966<\/div><\/div><div class=\"lets-info-up-block lets-info-up-meta-block\"><div class=\"lets-info-up-meta-title lets-info-up-pretitle font-h\" style=\"color: #8c6d18;\">INFOS<\/div><div class=\"lets-info-up-meta-content lets-info-up-title font-b\"><a href=\"https:\/\/gandersheimer-domfestspiele.de\/programm\/#cabaret\" target=\"_blank\" rel=\"noopener noreferrer nofollow\">www.gandersheimer-domfestspiele.de<\/a><\/div><\/div>\t\t\t<\/div>\r\n\t\t\t<\/div>\r\n\t\t<\/div>\r\n\t\t\n\n\n<p><strong><strong>\u201eCabaret\u201c passt bestens vor den Dom<\/strong><\/strong><\/p>\n\n\n\n<p>Noch ist die Sonne nicht untergegangen. Ein blauer Himmel w\u00f6lbt sich \u00fcber die hoch aufragende Fassade des Gandersheimer Doms. Davor befinden sich die breit angelegte B\u00fchne und der bis auf den letzten Platz besetzte Zuschauerraum. Mit dem ber\u00fchmten Song \u201eWillkommen, Bienvenue, Welcome\u201c er\u00f6ffnet der hinrei\u00dfend spielende Hagen-Goar Bornmann als Conf\u00e9rencier die Premiere des Musicals \u201eCabaret\u201c. Zun\u00e4chst aber kann sich die Inszenierung nicht gut gegen die milde Atmosph\u00e4re des Sommerabends durchsetzen. Zu hell ist noch das Tageslicht, zu weitl\u00e4ufig die mit nur wenigen Requisiten besetzte B\u00fchne. Der ganze szenische Ablauf will nicht recht zusammenwachsen. Und im Publikum wird das Ganze nach nur wenigen Minuten offensichtlich als rhythmische Mitklatschmusik missverstanden. Nicht ungef\u00e4hrlich f\u00fcr das Gelingen oder den Misserfolg einer Premiere.<\/p>\n\n\n\n<p>Dann aber verdichtet sich mit einsetzender D\u00e4mmerung rasch das Spiel. Die einfallsreich gestaltete Lichtregie kommt nun immer deutlicher zum Tragen. Die Darstellung wird authentischer und zieht in den Bann. Denn nun kann sich die Doppelb\u00f6digkeit der Geschichte besser entfalten. Erz\u00e4hlt wird von Menschen, die am Ende der Goldenen Zwanziger im Umfeld des heruntergekommenen Berliner Kit Kat Clubs leben und lieben. Mittendrin ereignet sich die dynamische Liebesgeschichte zwischen Sally Bowles, dem Star des Clubs, und dem st\u00e4ndig als Schriftsteller scheiternden Amerikaner Cliff Bradshaw. Diese Erz\u00e4hlung ist mit weiteren unterhaltsamen oder anr\u00fchrenden Menschen-Geschichten gespickt, einschlie\u00dflich der sich sch\u00fcchtern anbahnenden Liebe zwischen dem Juden Herrn Schultz und der Vermieterin Fr\u00e4ulein Schneider. In diese bunte Lebenswelt dringt brutal der Geist und Terror des Nationalsozialismus ein und vernichtet am Ende die scheinbar heile Welt in und um den Club. Das Publikum nimmt diese Ebene des St\u00fcckes nun fast atemlos zur Kenntnis, wohl wissend, dass es hier auch um aktuelle Entwicklungen geht.<\/p>\n\n\n<div  class=\"tpgb-wrap-956d14_12215  tpgb-wrap-fw \"  ><div id=\"956d14_12215\" class=\"tpgb-block-956d14_12215 tpgb-relative-block tpgb-gallery-list tpgb-metro gallery-style-2 hover-image-style-1   \" data-style=\"style-2\" data-id=\"956d14_12215\" data-layout=\"metro\" data-fancy-option='{\"loop\":false,\"thumb\":\"no\",\"infobar\":true,\"arrows\":true,\"transitionEffect\":\"slide\",\"button\":[\"close\"]}' data-splide='\"\"' data-metroAttr= '{\"metro_col\":\"3\",\"tab_metro_col\":3,\"mobile_metro_col\":3,\"metro_style\":\"style-1\",\"tab_metro_style\":\"style-1\",\"mobile_metro_style\":\"style-1\"}' ><div class=\"tpgb-row post-loop-inner \"><div class=\"grid-item metro-item-0    tpgb-metro-1  tpgb-tab-metro-1  tpgb-mobile-metro-1 \"><a href=\"https:\/\/www.musical-today.de\/wp-content\/uploads\/2025\/07\/GandersheimerDomfestspiele-CABARET2025JuliaLormis-4-scaled.jpg\" class=\"tpgb-gallery-list-content tpgb-trans-easeinout\" data-fancybox=\"956d14_12215\" data-caption=\"Foto: Julia Lormis\/Gandersheimer Domfestspiele gGmbH\" aria-label=\"Foto: Julia Lormis\/Gandersheimer Domfestspiele gGmbH\"><div class=\"post-content-image\"><div class=\"tpgb-metro-gallery-image\" style=\"background: url(https:\/\/www.musical-today.de\/wp-content\/uploads\/2025\/07\/GandersheimerDomfestspiele-CABARET2025JuliaLormis-4-scaled.jpg);\"><\/div><\/div><div class=\"post-content-center\"><div class=\"post-zoom-icon\"><div class=\"meta-search-icon\"><span><img decoding=\"async\" class=\"fancy-img\" src=\"https:\/\/www.musical-today.de\/wp-content\/uploads\/2025\/07\/GandersheimerDomfestspiele-CABARET2025JuliaLormis-4-scaled.jpg\" alt=\"Media Image1\" title=\"\"><i class=\"fas fa-search-plus pop-icon\"><\/i><\/span><\/div><\/div><div class=\"post-content-bottom\"><p class=\"post-title tpgb-trans-easeinout\">Foto: Julia Lormis\/Gandersheimer Domfestspiele gGmbH<\/p><\/div><\/div><\/a><\/div><div class=\"grid-item metro-item-1    tpgb-metro-2  tpgb-tab-metro-2  tpgb-mobile-metro-2 \"><a href=\"https:\/\/www.musical-today.de\/wp-content\/uploads\/2025\/07\/GandersheimerDomfestspiele-CABARET2025JuliaLormis-7-scaled.jpg\" class=\"tpgb-gallery-list-content tpgb-trans-easeinout\" data-fancybox=\"956d14_12215\" data-caption=\"Foto: Julia Lormis\/Gandersheimer Domfestspiele gGmbH\" aria-label=\"Foto: Julia Lormis\/Gandersheimer Domfestspiele gGmbH\"><div class=\"post-content-image\"><div class=\"tpgb-metro-gallery-image\" style=\"background: url(https:\/\/www.musical-today.de\/wp-content\/uploads\/2025\/07\/GandersheimerDomfestspiele-CABARET2025JuliaLormis-7-scaled.jpg);\"><\/div><\/div><div class=\"post-content-center\"><div class=\"post-zoom-icon\"><div class=\"meta-search-icon\"><span><img decoding=\"async\" class=\"fancy-img\" src=\"https:\/\/www.musical-today.de\/wp-content\/uploads\/2025\/07\/GandersheimerDomfestspiele-CABARET2025JuliaLormis-7-scaled.jpg\" alt=\"Media Image2\" title=\"\"><i class=\"fas fa-search-plus pop-icon\"><\/i><\/span><\/div><\/div><div class=\"post-content-bottom\"><p class=\"post-title tpgb-trans-easeinout\">Foto: Julia Lormis\/Gandersheimer Domfestspiele gGmbH<\/p><\/div><\/div><\/a><\/div><div class=\"grid-item metro-item-2    tpgb-metro-3  tpgb-tab-metro-3  tpgb-mobile-metro-3 \"><a href=\"https:\/\/www.musical-today.de\/wp-content\/uploads\/2025\/07\/GandersheimerDomfestspiele-CABARET2025JuliaLormis-13-scaled.jpg\" class=\"tpgb-gallery-list-content tpgb-trans-easeinout\" data-fancybox=\"956d14_12215\" data-caption=\"Foto: Julia Lormis\/Gandersheimer Domfestspiele gGmbH\" aria-label=\"Foto: Julia Lormis\/Gandersheimer Domfestspiele gGmbH\"><div class=\"post-content-image\"><div class=\"tpgb-metro-gallery-image\" style=\"background: url(https:\/\/www.musical-today.de\/wp-content\/uploads\/2025\/07\/GandersheimerDomfestspiele-CABARET2025JuliaLormis-13-scaled.jpg);\"><\/div><\/div><div class=\"post-content-center\"><div class=\"post-zoom-icon\"><div class=\"meta-search-icon\"><span><img decoding=\"async\" class=\"fancy-img\" src=\"https:\/\/www.musical-today.de\/wp-content\/uploads\/2025\/07\/GandersheimerDomfestspiele-CABARET2025JuliaLormis-13-scaled.jpg\" alt=\"Media Image3\" title=\"\"><i class=\"fas fa-search-plus pop-icon\"><\/i><\/span><\/div><\/div><div class=\"post-content-bottom\"><p class=\"post-title tpgb-trans-easeinout\">Foto: Julia Lormis\/Gandersheimer Domfestspiele gGmbH<\/p><\/div><\/div><\/a><\/div><\/div><\/div><\/div>\n\n\n<p>Achim Lenz (Regie) und Dominik M\u00fcller (Choreografie) verbinden mit einer F\u00fclle von kreativen Einf\u00e4llen Spiel, Gesang und Tanz zu einem temporeichen und stets ausdrucksstarken Handlungsfluss. Die 13 Mitglieder der Cast sind dabei kollektiv stets auf Augenh\u00f6he aktiv. Einer der vielen H\u00f6hepunkte ist Marlene Jubelius als Sally Bowles mit dem Titel \u201eMaybe This Time\u201c. Vom leisesten schwebenden Tonansatz bis zum extremen Forte-Klang beherrscht sie ihre Stimme und r\u00fchrt damit an. Ihre darstellerische Kraft verst\u00e4rkt dabei noch einmal die k\u00fcnstlerische Pr\u00e4senz. Ersch\u00fctternd, wie sie sp\u00e4ter Sallys seelischen Ausbruch nach der Abtreibung ihres Kindes zeigt. Geistreich wirkt der Einfall, beim Song \u201eMoney Makes The World Go Round\u201c den Nazi Ernst Ludwig (Tim M\u00fcller) zur Marionette des Conf\u00e9renciers zu machen. In dieser Rolle findet Hagen-Goar Bornmann mit breit angelegter Ausdrucksst\u00e4rke alle Facetten der tragischen Queer-Figur. Auch Johannes Krimmel als Cliff, Tabea Scholz als Fr\u00e4ulein Schneider und Kevin Dickmann als Herr Schultz agieren s\u00e4ngerisch und darstellerisch bis ins Kleinste \u00fcberzeugend und auf hohem Niveau. Frank Bahrenberg liefert als einer der vielen \u201eG\u00e4ste\u201c von Fr\u00e4ulein Kost einen am\u00fcsanten Auftritt.<\/p>\n\n\n\n<p>Das Gleiche gilt auch f\u00fcr das Tanz- und Chorensemble der Kit Kat Girls mit Therese L\u00f6hle (Alma), Vera Lorenz (Helga), Lisa Radl (Babsi) und Felicia Aim\u00e9e (Inge). Da wird fetzig, temporeich und ab und zu auch artistisch getanzt, auch als Chor singen sie sch\u00f6n. Eine Klasse f\u00fcr sich ist der Artist Julio Adri\u00e1n Yanes als Kit Kat Boy, der im wahrsten Sinn des Wortes \u00fcber Tisch und B\u00e4nke geht.<\/p>\n\n\n\n<p>Festival-Kapellmeister Ferdinand von Seebach tr\u00e4gt mit seiner sechsk\u00f6pfigen Combo eine farbig instrumentierte Version des Orchesterparts zum Spiel bei. Als sich beim Riesenjubel mit Standing Ovations alle verbeugen, entdeckt man auf den T-Shirts der Cast die Worte \u201eNie wieder\u201c. Sp\u00e4testens da wird klar, warum dieses St\u00fcck vor dem Portal eines Doms besonders gut funktioniert.<\/p>\n\n\n\n<hr class=\"wp-block-separator has-alpha-channel-opacity is-style-dots\"\/>\n\n\n\n<p class=\"has-small-font-size\">Musikalische Leitung: Ferdinand von Seebach \u2022 Choreografie: Dominik M\u00fcller \u2022 Ausstattung: Birte Wallbaum \u2022 Mit: Hagen-Goar Bornmann (Conf\u00e9rencier), Marlene Jubelius (Sally Bowles), Johannes Krimmel (Clifford Bradshaw), Tabea Scholz (Fr\u00e4ulein Schneider), Kevin Dickmann (Herr Schultz), Tim M\u00fcller (Ernst Ludwig), Nadine K\u00fchn (Fr\u00e4ulein Kost), Frank Bahrenberg (Max\/Zollbeamter), Theresa L\u00f6hle (Kit Kat Girl Alma), Vera Lorenz (Kit Kat Girl Helga), Lisa Radl (Kit Kat Girl Babsi), Felicia Aim\u00e9e (Kit Kat Girl Inge), Julio Adri\u00e1n Yanes (Kit Kat Boy Bobby)<br><br>Aufmacherfoto: Julia Lormis\/Gandersheimer Domfestspiele gGmbH<\/p>\n\n\n\n<p><\/p>\n","protected":false},"excerpt":{"rendered":"<p>\u201eCabaret\u201c passt bestens vor den Dom Noch ist die Sonne nicht untergegangen. Ein blauer Himmel w\u00f6lbt sich \u00fcber die hoch aufragende Fassade des Gandersheimer Doms. Davor befinden sich die breit angelegte B\u00fchne und der bis auf den letzten Platz besetzte Zuschauerraum. Mit dem ber\u00fchmten Song \u201eWillkommen, Bienvenue, Welcome\u201c er\u00f6ffnet der hinrei\u00dfend spielende Hagen-Goar Bornmann als Conf\u00e9rencier die Premiere des Musicals \u201eCabaret\u201c. Zun\u00e4chst aber kann sich die Inszenierung nicht gut gegen die milde Atmosph\u00e4re des Sommerabends durchsetzen. Zu hell ist noch [&hellip;]<\/p>\n","protected":false},"author":24,"featured_media":12216,"comment_status":"closed","ping_status":"closed","sticky":false,"template":"","format":"standard","meta":{"tpgb_global_settings":"","footnotes":""},"categories":[172],"tags":[],"class_list":["post-12215","post","type-post","status-publish","format-standard","has-post-thumbnail","hentry","category-bad-gandersheim"],"tpgb_featured_images":{"full":["https:\/\/www.musical-today.de\/wp-content\/uploads\/2025\/07\/GandersheimerDomfestspiele-CABARET2025JuliaLormis-2-scaled.jpg",2560,1708,false],"tp-image-grid":["https:\/\/www.musical-today.de\/wp-content\/uploads\/2025\/07\/GandersheimerDomfestspiele-CABARET2025JuliaLormis-2-700x700.jpg",700,700,true],"thumbnail":["https:\/\/www.musical-today.de\/wp-content\/uploads\/2025\/07\/GandersheimerDomfestspiele-CABARET2025JuliaLormis-2-600x400.jpg",600,400,true],"medium":["https:\/\/www.musical-today.de\/wp-content\/uploads\/2025\/07\/GandersheimerDomfestspiele-CABARET2025JuliaLormis-2-1200x800.jpg",1200,800,true],"medium_large":["https:\/\/www.musical-today.de\/wp-content\/uploads\/2025\/07\/GandersheimerDomfestspiele-CABARET2025JuliaLormis-2-770x514.jpg",770,514,true],"large":["https:\/\/www.musical-today.de\/wp-content\/uploads\/2025\/07\/GandersheimerDomfestspiele-CABARET2025JuliaLormis-2-1920x1281.jpg",1139,760,true],"default":"https:\/\/www.musical-today.de\/wp-content\/plugins\/the-plus-addons-for-block-editor\/assets\/images\/tpgb-placeholder.jpg"},"tpgb_post_meta_info":{"get_date":"07.07.2025","get_modified_date":"07.07.2025","category_list":{"category":[{"term_id":172,"name":"Bad Gandersheim","slug":"bad-gandersheim","term_group":0,"term_taxonomy_id":172,"taxonomy":"category","description":"","parent":19,"count":2,"filter":"raw","term_order":"5"}],"post_tag":false,"post_format":false},"author_name":"Claus-Ulrich Heinke","author_url":"https:\/\/www.musical-today.de\/en\/autor\/clausulrichheinke\/","author_email":"online92488@musical-today.de","author_website":"","author_description":"ist Theologe, Musiker und Journalist. Nach Berufsstationen als Pastor, Fernsehjournalist (ARD, ZDF, DW u.a.), Programmkoordinator Privatfernsehen (EKD), Intendant der Kulturkirche St. Jakobi Hildesheim und \u00d6ffentlichkeitsbeauftragter ist er aktuell als freier Journalist, Dirigent, Kulturmanager und \u2013politiker sowie als k\u00fcnstlerischer Leiter der SingAkademie Niedersachsen t\u00e4tig.","author_facebook":"","author_twitter":"","author_instagram":"","author_role":["author"],"author_firstname":"Claus-Ulrich","author_lastname":"Heinke","user_login":"chheinke","author_avatar":"<img src=\"https:\/\/www.musical-today.de\/wp-content\/uploads\/2024\/03\/Autor_Heinke-293x293.jpg\" width=\"200\" height=\"200\" alt=\"Claus-Ulrich Heinke\" class=\"avatar avatar-200 wp-user-avatar wp-user-avatar-200 alignnone photo\" \/>","author_avatar_url":"https:\/\/www.musical-today.de\/wp-content\/uploads\/2024\/03\/Autor_Heinke.jpg","comment_count":0,"post_likes":0,"post_views":0},"tpgb_post_category":{"category":"<a href=\"https:\/\/www.musical-today.de\/en\/deutschland\/bad-gandersheim\/\" alt=\"Bad Gandersheim\"  class=\"category-bad-gandersheim\">Bad Gandersheim<\/a> "},"_links":{"self":[{"href":"https:\/\/www.musical-today.de\/en\/wp-json\/wp\/v2\/posts\/12215","targetHints":{"allow":["GET"]}}],"collection":[{"href":"https:\/\/www.musical-today.de\/en\/wp-json\/wp\/v2\/posts"}],"about":[{"href":"https:\/\/www.musical-today.de\/en\/wp-json\/wp\/v2\/types\/post"}],"author":[{"embeddable":true,"href":"https:\/\/www.musical-today.de\/en\/wp-json\/wp\/v2\/users\/24"}],"replies":[{"embeddable":true,"href":"https:\/\/www.musical-today.de\/en\/wp-json\/wp\/v2\/comments?post=12215"}],"version-history":[{"count":0,"href":"https:\/\/www.musical-today.de\/en\/wp-json\/wp\/v2\/posts\/12215\/revisions"}],"wp:featuredmedia":[{"embeddable":true,"href":"https:\/\/www.musical-today.de\/en\/wp-json\/wp\/v2\/media\/12216"}],"wp:attachment":[{"href":"https:\/\/www.musical-today.de\/en\/wp-json\/wp\/v2\/media?parent=12215"}],"wp:term":[{"taxonomy":"category","embeddable":true,"href":"https:\/\/www.musical-today.de\/en\/wp-json\/wp\/v2\/categories?post=12215"},{"taxonomy":"post_tag","embeddable":true,"href":"https:\/\/www.musical-today.de\/en\/wp-json\/wp\/v2\/tags?post=12215"}],"curies":[{"name":"wp","href":"https:\/\/api.w.org\/{rel}","templated":true}]}}