{"id":12228,"date":"2025-07-08T18:19:29","date_gmt":"2025-07-08T16:19:29","guid":{"rendered":"https:\/\/www.musical-today.de\/?p=12228"},"modified":"2025-07-08T18:19:48","modified_gmt":"2025-07-08T16:19:48","slug":"eutin-west-side-story","status":"publish","type":"post","link":"https:\/\/www.musical-today.de\/en\/eutin-west-side-story\/","title":{"rendered":"West Side Story"},"content":{"rendered":"<div class=\"lets-info-up-wrap  lets-info-up--right lets-info-up--m-1 lets-info-up-skin-3 lets-info-up--side lets-info-up-46497\" style=\"background:#fafafa; color: #616161\">\t\t\t<div class=\"lets-info-up\">\r\n\t\t\t<div class=\"lets-info-up-fi\"><img decoding=\"async\" width=\"500\" height=\"333\" src=\"https:\/\/www.musical-today.de\/wp-content\/uploads\/2024\/01\/qi-addons-for-elementor-placeholder-500x333.png\" class=\"attachment-lets-info-up-d1 size-lets-info-up-d1\" alt=\"|\" srcset=\"https:\/\/www.musical-today.de\/wp-content\/uploads\/2024\/01\/qi-addons-for-elementor-placeholder-500x333.png 500w, https:\/\/www.musical-today.de\/wp-content\/uploads\/2024\/01\/qi-addons-for-elementor-placeholder-300x200.png 300w, https:\/\/www.musical-today.de\/wp-content\/uploads\/2024\/01\/qi-addons-for-elementor-placeholder-1024x683.png 1024w, https:\/\/www.musical-today.de\/wp-content\/uploads\/2024\/01\/qi-addons-for-elementor-placeholder-883x589.png 883w, https:\/\/www.musical-today.de\/wp-content\/uploads\/2024\/01\/qi-addons-for-elementor-placeholder-18x12.png 18w, https:\/\/www.musical-today.de\/wp-content\/uploads\/2024\/01\/qi-addons-for-elementor-placeholder-360x240.png 360w, https:\/\/www.musical-today.de\/wp-content\/uploads\/2024\/01\/qi-addons-for-elementor-placeholder-1155x770.png 1155w, https:\/\/www.musical-today.de\/wp-content\/uploads\/2024\/01\/qi-addons-for-elementor-placeholder-370x247.png 370w, https:\/\/www.musical-today.de\/wp-content\/uploads\/2024\/01\/qi-addons-for-elementor-placeholder-770x513.png 770w, https:\/\/www.musical-today.de\/wp-content\/uploads\/2024\/01\/qi-addons-for-elementor-placeholder-293x195.png 293w, https:\/\/www.musical-today.de\/wp-content\/uploads\/2024\/01\/qi-addons-for-elementor-placeholder-120x80.png 120w, https:\/\/www.musical-today.de\/wp-content\/uploads\/2024\/01\/qi-addons-for-elementor-placeholder-240x160.png 240w, https:\/\/www.musical-today.de\/wp-content\/uploads\/2024\/01\/qi-addons-for-elementor-placeholder-390x260.png 390w, https:\/\/www.musical-today.de\/wp-content\/uploads\/2024\/01\/qi-addons-for-elementor-placeholder.png 1200w\" sizes=\"(max-width: 500px) 100vw, 500px\" title=\"\"><\/div>\t\t\t<div class=\"lets-info-up-block-wrap\">\r\n\t\t\t\t<div class=\"lets-info-up-block lets-info-up-meta-block\"><div class=\"lets-info-up-meta-title lets-info-up-pretitle font-h\" style=\"color: #8c6d18;\">oRT<\/div><div class=\"lets-info-up-meta-content lets-info-up-title font-b\">Eutiner Festspiele<\/div><\/div><div class=\"lets-info-up-block lets-info-up-meta-block\"><div class=\"lets-info-up-meta-title lets-info-up-pretitle font-h\" style=\"color: #8c6d18;\">von<\/div><div class=\"lets-info-up-meta-content lets-info-up-title font-b\">Leonard Bernstein (Musik)<br>Arthur Laurents (Buch)<br>Stephen Sondheim (Gesangstexte)<\/div><\/div><div class=\"lets-info-up-block lets-info-up-meta-block\"><div class=\"lets-info-up-meta-title lets-info-up-pretitle font-h\" style=\"color: #8c6d18;\">Regie<\/div><div class=\"lets-info-up-meta-content lets-info-up-title font-b\">Till Kleine-M\u00f6ller<\/div><\/div><div class=\"lets-info-up-block lets-info-up-meta-block\"><div class=\"lets-info-up-meta-title lets-info-up-pretitle font-h\" style=\"color: #8c6d18;\">Urauff\u00fchrung<\/div><div class=\"lets-info-up-meta-content lets-info-up-title font-b\">1957<\/div><\/div><div class=\"lets-info-up-block lets-info-up-meta-block\"><div class=\"lets-info-up-meta-title lets-info-up-pretitle font-h\" style=\"color: #8c6d18;\">INFOS<\/div><div class=\"lets-info-up-meta-content lets-info-up-title font-b\"><a href=\"https:\/\/www.eutiner-festspiele.de\/programm\/2025\/west-side-story\" target=\"_blank\" rel=\"noopener noreferrer nofollow\">www.eutiner-festspiele.de<\/a><\/div><\/div>\t\t\t<\/div>\r\n\t\t\t<\/div>\r\n\t\t<\/div>\r\n\t\t\n\n\n<p><strong>Die \u201eWest Side Story\u201c erschreckend aktuell<\/strong><\/p>\n\n\n\n<p>Kaum ein Stoff fasziniert wie dieser. Von Shakespeare einst verfasst, bl\u00e4ttert sich eine alles \u00fcberdauernde Geschichte auf, die zwei Menschen in auswegloser Situation zeigt: Romeo und Julia, ihre Familien sind sich spinnefeind, bek\u00e4mpfen sich blutig \u2013 und trotzdem sind die beiden f\u00fcreinander bestimmt, leider ausweglos. Ein Plot f\u00fcr die Ewigkeit, global zu sehen als Schauspiel, Ballett, Oper, Film und, mehrfach adaptiert, im Musical-Gewand.<\/p>\n\n\n\n<p>Viele haben es probiert, aber nur ein Kreativteam so beklemmend, anr\u00fchrend, atmosph\u00e4risch dicht und allgemeing\u00fcltig umgesetzt wie Komponist Leonard Bernstein mit Autor Arthur Laurents und Liedtexter Stephen Sondheim. Was da 1957 am Broadway seine Urauff\u00fchrung erlebte, ist l\u00e4ngst zum Evergreen und Ma\u00dfstab f\u00fcr unterhaltendes Musiktheater mit h\u00f6chstem Anspruch avanciert. Das m\u00f6rderische Treiben zwischen Jets und Sharks in der \u201eWest Side Story\u201c erweist sich als Blaupause f\u00fcr nahezu s\u00e4mtliche Konflikte dieser Welt. Wie sch\u00f6n w\u00e4re es, wenn statt Gemetzel mal die Liebe das Zepter schwingt? Im konkreten Fall ohne Happy End, aktuell in einer \u00fcberzeugenden Freilicht-Auff\u00fchrung der Eutiner Festspiele zu sehen.<\/p>\n\n\n<div  class=\"tpgb-wrap-956d14_12228  tpgb-wrap-fw \"  ><div id=\"956d14_12228\" class=\"tpgb-block-956d14_12228 tpgb-relative-block tpgb-gallery-list tpgb-metro gallery-style-2 hover-image-style-1   \" data-style=\"style-2\" data-id=\"956d14_12228\" data-layout=\"metro\" data-fancy-option='{\"loop\":false,\"thumb\":\"no\",\"infobar\":true,\"arrows\":true,\"transitionEffect\":\"slide\",\"button\":[\"close\"]}' data-splide='\"\"' data-metroAttr= '{\"metro_col\":3,\"tab_metro_col\":3,\"mobile_metro_col\":3,\"metro_style\":\"style-1\",\"tab_metro_style\":\"style-1\",\"mobile_metro_style\":\"style-1\"}' ><div class=\"tpgb-row post-loop-inner \"><div class=\"grid-item metro-item-0    tpgb-metro-1  tpgb-tab-metro-1  tpgb-mobile-metro-1 \"><a href=\"https:\/\/www.musical-today.de\/wp-content\/uploads\/2025\/07\/eutiner-festspiele-2025-musical-leonard-bernstein-west-side-story-seebuehen-eutin-khp-marcel-kohnen-0049.jpg\" class=\"tpgb-gallery-list-content tpgb-trans-easeinout\" data-fancybox=\"956d14_12228\" data-caption=\"Foto: Marcel Kohnen\" aria-label=\"Foto: Marcel Kohnen\"><div class=\"post-content-image\"><div class=\"tpgb-metro-gallery-image\" style=\"background: url(https:\/\/www.musical-today.de\/wp-content\/uploads\/2025\/07\/eutiner-festspiele-2025-musical-leonard-bernstein-west-side-story-seebuehen-eutin-khp-marcel-kohnen-0049.jpg);\"><\/div><\/div><div class=\"post-content-center\"><div class=\"post-zoom-icon\"><div class=\"meta-search-icon\"><span><img decoding=\"async\" class=\"fancy-img\" src=\"https:\/\/www.musical-today.de\/wp-content\/uploads\/2025\/07\/eutiner-festspiele-2025-musical-leonard-bernstein-west-side-story-seebuehen-eutin-khp-marcel-kohnen-0049.jpg\" alt=\"Media Image1\" title=\"\"><i class=\"fas fa-search-plus pop-icon\"><\/i><\/span><\/div><\/div><div class=\"post-content-bottom\"><p class=\"post-title tpgb-trans-easeinout\">Foto: Marcel Kohnen<\/p><\/div><\/div><\/a><\/div><div class=\"grid-item metro-item-1    tpgb-metro-2  tpgb-tab-metro-2  tpgb-mobile-metro-2 \"><a href=\"https:\/\/www.musical-today.de\/wp-content\/uploads\/2025\/07\/eutiner-festspiele-2025-musical-leonard-bernstein-west-side-story-seebuehen-eutin-khp-marcel-kohnen-0029.jpg\" class=\"tpgb-gallery-list-content tpgb-trans-easeinout\" data-fancybox=\"956d14_12228\" data-caption=\"Foto: Marcel Kohnen\" aria-label=\"Foto: Marcel Kohnen\"><div class=\"post-content-image\"><div class=\"tpgb-metro-gallery-image\" style=\"background: url(https:\/\/www.musical-today.de\/wp-content\/uploads\/2025\/07\/eutiner-festspiele-2025-musical-leonard-bernstein-west-side-story-seebuehen-eutin-khp-marcel-kohnen-0029.jpg);\"><\/div><\/div><div class=\"post-content-center\"><div class=\"post-zoom-icon\"><div class=\"meta-search-icon\"><span><img decoding=\"async\" class=\"fancy-img\" src=\"https:\/\/www.musical-today.de\/wp-content\/uploads\/2025\/07\/eutiner-festspiele-2025-musical-leonard-bernstein-west-side-story-seebuehen-eutin-khp-marcel-kohnen-0029.jpg\" alt=\"Media Image2\" title=\"\"><i class=\"fas fa-search-plus pop-icon\"><\/i><\/span><\/div><\/div><div class=\"post-content-bottom\"><p class=\"post-title tpgb-trans-easeinout\">Foto: Marcel Kohnen<\/p><\/div><\/div><\/a><\/div><div class=\"grid-item metro-item-2    tpgb-metro-3  tpgb-tab-metro-3  tpgb-mobile-metro-3 \"><a href=\"https:\/\/www.musical-today.de\/wp-content\/uploads\/2025\/07\/eutiner-festspiele-2025-musical-leonard-bernstein-west-side-story-seebuehen-eutin-khp-marcel-kohnen-0013.jpg\" class=\"tpgb-gallery-list-content tpgb-trans-easeinout\" data-fancybox=\"956d14_12228\" data-caption=\"Foto: Marcel Kohnen\" aria-label=\"Foto: Marcel Kohnen\"><div class=\"post-content-image\"><div class=\"tpgb-metro-gallery-image\" style=\"background: url(https:\/\/www.musical-today.de\/wp-content\/uploads\/2025\/07\/eutiner-festspiele-2025-musical-leonard-bernstein-west-side-story-seebuehen-eutin-khp-marcel-kohnen-0013.jpg);\"><\/div><\/div><div class=\"post-content-center\"><div class=\"post-zoom-icon\"><div class=\"meta-search-icon\"><span><img decoding=\"async\" class=\"fancy-img\" src=\"https:\/\/www.musical-today.de\/wp-content\/uploads\/2025\/07\/eutiner-festspiele-2025-musical-leonard-bernstein-west-side-story-seebuehen-eutin-khp-marcel-kohnen-0013.jpg\" alt=\"Media Image3\" title=\"\"><i class=\"fas fa-search-plus pop-icon\"><\/i><\/span><\/div><\/div><div class=\"post-content-bottom\"><p class=\"post-title tpgb-trans-easeinout\">Foto: Marcel Kohnen<\/p><\/div><\/div><\/a><\/div><\/div><\/div><\/div>\n\n\n<p>Vor der Seekulisse nutzt B\u00fchnenbildner J\u00f6rg Brombacher den gesamten Raum und assoziiert das New York der 50er Jahre im Breitwandformat. Reichlich Platz f\u00fcr die atemberaubenden T\u00e4nze, die sich legend\u00e4r Jerome Robbins f\u00fcr die Broadway-Premiere ausdachte und die nun bei Choreograf und Kost\u00fcmbilder Timo Rad\u00fcnz in festen H\u00e4nden liegen. Die rasanten Bewegungen flimmern vor Aggressivit\u00e4t und Angriffslust, manchmal vor Lebensfreude. Es sind Posen, die tiefe Ohnmacht und Aufbruch demonstrieren. Bei den jungen M\u00e4nnern fehlt jeder Optimismus, die Stra\u00dfengangs haben keine Vokabeln f\u00fcr Ann\u00e4herung. Das scheinbar Fremde macht ihnen Angst, die in Hass und Gewalt umschl\u00e4gt. Ein Mann wie Officer Krupke hat da keine Chance auf Geh\u00f6r. Erst als der Tod seinen Tribut gefordert hat, d\u00e4mmert etwas Einsicht \u2013 insofern breitet sich auch in Eutin am Ende sanfter Hoffnungsschimmer zu den wunderbaren \u201eSomewhere\u201c-Kl\u00e4ngen aus.<\/p>\n\n\n\n<p>Regisseur Till Kleine-M\u00f6ller verbindet die wechselnden Stimmungen, intimen Augenblicke und brachialen Macker-Szenen mit Augenma\u00df und hoher Sensibilit\u00e4t. Er h\u00e4lt die Balance zwischen Trag\u00f6die und subtilem Humor, Brutalit\u00e4t und dem Flirren verbotener Zuneigung. Gemeinsam mit dem Choreografen garantiert er rasantes Tempo, stets authentisch wirkende Momente und immer wieder knisternd explosive Spannung. Die findet sich ebenso im punktgenau pr\u00e4parierten Festspielorchester unter Leitung von Christoph B\u00f6necker. Bernsteins stupende Partitur mit klassischen Elementen, knackigem Jazz-Idiom und erotisiertem Mambo erh\u00e4lt bei ihnen den n\u00f6tigen Feinschliff, der sich prompt auf das gesamte Ensemble \u00fcbertr\u00e4gt.<\/p>\n\n\n\n<p>Typengerecht ist die Besetzung, allesamt musicalerfahren und vor allem t\u00e4nzerisch absolut top. Als Treffpunkt fungiert der Brunnen mit dem Friedensengel im Central Park, verm\u00fcllt, heruntergekommen, ein Lost Place als Symbol f\u00fcr urbanen Verfall und emotionale Leere. Dort befehden sich Jets und Sharks, keimt die Liebe zwischen den Hauptakteuren. In zeitlosen Kost\u00fcmen unterstreicht die Inszenierung mit sparsamen Gegenwartsbez\u00fcgen die jede Mode \u00fcberdauernde, gerade momentan erschreckend brisante Kernaussage, besonders eindrucksvoll in den Ensemble-Szenen mit ihren mitrei\u00dfenden T\u00e4nzen.<\/p>\n\n\n\n<p>Meera Varghese \u00fcberzeugt als warmherzig naive Maria, Florian Minnerop als beherzt traumwandelnder Tony, Kerry Jean spielt die gef\u00fchlsgeladene Anita, Robert Lankester den draufg\u00e4ngerischen Riff, Davide Dal Seno den Obermacho Bernado, Jan Rogler den siedend hei\u00dfen Action. Die Frauen verk\u00f6rpern die Sehnsucht nach Ver\u00e4nderung, die M\u00e4nner wirken eher schwach, kriechen in ihre polternde, zugleich stumme Phobie. Die \u201eWest Side Story\u201c in Eutin zeigt mit ihrer pr\u00e4chtigen Cast Open-Air-Theater auf dem Zenit. Und das Publikum? Spendet Riesenapplaus.<\/p>\n\n\n\n<hr class=\"wp-block-separator has-alpha-channel-opacity is-style-dots\"\/>\n\n\n\n<p class=\"has-small-font-size\">Musikalische Leitung: Christoph B\u00f6necker \u2022 Regie und Licht: Till Kleine-M\u00f6ller \u2022 Choreografie und Kost\u00fcme: Timo Rad\u00fcnz \u2022 B\u00fchne: J\u00f6rg Brombacher \u2022 Mit: Meera Varghese (Maria), Kerry Jean (Anita), Florian Minnerop (Tony), Robert Lankester (Riff), Davide Dal Seno (Bernado), Jan Rogler (Action), Bruno Vida (Chino), Boris Boehringer (Krupke), Kevin Schmid (Arab), Noah Steiner (Baby John), Volker Metzger (Doc\/Glad Hand), Nils Willers (Schrank), Maxie Werner (Anybodys) u.a. \u2022 Festspielorchester Eutin<\/p>\n\n\n\n<p class=\"has-small-font-size\">Aufmacherfoto: Marcel Kohnen<\/p>\n\n\n\n<p><\/p>\n","protected":false},"excerpt":{"rendered":"<p>Die \u201eWest Side Story\u201c erschreckend aktuell Kaum ein Stoff fasziniert wie dieser. Von Shakespeare einst verfasst, bl\u00e4ttert sich eine alles \u00fcberdauernde Geschichte auf, die zwei Menschen in auswegloser Situation zeigt: Romeo und Julia, ihre Familien sind sich spinnefeind, bek\u00e4mpfen sich blutig \u2013 und trotzdem sind die beiden f\u00fcreinander bestimmt, leider ausweglos. Ein Plot f\u00fcr die Ewigkeit, global zu sehen als Schauspiel, Ballett, Oper, Film und, mehrfach adaptiert, im Musical-Gewand. Viele haben es probiert, aber nur ein Kreativteam so beklemmend, anr\u00fchrend, [&hellip;]<\/p>\n","protected":false},"author":4,"featured_media":12229,"comment_status":"closed","ping_status":"closed","sticky":false,"template":"","format":"standard","meta":{"tpgb_global_settings":"","footnotes":""},"categories":[186],"tags":[],"class_list":["post-12228","post","type-post","status-publish","format-standard","has-post-thumbnail","hentry","category-eutin"],"tpgb_featured_images":{"full":["https:\/\/www.musical-today.de\/wp-content\/uploads\/2025\/07\/eutiner-festspiele-2025-musical-leonard-bernstein-west-side-story-seebuehen-eutin-khp-marcel-kohnen-0058.jpg",2560,1707,false],"tp-image-grid":["https:\/\/www.musical-today.de\/wp-content\/uploads\/2025\/07\/eutiner-festspiele-2025-musical-leonard-bernstein-west-side-story-seebuehen-eutin-khp-marcel-kohnen-0058-700x700.jpg",700,700,true],"thumbnail":["https:\/\/www.musical-today.de\/wp-content\/uploads\/2025\/07\/eutiner-festspiele-2025-musical-leonard-bernstein-west-side-story-seebuehen-eutin-khp-marcel-kohnen-0058-600x400.jpg",600,400,true],"medium":["https:\/\/www.musical-today.de\/wp-content\/uploads\/2025\/07\/eutiner-festspiele-2025-musical-leonard-bernstein-west-side-story-seebuehen-eutin-khp-marcel-kohnen-0058-1200x800.jpg",1200,800,true],"medium_large":["https:\/\/www.musical-today.de\/wp-content\/uploads\/2025\/07\/eutiner-festspiele-2025-musical-leonard-bernstein-west-side-story-seebuehen-eutin-khp-marcel-kohnen-0058-770x513.jpg",770,513,true],"large":["https:\/\/www.musical-today.de\/wp-content\/uploads\/2025\/07\/eutiner-festspiele-2025-musical-leonard-bernstein-west-side-story-seebuehen-eutin-khp-marcel-kohnen-0058-1920x1280.jpg",1139,759,true],"default":"https:\/\/www.musical-today.de\/wp-content\/plugins\/the-plus-addons-for-block-editor\/assets\/images\/tpgb-placeholder.jpg"},"tpgb_post_meta_info":{"get_date":"08.07.2025","get_modified_date":"08.07.2025","category_list":{"category":[{"term_id":186,"name":"Eutin","slug":"eutin","term_group":0,"term_taxonomy_id":186,"taxonomy":"category","description":"","parent":19,"count":2,"filter":"raw","term_order":"31"}],"post_tag":false,"post_format":false},"author_name":"J\u00fcrgen Rickert","author_url":"https:\/\/www.musical-today.de\/en\/autor\/juergenrickert\/","author_email":"maail@valentinboesing.de","author_website":"","author_description":"Redakteur, Journalist, PR-Manager, P\u00e4dagoge. Arbeit in s\u00e4mtlichen Medien, mit Schwerpunkt Musiktheater-Rezensionen. Mitinitiator verschiedener internationaler Formate der UNESCO wie Euro-Arabischer Dialog, Deutsch-Afrikanische Jugendakademie, Climate Action Network. Dramaturgie und Produktionsleitung, z. B. \"Wohin gehst Du\" (Tanzprojekt), \"Gelbe Ohrfeigen\" (ARTE), Entwicklung des mehrfach interkontinental durchgef\u00fchrten Konzepts \"From Head to Heart\" mit szenischen Installationen.","author_facebook":"","author_twitter":"","author_instagram":"","author_role":["redakteur","author","editor","redaktionsteam"],"author_firstname":"J\u00fcrgen","author_lastname":"Rickert","user_login":"hjr","author_avatar":"<img src=\"https:\/\/www.musical-today.de\/wp-content\/uploads\/2024\/01\/cropped-Bildschirmfoto-2024-01-21-um-09.35.54-293x293.jpeg\" width=\"200\" height=\"200\" alt=\"J\u00fcrgen Rickert\" class=\"avatar avatar-200 wp-user-avatar wp-user-avatar-200 alignnone photo\" \/>","author_avatar_url":"https:\/\/www.musical-today.de\/wp-content\/uploads\/2024\/01\/cropped-Bildschirmfoto-2024-01-21-um-09.35.54.jpeg","comment_count":0,"post_likes":0,"post_views":0},"tpgb_post_category":{"category":"<a href=\"https:\/\/www.musical-today.de\/en\/deutschland\/eutin\/\" alt=\"Eutin\"  class=\"category-eutin\">Eutin<\/a> "},"_links":{"self":[{"href":"https:\/\/www.musical-today.de\/en\/wp-json\/wp\/v2\/posts\/12228","targetHints":{"allow":["GET"]}}],"collection":[{"href":"https:\/\/www.musical-today.de\/en\/wp-json\/wp\/v2\/posts"}],"about":[{"href":"https:\/\/www.musical-today.de\/en\/wp-json\/wp\/v2\/types\/post"}],"author":[{"embeddable":true,"href":"https:\/\/www.musical-today.de\/en\/wp-json\/wp\/v2\/users\/4"}],"replies":[{"embeddable":true,"href":"https:\/\/www.musical-today.de\/en\/wp-json\/wp\/v2\/comments?post=12228"}],"version-history":[{"count":0,"href":"https:\/\/www.musical-today.de\/en\/wp-json\/wp\/v2\/posts\/12228\/revisions"}],"wp:featuredmedia":[{"embeddable":true,"href":"https:\/\/www.musical-today.de\/en\/wp-json\/wp\/v2\/media\/12229"}],"wp:attachment":[{"href":"https:\/\/www.musical-today.de\/en\/wp-json\/wp\/v2\/media?parent=12228"}],"wp:term":[{"taxonomy":"category","embeddable":true,"href":"https:\/\/www.musical-today.de\/en\/wp-json\/wp\/v2\/categories?post=12228"},{"taxonomy":"post_tag","embeddable":true,"href":"https:\/\/www.musical-today.de\/en\/wp-json\/wp\/v2\/tags?post=12228"}],"curies":[{"name":"wp","href":"https:\/\/api.w.org\/{rel}","templated":true}]}}