{"id":12240,"date":"2025-07-12T01:14:05","date_gmt":"2025-07-11T23:14:05","guid":{"rendered":"https:\/\/www.musical-today.de\/?p=12240"},"modified":"2025-07-12T01:14:07","modified_gmt":"2025-07-11T23:14:07","slug":"thun-disneys-der-glockner-von-notre-dame-das-musical","status":"publish","type":"post","link":"https:\/\/www.musical-today.de\/en\/thun-disneys-der-glockner-von-notre-dame-das-musical\/","title":{"rendered":"Disneys Der Gl\u00f6ckner von Notre Dame \u2013 Das Musical"},"content":{"rendered":"<div class=\"lets-info-up-wrap  lets-info-up--right lets-info-up--m-1 lets-info-up-skin-3 lets-info-up--side lets-info-up-41633\" style=\"background:#fafafa; color: #616161\">\t\t\t<div class=\"lets-info-up\">\r\n\t\t\t<div class=\"lets-info-up-fi\"><img decoding=\"async\" width=\"500\" height=\"333\" src=\"https:\/\/www.musical-today.de\/wp-content\/uploads\/2024\/01\/qi-addons-for-elementor-placeholder-500x333.png\" class=\"attachment-lets-info-up-d1 size-lets-info-up-d1\" alt=\"|\" srcset=\"https:\/\/www.musical-today.de\/wp-content\/uploads\/2024\/01\/qi-addons-for-elementor-placeholder-500x333.png 500w, https:\/\/www.musical-today.de\/wp-content\/uploads\/2024\/01\/qi-addons-for-elementor-placeholder-300x200.png 300w, https:\/\/www.musical-today.de\/wp-content\/uploads\/2024\/01\/qi-addons-for-elementor-placeholder-1024x683.png 1024w, https:\/\/www.musical-today.de\/wp-content\/uploads\/2024\/01\/qi-addons-for-elementor-placeholder-883x589.png 883w, https:\/\/www.musical-today.de\/wp-content\/uploads\/2024\/01\/qi-addons-for-elementor-placeholder-18x12.png 18w, https:\/\/www.musical-today.de\/wp-content\/uploads\/2024\/01\/qi-addons-for-elementor-placeholder-360x240.png 360w, https:\/\/www.musical-today.de\/wp-content\/uploads\/2024\/01\/qi-addons-for-elementor-placeholder-1155x770.png 1155w, https:\/\/www.musical-today.de\/wp-content\/uploads\/2024\/01\/qi-addons-for-elementor-placeholder-370x247.png 370w, https:\/\/www.musical-today.de\/wp-content\/uploads\/2024\/01\/qi-addons-for-elementor-placeholder-770x513.png 770w, https:\/\/www.musical-today.de\/wp-content\/uploads\/2024\/01\/qi-addons-for-elementor-placeholder-293x195.png 293w, https:\/\/www.musical-today.de\/wp-content\/uploads\/2024\/01\/qi-addons-for-elementor-placeholder-120x80.png 120w, https:\/\/www.musical-today.de\/wp-content\/uploads\/2024\/01\/qi-addons-for-elementor-placeholder-240x160.png 240w, https:\/\/www.musical-today.de\/wp-content\/uploads\/2024\/01\/qi-addons-for-elementor-placeholder-390x260.png 390w, https:\/\/www.musical-today.de\/wp-content\/uploads\/2024\/01\/qi-addons-for-elementor-placeholder.png 1200w\" sizes=\"(max-width: 500px) 100vw, 500px\" title=\"\"><\/div>\t\t\t<div class=\"lets-info-up-block-wrap\">\r\n\t\t\t\t<div class=\"lets-info-up-block lets-info-up-meta-block\"><div class=\"lets-info-up-meta-title lets-info-up-pretitle font-h\" style=\"color: #8c6d18;\">oRT<\/div><div class=\"lets-info-up-meta-content lets-info-up-title font-b\">Thunerseespiele<\/div><\/div><div class=\"lets-info-up-block lets-info-up-meta-block\"><div class=\"lets-info-up-meta-title lets-info-up-pretitle font-h\" style=\"color: #8c6d18;\">von<\/div><div class=\"lets-info-up-meta-content lets-info-up-title font-b\">Alan Menken (Musik)<br> James Lapine und Peter Parnell (Buch) <br> Stephen Schwartz (Liedtexte)<\/div><\/div><div class=\"lets-info-up-block lets-info-up-meta-block\"><div class=\"lets-info-up-meta-title lets-info-up-pretitle font-h\" style=\"color: #8c6d18;\">Regie<\/div><div class=\"lets-info-up-meta-content lets-info-up-title font-b\">Dominik\u202fFlaschka<\/div><\/div><div class=\"lets-info-up-block lets-info-up-meta-block\"><div class=\"lets-info-up-meta-title lets-info-up-pretitle font-h\" style=\"color: #8c6d18;\">Urauff\u00fchrung<\/div><div class=\"lets-info-up-meta-content lets-info-up-title font-b\">1999<\/div><\/div><div class=\"lets-info-up-block lets-info-up-meta-block\"><div class=\"lets-info-up-meta-title lets-info-up-pretitle font-h\" style=\"color: #8c6d18;\">INFOS<\/div><div class=\"lets-info-up-meta-content lets-info-up-title font-b\"><a href=\"https:\/\/www.thunerseespiele.ch\/de\/musical\" target=\"_blank\" rel=\"noopener noreferrer nofollow\">www.thunerseespiele.ch<\/a><\/div><\/div>\t\t\t<\/div>\r\n\t\t\t<\/div>\r\n\t\t<\/div>\r\n\t\t\n\n\n<p><strong>\u201eDer Gl\u00f6ckner von Notre Dame\u201c muss sich auch international nicht verstecken<\/strong><\/p>\n\n\n\n<p>Der Schweizer Regisseur Dominik Flaschka, der bereits 2018 bei \u201eMamma Mia!\u201c auf der Seeb\u00fchne Regie f\u00fchrte, pr\u00e4sentiert mit seiner Neuinszenierung von \u201eDer Gl\u00f6ckner von Notre Dame\u201c eine vielschichtige Produktion voller \u00dcberraschungen.<\/p>\n\n\n\n<p>Sein Konzept setzt unmittelbar nach dem Brand von Notre-Dame im Jahr 2019 an. Aus der Asche der Brandkatastrophe entspinnt sich Quasimodos fiktive Geschichte. Chor und Ensemble \u2013 in der Rolle der Erz\u00e4hlenden \u2013 holen das Publikum in der Gegenwart ab und begleiten es zur\u00fcck ins sp\u00e4tmittelalterliche Paris. Die Perspektive zeigt von Beginn an auch eindrucksvoll, dass die zentralen Themen von Victor Hugos Buchvorlage \u2013 Diskriminierung, Ausgrenzung, Machtmissbrauch \u2013 nichts an Aktualit\u00e4t verloren haben.<\/p>\n\n\n\n<p>Stephan Prattes\u2019 B\u00fchnenbild setzt diese Zeitreise auch visuell \u00e4u\u00dferst beeindruckend um. Was auf den ersten Blick ein schlichtes Bauger\u00fcst zu sein scheint, entpuppt sich im Laufe der Auff\u00fchrung als wandelbares Gesamtkunstwerk, das auf f\u00fcnf Stockwerken bespielbar ist. Mittig auf der B\u00fchne befindet sich eine Spielfl\u00e4che, die den Zufluchtsort Quasimodos darstellt, auf der linken Seite der Wunderhof, Wohnort der Narren, und rechts der gotische Glockenturm.<\/p>\n\n\n<div  class=\"tpgb-wrap-956d14_12240  tpgb-wrap-fw \"  ><div id=\"956d14_12240\" class=\"tpgb-block-956d14_12240 tpgb-relative-block tpgb-gallery-list tpgb-metro gallery-style-2 hover-image-style-1   \" data-style=\"style-2\" data-id=\"956d14_12240\" data-layout=\"metro\" data-fancy-option='{\"loop\":false,\"thumb\":\"no\",\"infobar\":true,\"arrows\":true,\"transitionEffect\":\"slide\",\"button\":[\"close\"]}' data-splide='\"\"' data-metroAttr= '{\"metro_col\":3,\"tab_metro_col\":3,\"mobile_metro_col\":3,\"metro_style\":\"style-1\",\"tab_metro_style\":\"style-1\",\"mobile_metro_style\":\"style-1\"}' ><div class=\"tpgb-row post-loop-inner \"><div class=\"grid-item metro-item-0    tpgb-metro-1  tpgb-tab-metro-1  tpgb-mobile-metro-1 \"><a href=\"https:\/\/www.musical-today.de\/wp-content\/uploads\/2025\/07\/Gloeckner_final-59_15x10cm.jpg\" class=\"tpgb-gallery-list-content tpgb-trans-easeinout\" data-fancybox=\"956d14_12240\" data-caption=\"Foto: Thunerseespiele\" aria-label=\"Foto: Thunerseespiele\"><div class=\"post-content-image\"><div class=\"tpgb-metro-gallery-image\" style=\"background: url(https:\/\/www.musical-today.de\/wp-content\/uploads\/2025\/07\/Gloeckner_final-59_15x10cm.jpg);\"><\/div><\/div><div class=\"post-content-center\"><div class=\"post-zoom-icon\"><div class=\"meta-search-icon\"><span><img decoding=\"async\" class=\"fancy-img\" src=\"https:\/\/www.musical-today.de\/wp-content\/uploads\/2025\/07\/Gloeckner_final-59_15x10cm.jpg\" alt=\"Media Image1\" title=\"\"><i class=\"fas fa-search-plus pop-icon\"><\/i><\/span><\/div><\/div><div class=\"post-content-bottom\"><p class=\"post-title tpgb-trans-easeinout\">Foto: Thunerseespiele<\/p><\/div><\/div><\/a><\/div><div class=\"grid-item metro-item-1    tpgb-metro-2  tpgb-tab-metro-2  tpgb-mobile-metro-2 \"><a href=\"https:\/\/www.musical-today.de\/wp-content\/uploads\/2025\/07\/Gloeckner_final-147_15x10cm.jpg\" class=\"tpgb-gallery-list-content tpgb-trans-easeinout\" data-fancybox=\"956d14_12240\" data-caption=\"Foto: Thunerseespiele\" aria-label=\"Foto: Thunerseespiele\"><div class=\"post-content-image\"><div class=\"tpgb-metro-gallery-image\" style=\"background: url(https:\/\/www.musical-today.de\/wp-content\/uploads\/2025\/07\/Gloeckner_final-147_15x10cm.jpg);\"><\/div><\/div><div class=\"post-content-center\"><div class=\"post-zoom-icon\"><div class=\"meta-search-icon\"><span><img decoding=\"async\" class=\"fancy-img\" src=\"https:\/\/www.musical-today.de\/wp-content\/uploads\/2025\/07\/Gloeckner_final-147_15x10cm.jpg\" alt=\"Media Image2\" title=\"\"><i class=\"fas fa-search-plus pop-icon\"><\/i><\/span><\/div><\/div><div class=\"post-content-bottom\"><p class=\"post-title tpgb-trans-easeinout\">Foto: Thunerseespiele<\/p><\/div><\/div><\/a><\/div><div class=\"grid-item metro-item-2    tpgb-metro-3  tpgb-tab-metro-3  tpgb-mobile-metro-3 \"><a href=\"https:\/\/www.musical-today.de\/wp-content\/uploads\/2025\/07\/Gloeckner_final-122_15x10cm.jpg\" class=\"tpgb-gallery-list-content tpgb-trans-easeinout\" data-fancybox=\"956d14_12240\" data-caption=\"Foto: Thunerseespiele\" aria-label=\"Foto: Thunerseespiele\"><div class=\"post-content-image\"><div class=\"tpgb-metro-gallery-image\" style=\"background: url(https:\/\/www.musical-today.de\/wp-content\/uploads\/2025\/07\/Gloeckner_final-122_15x10cm.jpg);\"><\/div><\/div><div class=\"post-content-center\"><div class=\"post-zoom-icon\"><div class=\"meta-search-icon\"><span><img decoding=\"async\" class=\"fancy-img\" src=\"https:\/\/www.musical-today.de\/wp-content\/uploads\/2025\/07\/Gloeckner_final-122_15x10cm.jpg\" alt=\"Media Image3\" title=\"\"><i class=\"fas fa-search-plus pop-icon\"><\/i><\/span><\/div><\/div><div class=\"post-content-bottom\"><p class=\"post-title tpgb-trans-easeinout\">Foto: Thunerseespiele<\/p><\/div><\/div><\/a><\/div><\/div><\/div><\/div>\n\n\n<p>Die Inszenierung lebt von Kontrasten, besonders in der Lichtdramaturgie von Fabian K\u00fcng. Das Ger\u00fcst ist mit LED-Leisten versehen, die immer wieder neue Farben und Formen hervorbringen, manchmal abstrakt und gebrochen, manchmal flie\u00dfend und pulsierend. Fackeln und Knallk\u00f6rper f\u00fcgen sich nahtlos in diese visuell starke Umsetzung ein. Mit zunehmender Dunkelheit entfaltet die Szenerie eine magische Kraft: eine Lichtsymphonie auf dem Wasser.<\/p>\n\n\n\n<p>Ein richtiger Geniestreich sind die \u00fcberlebensgro\u00dfen Steinfiguren, die das Ensemble immer wieder zum Leben erweckt. F\u00fcr Quasimodo sind sie vertraute Freunde. Wenn sie in Bewegung gebracht werden, dominieren sie die gesamte Szenerie und ziehen die Zuschauenden in ihren Bann. Irina Hofers Kost\u00fcme akzentuieren die Geschichte modern und vielschichtig. Das Pariser Volk erscheint in n\u00fcchterner Strenge, w\u00e4hrend die Narren in leuchtenden Farben und gemusterten Stoffen bunte Vielfalt und Lebensfreude verk\u00f6rpern. Das Maskenbild der Thunerin Olivia Sieber erg\u00e4nzt diese Wirkung mit liebevollen Details.<\/p>\n\n\n\n<p>Auch darstellerisch \u00fcberzeugt die Produktion auf ganzer Linie. Denis Riffel meistert die in diesem halsbrecherischen Setting physisch an Spitzensport grenzende Rolle des Quasimodo \u00e4u\u00dferst souver\u00e4n. Trotz widriger Witterung \u2013 13 Grad, Wind, regennasse B\u00fchne \u2013 bleibt seine Interpretation dynamisch und kindlich ber\u00fchrend, auch wenn seine Stimme bei dieser Vorpremiere leicht angeschlagen scheint. Sharon Isabelle Rupa brilliert als temperamentvolle Esmeralda mit starker B\u00fchnenpr\u00e4senz und wundersch\u00f6ner Stimmfarbe; ihre Duette mit dem gesanglich ebenso herausragenden Oliver Floris (Phoebus) z\u00e4hlen zu den musikalischen H\u00f6hepunkten. Detlef Leistenschneider verleiht Frollo beklemmende Tiefe, seine Zerrissenheit ist sp\u00fcrbar. Auch er \u00fcberzeugt mit kraftvoller Stimme.<\/p>\n\n\n\n<p>Die Choreografien von Jonathan Huor pr\u00e4gen die Szenerie mit vielen gelungenen Akzenten. Vom ausgelassenen Fest der Narren bis hin zur Geb\u00e4rdensprache: Jede Bewegung erz\u00e4hlt die Geschichte mit. Der Moment, in dem das Ensemble im Finale Quasimodos Geb\u00e4rden aufnimmt und die Botschaft geeint in den Zuschauerraum sendet, wird zum Ausdruck menschlicher Verbundenheit.<\/p>\n\n\n\n<p>Das Orchester, seit 2003 dirigiert von Iwan\u202fWassilevski, verwandelt die Partitur in einen imposanten Klangteppich: warm, wuchtig, feinf\u00fchlig. Der von Patrick Secchiari einstudierte Chor tr\u00e4gt mit wundersch\u00f6nen Harmonien und emotionaler Kraft wesentlich zum Erfolg bei. Die stimmlichen Harmonien des rund 50-k\u00f6pfigen Ensembles sind absolut Weltklasse und ein weiterer H\u00f6hepunkt des Abends.<\/p>\n\n\n\n<p>Diese Neuinszenierung des \u201eGl\u00f6ckners von Notre Dame\u201c ist mehr als ein Open-Air-Spektakel. Sie ist ein vielschichtiges Gesamtkunstwerk, das visuelle Kraft, musikalische Tiefe und gesellschaftliche Relevanz zu einem eindr\u00fccklichen Theatererlebnis verbindet.<\/p>\n\n\n\n<hr class=\"wp-block-separator has-alpha-channel-opacity is-style-dots\"\/>\n\n\n\n<p class=\"has-small-font-size\">Musikalische Leitung: Iwan Wassilevski \u2022 Choreografie: Jonathan\u202fHuor \u2022 B\u00fchne: Stephan\u202fPrattes \u2022 Kost\u00fcme: Irina\u202fHofer \u2022 Masken- und Per\u00fcckendesign: Olivia Sieber \u2022 Licht: Fabian K\u00fcng \u2022 Sounddesign: Thomas Strebel \u2022 Chorleitung: Patrick Secchiari \u2022 Mit: Denis Riffel (Quasimodo), Sharon Isabelle Rupa (Esmeralda), Detlef Leistenschneider (Erzdiakon Claude Frollo), Oliver Floris (Hauptmann Phoebus de Martin), Frank Josef Winkels (Clopin Trouillefou), Alex Bellinkx (K\u00f6nig Louis XI), Anja Quinter (Florika), Benedikt Berner (Junger Frollo), Florian Sigmund (Jehan Frollo), Mathias Reiser (Leutnant Frederic Charlus), Mona Graw (Madame), Thomas Schreier (Pater Dupin) u.a. \u2022 Musical-Singers \u2022 Orchester der Thunerseespiele<\/p>\n\n\n\n<p class=\"has-small-font-size\">Aufmacherfoto: Thunerseespiele<\/p>\n","protected":false},"excerpt":{"rendered":"<p>\u201eDer Gl\u00f6ckner von Notre Dame\u201c muss sich auch international nicht verstecken Der Schweizer Regisseur Dominik Flaschka, der bereits 2018 bei \u201eMamma Mia!\u201c auf der Seeb\u00fchne Regie f\u00fchrte, pr\u00e4sentiert mit seiner Neuinszenierung von \u201eDer Gl\u00f6ckner von Notre Dame\u201c eine vielschichtige Produktion voller \u00dcberraschungen. Sein Konzept setzt unmittelbar nach dem Brand von Notre-Dame im Jahr 2019 an. Aus der Asche der Brandkatastrophe entspinnt sich Quasimodos fiktive Geschichte. Chor und Ensemble \u2013 in der Rolle der Erz\u00e4hlenden \u2013 holen das Publikum in der [&hellip;]<\/p>\n","protected":false},"author":13,"featured_media":12242,"comment_status":"closed","ping_status":"closed","sticky":false,"template":"","format":"standard","meta":{"tpgb_global_settings":"","footnotes":""},"categories":[176],"tags":[],"class_list":["post-12240","post","type-post","status-publish","format-standard","has-post-thumbnail","hentry","category-thun"],"tpgb_featured_images":{"full":["https:\/\/www.musical-today.de\/wp-content\/uploads\/2025\/07\/Gloeckner_final-151_15x10cm.jpg",1772,1181,false],"tp-image-grid":["https:\/\/www.musical-today.de\/wp-content\/uploads\/2025\/07\/Gloeckner_final-151_15x10cm-700x700.jpg",700,700,true],"thumbnail":["https:\/\/www.musical-today.de\/wp-content\/uploads\/2025\/07\/Gloeckner_final-151_15x10cm-600x400.jpg",600,400,true],"medium":["https:\/\/www.musical-today.de\/wp-content\/uploads\/2025\/07\/Gloeckner_final-151_15x10cm-1200x800.jpg",1200,800,true],"medium_large":["https:\/\/www.musical-today.de\/wp-content\/uploads\/2025\/07\/Gloeckner_final-151_15x10cm-770x513.jpg",770,513,true],"large":["https:\/\/www.musical-today.de\/wp-content\/uploads\/2025\/07\/Gloeckner_final-151_15x10cm.jpg",1139,759,false],"default":"https:\/\/www.musical-today.de\/wp-content\/plugins\/the-plus-addons-for-block-editor\/assets\/images\/tpgb-placeholder.jpg"},"tpgb_post_meta_info":{"get_date":"12.07.2025","get_modified_date":"12.07.2025","category_list":{"category":[{"term_id":176,"name":"Thun","slug":"thun","term_group":0,"term_taxonomy_id":176,"taxonomy":"category","description":"","parent":115,"count":2,"filter":"raw","term_order":"6"}],"post_tag":false,"post_format":false},"author_name":"Susanne Weber","author_url":"https:\/\/www.musical-today.de\/en\/autor\/susanneweber\/","author_email":"online55@musical-today.de","author_website":"","author_description":"entdeckte bei einem Opernbesuch mit ihrer Gro\u00dfmutter und sp\u00e4ter als Geigerin in einer Schulmusicalproduktion schon als Jugendliche ihre Liebe zum Musiktheater. Seitdem hat sie diese Faszination nicht mehr losgelassen. Urspr\u00fcnglich studierte sie Sprachen, aktuell arbeitet sie als Chief of Staff am Schweizer Hauptsitz eines amerikanischen IT-Unternehmens.","author_facebook":"","author_twitter":"","author_instagram":"","author_role":["author"],"author_firstname":"Susanne","author_lastname":"Weber","user_login":"susanneweber","author_avatar":"<img src=\"https:\/\/www.musical-today.de\/wp-content\/uploads\/2024\/03\/Susanne-Weber1-293x293.jpg\" width=\"200\" height=\"200\" alt=\"Susanne Weber\" class=\"avatar avatar-200 wp-user-avatar wp-user-avatar-200 alignnone photo\" \/>","author_avatar_url":"https:\/\/www.musical-today.de\/wp-content\/uploads\/2024\/03\/Susanne-Weber1.jpg","comment_count":0,"post_likes":0,"post_views":0},"tpgb_post_category":{"category":"<a href=\"https:\/\/www.musical-today.de\/en\/schweiz\/thun\/\" alt=\"Thun\"  class=\"category-thun\">Thun<\/a> "},"_links":{"self":[{"href":"https:\/\/www.musical-today.de\/en\/wp-json\/wp\/v2\/posts\/12240","targetHints":{"allow":["GET"]}}],"collection":[{"href":"https:\/\/www.musical-today.de\/en\/wp-json\/wp\/v2\/posts"}],"about":[{"href":"https:\/\/www.musical-today.de\/en\/wp-json\/wp\/v2\/types\/post"}],"author":[{"embeddable":true,"href":"https:\/\/www.musical-today.de\/en\/wp-json\/wp\/v2\/users\/13"}],"replies":[{"embeddable":true,"href":"https:\/\/www.musical-today.de\/en\/wp-json\/wp\/v2\/comments?post=12240"}],"version-history":[{"count":0,"href":"https:\/\/www.musical-today.de\/en\/wp-json\/wp\/v2\/posts\/12240\/revisions"}],"wp:featuredmedia":[{"embeddable":true,"href":"https:\/\/www.musical-today.de\/en\/wp-json\/wp\/v2\/media\/12242"}],"wp:attachment":[{"href":"https:\/\/www.musical-today.de\/en\/wp-json\/wp\/v2\/media?parent=12240"}],"wp:term":[{"taxonomy":"category","embeddable":true,"href":"https:\/\/www.musical-today.de\/en\/wp-json\/wp\/v2\/categories?post=12240"},{"taxonomy":"post_tag","embeddable":true,"href":"https:\/\/www.musical-today.de\/en\/wp-json\/wp\/v2\/tags?post=12240"}],"curies":[{"name":"wp","href":"https:\/\/api.w.org\/{rel}","templated":true}]}}