{"id":12250,"date":"2025-07-12T01:24:20","date_gmt":"2025-07-11T23:24:20","guid":{"rendered":"https:\/\/www.musical-today.de\/?p=12250"},"modified":"2025-07-14T14:12:10","modified_gmt":"2025-07-14T12:12:10","slug":"murg-am-walensee-ungeheuerlich","status":"publish","type":"post","link":"https:\/\/www.musical-today.de\/en\/murg-am-walensee-ungeheuerlich\/","title":{"rendered":"Ungeheuerlich"},"content":{"rendered":"<div class=\"lets-info-up-wrap  lets-info-up--right lets-info-up--m-1 lets-info-up-skin-3 lets-info-up--side lets-info-up-27081\" style=\"background:#fafafa; color: #616161\">\t\t\t<div class=\"lets-info-up\">\r\n\t\t\t<div class=\"lets-info-up-fi\"><img decoding=\"async\" width=\"500\" height=\"333\" src=\"https:\/\/www.musical-today.de\/wp-content\/uploads\/2024\/01\/qi-addons-for-elementor-placeholder-500x333.png\" class=\"attachment-lets-info-up-d1 size-lets-info-up-d1\" alt=\"|\" srcset=\"https:\/\/www.musical-today.de\/wp-content\/uploads\/2024\/01\/qi-addons-for-elementor-placeholder-500x333.png 500w, https:\/\/www.musical-today.de\/wp-content\/uploads\/2024\/01\/qi-addons-for-elementor-placeholder-300x200.png 300w, https:\/\/www.musical-today.de\/wp-content\/uploads\/2024\/01\/qi-addons-for-elementor-placeholder-1024x683.png 1024w, https:\/\/www.musical-today.de\/wp-content\/uploads\/2024\/01\/qi-addons-for-elementor-placeholder-883x589.png 883w, https:\/\/www.musical-today.de\/wp-content\/uploads\/2024\/01\/qi-addons-for-elementor-placeholder-18x12.png 18w, https:\/\/www.musical-today.de\/wp-content\/uploads\/2024\/01\/qi-addons-for-elementor-placeholder-360x240.png 360w, https:\/\/www.musical-today.de\/wp-content\/uploads\/2024\/01\/qi-addons-for-elementor-placeholder-1155x770.png 1155w, https:\/\/www.musical-today.de\/wp-content\/uploads\/2024\/01\/qi-addons-for-elementor-placeholder-370x247.png 370w, https:\/\/www.musical-today.de\/wp-content\/uploads\/2024\/01\/qi-addons-for-elementor-placeholder-770x513.png 770w, https:\/\/www.musical-today.de\/wp-content\/uploads\/2024\/01\/qi-addons-for-elementor-placeholder-293x195.png 293w, https:\/\/www.musical-today.de\/wp-content\/uploads\/2024\/01\/qi-addons-for-elementor-placeholder-120x80.png 120w, https:\/\/www.musical-today.de\/wp-content\/uploads\/2024\/01\/qi-addons-for-elementor-placeholder-240x160.png 240w, https:\/\/www.musical-today.de\/wp-content\/uploads\/2024\/01\/qi-addons-for-elementor-placeholder-390x260.png 390w, https:\/\/www.musical-today.de\/wp-content\/uploads\/2024\/01\/qi-addons-for-elementor-placeholder.png 1200w\" sizes=\"(max-width: 500px) 100vw, 500px\" title=\"\"><\/div>\t\t\t<div class=\"lets-info-up-block-wrap\">\r\n\t\t\t\t<div class=\"lets-info-up-block lets-info-up-meta-block\"><div class=\"lets-info-up-meta-title lets-info-up-pretitle font-h\" style=\"color: #8c6d18;\">oRT<\/div><div class=\"lets-info-up-meta-content lets-info-up-title font-b\">Verein Unter Freiem Himmel<\/div><\/div><div class=\"lets-info-up-block lets-info-up-meta-block\"><div class=\"lets-info-up-meta-title lets-info-up-pretitle font-h\" style=\"color: #8c6d18;\">von<\/div><div class=\"lets-info-up-meta-content lets-info-up-title font-b\">Sami Hammi (Musik)<br>Bernd Stromberger (Buch und Liedtexte)<\/div><\/div><div class=\"lets-info-up-block lets-info-up-meta-block\"><div class=\"lets-info-up-meta-title lets-info-up-pretitle font-h\" style=\"color: #8c6d18;\">Regie<\/div><div class=\"lets-info-up-meta-content lets-info-up-title font-b\">Simon Burkhalter<\/div><\/div><div class=\"lets-info-up-block lets-info-up-meta-block\"><div class=\"lets-info-up-meta-title lets-info-up-pretitle font-h\" style=\"color: #8c6d18;\">Urauff\u00fchrung<\/div><div class=\"lets-info-up-meta-content lets-info-up-title font-b\">2025<\/div><\/div><div class=\"lets-info-up-block lets-info-up-meta-block\"><div class=\"lets-info-up-meta-title lets-info-up-pretitle font-h\" style=\"color: #8c6d18;\">INFOS<\/div><div class=\"lets-info-up-meta-content lets-info-up-title font-b\"><a href=\"https:\/\/www.ungeheuerlich.ch\/\" target=\"_blank\" rel=\"noopener noreferrer nofollow\">www.ungeheuerlich.ch<\/a><\/div><\/div>\t\t\t<\/div>\r\n\t\t\t<\/div>\r\n\t\t<\/div>\r\n\t\t\n\n\n<p><strong>\u201eUngeheuerlich\u201c verwebt Mythen, Menschliches und Musik<\/strong><\/p>\n\n\n\n<p>Schon die Anreise zur Urauff\u00fchrung von \u201eUngeheuerlich\u201c l\u00e4sst ahnen, dass hier nicht nur ein Musicalabend, sondern ein ganzheitliches Erlebnis bevorsteht: Vom Anleger in Unterterzen bringt ein Schiff die G\u00e4ste direkt zur Seeb\u00fchne. Auf dieser Fahrt n\u00e4hert man sich einer Geschichte, wie sie nur hier an diesem Ort erz\u00e4hlt werden kann.<\/p>\n\n\n\n<p>Das St\u00fcck spielt 1861, zur Bl\u00fctezeit der Spinnerei Murg, und verbindet historische Fakten mit \u00fcberlieferten Mythen und M\u00e4rchen-Elementen. Im Mittelpunkt steht Anna von Quinten, die als Kind eine ersch\u00fctternde Begegnung mit einer unerkl\u00e4rlichen Kraft im See hatte. An ihrer Seite: der bekannte M\u00e4rchenforscher Jacob Grimm, der nach Murg reist, um ein neues M\u00e4rchen aufzusp\u00fcren. Fabrikbesitzer Othmar Blumer \u2013 eine historisch verb\u00fcrgte Figur \u2013 und die raue soziale Realit\u00e4t des Industriezeitalters geben der Geschichte Bodenhaftung, w\u00e4hrend zugleich ein unsichtbares, ungeheuerliches Wesen im Raum steht: die unkontrollierbare Stimme der Natur.<\/p>\n\n\n<div  class=\"tpgb-wrap-956d14_12250  tpgb-wrap-fw \"  ><div id=\"956d14_12250\" class=\"tpgb-block-956d14_12250 tpgb-relative-block tpgb-gallery-list tpgb-metro gallery-style-2 hover-image-style-1   \" data-style=\"style-2\" data-id=\"956d14_12250\" data-layout=\"metro\" data-fancy-option='{\"loop\":false,\"thumb\":\"no\",\"infobar\":true,\"arrows\":true,\"transitionEffect\":\"slide\",\"button\":[\"close\"]}' data-splide='\"\"' data-metroAttr= '{\"metro_col\":3,\"tab_metro_col\":3,\"mobile_metro_col\":3,\"metro_style\":\"style-1\",\"tab_metro_style\":\"style-1\",\"mobile_metro_style\":\"style-1\"}' ><div class=\"tpgb-row post-loop-inner \"><div class=\"grid-item metro-item-0    tpgb-metro-1  tpgb-tab-metro-1  tpgb-mobile-metro-1 \"><a href=\"https:\/\/www.musical-today.de\/wp-content\/uploads\/2025\/07\/35-Ungeheuerlich-Kostuemproben_copyright-Ariane-Totzke-35-scaled.jpg\" class=\"tpgb-gallery-list-content tpgb-trans-easeinout\" data-fancybox=\"956d14_12250\" data-caption=\"Foto: Ariane Totzke\" aria-label=\"Foto: Ariane Totzke\"><div class=\"post-content-image\"><div class=\"tpgb-metro-gallery-image\" style=\"background: url(https:\/\/www.musical-today.de\/wp-content\/uploads\/2025\/07\/35-Ungeheuerlich-Kostuemproben_copyright-Ariane-Totzke-35-scaled.jpg);\"><\/div><\/div><div class=\"post-content-center\"><div class=\"post-zoom-icon\"><div class=\"meta-search-icon\"><span><img decoding=\"async\" class=\"fancy-img\" src=\"https:\/\/www.musical-today.de\/wp-content\/uploads\/2025\/07\/35-Ungeheuerlich-Kostuemproben_copyright-Ariane-Totzke-35-scaled.jpg\" alt=\"Media Image1\" title=\"\"><i class=\"fas fa-search-plus pop-icon\"><\/i><\/span><\/div><\/div><div class=\"post-content-bottom\"><p class=\"post-title tpgb-trans-easeinout\">Foto: Ariane Totzke<\/p><\/div><\/div><\/a><\/div><div class=\"grid-item metro-item-1    tpgb-metro-2  tpgb-tab-metro-2  tpgb-mobile-metro-2 \"><a href=\"https:\/\/www.musical-today.de\/wp-content\/uploads\/2025\/07\/33-Ungeheuerlich-Kostuemproben_copyright-Ariane-Totzke-33-scaled.jpg\" class=\"tpgb-gallery-list-content tpgb-trans-easeinout\" data-fancybox=\"956d14_12250\" data-caption=\"Foto: Ariane Totzke\" aria-label=\"Foto: Ariane Totzke\"><div class=\"post-content-image\"><div class=\"tpgb-metro-gallery-image\" style=\"background: url(https:\/\/www.musical-today.de\/wp-content\/uploads\/2025\/07\/33-Ungeheuerlich-Kostuemproben_copyright-Ariane-Totzke-33-scaled.jpg);\"><\/div><\/div><div class=\"post-content-center\"><div class=\"post-zoom-icon\"><div class=\"meta-search-icon\"><span><img decoding=\"async\" class=\"fancy-img\" src=\"https:\/\/www.musical-today.de\/wp-content\/uploads\/2025\/07\/33-Ungeheuerlich-Kostuemproben_copyright-Ariane-Totzke-33-scaled.jpg\" alt=\"Media Image2\" title=\"\"><i class=\"fas fa-search-plus pop-icon\"><\/i><\/span><\/div><\/div><div class=\"post-content-bottom\"><p class=\"post-title tpgb-trans-easeinout\">Foto: Ariane Totzke<\/p><\/div><\/div><\/a><\/div><div class=\"grid-item metro-item-2    tpgb-metro-3  tpgb-tab-metro-3  tpgb-mobile-metro-3 \"><a href=\"https:\/\/www.musical-today.de\/wp-content\/uploads\/2025\/07\/13-Ungeheuerlich-Kostuemproben_copyright-Ariane-Totzke-13-scaled.jpg\" class=\"tpgb-gallery-list-content tpgb-trans-easeinout\" data-fancybox=\"956d14_12250\" data-caption=\"Foto: Ariane Totzke\" aria-label=\"Foto: Ariane Totzke\"><div class=\"post-content-image\"><div class=\"tpgb-metro-gallery-image\" style=\"background: url(https:\/\/www.musical-today.de\/wp-content\/uploads\/2025\/07\/13-Ungeheuerlich-Kostuemproben_copyright-Ariane-Totzke-13-scaled.jpg);\"><\/div><\/div><div class=\"post-content-center\"><div class=\"post-zoom-icon\"><div class=\"meta-search-icon\"><span><img decoding=\"async\" class=\"fancy-img\" src=\"https:\/\/www.musical-today.de\/wp-content\/uploads\/2025\/07\/13-Ungeheuerlich-Kostuemproben_copyright-Ariane-Totzke-13-scaled.jpg\" alt=\"Media Image3\" title=\"\"><i class=\"fas fa-search-plus pop-icon\"><\/i><\/span><\/div><\/div><div class=\"post-content-bottom\"><p class=\"post-title tpgb-trans-easeinout\">Foto: Ariane Totzke<\/p><\/div><\/div><\/a><\/div><\/div><\/div><\/div>\n\n\n<p>Das Buch von Bernd Stromberger verwebt gekonnt Gesellschaftskritik und Fantasie. Mit den Fragen nach weiblicher Selbsterm\u00e4chtigung, pers\u00f6nlichen Verlusten, der Suche nach Wahrheit und der Erkenntnis, dass manche Dinge besser geheim bleiben, ergibt sich ein gelungener Spannungsbogen. Die Musik von Sami Hammi besticht durch eing\u00e4ngige Melodien, die mal mystisch entr\u00fcckt, mal erdig und rhythmisch sind. Dass die Musik vom Band kommt, tut der Emotionalit\u00e4t keinen Abbruch.<\/p>\n\n\n\n<p>Regisseur Simon Burkhalter inszeniert mit gro\u00dfer Klarheit und Gesp\u00fcr f\u00fcr Atmosph\u00e4re. Er nutzt die Eigenheiten der Open-Air-B\u00fchne meisterlich. Das Ensemble bringt ein bemerkenswertes Ma\u00df an Pr\u00e4senz und Spielfreude und viel gesangliche und darstellerische Qualit\u00e4t auf die B\u00fchne. Allen voran begeistert Martina Lory in der Rolle der Anna von Quinten mit ihrer wundersch\u00f6n kraftvollen und doch nuancierten Stimme und mit einer B\u00fchnenpr\u00e4senz, die sofort fesselt. Theodor Reichardt als Jacob Grimm \u00fcberzeugt mit eindrucksvoller Mimik und sonorer Stimme. Eine linkisch-sympathische Figur erschafft Rolf Sommer als Grimms Assistent, der zwischen Liebe und Beflissenheit wechselt. Anina Rosa als Schaustellerin Henriette bringt Witz, Herzensw\u00e4rme und viel kom\u00f6diantisches Talent. Und als Vorarbeiterin Dora M\u00e4chler setzt C\u00e9cile Gschwind mit ihrer ruhigen Intensit\u00e4t starke Akzente. Jeder einzelne Beitrag aller Mitwirkenden tr\u00e4gt zum gelungenen Gesamteindruck bei.<\/p>\n\n\n\n<p>Die vollst\u00e4ndig aus Holz gefertigte B\u00fchne von Dave Leuthold ist klug durchdacht. Mit drehbarem Mittelteil, aufklappbaren Bodenpaneelen und verschiebbaren Z\u00e4unen entfaltet sich eine wandlungsf\u00e4hige Spielfl\u00e4che. Im zweiten Akt kommen dann Licht- und Trockeneis-Effekte zum Einsatz, die die surreale Qualit\u00e4t des Geschehens unterstreichen. Liebevolle Akzente wie die beiden Marionetten runden das Gesamtkonzept ab.<\/p>\n\n\n\n<p>Die Kost\u00fcme hat Manon No\u00e9mie Criblez mit gro\u00dfer Stilsicherheit gestaltet, sie verdeutlichen die sozialen Schichten ebenso wie individuelle Charakterz\u00fcge. Auch Maskenbild und Frisuren sind liebevoll umgesetzt und vermeiden jede \u00dcberzeichnung zugunsten der Authentizit\u00e4t. Die choreografischen Elemente von Evelina Stampa sind schlicht und stimmig. Kleine gestische Sequenzen und rhythmisierte Bewegungen tragen zur Verdichtung der Szenen bei.<\/p>\n\n\n\n<p>\u201eUngeheuerlich\u201c ist das Resultat von zweieinhalb Jahren leidenschaftlicher Vorbereitung, getragen vom Verein \u201eUnter Freiem Himmel\u201c und der Produktionsleitung von Markus M\u00fcller. Dass an der Premiere sogar eine Delegation aus Schottland anwesend war, verweist auf die symbolische Verwandtschaft mit Loch Ness \u2013 auch der Walensee ist tief, dunkel und voller Sagen. Wer nach dieser Erfahrung f\u00fcr alle Sinne wieder in das Schiff Richtung Unterterzen steigt, tut das nicht mehr nur als Passagier, sondern als Eingeweihter in das Ungeheuerliche, das vielleicht noch immer in den Tiefen des Walensees schlummert \u2026<\/p>\n\n\n\n<hr class=\"wp-block-separator has-alpha-channel-opacity is-style-dots\"\/>\n\n\n\n<p class=\"has-small-font-size\">Choreografie: Evelina Stampa \u2022 B\u00fchne und Licht: Dave Leuthold \u2022 Kost\u00fcme: Manon No\u00ebmie Criblez \u2022 Sounddesign: Nico Ladde und Stefan Kostic \u2022 Mit: Martina Lory (Anna von Quinten), Mirjam Baur (Anneli), Theodor Reichardt (Prof. Jacob Grimm), Rolf Sommer (Gottlieb Sonderegger), Roland Herrmann (Othmar Blumer), Stefanie Verkerk (Ruth Blumer), Christian Menzi (Urs N\u00e4geli), C\u00e9cile Gschwind (Dora M\u00e4chler), Nina Rehn (Lea K\u00e4lin), L\u00e9n\u00e1rd K\u00f3kai (Fritz Kr\u00fcmplemann), Anina Rosa (Henriette Morgenroth), Raya Sarontino (Ottilie Abendroth)<\/p>\n\n\n\n<p class=\"has-small-font-size\">Aufmacherfoto: Ariane Totzke<\/p>\n","protected":false},"excerpt":{"rendered":"<p>\u201eUngeheuerlich\u201c verwebt Mythen, Menschliches und Musik Schon die Anreise zur Urauff\u00fchrung von \u201eUngeheuerlich\u201c l\u00e4sst ahnen, dass hier nicht nur ein Musicalabend, sondern ein ganzheitliches Erlebnis bevorsteht: Vom Anleger in Unterterzen bringt ein Schiff die G\u00e4ste direkt zur Seeb\u00fchne. Auf dieser Fahrt n\u00e4hert man sich einer Geschichte, wie sie nur hier an diesem Ort erz\u00e4hlt werden kann. Das St\u00fcck spielt 1861, zur Bl\u00fctezeit der Spinnerei Murg, und verbindet historische Fakten mit \u00fcberlieferten Mythen und M\u00e4rchen-Elementen. Im Mittelpunkt steht Anna von Quinten, [&hellip;]<\/p>\n","protected":false},"author":13,"featured_media":12245,"comment_status":"closed","ping_status":"closed","sticky":false,"template":"","format":"standard","meta":{"tpgb_global_settings":"","footnotes":""},"categories":[234],"tags":[],"class_list":["post-12250","post","type-post","status-publish","format-standard","has-post-thumbnail","hentry","category-murg-am-walensee"],"tpgb_featured_images":{"full":["https:\/\/www.musical-today.de\/wp-content\/uploads\/2025\/07\/73-Ungeheuerlich-Kostuemproben_copyright-Ariane-Totzke-73-scaled.jpg",2560,1707,false],"tp-image-grid":["https:\/\/www.musical-today.de\/wp-content\/uploads\/2025\/07\/73-Ungeheuerlich-Kostuemproben_copyright-Ariane-Totzke-73-700x700.jpg",700,700,true],"thumbnail":["https:\/\/www.musical-today.de\/wp-content\/uploads\/2025\/07\/73-Ungeheuerlich-Kostuemproben_copyright-Ariane-Totzke-73-600x400.jpg",600,400,true],"medium":["https:\/\/www.musical-today.de\/wp-content\/uploads\/2025\/07\/73-Ungeheuerlich-Kostuemproben_copyright-Ariane-Totzke-73-1200x800.jpg",1200,800,true],"medium_large":["https:\/\/www.musical-today.de\/wp-content\/uploads\/2025\/07\/73-Ungeheuerlich-Kostuemproben_copyright-Ariane-Totzke-73-770x513.jpg",770,513,true],"large":["https:\/\/www.musical-today.de\/wp-content\/uploads\/2025\/07\/73-Ungeheuerlich-Kostuemproben_copyright-Ariane-Totzke-73-1920x1280.jpg",1139,759,true],"default":"https:\/\/www.musical-today.de\/wp-content\/plugins\/the-plus-addons-for-block-editor\/assets\/images\/tpgb-placeholder.jpg"},"tpgb_post_meta_info":{"get_date":"12.07.2025","get_modified_date":"14.07.2025","category_list":{"category":[{"term_id":234,"name":"Murg am Walensee","slug":"murg-am-walensee","term_group":0,"term_taxonomy_id":234,"taxonomy":"category","description":"","parent":115,"count":1,"filter":"raw","term_order":"4"}],"post_tag":false,"post_format":false},"author_name":"Susanne Weber","author_url":"https:\/\/www.musical-today.de\/en\/autor\/susanneweber\/","author_email":"online55@musical-today.de","author_website":"","author_description":"entdeckte bei einem Opernbesuch mit ihrer Gro\u00dfmutter und sp\u00e4ter als Geigerin in einer Schulmusicalproduktion schon als Jugendliche ihre Liebe zum Musiktheater. Seitdem hat sie diese Faszination nicht mehr losgelassen. Urspr\u00fcnglich studierte sie Sprachen, aktuell arbeitet sie als Chief of Staff am Schweizer Hauptsitz eines amerikanischen IT-Unternehmens.","author_facebook":"","author_twitter":"","author_instagram":"","author_role":["author"],"author_firstname":"Susanne","author_lastname":"Weber","user_login":"susanneweber","author_avatar":"<img src=\"https:\/\/www.musical-today.de\/wp-content\/uploads\/2024\/03\/Susanne-Weber1-293x293.jpg\" width=\"200\" height=\"200\" alt=\"Susanne Weber\" class=\"avatar avatar-200 wp-user-avatar wp-user-avatar-200 alignnone photo\" \/>","author_avatar_url":"https:\/\/www.musical-today.de\/wp-content\/uploads\/2024\/03\/Susanne-Weber1.jpg","comment_count":0,"post_likes":0,"post_views":0},"tpgb_post_category":{"category":"<a href=\"https:\/\/www.musical-today.de\/en\/schweiz\/murg-am-walensee\/\" alt=\"Murg am Walensee\"  class=\"category-murg-am-walensee\">Murg am Walensee<\/a> "},"_links":{"self":[{"href":"https:\/\/www.musical-today.de\/en\/wp-json\/wp\/v2\/posts\/12250","targetHints":{"allow":["GET"]}}],"collection":[{"href":"https:\/\/www.musical-today.de\/en\/wp-json\/wp\/v2\/posts"}],"about":[{"href":"https:\/\/www.musical-today.de\/en\/wp-json\/wp\/v2\/types\/post"}],"author":[{"embeddable":true,"href":"https:\/\/www.musical-today.de\/en\/wp-json\/wp\/v2\/users\/13"}],"replies":[{"embeddable":true,"href":"https:\/\/www.musical-today.de\/en\/wp-json\/wp\/v2\/comments?post=12250"}],"version-history":[{"count":0,"href":"https:\/\/www.musical-today.de\/en\/wp-json\/wp\/v2\/posts\/12250\/revisions"}],"wp:featuredmedia":[{"embeddable":true,"href":"https:\/\/www.musical-today.de\/en\/wp-json\/wp\/v2\/media\/12245"}],"wp:attachment":[{"href":"https:\/\/www.musical-today.de\/en\/wp-json\/wp\/v2\/media?parent=12250"}],"wp:term":[{"taxonomy":"category","embeddable":true,"href":"https:\/\/www.musical-today.de\/en\/wp-json\/wp\/v2\/categories?post=12250"},{"taxonomy":"post_tag","embeddable":true,"href":"https:\/\/www.musical-today.de\/en\/wp-json\/wp\/v2\/tags?post=12250"}],"curies":[{"name":"wp","href":"https:\/\/api.w.org\/{rel}","templated":true}]}}