{"id":12254,"date":"2025-07-14T14:11:59","date_gmt":"2025-07-14T12:11:59","guid":{"rendered":"https:\/\/www.musical-today.de\/?p=12254"},"modified":"2025-07-14T14:29:25","modified_gmt":"2025-07-14T12:29:25","slug":"kassel-der-froschkoenig","status":"publish","type":"post","link":"https:\/\/www.musical-today.de\/en\/kassel-der-froschkoenig\/","title":{"rendered":"Der Froschk\u00f6nig"},"content":{"rendered":"<div class=\"lets-info-up-wrap  lets-info-up--right lets-info-up--m-1 lets-info-up-skin-3 lets-info-up--side lets-info-up-39828\" style=\"background:#fafafa; color: #616161\">\t\t\t<div class=\"lets-info-up\">\r\n\t\t\t<div class=\"lets-info-up-fi\"><img decoding=\"async\" width=\"500\" height=\"333\" src=\"https:\/\/www.musical-today.de\/wp-content\/uploads\/2024\/01\/qi-addons-for-elementor-placeholder-500x333.png\" class=\"attachment-lets-info-up-d1 size-lets-info-up-d1\" alt=\"|\" srcset=\"https:\/\/www.musical-today.de\/wp-content\/uploads\/2024\/01\/qi-addons-for-elementor-placeholder-500x333.png 500w, https:\/\/www.musical-today.de\/wp-content\/uploads\/2024\/01\/qi-addons-for-elementor-placeholder-300x200.png 300w, https:\/\/www.musical-today.de\/wp-content\/uploads\/2024\/01\/qi-addons-for-elementor-placeholder-1024x683.png 1024w, https:\/\/www.musical-today.de\/wp-content\/uploads\/2024\/01\/qi-addons-for-elementor-placeholder-883x589.png 883w, https:\/\/www.musical-today.de\/wp-content\/uploads\/2024\/01\/qi-addons-for-elementor-placeholder-18x12.png 18w, https:\/\/www.musical-today.de\/wp-content\/uploads\/2024\/01\/qi-addons-for-elementor-placeholder-360x240.png 360w, https:\/\/www.musical-today.de\/wp-content\/uploads\/2024\/01\/qi-addons-for-elementor-placeholder-1155x770.png 1155w, https:\/\/www.musical-today.de\/wp-content\/uploads\/2024\/01\/qi-addons-for-elementor-placeholder-370x247.png 370w, https:\/\/www.musical-today.de\/wp-content\/uploads\/2024\/01\/qi-addons-for-elementor-placeholder-770x513.png 770w, https:\/\/www.musical-today.de\/wp-content\/uploads\/2024\/01\/qi-addons-for-elementor-placeholder-293x195.png 293w, https:\/\/www.musical-today.de\/wp-content\/uploads\/2024\/01\/qi-addons-for-elementor-placeholder-120x80.png 120w, https:\/\/www.musical-today.de\/wp-content\/uploads\/2024\/01\/qi-addons-for-elementor-placeholder-240x160.png 240w, https:\/\/www.musical-today.de\/wp-content\/uploads\/2024\/01\/qi-addons-for-elementor-placeholder-390x260.png 390w, https:\/\/www.musical-today.de\/wp-content\/uploads\/2024\/01\/qi-addons-for-elementor-placeholder.png 1200w\" sizes=\"(max-width: 500px) 100vw, 500px\" title=\"\"><\/div>\t\t\t<div class=\"lets-info-up-block-wrap\">\r\n\t\t\t\t<div class=\"lets-info-up-block lets-info-up-meta-block\"><div class=\"lets-info-up-meta-title lets-info-up-pretitle font-h\" style=\"color: #8c6d18;\">oRT<\/div><div class=\"lets-info-up-meta-content lets-info-up-title font-b\">Br\u00fcder Grimm Festival Kassel<\/div><\/div><div class=\"lets-info-up-block lets-info-up-meta-block\"><div class=\"lets-info-up-meta-title lets-info-up-pretitle font-h\" style=\"color: #8c6d18;\">von<\/div><div class=\"lets-info-up-meta-content lets-info-up-title font-b\">Christoph Steinau und Lena Baumgarte (Buch und \u00dcbersetzung Liedtexte)<br>Frei nach dem gleichnamigen M\u00e4rchen der Br\u00fcder Grimm<\/div><\/div><div class=\"lets-info-up-block lets-info-up-meta-block\"><div class=\"lets-info-up-meta-title lets-info-up-pretitle font-h\" style=\"color: #8c6d18;\">Regie<\/div><div class=\"lets-info-up-meta-content lets-info-up-title font-b\">R\u00fcdiger Canalis Wandel<\/div><\/div><div class=\"lets-info-up-block lets-info-up-meta-block\"><div class=\"lets-info-up-meta-title lets-info-up-pretitle font-h\" style=\"color: #8c6d18;\">Urauff\u00fchrung<\/div><div class=\"lets-info-up-meta-content lets-info-up-title font-b\">2025<\/div><\/div><div class=\"lets-info-up-block lets-info-up-meta-block\"><div class=\"lets-info-up-meta-title lets-info-up-pretitle font-h\" style=\"color: #8c6d18;\">INFOS<\/div><div class=\"lets-info-up-meta-content lets-info-up-title font-b\"><a href=\"https:\/\/brueder-grimm-festival.com\/maerchenmusical-2025.html\" target=\"_blank\" rel=\"noreferrer noopener\">www.brueder-grimm-festival.com<\/a><\/div><\/div>\t\t\t<\/div>\r\n\t\t\t<\/div>\r\n\t\t<\/div>\r\n\t\t\n\n\n<p><strong>\u201eDer Froschk\u00f6nig\u201c unterh\u00e4lt mit Lokalkolorit<\/strong><\/p>\n\n\n\n<p>In Kassel arbeiteten die Br\u00fcder Grimm. Hier waren sie Bibliothekare, sammelten f\u00fcr das Deutsche W\u00f6rterbuch, hier entstanden eine Vielzahl ihrer M\u00e4rchen. Eine der Quellen war Familie Wild, die eine Apotheke in Kassel betrieb. Da diese nur zwei H\u00e4user vom Wohnhaus der Grimms entfernt stand, war der Kontakt vorprogrammiert. Er f\u00fchrte nicht nur zu vielen M\u00e4rchen, wie etwa dem \u201eFroschk\u00f6nig\u201c \u2013 1825 wurde Tochter Dorothea auch die Ehefrau Wilhelm Grimms.&nbsp;<\/p>\n\n\n\n<p>200 Jahre sp\u00e4ter haben Christoph Steinau und Lena Baumgarte f\u00fcr das Br\u00fcder Grimm Festival Kassel aus dem Froschk\u00f6nig ein kurzweiliges M\u00e4rchenmusical gemacht, das mit vielen regionalen Anspielungen gespickt ist. Sch\u00f6n ist, dass sich das Buch an vielen Stellen eng an das M\u00e4rchen \u201eDer Froschk\u00f6nig oder der eiserne Heinrich\u201c h\u00e4lt. Viele kindgerechte Fassungen unterschlagen den treuen Heinrich, der seinen verwunschenen Prinzen nach der Verwandlung in den Frosch begleitet. Nicht so in Kassel, wo man sich ehrlich um eine auch literarisch ad\u00e4quate Fassung bem\u00fcht, die gleichzeitig nie verstaubt ist und f\u00fcr alle Generationen etwas zu bieten hat. R\u00fcdiger Canalis Wandel inszeniert das St\u00fcck f\u00fcr die Seeb\u00fchne im Park Sch\u00f6nfeld heiter und doch mit viel Herz und Botschaft.<\/p>\n\n\n\n<p>K\u00f6nigin Agathe II. von Bruchk\u00f6bel-Hanau (liebenswert \u00fcberzeichnet von Inge Jamry) ist mit ihrem Gefolge auf Sommerfrische in einem heruntergekommenen Sommersitz. Mit dabei ist auch Hofdame Erna Eisenkeil \u2013 Annabelle Nebe ist diese Rolle der gewissenhaften und strengen Haush\u00e4lterin wie auf den Leib geschrieben. \u00dcberdreht witzig, wie in die Halterung ihrer Titanhandprothese wahlweise auch Staubwedel oder andere Werkzeuge passen. Jessica Kr\u00fcger spielt die junge Prinzessin Clara, die sich so gar nicht mit dem schleimigen Frosch anfreunden kann \u2013 zun\u00e4chst.<\/p>\n\n\n\n<p>Herzogin Huberta von R\u00f6hrenfurth (herrlich: Sabine Guth) will ihren Sohn Hubert verkuppeln. Der hat zwar eine Milit\u00e4rausbildung in Hanau genossen, spielt aber sonst lieber mit seinen Zinnsoldaten. Klaus Beyer sorgt f\u00fcr viele Lacher und am Ende auch anr\u00fchrende Momente, wenn er \u2013 Vorsicht Spoiler \u2013 ganz freiwillig zum neuen Froschk\u00f6nig wird, u.a. weil einfach die Luft am Brunnen so wohltuend gegen seine Allergien hilft.<\/p>\n\n\n<div  class=\"tpgb-wrap-956d14_12254  tpgb-wrap-fw \"  ><div id=\"956d14_12254\" class=\"tpgb-block-956d14_12254 tpgb-relative-block tpgb-gallery-list tpgb-metro gallery-style-2 hover-image-style-1   \" data-style=\"style-2\" data-id=\"956d14_12254\" data-layout=\"metro\" data-fancy-option='{\"loop\":false,\"thumb\":\"no\",\"infobar\":true,\"arrows\":true,\"transitionEffect\":\"slide\",\"button\":[\"close\"]}' data-splide='\"\"' data-metroAttr= '{\"metro_col\":3,\"tab_metro_col\":3,\"mobile_metro_col\":3,\"metro_style\":\"style-1\",\"tab_metro_style\":\"style-1\",\"mobile_metro_style\":\"style-1\"}' ><div class=\"tpgb-row post-loop-inner \"><div class=\"grid-item metro-item-0    tpgb-metro-1  tpgb-tab-metro-1  tpgb-mobile-metro-1 \"><a href=\"https:\/\/www.musical-today.de\/wp-content\/uploads\/2025\/07\/STD_3604-scaled.jpg\" class=\"tpgb-gallery-list-content tpgb-trans-easeinout\" data-fancybox=\"956d14_12254\" data-caption=\"Foto: Stephan Drewianka\" aria-label=\"Foto: Stephan Drewianka\"><div class=\"post-content-image\"><div class=\"tpgb-metro-gallery-image\" style=\"background: url(https:\/\/www.musical-today.de\/wp-content\/uploads\/2025\/07\/STD_3604-scaled.jpg);\"><\/div><\/div><div class=\"post-content-center\"><div class=\"post-zoom-icon\"><div class=\"meta-search-icon\"><span><img decoding=\"async\" class=\"fancy-img\" src=\"https:\/\/www.musical-today.de\/wp-content\/uploads\/2025\/07\/STD_3604-scaled.jpg\" alt=\"Media Image1\" title=\"\"><i class=\"fas fa-search-plus pop-icon\"><\/i><\/span><\/div><\/div><div class=\"post-content-bottom\"><p class=\"post-title tpgb-trans-easeinout\">Foto: Stephan Drewianka<\/p><\/div><\/div><\/a><\/div><div class=\"grid-item metro-item-1    tpgb-metro-2  tpgb-tab-metro-2  tpgb-mobile-metro-2 \"><a href=\"https:\/\/www.musical-today.de\/wp-content\/uploads\/2025\/07\/STD_3612-scaled.jpg\" class=\"tpgb-gallery-list-content tpgb-trans-easeinout\" data-fancybox=\"956d14_12254\" data-caption=\"Foto: Stephan Drewianka\" aria-label=\"Foto: Stephan Drewianka\"><div class=\"post-content-image\"><div class=\"tpgb-metro-gallery-image\" style=\"background: url(https:\/\/www.musical-today.de\/wp-content\/uploads\/2025\/07\/STD_3612-scaled.jpg);\"><\/div><\/div><div class=\"post-content-center\"><div class=\"post-zoom-icon\"><div class=\"meta-search-icon\"><span><img decoding=\"async\" class=\"fancy-img\" src=\"https:\/\/www.musical-today.de\/wp-content\/uploads\/2025\/07\/STD_3612-scaled.jpg\" alt=\"Media Image2\" title=\"\"><i class=\"fas fa-search-plus pop-icon\"><\/i><\/span><\/div><\/div><div class=\"post-content-bottom\"><p class=\"post-title tpgb-trans-easeinout\">Foto: Stephan Drewianka<\/p><\/div><\/div><\/a><\/div><div class=\"grid-item metro-item-2    tpgb-metro-3  tpgb-tab-metro-3  tpgb-mobile-metro-3 \"><a href=\"https:\/\/www.musical-today.de\/wp-content\/uploads\/2025\/07\/STD_4151-scaled.jpg\" class=\"tpgb-gallery-list-content tpgb-trans-easeinout\" data-fancybox=\"956d14_12254\" data-caption=\"Foto: Stephan Drewianka\" aria-label=\"Foto: Stephan Drewianka\"><div class=\"post-content-image\"><div class=\"tpgb-metro-gallery-image\" style=\"background: url(https:\/\/www.musical-today.de\/wp-content\/uploads\/2025\/07\/STD_4151-scaled.jpg);\"><\/div><\/div><div class=\"post-content-center\"><div class=\"post-zoom-icon\"><div class=\"meta-search-icon\"><span><img decoding=\"async\" class=\"fancy-img\" src=\"https:\/\/www.musical-today.de\/wp-content\/uploads\/2025\/07\/STD_4151-scaled.jpg\" alt=\"Media Image3\" title=\"\"><i class=\"fas fa-search-plus pop-icon\"><\/i><\/span><\/div><\/div><div class=\"post-content-bottom\"><p class=\"post-title tpgb-trans-easeinout\">Foto: Stephan Drewianka<\/p><\/div><\/div><\/a><\/div><\/div><\/div><\/div>\n\n\n<p>Neben dem Landhaus liegt der T\u00fcmpel. Wie passend, denn die B\u00fchne schwimmt auf einem Ponton in einem Teich, den man sich bestens auch im M\u00e4rchen vorstellen k\u00f6nnte. Hier ist Benjamin Hauschild als K\u00f6nig Julius Herr \u00fcber sein \u201eFroschrudel\u201c und K\u00f6nig der Fr\u00f6sche. Gemeint ist \u2013 wunderbarer Einfall \u2013 die hervorragende Liveband (Harry Stingl und L\u00e9onie Scharfe als musikalische Leiter mit Christian Friedrich Lang und Christian Schneider), die nicht nur musizieren, sondern auch quaken d\u00fcrfen. Die Fr\u00f6sche lieben laute Musik, wildes H\u00fcpfen, M\u00fccken und ein Bad im Schlamm. Das passt so gar nicht zu den strengen Sitten am Hofe. Wunderbar in ihren Rollen auch die eifers\u00fcchtige \u201eFr\u00f6schin\u201c Anja Dorrer und der treue Heinrich alias Adrian Kroneberger.<\/p>\n\n\n\n<p>Seit 2008 gibt es das Br\u00fcder Grimm Festival in Kassel. Seitdem steuert Oliver Doerr die B\u00fchnenbilder bei, die einfach eine Augenweide sind. Jedes Jahr \u00fcberrascht er mit liebevollen Details auf der Seeb\u00fchne. Die Kost\u00fcme von Maria Walter und das Maskenbild von Sarah Manier sind im Adel naturalistisch und bei den Fr\u00f6schen herrlich \u00fcberzeichnet, mit Taucherbrille und Sandalen \u00fcber den gr\u00fcnen Socken. Die Choreografie von Johanna Diez sorgt daf\u00fcr, dass immer Bewegung auf der B\u00fchne ist und Songs wie \u201eShut Up\u201c oder \u201eLivin\u2019 On A Prayer\u201c meist schwungvoll mit neuen deutschen Texten interpretiert werden. F\u00fcr komplettes Musical-Feeling w\u00fcrde man sich im Kontrast zu einem \u201eSchauspiel mit Musik\u201c mehr Reprisen und Instrumentalteile w\u00fcnschen. Aber auch so bleibt ein unterhaltsamer Sommerabend f\u00fcr 400 Zuschauerinnen und Zuschauer vor m\u00e4rchenhafter Park- und Seekulisse in Erinnerung.<\/p>\n\n\n\n<hr class=\"wp-block-separator has-alpha-channel-opacity is-style-dots\"\/>\n\n\n\n<p class=\"has-small-font-size\">Musikalische Leitung: L\u00e9onie Scharfe und Harry Stingl \u2022 Regie: R\u00fcdiger Canalis Wandel \u2022 Choreografie: Johanna Diez \u2022 B\u00fchne: Oliver Doerr \u2022 Kost\u00fcme: Maria Walter \u2022 Maske: Sarah Manier \u2022 Mit: Benjamin Hauschild (K\u00f6nig Julius), Jessica Kr\u00fcger (Prinzessin Clara), Annabelle Nebe (Hofdame Erna Eisenkeil), Inga Jamry (K\u00f6nigin Agathe II. von Bruchk\u00f6bel-Hanau), Sabine Guth (Herzogin Huberta von R\u00f6hrenfurth), Adrian Kroneberger, Anja Dorrer, Klaus Beyer \u2022 Band: Harry Stingl, L\u00e9onie Scharfe, Christian Friedrich Lang, Christian Schneider<\/p>\n\n\n\n<p class=\"has-small-font-size\">Aufmacherfoto: Stephan Drewianka<\/p>\n","protected":false},"excerpt":{"rendered":"<p>\u201eDer Froschk\u00f6nig\u201c unterh\u00e4lt mit Lokalkolorit In Kassel arbeiteten die Br\u00fcder Grimm. Hier waren sie Bibliothekare, sammelten f\u00fcr das Deutsche W\u00f6rterbuch, hier entstanden eine Vielzahl ihrer M\u00e4rchen. Eine der Quellen war Familie Wild, die eine Apotheke in Kassel betrieb. Da diese nur zwei H\u00e4user vom Wohnhaus der Grimms entfernt stand, war der Kontakt vorprogrammiert. Er f\u00fchrte nicht nur zu vielen M\u00e4rchen, wie etwa dem \u201eFroschk\u00f6nig\u201c \u2013 1825 wurde Tochter Dorothea auch die Ehefrau Wilhelm Grimms.&nbsp; 200 Jahre sp\u00e4ter haben Christoph Steinau [&hellip;]<\/p>\n","protected":false},"author":5,"featured_media":12255,"comment_status":"closed","ping_status":"closed","sticky":false,"template":"","format":"standard","meta":{"tpgb_global_settings":"","footnotes":""},"categories":[157],"tags":[],"class_list":["post-12254","post","type-post","status-publish","format-standard","has-post-thumbnail","hentry","category-kassel"],"tpgb_featured_images":{"full":["https:\/\/www.musical-today.de\/wp-content\/uploads\/2025\/07\/STD_3345_-scaled.jpg",2560,1707,false],"tp-image-grid":["https:\/\/www.musical-today.de\/wp-content\/uploads\/2025\/07\/STD_3345_-700x700.jpg",700,700,true],"thumbnail":["https:\/\/www.musical-today.de\/wp-content\/uploads\/2025\/07\/STD_3345_-600x400.jpg",600,400,true],"medium":["https:\/\/www.musical-today.de\/wp-content\/uploads\/2025\/07\/STD_3345_-1200x800.jpg",1200,800,true],"medium_large":["https:\/\/www.musical-today.de\/wp-content\/uploads\/2025\/07\/STD_3345_-770x513.jpg",770,513,true],"large":["https:\/\/www.musical-today.de\/wp-content\/uploads\/2025\/07\/STD_3345_-1920x1280.jpg",1139,759,true],"default":"https:\/\/www.musical-today.de\/wp-content\/plugins\/the-plus-addons-for-block-editor\/assets\/images\/tpgb-placeholder.jpg"},"tpgb_post_meta_info":{"get_date":"14.07.2025","get_modified_date":"14.07.2025","category_list":{"category":[{"term_id":157,"name":"Kassel","slug":"kassel","term_group":0,"term_taxonomy_id":157,"taxonomy":"category","description":"","parent":19,"count":8,"filter":"raw","term_order":"56"}],"post_tag":false,"post_format":false},"author_name":"Marcus Leitschuh","author_url":"https:\/\/www.musical-today.de\/en\/autor\/mleitschuh\/","author_email":"admin@valentinboesing.de","author_website":"","author_description":"studierte Germanistik und Theologie und arbeitet als Rektor mit Schultheater-Erfahrung. Lange war er Mitarbeiter der Zeitschrift \u201emusicals\u201c f\u00fcr Nord-Ost-Hessen und S\u00fcdniedersachsen. Er ist kulturpolitisch u.a. im documenta-Aufsichtsrat aktiv, wie auch Projektleiter Kultur der Elisabethkirche Kassel. Au\u00dferdem ist er immer wieder als Theaterfachmann Interviewpartner. Das Musical sieht er als untersch\u00e4tzte Form des Musiktheaters.\r\n(Foto: Dr. Arnulf M\u00fcller)","author_facebook":"","author_twitter":"","author_instagram":"","author_role":["author"],"author_firstname":"Marcus","author_lastname":"Leitschuh","user_login":"mleitschuh","author_avatar":"<img src=\"https:\/\/www.musical-today.de\/wp-content\/uploads\/2024\/03\/Marcus-Leitschuh-c-Dr.-Arnulf-Mueller-293x293.jpg\" width=\"200\" height=\"200\" alt=\"Marcus Leitschuh\" class=\"avatar avatar-200 wp-user-avatar wp-user-avatar-200 alignnone photo\" \/>","author_avatar_url":"https:\/\/www.musical-today.de\/wp-content\/uploads\/2024\/03\/Marcus-Leitschuh-c-Dr.-Arnulf-Mueller.jpg","comment_count":0,"post_likes":0,"post_views":0},"tpgb_post_category":{"category":"<a href=\"https:\/\/www.musical-today.de\/en\/deutschland\/kassel\/\" alt=\"Kassel\"  class=\"category-kassel\">Kassel<\/a> "},"_links":{"self":[{"href":"https:\/\/www.musical-today.de\/en\/wp-json\/wp\/v2\/posts\/12254","targetHints":{"allow":["GET"]}}],"collection":[{"href":"https:\/\/www.musical-today.de\/en\/wp-json\/wp\/v2\/posts"}],"about":[{"href":"https:\/\/www.musical-today.de\/en\/wp-json\/wp\/v2\/types\/post"}],"author":[{"embeddable":true,"href":"https:\/\/www.musical-today.de\/en\/wp-json\/wp\/v2\/users\/5"}],"replies":[{"embeddable":true,"href":"https:\/\/www.musical-today.de\/en\/wp-json\/wp\/v2\/comments?post=12254"}],"version-history":[{"count":0,"href":"https:\/\/www.musical-today.de\/en\/wp-json\/wp\/v2\/posts\/12254\/revisions"}],"wp:featuredmedia":[{"embeddable":true,"href":"https:\/\/www.musical-today.de\/en\/wp-json\/wp\/v2\/media\/12255"}],"wp:attachment":[{"href":"https:\/\/www.musical-today.de\/en\/wp-json\/wp\/v2\/media?parent=12254"}],"wp:term":[{"taxonomy":"category","embeddable":true,"href":"https:\/\/www.musical-today.de\/en\/wp-json\/wp\/v2\/categories?post=12254"},{"taxonomy":"post_tag","embeddable":true,"href":"https:\/\/www.musical-today.de\/en\/wp-json\/wp\/v2\/tags?post=12254"}],"curies":[{"name":"wp","href":"https:\/\/api.w.org\/{rel}","templated":true}]}}