{"id":12263,"date":"2025-07-16T14:55:53","date_gmt":"2025-07-16T12:55:53","guid":{"rendered":"https:\/\/www.musical-today.de\/?p=12263"},"modified":"2025-07-16T15:11:30","modified_gmt":"2025-07-16T13:11:30","slug":"karlsruhe-die-comedian-harmonists","status":"publish","type":"post","link":"https:\/\/www.musical-today.de\/en\/karlsruhe-die-comedian-harmonists\/","title":{"rendered":"Die Comedian Harmonists"},"content":{"rendered":"<div class=\"lets-info-up-wrap  lets-info-up--right lets-info-up--m-1 lets-info-up-skin-3 lets-info-up--side lets-info-up-51050\" style=\"background:#fafafa; color: #616161\">\t\t\t<div class=\"lets-info-up\">\r\n\t\t\t<div class=\"lets-info-up-fi\"><img decoding=\"async\" width=\"500\" height=\"333\" src=\"https:\/\/www.musical-today.de\/wp-content\/uploads\/2024\/01\/qi-addons-for-elementor-placeholder-500x333.png\" class=\"attachment-lets-info-up-d1 size-lets-info-up-d1\" alt=\"|\" srcset=\"https:\/\/www.musical-today.de\/wp-content\/uploads\/2024\/01\/qi-addons-for-elementor-placeholder-500x333.png 500w, https:\/\/www.musical-today.de\/wp-content\/uploads\/2024\/01\/qi-addons-for-elementor-placeholder-300x200.png 300w, https:\/\/www.musical-today.de\/wp-content\/uploads\/2024\/01\/qi-addons-for-elementor-placeholder-1024x683.png 1024w, https:\/\/www.musical-today.de\/wp-content\/uploads\/2024\/01\/qi-addons-for-elementor-placeholder-883x589.png 883w, https:\/\/www.musical-today.de\/wp-content\/uploads\/2024\/01\/qi-addons-for-elementor-placeholder-18x12.png 18w, https:\/\/www.musical-today.de\/wp-content\/uploads\/2024\/01\/qi-addons-for-elementor-placeholder-360x240.png 360w, https:\/\/www.musical-today.de\/wp-content\/uploads\/2024\/01\/qi-addons-for-elementor-placeholder-1155x770.png 1155w, https:\/\/www.musical-today.de\/wp-content\/uploads\/2024\/01\/qi-addons-for-elementor-placeholder-370x247.png 370w, https:\/\/www.musical-today.de\/wp-content\/uploads\/2024\/01\/qi-addons-for-elementor-placeholder-770x513.png 770w, https:\/\/www.musical-today.de\/wp-content\/uploads\/2024\/01\/qi-addons-for-elementor-placeholder-293x195.png 293w, https:\/\/www.musical-today.de\/wp-content\/uploads\/2024\/01\/qi-addons-for-elementor-placeholder-120x80.png 120w, https:\/\/www.musical-today.de\/wp-content\/uploads\/2024\/01\/qi-addons-for-elementor-placeholder-240x160.png 240w, https:\/\/www.musical-today.de\/wp-content\/uploads\/2024\/01\/qi-addons-for-elementor-placeholder-390x260.png 390w, https:\/\/www.musical-today.de\/wp-content\/uploads\/2024\/01\/qi-addons-for-elementor-placeholder.png 1200w\" sizes=\"(max-width: 500px) 100vw, 500px\" title=\"\"><\/div>\t\t\t<div class=\"lets-info-up-block-wrap\">\r\n\t\t\t\t<div class=\"lets-info-up-block lets-info-up-meta-block\"><div class=\"lets-info-up-meta-title lets-info-up-pretitle font-h\" style=\"color: #8c6d18;\">oRT<\/div><div class=\"lets-info-up-meta-content lets-info-up-title font-b\">Badisches Staatstheater Karlsruhe<\/div><\/div><div class=\"lets-info-up-block lets-info-up-meta-block\"><div class=\"lets-info-up-meta-title lets-info-up-pretitle font-h\" style=\"color: #8c6d18;\">von<\/div><div class=\"lets-info-up-meta-content lets-info-up-title font-b\">Gottfried Greiffenhagen (Buch)<br>Franz Wittenbrink (Musikalische Einrichtung)<\/div><\/div><div class=\"lets-info-up-block lets-info-up-meta-block\"><div class=\"lets-info-up-meta-title lets-info-up-pretitle font-h\" style=\"color: #8c6d18;\">Regie<\/div><div class=\"lets-info-up-meta-content lets-info-up-title font-b\">Tobias Ribitzki<\/div><\/div><div class=\"lets-info-up-block lets-info-up-meta-block\"><div class=\"lets-info-up-meta-title lets-info-up-pretitle font-h\" style=\"color: #8c6d18;\">Urauff\u00fchrung<\/div><div class=\"lets-info-up-meta-content lets-info-up-title font-b\">1997<\/div><\/div><div class=\"lets-info-up-block lets-info-up-meta-block\"><div class=\"lets-info-up-meta-title lets-info-up-pretitle font-h\" style=\"color: #8c6d18;\">INFOS<\/div><div class=\"lets-info-up-meta-content lets-info-up-title font-b\"><a href=\"https:\/\/www.staatstheater.karlsruhe.de\/programm\/info\/3736\/\" target=\"_blank\" data-type=\"link\" rel=\"noreferrer noopener\">www.staatstheater.karlsruhe.de<\/a><\/div><\/div>\t\t\t<\/div>\r\n\t\t\t<\/div>\r\n\t\t<\/div>\r\n\t\t\n\n\n<p><strong>Aufstieg und Fall der ber\u00fchmten \u201eComedian Harmonists\u201c<\/strong><\/p>\n\n\n\n<p>Eigentlich wollte das Badische Staatstheater die laufende Spielzeit mit der Karlsruher Erstauff\u00fchrung des Musicals \u201eJekyll &amp; Hyde\u201c von Frank Wildhorn abschlie\u00dfen. Doch schon vor Monaten wurde klar, das der ambitionierte Spielplan des neuen Intendanten Christian Firmbach mit elf Musiktheater-Premieren nicht zu finanzieren war. Dass dann ausgerechnet \u201eJekyll &amp; Hyde\u201c den K\u00fcrzungen zum Opfer fiel, ist bedauerlich und deutet auch ein wenig auf den Stellenwert von Musical und Operette im Spielplan hin. Aber immerhin gibt es mit Gottfried Greifenhagens und Franz Wittenbrinks \u201eDie Comedian Harmonists\u201c einen kleinen, aber feinen Ersatz.<\/p>\n\n\n\n<p>Sieben Mitwirkende \u2013 f\u00fcnf S\u00e4nger, ein Pianist und ein Schauspieler \u2013, mehr braucht es f\u00fcr dieses Kammermusical nicht, das urspr\u00fcnglich f\u00fcr eine deutlich kleinere B\u00fchne als das Gro\u00dfe Haus des Badischen Staatstheaters konzipiert wurde. Doch Tobias Ribitzki gelingt so etwas wie die Quadratur des Kreises. Die intimen Szenen in dem kleinen Probenzimmer \u2013 ein einfacher Tisch mit einem Grammophon, sp\u00e4ter mit einem Klavier \u2013 wirken auf der gro\u00dfen B\u00fchne nicht verloren; den gro\u00dfen Auftritten auf den renommierten Show-B\u00fchnen, die durchweg durch stimmungsvolle Projektionen angedeutet wurden, kommt die Weite entgegen (Ausstattung: Stefan Rieckhoff). Gottfried Greiffenhagens Buch gelingt eine gute Balance zwischen gesprochenen und gesungenen Passagen, sodass letztlich alle zu ihrem Recht kommen: Die eher an der Biografie des Ensembles Interessierten ebenso wie jene, die sich einfach an den sch\u00f6nen alten Schlagern erfreuen wollen.<\/p>\n\n\n<div  class=\"tpgb-wrap-956d14_12263  tpgb-wrap-fw \"  ><div id=\"956d14_12263\" class=\"tpgb-block-956d14_12263 tpgb-relative-block tpgb-gallery-list tpgb-metro gallery-style-2 hover-image-style-1   \" data-style=\"style-2\" data-id=\"956d14_12263\" data-layout=\"metro\" data-fancy-option='{\"loop\":false,\"thumb\":\"no\",\"infobar\":true,\"arrows\":true,\"transitionEffect\":\"slide\",\"button\":[\"close\"]}' data-splide='\"\"' data-metroAttr= '{\"metro_col\":3,\"tab_metro_col\":3,\"mobile_metro_col\":3,\"metro_style\":\"style-1\",\"tab_metro_style\":\"style-1\",\"mobile_metro_style\":\"style-1\"}' ><div class=\"tpgb-row post-loop-inner \"><div class=\"grid-item metro-item-0    tpgb-metro-1  tpgb-tab-metro-1  tpgb-mobile-metro-1 \"><a href=\"https:\/\/www.musical-today.de\/wp-content\/uploads\/2025\/07\/comedian_harmonists_hp1_0014_68712f658094e5.58906695-scaled.jpg\" class=\"tpgb-gallery-list-content tpgb-trans-easeinout\" data-fancybox=\"956d14_12263\" data-caption=\"Foto: Felix Gr\u00fcnschlo\u00df\/Badisches Staatstheater Karlsruhe\" aria-label=\"Foto: Felix Gr\u00fcnschlo\u00df\/Badisches Staatstheater Karlsruhe\"><div class=\"post-content-image\"><div class=\"tpgb-metro-gallery-image\" style=\"background: url(https:\/\/www.musical-today.de\/wp-content\/uploads\/2025\/07\/comedian_harmonists_hp1_0014_68712f658094e5.58906695-scaled.jpg);\"><\/div><\/div><div class=\"post-content-center\"><div class=\"post-zoom-icon\"><div class=\"meta-search-icon\"><span><img decoding=\"async\" class=\"fancy-img\" src=\"https:\/\/www.musical-today.de\/wp-content\/uploads\/2025\/07\/comedian_harmonists_hp1_0014_68712f658094e5.58906695-scaled.jpg\" alt=\"Media Image1\" title=\"\"><i class=\"fas fa-search-plus pop-icon\"><\/i><\/span><\/div><\/div><div class=\"post-content-bottom\"><p class=\"post-title tpgb-trans-easeinout\">Foto: Felix Gr\u00fcnschlo\u00df\/Badisches Staatstheater Karlsruhe<\/p><\/div><\/div><\/a><\/div><div class=\"grid-item metro-item-1    tpgb-metro-2  tpgb-tab-metro-2  tpgb-mobile-metro-2 \"><a href=\"https:\/\/www.musical-today.de\/wp-content\/uploads\/2025\/07\/comedian_harmonists_hp1_0607_686faf9123dd98.60459887-scaled.jpg\" class=\"tpgb-gallery-list-content tpgb-trans-easeinout\" data-fancybox=\"956d14_12263\" data-caption=\"Foto: Felix Gr\u00fcnschlo\u00df\/Badisches Staatstheater Karlsruhe\" aria-label=\"Foto: Felix Gr\u00fcnschlo\u00df\/Badisches Staatstheater Karlsruhe\"><div class=\"post-content-image\"><div class=\"tpgb-metro-gallery-image\" style=\"background: url(https:\/\/www.musical-today.de\/wp-content\/uploads\/2025\/07\/comedian_harmonists_hp1_0607_686faf9123dd98.60459887-scaled.jpg);\"><\/div><\/div><div class=\"post-content-center\"><div class=\"post-zoom-icon\"><div class=\"meta-search-icon\"><span><img decoding=\"async\" class=\"fancy-img\" src=\"https:\/\/www.musical-today.de\/wp-content\/uploads\/2025\/07\/comedian_harmonists_hp1_0607_686faf9123dd98.60459887-scaled.jpg\" alt=\"Media Image2\" title=\"\"><i class=\"fas fa-search-plus pop-icon\"><\/i><\/span><\/div><\/div><div class=\"post-content-bottom\"><p class=\"post-title tpgb-trans-easeinout\">Foto: Felix Gr\u00fcnschlo\u00df\/Badisches Staatstheater Karlsruhe<\/p><\/div><\/div><\/a><\/div><div class=\"grid-item metro-item-2    tpgb-metro-3  tpgb-tab-metro-3  tpgb-mobile-metro-3 \"><a href=\"https:\/\/www.musical-today.de\/wp-content\/uploads\/2025\/07\/comedian_harmonists_hp1_0913_686fafa8f39757.61813608-scaled.jpg\" class=\"tpgb-gallery-list-content tpgb-trans-easeinout\" data-fancybox=\"956d14_12263\" data-caption=\"Foto: Felix Gr\u00fcnschlo\u00df\/Badisches Staatstheater Karlsruhe\" aria-label=\"Foto: Felix Gr\u00fcnschlo\u00df\/Badisches Staatstheater Karlsruhe\"><div class=\"post-content-image\"><div class=\"tpgb-metro-gallery-image\" style=\"background: url(https:\/\/www.musical-today.de\/wp-content\/uploads\/2025\/07\/comedian_harmonists_hp1_0913_686fafa8f39757.61813608-scaled.jpg);\"><\/div><\/div><div class=\"post-content-center\"><div class=\"post-zoom-icon\"><div class=\"meta-search-icon\"><span><img decoding=\"async\" class=\"fancy-img\" src=\"https:\/\/www.musical-today.de\/wp-content\/uploads\/2025\/07\/comedian_harmonists_hp1_0913_686fafa8f39757.61813608-scaled.jpg\" alt=\"Media Image3\" title=\"\"><i class=\"fas fa-search-plus pop-icon\"><\/i><\/span><\/div><\/div><div class=\"post-content-bottom\"><p class=\"post-title tpgb-trans-easeinout\">Foto: Felix Gr\u00fcnschlo\u00df\/Badisches Staatstheater Karlsruhe<\/p><\/div><\/div><\/a><\/div><\/div><\/div><\/div>\n\n\n<p>Der musikalische Leiter und Darsteller des Pianisten Erwin Bootz ist Horst Maria Merz, der seit der Urauff\u00fchrung des St\u00fcckes vor 28 Jahren mit dem Werk verbunden ist und schon damals in dieser Rolle auf der B\u00fchne stand. Auch die \u00fcberzeugend gecasteten S\u00e4nger des Sextetts sind G\u00e4ste, die vor allem durch die treffend gezeichneten Studien der unterschiedlichen Charaktere gefallen. In der stimmlichen Harmonie indes bleibt, zumindest im Vergleich zu den Originalen, noch etwas Luft nach oben. Dennoch lassen Aco Bi\u0161\u0107evi\u0107 (Ari Leschnikoff), Ben Connor (Harry Frommermann), Edward Lee (Erich A. Collin), David Severin (Roman Cycowski) und Daniel Pastewski (Robert Biberti) kaum W\u00fcnsche offen. Die vielen kleinen Schauspielrollen, von der Hauswirtin \u00fcber den Impresario Bruno Levy bis zum Beauftragten der Reichskulturkammer, \u00fcbernimmt der am Haus bestens bekannte Robert Besta.<\/p>\n\n\n\n<p>Die Comedian Harmonists und ihre Musik gingen so sehr ins kollektive Ged\u00e4chtnis \u00fcber, dass kaum jemandem bewusst ist, dass das Ensemble bereits 1935 sein letztes gemeinsames Konzert gab. W\u00e4hrend die j\u00fcdischen Mitglieder von den Nazis gezwungen wurden, ins Ausland zu gehen, blieben ihre \u201earischen\u201c Kollegen in Deutschland. Einige sahen sich nie wieder, doch zumindest haben alle den Zweiten Weltkrieg \u00fcberlebt. Vielleicht h\u00e4tte das St\u00fcck mit der bitteren Abschiedsszene enden sollen. Die noch folgenden drei Titel wirken wie eine Bes\u00e4nftigung des Publikums, das wohl nicht mit den deprimierenden Bildern des erstarkenden Dritten Reichs nach Hause geschickt werden sollte.<\/p>\n\n\n\n<hr class=\"wp-block-separator has-alpha-channel-opacity is-style-dots\"\/>\n\n\n\n<p class=\"has-small-font-size\">Musikalische Leitung: Horst Maria Merz \u2022 Regie und Choreografie: Tobias Ribitzki \u2022 Ausstattung: Stefan Rieckhoff \u2022 Licht: Maximilian Decker \u2022 Mit: Aco Bi\u0161\u0107evi\u0107 (Asparuch \u201eAri\u201c Leschnikoff), Ben Connor (Harry Frommermann), Edward Lee (Erich Abraham Collin), David Severin (Roman Joseph Cycowski), Daniel Pastewski (Robert Biberti), Horst Maria Merz (Erwin Bootz), Robert Besta (Hans)<\/p>\n\n\n\n<p class=\"has-small-font-size\">Aufmacherfoto: Felix Gr\u00fcnschlo\u00df\/Badisches Staatstheater Karlsruhe<\/p>\n","protected":false},"excerpt":{"rendered":"<p>Aufstieg und Fall der ber\u00fchmten \u201eComedian Harmonists\u201c Eigentlich wollte das Badische Staatstheater die laufende Spielzeit mit der Karlsruher Erstauff\u00fchrung des Musicals \u201eJekyll &amp; Hyde\u201c von Frank Wildhorn abschlie\u00dfen. Doch schon vor Monaten wurde klar, das der ambitionierte Spielplan des neuen Intendanten Christian Firmbach mit elf Musiktheater-Premieren nicht zu finanzieren war. Dass dann ausgerechnet \u201eJekyll &amp; Hyde\u201c den K\u00fcrzungen zum Opfer fiel, ist bedauerlich und deutet auch ein wenig auf den Stellenwert von Musical und Operette im Spielplan hin. Aber immerhin [&hellip;]<\/p>\n","protected":false},"author":43,"featured_media":12265,"comment_status":"closed","ping_status":"closed","sticky":false,"template":"","format":"standard","meta":{"tpgb_global_settings":"","footnotes":""},"categories":[235],"tags":[],"class_list":["post-12263","post","type-post","status-publish","format-standard","has-post-thumbnail","hentry","category-karlsruhe"],"tpgb_featured_images":{"full":["https:\/\/www.musical-today.de\/wp-content\/uploads\/2025\/07\/comedian_harmonists_gp_0731_68712f657d6490.51387261-scaled.jpg",2560,1708,false],"tp-image-grid":["https:\/\/www.musical-today.de\/wp-content\/uploads\/2025\/07\/comedian_harmonists_gp_0731_68712f657d6490.51387261-700x700.jpg",700,700,true],"thumbnail":["https:\/\/www.musical-today.de\/wp-content\/uploads\/2025\/07\/comedian_harmonists_gp_0731_68712f657d6490.51387261-600x400.jpg",600,400,true],"medium":["https:\/\/www.musical-today.de\/wp-content\/uploads\/2025\/07\/comedian_harmonists_gp_0731_68712f657d6490.51387261-1200x800.jpg",1200,800,true],"medium_large":["https:\/\/www.musical-today.de\/wp-content\/uploads\/2025\/07\/comedian_harmonists_gp_0731_68712f657d6490.51387261-770x514.jpg",770,514,true],"large":["https:\/\/www.musical-today.de\/wp-content\/uploads\/2025\/07\/comedian_harmonists_gp_0731_68712f657d6490.51387261-1920x1281.jpg",1139,760,true],"default":"https:\/\/www.musical-today.de\/wp-content\/plugins\/the-plus-addons-for-block-editor\/assets\/images\/tpgb-placeholder.jpg"},"tpgb_post_meta_info":{"get_date":"16.07.2025","get_modified_date":"16.07.2025","category_list":{"category":[{"term_id":235,"name":"Karlsruhe","slug":"karlsruhe","term_group":0,"term_taxonomy_id":235,"taxonomy":"category","description":"","parent":19,"count":2,"filter":"raw","term_order":"55"}],"post_tag":false,"post_format":false},"author_name":"Manfred Kraft","author_url":"https:\/\/www.musical-today.de\/en\/autor\/manfredkraft\/","author_email":"temporary-removecv8FreX4dbM25y1@tmp.com","author_website":"","author_description":"berichtet seit 1982 u.a. f\u00fcr \u201eorpheus\u201c aus dem Badischen Staatstheater Karlsruhe. Auch anderen H\u00e4usern wie dem Festspielhaus Baden-Baden und der Op\u00e9ra national du Rhin war und ist er zwar freundschaftlich, aber auch kritisch verbunden. Im \u201ePrivatleben\u201c ist er Rentner, freier Mitarbeiter der \u201eBadischen Neuesten Nachrichten\u201c und interessierter Gasth\u00f6rer an der Karlsruher Musikhochschule.","author_facebook":"","author_twitter":"","author_instagram":"","author_role":["author"],"author_firstname":"Manfred","author_lastname":"Kraft","user_login":"manfredkraft","author_avatar":"<img src=\"https:\/\/www.musical-today.de\/wp-content\/uploads\/2024\/03\/Autor_Kraft-293x293.jpg\" width=\"200\" height=\"200\" alt=\"Manfred Kraft\" class=\"avatar avatar-200 wp-user-avatar wp-user-avatar-200 alignnone photo\" \/>","author_avatar_url":"https:\/\/www.musical-today.de\/wp-content\/uploads\/2024\/03\/Autor_Kraft.jpg","comment_count":0,"post_likes":0,"post_views":0},"tpgb_post_category":{"category":"<a href=\"https:\/\/www.musical-today.de\/en\/deutschland\/karlsruhe\/\" alt=\"Karlsruhe\"  class=\"category-karlsruhe\">Karlsruhe<\/a> "},"_links":{"self":[{"href":"https:\/\/www.musical-today.de\/en\/wp-json\/wp\/v2\/posts\/12263","targetHints":{"allow":["GET"]}}],"collection":[{"href":"https:\/\/www.musical-today.de\/en\/wp-json\/wp\/v2\/posts"}],"about":[{"href":"https:\/\/www.musical-today.de\/en\/wp-json\/wp\/v2\/types\/post"}],"author":[{"embeddable":true,"href":"https:\/\/www.musical-today.de\/en\/wp-json\/wp\/v2\/users\/43"}],"replies":[{"embeddable":true,"href":"https:\/\/www.musical-today.de\/en\/wp-json\/wp\/v2\/comments?post=12263"}],"version-history":[{"count":0,"href":"https:\/\/www.musical-today.de\/en\/wp-json\/wp\/v2\/posts\/12263\/revisions"}],"wp:featuredmedia":[{"embeddable":true,"href":"https:\/\/www.musical-today.de\/en\/wp-json\/wp\/v2\/media\/12265"}],"wp:attachment":[{"href":"https:\/\/www.musical-today.de\/en\/wp-json\/wp\/v2\/media?parent=12263"}],"wp:term":[{"taxonomy":"category","embeddable":true,"href":"https:\/\/www.musical-today.de\/en\/wp-json\/wp\/v2\/categories?post=12263"},{"taxonomy":"post_tag","embeddable":true,"href":"https:\/\/www.musical-today.de\/en\/wp-json\/wp\/v2\/tags?post=12263"}],"curies":[{"name":"wp","href":"https:\/\/api.w.org\/{rel}","templated":true}]}}