{"id":12280,"date":"2025-07-16T19:33:59","date_gmt":"2025-07-16T17:33:59","guid":{"rendered":"https:\/\/www.musical-today.de\/?p=12280"},"modified":"2025-07-16T19:34:47","modified_gmt":"2025-07-16T17:34:47","slug":"dresden-der-wanderer-ueber-dem-nebelmeer","status":"publish","type":"post","link":"https:\/\/www.musical-today.de\/en\/dresden-der-wanderer-ueber-dem-nebelmeer\/","title":{"rendered":"Der Wanderer \u00fcber dem Nebelmeer"},"content":{"rendered":"<div class=\"lets-info-up-wrap  lets-info-up--right lets-info-up--m-1 lets-info-up-skin-3 lets-info-up--side lets-info-up-92507\" style=\"background:#fafafa; color: #616161\">\t\t\t<div class=\"lets-info-up\">\r\n\t\t\t<div class=\"lets-info-up-fi\"><img decoding=\"async\" width=\"500\" height=\"333\" src=\"https:\/\/www.musical-today.de\/wp-content\/uploads\/2024\/01\/qi-addons-for-elementor-placeholder-500x333.png\" class=\"attachment-lets-info-up-d1 size-lets-info-up-d1\" alt=\"|\" srcset=\"https:\/\/www.musical-today.de\/wp-content\/uploads\/2024\/01\/qi-addons-for-elementor-placeholder-500x333.png 500w, https:\/\/www.musical-today.de\/wp-content\/uploads\/2024\/01\/qi-addons-for-elementor-placeholder-300x200.png 300w, https:\/\/www.musical-today.de\/wp-content\/uploads\/2024\/01\/qi-addons-for-elementor-placeholder-1024x683.png 1024w, https:\/\/www.musical-today.de\/wp-content\/uploads\/2024\/01\/qi-addons-for-elementor-placeholder-883x589.png 883w, https:\/\/www.musical-today.de\/wp-content\/uploads\/2024\/01\/qi-addons-for-elementor-placeholder-18x12.png 18w, https:\/\/www.musical-today.de\/wp-content\/uploads\/2024\/01\/qi-addons-for-elementor-placeholder-360x240.png 360w, https:\/\/www.musical-today.de\/wp-content\/uploads\/2024\/01\/qi-addons-for-elementor-placeholder-1155x770.png 1155w, https:\/\/www.musical-today.de\/wp-content\/uploads\/2024\/01\/qi-addons-for-elementor-placeholder-370x247.png 370w, https:\/\/www.musical-today.de\/wp-content\/uploads\/2024\/01\/qi-addons-for-elementor-placeholder-770x513.png 770w, https:\/\/www.musical-today.de\/wp-content\/uploads\/2024\/01\/qi-addons-for-elementor-placeholder-293x195.png 293w, https:\/\/www.musical-today.de\/wp-content\/uploads\/2024\/01\/qi-addons-for-elementor-placeholder-120x80.png 120w, https:\/\/www.musical-today.de\/wp-content\/uploads\/2024\/01\/qi-addons-for-elementor-placeholder-240x160.png 240w, https:\/\/www.musical-today.de\/wp-content\/uploads\/2024\/01\/qi-addons-for-elementor-placeholder-390x260.png 390w, https:\/\/www.musical-today.de\/wp-content\/uploads\/2024\/01\/qi-addons-for-elementor-placeholder.png 1200w\" sizes=\"(max-width: 500px) 100vw, 500px\" title=\"\"><\/div>\t\t\t<div class=\"lets-info-up-block-wrap\">\r\n\t\t\t\t<div class=\"lets-info-up-block lets-info-up-meta-block\"><div class=\"lets-info-up-meta-title lets-info-up-pretitle font-h\" style=\"color: #8c6d18;\">oRT<\/div><div class=\"lets-info-up-meta-content lets-info-up-title font-b\">Com\u00f6die Dresden <br>(Sommer-Open-Air am Elbschloss \u00dcbigau)<\/div><\/div><div class=\"lets-info-up-block lets-info-up-meta-block\"><div class=\"lets-info-up-meta-title lets-info-up-pretitle font-h\" style=\"color: #8c6d18;\">von<\/div><div class=\"lets-info-up-meta-content lets-info-up-title font-b\">Christian K\u00fchn (Buch)<br>Mit den Songs aus dem Album \u201eLeichtes Gep\u00e4ck\u201c von Silbermond<\/div><\/div><div class=\"lets-info-up-block lets-info-up-meta-block\"><div class=\"lets-info-up-meta-title lets-info-up-pretitle font-h\" style=\"color: #8c6d18;\">Regie<\/div><div class=\"lets-info-up-meta-content lets-info-up-title font-b\">Christian K\u00fchn<\/div><\/div><div class=\"lets-info-up-block lets-info-up-meta-block\"><div class=\"lets-info-up-meta-title lets-info-up-pretitle font-h\" style=\"color: #8c6d18;\">Urauff\u00fchrunG<\/div><div class=\"lets-info-up-meta-content lets-info-up-title font-b\">2025<\/div><\/div><div class=\"lets-info-up-block lets-info-up-meta-block\"><div class=\"lets-info-up-meta-title lets-info-up-pretitle font-h\" style=\"color: #8c6d18;\">INFOS<\/div><div class=\"lets-info-up-meta-content lets-info-up-title font-b\"><a href=\"https:\/\/www.comoedie-dresden.de\/produktion\/der-wanderer-ueber-dem-nebelmeer\" target=\"_blank\" rel=\"noopener noreferrer nofollow\">www.comoedie-dresden.de<\/a><\/div><\/div>\t\t\t<\/div>\r\n\t\t\t<\/div>\r\n\t\t<\/div>\r\n\t\t\n\n\n<p><strong><strong>Caspar David Friedrich trifft Silbermond<\/strong><\/strong><\/p>\n\n\n\n<p>Auf dem Felsen steht ein Mann mit Stock. Er schaut in die Weite. Unter ihm verbergen milchige Schleier den Blick ins Tal, am Horizont ragen Bergkegel heraus. Mehr erf\u00e4hrt der Betrachter nicht. \u201eDer Wanderer \u00fcber dem Nebelmeer\u201c hei\u00dft das Bild. Ber\u00fchmt das Motiv, gefeiert der Maler, k\u00fcrzlich gedachte die Nachwelt seines 250. Geburtstags. In dem Werk manifestiert sich deutsche Romantik, Caspar David Friedrich hat die Atmosph\u00e4re 1818 genial eingefangen. Zahlreiche Ausstellungen w\u00fcrdigten den K\u00fcnstler zu seinem Jubil\u00e4um, nun platziert ihn ein Musical auf dem Denkmal-Sockel und verwendet den Titel seiner prominenten Kreation. Kann das \u00fcberhaupt funktionieren?<\/p>\n\n\n\n<p>Die Com\u00f6die Dresden liefert den Beweis. Autor und Regisseur Christian K\u00fchn lenkt das Sujet auf eine ausgekl\u00fcgelte Spurensuche, die bis in die Gegenwart reicht, musikalisch flankiert vom pop-rockigen Sound der Bautzener Kultband Silbermond. Das passt zusammen und entlockt dem Publikum vor dem ruin\u00f6sen Portal des Elbschlosses \u00dcbigau klare Zustimmung.<\/p>\n\n\n\n<p>Autor K\u00fchn spannt den Handlungsbogen breit. Der junge Caspar David wird von seinem Bruder Christoffer vor dem Ertrinken gerettet, der Bruder stirbt dabei. Ein bedr\u00fcckendes Ereignis, das Caspar pr\u00e4gt und zugleich inspiriert. Das Musical begleitet den Maler: eine toxische Mischung aus Gestaltungswillen und schwerer Depression. Die Natur spielt eine zentrale Rolle, aktuell ein mahnendes Fanal f\u00fcr den Erhalt. Unter diesem Aspekt entwirft der Autor eine zweite Zeitebene, springt ins Jetzt und zeigt zwei Klimak\u00e4mpfer, die sich mit einer Pflegerin verbandeln. Sie klauen vermeintlich das Originalbild aus der Hamburger Kunsthalle, wollen es in den Kontext einer gef\u00e4hrdeten Umwelt stellen. Edgar, der eine, lebensbedrohlich erkrankte Aktivist, katapultiert sich in die Vergangenheit, wo er von Caspar als verschollener Bruder identifiziert wird. Am Ende zerplatzt die Illusion. Mit Ernst Bloch im Hinterkopf keimt aber leise das Prinzip Hoffnung: Vielleicht bleibt die totale Zerst\u00f6rung aus, weil Umkehr gelingt.<\/p>\n\n\n<div  class=\"tpgb-wrap-956d14_12280  tpgb-wrap-fw \"  ><div id=\"956d14_12280\" class=\"tpgb-block-956d14_12280 tpgb-relative-block tpgb-gallery-list tpgb-metro gallery-style-2 hover-image-style-1   \" data-style=\"style-2\" data-id=\"956d14_12280\" data-layout=\"metro\" data-fancy-option='{\"loop\":false,\"thumb\":\"no\",\"infobar\":true,\"arrows\":true,\"transitionEffect\":\"slide\",\"button\":[\"close\"]}' data-splide='\"\"' data-metroAttr= '{\"metro_col\":\"3\",\"tab_metro_col\":3,\"mobile_metro_col\":3,\"metro_style\":\"style-1\",\"tab_metro_style\":\"style-1\",\"mobile_metro_style\":\"style-1\"}' ><div class=\"tpgb-row post-loop-inner \"><div class=\"grid-item metro-item-0    tpgb-metro-1  tpgb-tab-metro-1  tpgb-mobile-metro-1 \"><a href=\"https:\/\/www.musical-today.de\/wp-content\/uploads\/2025\/07\/Wanderer_SzenecRobertJentzsch-18.jpg\" class=\"tpgb-gallery-list-content tpgb-trans-easeinout\" data-fancybox=\"956d14_12280\" data-caption=\"Foto: Robert Jentzsch\" aria-label=\"Foto: Robert Jentzsch\"><div class=\"post-content-image\"><div class=\"tpgb-metro-gallery-image\" style=\"background: url(https:\/\/www.musical-today.de\/wp-content\/uploads\/2025\/07\/Wanderer_SzenecRobertJentzsch-18.jpg);\"><\/div><\/div><div class=\"post-content-center\"><div class=\"post-zoom-icon\"><div class=\"meta-search-icon\"><span><img decoding=\"async\" class=\"fancy-img\" src=\"https:\/\/www.musical-today.de\/wp-content\/uploads\/2025\/07\/Wanderer_SzenecRobertJentzsch-18.jpg\" alt=\"Media Image1\" title=\"\"><i class=\"fas fa-search-plus pop-icon\"><\/i><\/span><\/div><\/div><div class=\"post-content-bottom\"><p class=\"post-title tpgb-trans-easeinout\">Foto: Robert Jentzsch<\/p><\/div><\/div><\/a><\/div><div class=\"grid-item metro-item-1    tpgb-metro-2  tpgb-tab-metro-2  tpgb-mobile-metro-2 \"><a href=\"https:\/\/www.musical-today.de\/wp-content\/uploads\/2025\/07\/Wanderer_SzenecRobertJentzsch-24.jpg\" class=\"tpgb-gallery-list-content tpgb-trans-easeinout\" data-fancybox=\"956d14_12280\" data-caption=\"Foto: Robert Jentzsch\" aria-label=\"Foto: Robert Jentzsch\"><div class=\"post-content-image\"><div class=\"tpgb-metro-gallery-image\" style=\"background: url(https:\/\/www.musical-today.de\/wp-content\/uploads\/2025\/07\/Wanderer_SzenecRobertJentzsch-24.jpg);\"><\/div><\/div><div class=\"post-content-center\"><div class=\"post-zoom-icon\"><div class=\"meta-search-icon\"><span><img decoding=\"async\" class=\"fancy-img\" src=\"https:\/\/www.musical-today.de\/wp-content\/uploads\/2025\/07\/Wanderer_SzenecRobertJentzsch-24.jpg\" alt=\"Media Image2\" title=\"\"><i class=\"fas fa-search-plus pop-icon\"><\/i><\/span><\/div><\/div><div class=\"post-content-bottom\"><p class=\"post-title tpgb-trans-easeinout\">Foto: Robert Jentzsch<\/p><\/div><\/div><\/a><\/div><div class=\"grid-item metro-item-2    tpgb-metro-3  tpgb-tab-metro-3  tpgb-mobile-metro-3 \"><a href=\"https:\/\/www.musical-today.de\/wp-content\/uploads\/2025\/07\/Wanderer_SzenecRobertJentzsch-4.jpg\" class=\"tpgb-gallery-list-content tpgb-trans-easeinout\" data-fancybox=\"956d14_12280\" data-caption=\"Foto: Robert Jentzsch\" aria-label=\"Foto: Robert Jentzsch\"><div class=\"post-content-image\"><div class=\"tpgb-metro-gallery-image\" style=\"background: url(https:\/\/www.musical-today.de\/wp-content\/uploads\/2025\/07\/Wanderer_SzenecRobertJentzsch-4.jpg);\"><\/div><\/div><div class=\"post-content-center\"><div class=\"post-zoom-icon\"><div class=\"meta-search-icon\"><span><img decoding=\"async\" class=\"fancy-img\" src=\"https:\/\/www.musical-today.de\/wp-content\/uploads\/2025\/07\/Wanderer_SzenecRobertJentzsch-4.jpg\" alt=\"Media Image3\" title=\"\"><i class=\"fas fa-search-plus pop-icon\"><\/i><\/span><\/div><\/div><div class=\"post-content-bottom\"><p class=\"post-title tpgb-trans-easeinout\">Foto: Robert Jentzsch<\/p><\/div><\/div><\/a><\/div><\/div><\/div><\/div>\n\n\n<p>Verbl\u00fcffend authentisch nehmen die Silbermond-Songs aus dem 2015 ver\u00f6ffentlichten Album \u201eLeichtes Gep\u00e4ck\u201c den Spirit auf, f\u00fcgen sich organisch ins Geschehen, begleiten die Stationen bevorzugt im Balladenton, ohne bleierne D\u00fcsternis auszulegen. Stephan Ohm f\u00fchrt souver\u00e4n auf den Klangpfad der heimischen Formation, leitet musikalisch das gut aufgelegte Ensemble. Einige Beitr\u00e4ge schleichen sich besonders intensiv ins Ohr: \u201eLangsam\u201c, \u201eDas Leichteste der Welt\u201c, sehr anr\u00fchrend \u201eAllzu menschlich\u201c und das von einem fr\u00fcheren Album stammende \u201eIrgendwas bleibt\u201c.<\/p>\n\n\n\n<p>Vor das Portal hat Ausstatterin Nina Aufderheide karge Elemente gebaut, die Friedrichs Gem\u00e4lde \u201eDas Eismeer\u201c assoziieren, zugleich raumwandelnde Schaupl\u00e4tze suggerieren und Zeitspr\u00fcnge nachvollziehbar machen. Ihre Kost\u00fcme unterstreichen das Nebeneinander von Gestern und Heute. Als Regisseur bewegt Christian K\u00fchn das Ensemble konzentriert durch die Szenen, schafft beklemmende und heitere Momente vom gro\u00dfen Tableau bis zum Zwiegespr\u00e4ch. Choreograf Thomas Heep nutzt geschickt manche Gelegenheit f\u00fcr t\u00e4nzerische Garnierung.<\/p>\n\n\n\n<p>Die Mitwirkenden inhalieren den Stoff tief, f\u00fchlen sich subtil in ihre Figuren ein und verleihen ihnen Vitalit\u00e4t. Sebastian Lohse ist ein aufgebrezelt arroganter Goethe, Kathi Damerow die s\u00e4chselnd plappernde Schwiegermutter, Florentine Beyer die aufopfernde Ehefrau Caroline, Felix Heller der quirlig eitle Carus, Edward R. Serban ein l\u00e4ssig unbeholfener Lasse. Im Mittelpunkt stehen Timo Stacey als drahtziehender Edgar, die hyperaktive Betriebsnudel Sabine (Lucille-Mareen Mayr) sowie Daniel Tille als emotional wankender, verkannter Genius in der Titelrolle.<\/p>\n\n\n\n<p>\u201eDer Wanderer \u00fcber dem Nebelmeer\u201c ist ein ungew\u00f6hnliches, dramaturgisch imposant aufbereitetes Musical, das begeistert und erstmals Caspar David Friedrich in den Fokus des unterhaltenden Theaters hievt: ein Coup, zur Nachahmung empfohlen.<\/p>\n\n\n\n<hr class=\"wp-block-separator has-alpha-channel-opacity is-style-dots\"\/>\n\n\n\n<p class=\"has-small-font-size\">Musikalische Leitung: Stephan Ohm \u2022 Choreografie: Thomas Heep \u2022 Ausstattung: Nina Aufderheide \u2022 Mit: Daniel Tille (Caspar David Friedrich), Florentine Beyer (Caroline Friedrich), Kathi Damerow (Friederika Bommer), Felix Heller (Carl Gustav Carus) Sebastian Lohse (Johann Wolfgang von Goethe), Timo Stacey (Edgar), Edward R. Serban (Lasse), Lucille-Mareen Mayr (Sabine) u.a.<br><br>Aufmacherfoto: Robert Jentzsch<\/p>\n","protected":false},"excerpt":{"rendered":"<p>Caspar David Friedrich trifft Silbermond Auf dem Felsen steht ein Mann mit Stock. Er schaut in die Weite. Unter ihm verbergen milchige Schleier den Blick ins Tal, am Horizont ragen Bergkegel heraus. Mehr erf\u00e4hrt der Betrachter nicht. \u201eDer Wanderer \u00fcber dem Nebelmeer\u201c hei\u00dft das Bild. Ber\u00fchmt das Motiv, gefeiert der Maler, k\u00fcrzlich gedachte die Nachwelt seines 250. Geburtstags. In dem Werk manifestiert sich deutsche Romantik, Caspar David Friedrich hat die Atmosph\u00e4re 1818 genial eingefangen. Zahlreiche Ausstellungen w\u00fcrdigten den K\u00fcnstler zu [&hellip;]<\/p>\n","protected":false},"author":4,"featured_media":12283,"comment_status":"closed","ping_status":"closed","sticky":false,"template":"","format":"standard","meta":{"tpgb_global_settings":"","footnotes":""},"categories":[185],"tags":[],"class_list":["post-12280","post","type-post","status-publish","format-standard","has-post-thumbnail","hentry","category-dresden"],"tpgb_featured_images":{"full":["https:\/\/www.musical-today.de\/wp-content\/uploads\/2025\/07\/Wanderer_SzenecRobertJentzsch-13.jpg",2000,1334,false],"tp-image-grid":["https:\/\/www.musical-today.de\/wp-content\/uploads\/2025\/07\/Wanderer_SzenecRobertJentzsch-13-700x700.jpg",700,700,true],"thumbnail":["https:\/\/www.musical-today.de\/wp-content\/uploads\/2025\/07\/Wanderer_SzenecRobertJentzsch-13-600x400.jpg",600,400,true],"medium":["https:\/\/www.musical-today.de\/wp-content\/uploads\/2025\/07\/Wanderer_SzenecRobertJentzsch-13-1200x800.jpg",1200,800,true],"medium_large":["https:\/\/www.musical-today.de\/wp-content\/uploads\/2025\/07\/Wanderer_SzenecRobertJentzsch-13-770x514.jpg",770,514,true],"large":["https:\/\/www.musical-today.de\/wp-content\/uploads\/2025\/07\/Wanderer_SzenecRobertJentzsch-13-1920x1281.jpg",1139,760,true],"default":"https:\/\/www.musical-today.de\/wp-content\/plugins\/the-plus-addons-for-block-editor\/assets\/images\/tpgb-placeholder.jpg"},"tpgb_post_meta_info":{"get_date":"16.07.2025","get_modified_date":"16.07.2025","category_list":{"category":[{"term_id":185,"name":"Dresden","slug":"dresden","term_group":0,"term_taxonomy_id":185,"taxonomy":"category","description":"","parent":19,"count":5,"filter":"raw","term_order":"23"}],"post_tag":false,"post_format":false},"author_name":"J\u00fcrgen Rickert","author_url":"https:\/\/www.musical-today.de\/en\/autor\/juergenrickert\/","author_email":"maail@valentinboesing.de","author_website":"","author_description":"Redakteur, Journalist, PR-Manager, P\u00e4dagoge. Arbeit in s\u00e4mtlichen Medien, mit Schwerpunkt Musiktheater-Rezensionen. Mitinitiator verschiedener internationaler Formate der UNESCO wie Euro-Arabischer Dialog, Deutsch-Afrikanische Jugendakademie, Climate Action Network. Dramaturgie und Produktionsleitung, z. B. \"Wohin gehst Du\" (Tanzprojekt), \"Gelbe Ohrfeigen\" (ARTE), Entwicklung des mehrfach interkontinental durchgef\u00fchrten Konzepts \"From Head to Heart\" mit szenischen Installationen.","author_facebook":"","author_twitter":"","author_instagram":"","author_role":["redakteur","author","editor","redaktionsteam"],"author_firstname":"J\u00fcrgen","author_lastname":"Rickert","user_login":"hjr","author_avatar":"<img src=\"https:\/\/www.musical-today.de\/wp-content\/uploads\/2024\/01\/cropped-Bildschirmfoto-2024-01-21-um-09.35.54-293x293.jpeg\" width=\"200\" height=\"200\" alt=\"J\u00fcrgen Rickert\" class=\"avatar avatar-200 wp-user-avatar wp-user-avatar-200 alignnone photo\" \/>","author_avatar_url":"https:\/\/www.musical-today.de\/wp-content\/uploads\/2024\/01\/cropped-Bildschirmfoto-2024-01-21-um-09.35.54.jpeg","comment_count":0,"post_likes":0,"post_views":0},"tpgb_post_category":{"category":"<a href=\"https:\/\/www.musical-today.de\/en\/deutschland\/dresden\/\" alt=\"Dresden\"  class=\"category-dresden\">Dresden<\/a> "},"_links":{"self":[{"href":"https:\/\/www.musical-today.de\/en\/wp-json\/wp\/v2\/posts\/12280","targetHints":{"allow":["GET"]}}],"collection":[{"href":"https:\/\/www.musical-today.de\/en\/wp-json\/wp\/v2\/posts"}],"about":[{"href":"https:\/\/www.musical-today.de\/en\/wp-json\/wp\/v2\/types\/post"}],"author":[{"embeddable":true,"href":"https:\/\/www.musical-today.de\/en\/wp-json\/wp\/v2\/users\/4"}],"replies":[{"embeddable":true,"href":"https:\/\/www.musical-today.de\/en\/wp-json\/wp\/v2\/comments?post=12280"}],"version-history":[{"count":0,"href":"https:\/\/www.musical-today.de\/en\/wp-json\/wp\/v2\/posts\/12280\/revisions"}],"wp:featuredmedia":[{"embeddable":true,"href":"https:\/\/www.musical-today.de\/en\/wp-json\/wp\/v2\/media\/12283"}],"wp:attachment":[{"href":"https:\/\/www.musical-today.de\/en\/wp-json\/wp\/v2\/media?parent=12280"}],"wp:term":[{"taxonomy":"category","embeddable":true,"href":"https:\/\/www.musical-today.de\/en\/wp-json\/wp\/v2\/categories?post=12280"},{"taxonomy":"post_tag","embeddable":true,"href":"https:\/\/www.musical-today.de\/en\/wp-json\/wp\/v2\/tags?post=12280"}],"curies":[{"name":"wp","href":"https:\/\/api.w.org\/{rel}","templated":true}]}}