{"id":12301,"date":"2025-07-29T21:44:00","date_gmt":"2025-07-29T19:44:00","guid":{"rendered":"https:\/\/www.musical-today.de\/?p=12301"},"modified":"2025-07-30T00:51:45","modified_gmt":"2025-07-29T22:51:45","slug":"kufstein-west-side-story","status":"publish","type":"post","link":"https:\/\/www.musical-today.de\/en\/kufstein-west-side-story\/","title":{"rendered":"West Side Story"},"content":{"rendered":"<div class=\"lets-info-up-wrap  lets-info-up--right lets-info-up--m-1 lets-info-up-skin-3 lets-info-up--side lets-info-up-65560\" style=\"background:#fafafa; color: #616161\">\t\t\t<div class=\"lets-info-up\">\r\n\t\t\t<div class=\"lets-info-up-fi\"><img decoding=\"async\" width=\"500\" height=\"333\" src=\"https:\/\/www.musical-today.de\/wp-content\/uploads\/2024\/01\/qi-addons-for-elementor-placeholder-500x333.png\" class=\"attachment-lets-info-up-d1 size-lets-info-up-d1\" alt=\"|\" srcset=\"https:\/\/www.musical-today.de\/wp-content\/uploads\/2024\/01\/qi-addons-for-elementor-placeholder-500x333.png 500w, https:\/\/www.musical-today.de\/wp-content\/uploads\/2024\/01\/qi-addons-for-elementor-placeholder-300x200.png 300w, https:\/\/www.musical-today.de\/wp-content\/uploads\/2024\/01\/qi-addons-for-elementor-placeholder-1024x683.png 1024w, https:\/\/www.musical-today.de\/wp-content\/uploads\/2024\/01\/qi-addons-for-elementor-placeholder-883x589.png 883w, https:\/\/www.musical-today.de\/wp-content\/uploads\/2024\/01\/qi-addons-for-elementor-placeholder-18x12.png 18w, https:\/\/www.musical-today.de\/wp-content\/uploads\/2024\/01\/qi-addons-for-elementor-placeholder-360x240.png 360w, https:\/\/www.musical-today.de\/wp-content\/uploads\/2024\/01\/qi-addons-for-elementor-placeholder-1155x770.png 1155w, https:\/\/www.musical-today.de\/wp-content\/uploads\/2024\/01\/qi-addons-for-elementor-placeholder-370x247.png 370w, https:\/\/www.musical-today.de\/wp-content\/uploads\/2024\/01\/qi-addons-for-elementor-placeholder-770x513.png 770w, https:\/\/www.musical-today.de\/wp-content\/uploads\/2024\/01\/qi-addons-for-elementor-placeholder-293x195.png 293w, https:\/\/www.musical-today.de\/wp-content\/uploads\/2024\/01\/qi-addons-for-elementor-placeholder-120x80.png 120w, https:\/\/www.musical-today.de\/wp-content\/uploads\/2024\/01\/qi-addons-for-elementor-placeholder-240x160.png 240w, https:\/\/www.musical-today.de\/wp-content\/uploads\/2024\/01\/qi-addons-for-elementor-placeholder-390x260.png 390w, https:\/\/www.musical-today.de\/wp-content\/uploads\/2024\/01\/qi-addons-for-elementor-placeholder.png 1200w\" sizes=\"(max-width: 500px) 100vw, 500px\" title=\"\"><\/div>\t\t\t<div class=\"lets-info-up-block-wrap\">\r\n\t\t\t\t<div class=\"lets-info-up-block lets-info-up-meta-block\"><div class=\"lets-info-up-meta-title lets-info-up-pretitle font-h\" style=\"color: #8c6d18;\">oRT<\/div><div class=\"lets-info-up-meta-content lets-info-up-title font-b\">MusicalSommer Kufstein<\/div><\/div><div class=\"lets-info-up-block lets-info-up-meta-block\"><div class=\"lets-info-up-meta-title lets-info-up-pretitle font-h\" style=\"color: #8c6d18;\">von<\/div><div class=\"lets-info-up-meta-content lets-info-up-title font-b\">Jerome Robbins (Idee)<br>Arthur Laurents (Buch) <br>Leonard Bernstein (Musik)<br> Stephen Sondheim (Liedtexte)<\/div><\/div><div class=\"lets-info-up-block lets-info-up-meta-block\"><div class=\"lets-info-up-meta-title lets-info-up-pretitle font-h\" style=\"color: #8c6d18;\">Regie<\/div><div class=\"lets-info-up-meta-content lets-info-up-title font-b\"> Vanni Viscusi<\/div><\/div><div class=\"lets-info-up-block lets-info-up-meta-block\"><div class=\"lets-info-up-meta-title lets-info-up-pretitle font-h\" style=\"color: #8c6d18;\">Urauff\u00fchrung<\/div><div class=\"lets-info-up-meta-content lets-info-up-title font-b\">1957<\/div><\/div><div class=\"lets-info-up-block lets-info-up-meta-block\"><div class=\"lets-info-up-meta-title lets-info-up-pretitle font-h\" style=\"color: #8c6d18;\">INFOS<\/div><div class=\"lets-info-up-meta-content lets-info-up-title font-b\"><a href=\"https:\/\/www.musicalsommer.tirol\" data-type=\"link\" target=\"_blank\" rel=\"noopener noreferrer nofollow\">www.musicalsommer.tirol<\/a><\/div><\/div>\t\t\t<\/div>\r\n\t\t\t<\/div>\r\n\t\t<\/div>\r\n\t\t\n\n\n<p><strong>Umjubelte Premiere der \u201eWest Side Story\u201c<\/strong><\/p>\n\n\n\n<p>\u201eFr\u00fcher wurde hier gek\u00e4mpft. Heute feiern wir.\u201c steht auf einem gro\u00dfen Banner an der Wand der mittelalterlichen Festung Kufstein. So ganz ohne Kampf geht es aber doch nicht. Dem Menschen scheint das K\u00e4mpfen leichter zu fallen als das Feiern und das Hassen leichter als das Lieben, heute wie damals.<\/p>\n\n\n\n<p>Der MusicalSommer Kufstein \u2013 2007 noch als Operettensommer gestartet \u2013 geht heuer mit Leonard Bernsteins \u201eWest Side Story\u201c in die 17. Runde. Dem Premierenpublikum unter dem kuppelartigen Dach bl\u00e4st ein frischer Wind um die Ohren. Der Blick auf die beeindruckende Kulisse, das Kollektiverlebnis Musical mit leidenschaftlichen Tanzchoreografien in stylisch-bunten Kost\u00fcmen der 50er (Julia Neuhold), ein spannungsvolles B\u00fchnengeschehen und nicht zuletzt die schwungvolle Dynamik aus Bernsteins \u00fcberw\u00e4ltigender Musik: Das scheint f\u00fcr diesen Abend alle(s) zu einen.<\/p>\n\n\n\n<p>Auf der B\u00fchne der \u00fcberdachten Festungsarena liefern sich zwei rivalisierende Jugendgangs in Tanz und Spiel erbitterte K\u00e4mpfe: Die amerikanischen Jets und die puertoricanisch-st\u00e4mmigen Sharks ringen um Besitzanspr\u00fcche, Identit\u00e4t und die Rechte jener, die schon fr\u00fcher da waren \u2013 uralte Themen gesellschaftlicher Missst\u00e4nde. Dabei finden die beiden Gangs mehr Gr\u00fcnde, sich zu hassen, als aufeinander zuzugehen, obwohl sie so unterschiedlich gar nicht sind. Die Tanzszenen sind umwerfend \u2013 ein echter Kn\u00fcller ist der \u201eGym-Dance-Abend\u201c, an dem auch t\u00e4nzerisch Fronten und Tanzstile aufeinanderprallen: leidenschaftliche Paar- und Gruppentanz-Duelle mit eindeutig zweideutigen H\u00fcftbewegungen \u2013 und dann die erste Begegnung von Nicolas Vinzenz als Tony und Margot Wardlaw Baars als Maria, die tats\u00e4chlich die Zeit stillstehen l\u00e4sst. Vergiss New York und den Broadway, Liebesrausch geht auch in Kufstein. Da haben sich offensichtlich zwei gefunden, denen man vorbehaltlos alles glaubt: ihre tiefe Liebe und \u00fcberbordenden Gl\u00fccksgef\u00fchle, sp\u00e4ter ihre \u00c4ngste, Verzweiflung und die blanke Wut. Da passt alles, im vorz\u00fcglichen gesanglichen wie auch im k\u00f6rperlichen Ausdruck. Das trifft mit voller Wucht auf die empfindsame Stelle der Menschen. Gut so.<\/p>\n\n\n<div  class=\"tpgb-wrap-956d14_12301  tpgb-wrap-fw \"  ><div id=\"956d14_12301\" class=\"tpgb-block-956d14_12301 tpgb-relative-block tpgb-gallery-list tpgb-metro gallery-style-2 hover-image-style-1   \" data-style=\"style-2\" data-id=\"956d14_12301\" data-layout=\"metro\" data-fancy-option='{\"loop\":false,\"thumb\":\"no\",\"infobar\":true,\"arrows\":true,\"transitionEffect\":\"slide\",\"button\":[\"close\"]}' data-splide='\"\"' data-metroAttr= '{\"metro_col\":3,\"tab_metro_col\":3,\"mobile_metro_col\":3,\"metro_style\":\"style-1\",\"tab_metro_style\":\"style-1\",\"mobile_metro_style\":\"style-1\"}' ><div class=\"tpgb-row post-loop-inner \"><div class=\"grid-item metro-item-0    tpgb-metro-1  tpgb-tab-metro-1  tpgb-mobile-metro-1 \"><a href=\"https:\/\/www.musical-today.de\/wp-content\/uploads\/2025\/07\/west_side_story_tob5173.jpg\" class=\"tpgb-gallery-list-content tpgb-trans-easeinout\" data-fancybox=\"956d14_12301\" data-caption=\"Foto: MusicalSommer\/Thomas B\u00f6hm\" aria-label=\"Foto: MusicalSommer\/Thomas B\u00f6hm\"><div class=\"post-content-image\"><div class=\"tpgb-metro-gallery-image\" style=\"background: url(https:\/\/www.musical-today.de\/wp-content\/uploads\/2025\/07\/west_side_story_tob5173.jpg);\"><\/div><\/div><div class=\"post-content-center\"><div class=\"post-zoom-icon\"><div class=\"meta-search-icon\"><span><img decoding=\"async\" class=\"fancy-img\" src=\"https:\/\/www.musical-today.de\/wp-content\/uploads\/2025\/07\/west_side_story_tob5173.jpg\" alt=\"Media Image1\" title=\"\"><i class=\"fas fa-search-plus pop-icon\"><\/i><\/span><\/div><\/div><div class=\"post-content-bottom\"><p class=\"post-title tpgb-trans-easeinout\">Foto: MusicalSommer\/Thomas B\u00f6hm<\/p><\/div><\/div><\/a><\/div><div class=\"grid-item metro-item-1    tpgb-metro-2  tpgb-tab-metro-2  tpgb-mobile-metro-2 \"><a href=\"https:\/\/www.musical-today.de\/wp-content\/uploads\/2025\/07\/west_side_story_tob5080.jpg\" class=\"tpgb-gallery-list-content tpgb-trans-easeinout\" data-fancybox=\"956d14_12301\" data-caption=\"Foto: MusicalSommer\/Thomas B\u00f6hm\" aria-label=\"Foto: MusicalSommer\/Thomas B\u00f6hm\"><div class=\"post-content-image\"><div class=\"tpgb-metro-gallery-image\" style=\"background: url(https:\/\/www.musical-today.de\/wp-content\/uploads\/2025\/07\/west_side_story_tob5080.jpg);\"><\/div><\/div><div class=\"post-content-center\"><div class=\"post-zoom-icon\"><div class=\"meta-search-icon\"><span><img decoding=\"async\" class=\"fancy-img\" src=\"https:\/\/www.musical-today.de\/wp-content\/uploads\/2025\/07\/west_side_story_tob5080.jpg\" alt=\"Media Image2\" title=\"\"><i class=\"fas fa-search-plus pop-icon\"><\/i><\/span><\/div><\/div><div class=\"post-content-bottom\"><p class=\"post-title tpgb-trans-easeinout\">Foto: MusicalSommer\/Thomas B\u00f6hm<\/p><\/div><\/div><\/a><\/div><div class=\"grid-item metro-item-2    tpgb-metro-3  tpgb-tab-metro-3  tpgb-mobile-metro-3 \"><a href=\"https:\/\/www.musical-today.de\/wp-content\/uploads\/2025\/07\/west_side_story_tob5311.jpg\" class=\"tpgb-gallery-list-content tpgb-trans-easeinout\" data-fancybox=\"956d14_12301\" data-caption=\"Foto: MusicalSommer\/Thomas B\u00f6hm\" aria-label=\"Foto: MusicalSommer\/Thomas B\u00f6hm\"><div class=\"post-content-image\"><div class=\"tpgb-metro-gallery-image\" style=\"background: url(https:\/\/www.musical-today.de\/wp-content\/uploads\/2025\/07\/west_side_story_tob5311.jpg);\"><\/div><\/div><div class=\"post-content-center\"><div class=\"post-zoom-icon\"><div class=\"meta-search-icon\"><span><img decoding=\"async\" class=\"fancy-img\" src=\"https:\/\/www.musical-today.de\/wp-content\/uploads\/2025\/07\/west_side_story_tob5311.jpg\" alt=\"Media Image3\" title=\"\"><i class=\"fas fa-search-plus pop-icon\"><\/i><\/span><\/div><\/div><div class=\"post-content-bottom\"><p class=\"post-title tpgb-trans-easeinout\">Foto: MusicalSommer\/Thomas B\u00f6hm<\/p><\/div><\/div><\/a><\/div><\/div><\/div><\/div>\n\n\n<p>\u201eMaria, Maria, Maria!\u201c: Dieser Tony scheint vor Gl\u00fcck fast zu platzen, ebenso wie die zarte, aber doch starke Maria \u2013 \u201eTonight, tonight!\u201c, als g\u00e4be es kein Morgen. Fast m\u00f6chte man in den Wahnsinn eingreifen, damit die Liebe verbindet und Grenzen \u00fcberwindet. Das versucht auch Tony, der beim Versuch zu schlichten selbst in t\u00f6dliche Gefahr ger\u00e4t. Bis zuletzt hofft das Publikum, die \u201eVorgaben\u201c des Librettos k\u00f6nnten sich doch \u00e4ndern, das Unheil k\u00f6nnte sich wie die dunklen Regenwolken \u00fcber dem Kuppelzelt der Festungsarena verziehen. So sehr gelingt es dem Ensemble in Vanni Viscusis fantastischer Inszenierung, gro\u00dfe Gef\u00fchle zu wecken. Die emotionalen Wechselduschen verteilt auch das (leider) unsichtbare Orchester unter der Leitung von Oswald Sallaberger wie funkelnde Sterne, wenn es in der genialen Melange aus Oper-, Jazz- und lateinamerikanischer Tanzmusik romantische Liebe und spr\u00fchende Lebenslust, blinden Hass und Zerst\u00f6rungswut gegen\u00fcberstellt.<\/p>\n\n\n\n<p>All das macht dieses Werk auf tragische Weise aktuell und Bernsteins Komposition so genial \u2013 ein (gef\u00fchls)bewegender Musicalabend: \u201eFr\u00fcher wurde hier gek\u00e4mpft. Heute feiern wir.\u201c Vielleicht braucht die Welt mehr Theater und Musik, damit die Menschen, gleich wann oder woher, wieder bessere Gef\u00fchle feiern k\u00f6nnen.<\/p>\n\n\n\n<hr class=\"wp-block-separator has-alpha-channel-opacity is-style-dots\"\/>\n\n\n\n<p class=\"has-small-font-size\">Musikalische Leitung: Oswald Sallaberger \u2022 Regie und Choreografie: Vanni Viscusi \u2022 Fight Coordinator: Vino Gomez \u2022 Ausstattung: Julia Neuhold \u2022 Mit: Margot Wardlaw Baars (Maria), Nicolas Vinzenz (Tony), Marina Maniglio (Anita), Vinicius Gomes de Almeida (Bernardo), Verena Kollruss (Graziella), Natascha Cecilia Hill (Rosalia), Isabel Waltsgott (Anybody\u2019s), Leopold Lachnit (Action), Kye Wardlaw Baars (Pepe), Jonas Heinle (A-RAB), Diego Federico (Baby John), Johannes Breitsamter (Snowboy\/Big Deal) u.a.<\/p>\n\n\n\n<p class=\"has-small-font-size\">Aufmacherfoto: MusicalSommer\/Thomas B\u00f6hm<\/p>\n","protected":false},"excerpt":{"rendered":"<p>Umjubelte Premiere der \u201eWest Side Story\u201c \u201eFr\u00fcher wurde hier gek\u00e4mpft. Heute feiern wir.\u201c steht auf einem gro\u00dfen Banner an der Wand der mittelalterlichen Festung Kufstein. So ganz ohne Kampf geht es aber doch nicht. Dem Menschen scheint das K\u00e4mpfen leichter zu fallen als das Feiern und das Hassen leichter als das Lieben, heute wie damals. Der MusicalSommer Kufstein \u2013 2007 noch als Operettensommer gestartet \u2013 geht heuer mit Leonard Bernsteins \u201eWest Side Story\u201c in die 17. Runde. Dem Premierenpublikum unter [&hellip;]<\/p>\n","protected":false},"author":23,"featured_media":12303,"comment_status":"closed","ping_status":"closed","sticky":false,"template":"","format":"standard","meta":{"tpgb_global_settings":"","footnotes":""},"categories":[236],"tags":[],"class_list":["post-12301","post","type-post","status-publish","format-standard","has-post-thumbnail","hentry","category-kufstein"],"tpgb_featured_images":{"full":["https:\/\/www.musical-today.de\/wp-content\/uploads\/2025\/07\/west_side_story_tob5129.jpg",2000,1845,false],"tp-image-grid":["https:\/\/www.musical-today.de\/wp-content\/uploads\/2025\/07\/west_side_story_tob5129-700x700.jpg",700,700,true],"thumbnail":["https:\/\/www.musical-today.de\/wp-content\/uploads\/2025\/07\/west_side_story_tob5129-600x554.jpg",600,554,true],"medium":["https:\/\/www.musical-today.de\/wp-content\/uploads\/2025\/07\/west_side_story_tob5129-1200x1107.jpg",1200,1107,true],"medium_large":["https:\/\/www.musical-today.de\/wp-content\/uploads\/2025\/07\/west_side_story_tob5129-770x710.jpg",770,710,true],"large":["https:\/\/www.musical-today.de\/wp-content\/uploads\/2025\/07\/west_side_story_tob5129-1920x1771.jpg",1139,1051,true],"default":"https:\/\/www.musical-today.de\/wp-content\/plugins\/the-plus-addons-for-block-editor\/assets\/images\/tpgb-placeholder.jpg"},"tpgb_post_meta_info":{"get_date":"29.07.2025","get_modified_date":"30.07.2025","category_list":{"category":[{"term_id":236,"name":"Kufstein","slug":"kufstein","term_group":0,"term_taxonomy_id":236,"taxonomy":"category","description":"","parent":114,"count":1,"filter":"raw","term_order":"1"}],"post_tag":false,"post_format":false},"author_name":"Kirsten Benekam","author_url":"https:\/\/www.musical-today.de\/en\/autor\/kirstenbenekam\/","author_email":"online99128@musical-today.de","author_website":"","author_description":"folgte Ende der achtziger Jahre der \u201ePoesie der Stille\u201c und wurde von Marcel Marceau in Paris zur Pantomimin ausgebildet, um ohne Worte alles sagen und mit der Kraft der Stille Dramen, Kom\u00f6dien und Lyrik inszenieren zu k\u00f6nnen. Heute schreibt sie \u00fcber das, was sie gestern tat und immer noch liebt: Kunst \u2013 Theater, Oper, Musik, Tanz und die Menschen. Nuancen der Stille und des Musiktheaters sind f\u00fcr sie destillierte Emotion.","author_facebook":"","author_twitter":"","author_instagram":"","author_role":["author"],"author_firstname":"Kirsten","author_lastname":"Benekam","user_login":"kirstenbenekam","author_avatar":"<img src=\"https:\/\/www.musical-today.de\/wp-content\/uploads\/2024\/03\/Autor_Benekam-293x293.jpg\" width=\"200\" height=\"200\" alt=\"Kirsten Benekam\" class=\"avatar avatar-200 wp-user-avatar wp-user-avatar-200 alignnone photo\" \/>","author_avatar_url":"https:\/\/www.musical-today.de\/wp-content\/uploads\/2024\/03\/Autor_Benekam.jpg","comment_count":0,"post_likes":0,"post_views":0},"tpgb_post_category":{"category":"<a href=\"https:\/\/www.musical-today.de\/en\/oesterreich\/kufstein\/\" alt=\"Kufstein\"  class=\"category-kufstein\">Kufstein<\/a> "},"_links":{"self":[{"href":"https:\/\/www.musical-today.de\/en\/wp-json\/wp\/v2\/posts\/12301","targetHints":{"allow":["GET"]}}],"collection":[{"href":"https:\/\/www.musical-today.de\/en\/wp-json\/wp\/v2\/posts"}],"about":[{"href":"https:\/\/www.musical-today.de\/en\/wp-json\/wp\/v2\/types\/post"}],"author":[{"embeddable":true,"href":"https:\/\/www.musical-today.de\/en\/wp-json\/wp\/v2\/users\/23"}],"replies":[{"embeddable":true,"href":"https:\/\/www.musical-today.de\/en\/wp-json\/wp\/v2\/comments?post=12301"}],"version-history":[{"count":0,"href":"https:\/\/www.musical-today.de\/en\/wp-json\/wp\/v2\/posts\/12301\/revisions"}],"wp:featuredmedia":[{"embeddable":true,"href":"https:\/\/www.musical-today.de\/en\/wp-json\/wp\/v2\/media\/12303"}],"wp:attachment":[{"href":"https:\/\/www.musical-today.de\/en\/wp-json\/wp\/v2\/media?parent=12301"}],"wp:term":[{"taxonomy":"category","embeddable":true,"href":"https:\/\/www.musical-today.de\/en\/wp-json\/wp\/v2\/categories?post=12301"},{"taxonomy":"post_tag","embeddable":true,"href":"https:\/\/www.musical-today.de\/en\/wp-json\/wp\/v2\/tags?post=12301"}],"curies":[{"name":"wp","href":"https:\/\/api.w.org\/{rel}","templated":true}]}}